{"id":102079,"date":"2023-01-18T06:35:27","date_gmt":"2023-01-18T06:35:27","guid":{"rendered":"https:\/\/www.nettali.com\/?p=102079"},"modified":"2023-01-18T06:35:57","modified_gmt":"2023-01-18T06:35:57","slug":"en-coulisses-le-veto-de-fode-sylla","status":"publish","type":"post","link":"https:\/\/www.nettali.com\/2023\/01\/18\/en-coulisses-le-veto-de-fode-sylla\/","title":{"rendered":"EN COULISSES - Le v\u00e9to de Fod\u00e9 Sylla"},"content":{"rendered":"<p><strong>NETTALI.COM -<\/strong> Toujours sur le m\u00eame sujet visite de Marine le Pen \u00e0 Dakar, Fod\u00e9 Sylla, ambassadeur Itin\u00e9rant du S\u00e9n\u00e9gal aupr\u00e8s de son Excellence Monsieur Macky Sall, ancien pr\u00e9sident de Sos racisme, ne veut pas d\u2019elle en terre s\u00e9n\u00e9galaise.<\/p>\n<p>Tr\u00e8s virulent, il d\u00e9clare : \u201c<em>Au S\u00e9n\u00e9gal, comme sur chaque point de cette terre, Marine Le Pen est un danger et une menace. Elle est et restera l\u2019ambassadrice et l\u2019actrice d\u2019un mouvement politique raciste et x\u00e9nophobe. Son passage \u00e0 Dakar, au pays de la T\u00e9ranga, terre de tol\u00e9rance et lieu s\u00e9culier de brassage des populations, est un affront pour tous. Je salue la d\u00e9cision de Macky SALL, Pr\u00e9sident de la R\u00e9publique, de ne pas la recevoir en audience<\/em>\u201d.<\/p>\n<p>En effet, M. Sylla dit avoir subi, avec ses compagnons militants des droits de l\u2019homme, \"d<em>es violences physiques et verbales depuis pr\u00e8s de 40 ans\u201d. \u201cNous n\u2019oublions pas. Nous n\u2019oublions rien !<\/em>\", a t-il d\u00e9clar\u00e9.<\/p>\n<div class='share-to-whatsapp-wrapper'><div class='share-on-whsp'>PARTAGER SUR : <\/div><a data-text='EN COULISSES - Le v\u00e9to de Fod\u00e9 Sylla' data-link='https:\/\/www.nettali.com\/2023\/01\/18\/en-coulisses-le-veto-de-fode-sylla\/' class='whatsapp-button whatsapp-share'>WhatsApp<\/a><div class='clear '><\/div><\/div>","protected":false},"excerpt":{"rendered":"<p>NETTALI.COM - Toujours sur le m\u00eame sujet visite de Marine le Pen \u00e0 Dakar, Fod\u00e9 Sylla, ambassadeur Itin\u00e9rant du S\u00e9n\u00e9gal aupr\u00e8s de son Excellence Monsieur Macky Sall, ancien pr\u00e9sident de Sos racisme, ne veut pas d\u2019elle en terre s\u00e9n\u00e9galaise. Tr\u00e8s virulent, il d\u00e9clare : \u201cAu S\u00e9n\u00e9gal, comme sur chaque point de cette terre, Marine Le [&hellip;]<\/p>\n","protected":false},"author":2,"featured_media":102085,"comment_status":"open","ping_status":"open","sticky":false,"template":"","format":"standard","meta":{"_et_pb_use_builder":"","_et_pb_old_content":""},"categories":[34945],"tags":[],"yoast_head":"<!-- This site is optimized with the Yoast SEO Premium plugin v17.8 (Yoast SEO v17.8) - https:\/\/yoast.com\/wordpress\/plugins\/seo\/ -->\n<title>EN COULISSES - Le v\u00e9to de Fod\u00e9 Sylla | Nettali.com<\/title>\n<meta name=\"robots\" content=\"index, follow, max-snippet:-1, max-image-preview:large, max-video-preview:-1\" \/>\n<link rel=\"canonical\" href=\"https:\/\/www.nettali.com\/2023\/01\/18\/en-coulisses-le-veto-de-fode-sylla\/\" \/>\n<meta property=\"og:locale\" content=\"fr_FR\" \/>\n<meta property=\"og:type\" content=\"article\" \/>\n<meta property=\"og:title\" content=\"EN COULISSES - Le v\u00e9to de Fod\u00e9 Sylla\" \/>\n<meta property=\"og:description\" content=\"NETTALI.COM - Toujours sur le m\u00eame sujet visite de Marine le Pen \u00e0 Dakar, Fod\u00e9 Sylla, ambassadeur Itin\u00e9rant du S\u00e9n\u00e9gal aupr\u00e8s de son Excellence Monsieur Macky Sall, ancien pr\u00e9sident de Sos racisme, ne veut pas d\u2019elle en terre s\u00e9n\u00e9galaise. Tr\u00e8s virulent, il d\u00e9clare : \u201cAu S\u00e9n\u00e9gal, comme sur chaque point de cette terre, Marine Le [&hellip;]\" \/>\n<meta property=\"og:url\" content=\"https:\/\/www.nettali.com\/2023\/01\/18\/en-coulisses-le-veto-de-fode-sylla\/\" \/>\n<meta property=\"og:site_name\" content=\"Nettali.com\" \/>\n<meta property=\"article:publisher\" content=\"https:\/\/www.facebook.com\/nettalicom\" \/>\n<meta property=\"article:published_time\" content=\"2023-01-18T06:35:27+00:00\" \/>\n<meta property=\"article:modified_time\" content=\"2023-01-18T06:35:57+00:00\" \/>\n<meta property=\"og:image\" content=\"https:\/\/www.nettali.com\/wp-content\/uploads\/2023\/01\/fode.jpg\" \/>\n\t<meta property=\"og:image:width\" content=\"620\" \/>\n\t<meta property=\"og:image:height\" content=\"350\" \/>\n<meta name=\"twitter:card\" content=\"summary_large_image\" \/>\n<meta name=\"twitter:label1\" content=\"\u00c9crit par\" \/>\n\t<meta name=\"twitter:data1\" content=\"CK\" \/>\n\t<meta name=\"twitter:label2\" content=\"Dur\u00e9e de lecture estim\u00e9e\" \/>\n\t<meta name=\"twitter:data2\" content=\"1 minute\" \/>\n<script type=\"application\/ld+json\" class=\"yoast-schema-graph\">{\"@context\":\"https:\/\/schema.org\",\"@graph\":[{\"@type\":\"WebSite\",\"@id\":\"https:\/\/www.nettali.com\/#website\",\"url\":\"https:\/\/www.nettali.com\/\",\"name\":\"Nettali.com\",\"description\":\"Le rendez-vous critique du Net\",\"potentialAction\":[{\"@type\":\"SearchAction\",\"target\":{\"@type\":\"EntryPoint\",\"urlTemplate\":\"https:\/\/www.nettali.com\/?s={search_term_string}\"},\"query-input\":\"required name=search_term_string\"}],\"inLanguage\":\"fr-FR\"},{\"@type\":\"ImageObject\",\"@id\":\"https:\/\/www.nettali.com\/2023\/01\/18\/en-coulisses-le-veto-de-fode-sylla\/#primaryimage\",\"inLanguage\":\"fr-FR\",\"url\":\"https:\/\/www.nettali.com\/wp-content\/uploads\/2023\/01\/fode.jpg\",\"contentUrl\":\"https:\/\/www.nettali.com\/wp-content\/uploads\/2023\/01\/fode.jpg\",\"width\":620,\"height\":350},{\"@type\":\"WebPage\",\"@id\":\"https:\/\/www.nettali.com\/2023\/01\/18\/en-coulisses-le-veto-de-fode-sylla\/#webpage\",\"url\":\"https:\/\/www.nettali.com\/2023\/01\/18\/en-coulisses-le-veto-de-fode-sylla\/\",\"name\":\"EN COULISSES - Le v\\u00e9to de Fod\\u00e9 Sylla | Nettali.com\",\"isPartOf\":{\"@id\":\"https:\/\/www.nettali.com\/#website\"},\"primaryImageOfPage\":{\"@id\":\"https:\/\/www.nettali.com\/2023\/01\/18\/en-coulisses-le-veto-de-fode-sylla\/#primaryimage\"},\"datePublished\":\"2023-01-18T06:35:27+00:00\",\"dateModified\":\"2023-01-18T06:35:57+00:00\",\"author\":{\"@id\":\"https:\/\/www.nettali.com\/#\/schema\/person\/d8ac7b7e27ddad43f1c0d2ef090d7f71\"},\"breadcrumb\":{\"@id\":\"https:\/\/www.nettali.com\/2023\/01\/18\/en-coulisses-le-veto-de-fode-sylla\/#breadcrumb\"},\"inLanguage\":\"fr-FR\",\"potentialAction\":[{\"@type\":\"ReadAction\",\"target\":[\"https:\/\/www.nettali.com\/2023\/01\/18\/en-coulisses-le-veto-de-fode-sylla\/\"]}]},{\"@type\":\"BreadcrumbList\",\"@id\":\"https:\/\/www.nettali.com\/2023\/01\/18\/en-coulisses-le-veto-de-fode-sylla\/#breadcrumb\",\"itemListElement\":[{\"@type\":\"ListItem\",\"position\":1,\"name\":\"Accueil\",\"item\":\"https:\/\/www.nettali.com\/\"},{\"@type\":\"ListItem\",\"position\":2,\"name\":\"EN COULISSES - Le v\\u00e9to de Fod\\u00e9 Sylla\"}]},{\"@type\":\"Person\",\"@id\":\"https:\/\/www.nettali.com\/#\/schema\/person\/d8ac7b7e27ddad43f1c0d2ef090d7f71\",\"name\":\"CK\",\"image\":{\"@type\":\"ImageObject\",\"@id\":\"https:\/\/www.nettali.com\/#personlogo\",\"inLanguage\":\"fr-FR\",\"url\":\"https:\/\/secure.gravatar.com\/avatar\/1d8d5118b9327d94da7cd4ce7f17fec2?s=96&d=mm&r=g\",\"contentUrl\":\"https:\/\/secure.gravatar.com\/avatar\/1d8d5118b9327d94da7cd4ce7f17fec2?s=96&d=mm&r=g\",\"caption\":\"CK\"},\"sameAs\":[\"https:\/\/www.nettali.com\"]}]}<\/script>\n<!-- \/ Yoast SEO Premium plugin. -->","yoast_head_json":{"title":"EN COULISSES - Le v\u00e9to de Fod\u00e9 Sylla | Nettali.com","robots":{"index":"index","follow":"follow","max-snippet":"max-snippet:-1","max-image-preview":"max-image-preview:large","max-video-preview":"max-video-preview:-1"},"canonical":"https:\/\/www.nettali.com\/2023\/01\/18\/en-coulisses-le-veto-de-fode-sylla\/","og_locale":"fr_FR","og_type":"article","og_title":"EN COULISSES - Le v\u00e9to de Fod\u00e9 Sylla","og_description":"NETTALI.COM - Toujours sur le m\u00eame sujet visite de Marine le Pen \u00e0 Dakar, Fod\u00e9 Sylla, ambassadeur Itin\u00e9rant du S\u00e9n\u00e9gal aupr\u00e8s de son Excellence Monsieur Macky Sall, ancien pr\u00e9sident de Sos racisme, ne veut pas d\u2019elle en terre s\u00e9n\u00e9galaise. Tr\u00e8s virulent, il d\u00e9clare : \u201cAu S\u00e9n\u00e9gal, comme sur chaque point de cette terre, Marine Le [&hellip;]","og_url":"https:\/\/www.nettali.com\/2023\/01\/18\/en-coulisses-le-veto-de-fode-sylla\/","og_site_name":"Nettali.com","article_publisher":"https:\/\/www.facebook.com\/nettalicom","article_published_time":"2023-01-18T06:35:27+00:00","article_modified_time":"2023-01-18T06:35:57+00:00","og_image":[{"width":620,"height":350,"url":"https:\/\/www.nettali.com\/wp-content\/uploads\/2023\/01\/fode.jpg","type":"image\/jpeg"}],"twitter_card":"summary_large_image","twitter_misc":{"\u00c9crit par":"CK","Dur\u00e9e de lecture estim\u00e9e":"1 minute"},"schema":{"@context":"https:\/\/schema.org","@graph":[{"@type":"WebSite","@id":"https:\/\/www.nettali.com\/#website","url":"https:\/\/www.nettali.com\/","name":"Nettali.com","description":"Le rendez-vous critique du Net","potentialAction":[{"@type":"SearchAction","target":{"@type":"EntryPoint","urlTemplate":"https:\/\/www.nettali.com\/?s={search_term_string}"},"query-input":"required name=search_term_string"}],"inLanguage":"fr-FR"},{"@type":"ImageObject","@id":"https:\/\/www.nettali.com\/2023\/01\/18\/en-coulisses-le-veto-de-fode-sylla\/#primaryimage","inLanguage":"fr-FR","url":"https:\/\/www.nettali.com\/wp-content\/uploads\/2023\/01\/fode.jpg","contentUrl":"https:\/\/www.nettali.com\/wp-content\/uploads\/2023\/01\/fode.jpg","width":620,"height":350},{"@type":"WebPage","@id":"https:\/\/www.nettali.com\/2023\/01\/18\/en-coulisses-le-veto-de-fode-sylla\/#webpage","url":"https:\/\/www.nettali.com\/2023\/01\/18\/en-coulisses-le-veto-de-fode-sylla\/","name":"EN COULISSES - Le v\u00e9to de Fod\u00e9 Sylla | Nettali.com","isPartOf":{"@id":"https:\/\/www.nettali.com\/#website"},"primaryImageOfPage":{"@id":"https:\/\/www.nettali.com\/2023\/01\/18\/en-coulisses-le-veto-de-fode-sylla\/#primaryimage"},"datePublished":"2023-01-18T06:35:27+00:00","dateModified":"2023-01-18T06:35:57+00:00","author":{"@id":"https:\/\/www.nettali.com\/#\/schema\/person\/d8ac7b7e27ddad43f1c0d2ef090d7f71"},"breadcrumb":{"@id":"https:\/\/www.nettali.com\/2023\/01\/18\/en-coulisses-le-veto-de-fode-sylla\/#breadcrumb"},"inLanguage":"fr-FR","potentialAction":[{"@type":"ReadAction","target":["https:\/\/www.nettali.com\/2023\/01\/18\/en-coulisses-le-veto-de-fode-sylla\/"]}]},{"@type":"BreadcrumbList","@id":"https:\/\/www.nettali.com\/2023\/01\/18\/en-coulisses-le-veto-de-fode-sylla\/#breadcrumb","itemListElement":[{"@type":"ListItem","position":1,"name":"Accueil","item":"https:\/\/www.nettali.com\/"},{"@type":"ListItem","position":2,"name":"EN COULISSES - Le v\u00e9to de Fod\u00e9 Sylla"}]},{"@type":"Person","@id":"https:\/\/www.nettali.com\/#\/schema\/person\/d8ac7b7e27ddad43f1c0d2ef090d7f71","name":"CK","image":{"@type":"ImageObject","@id":"https:\/\/www.nettali.com\/#personlogo","inLanguage":"fr-FR","url":"https:\/\/secure.gravatar.com\/avatar\/1d8d5118b9327d94da7cd4ce7f17fec2?s=96&d=mm&r=g","contentUrl":"https:\/\/secure.gravatar.com\/avatar\/1d8d5118b9327d94da7cd4ce7f17fec2?s=96&d=mm&r=g","caption":"CK"},"sameAs":["https:\/\/www.nettali.com"]}]}},"_links":{"self":[{"href":"https:\/\/www.nettali.com\/rest\/wp\/v2\/posts\/102079"}],"collection":[{"href":"https:\/\/www.nettali.com\/rest\/wp\/v2\/posts"}],"about":[{"href":"https:\/\/www.nettali.com\/rest\/wp\/v2\/types\/post"}],"author":[{"embeddable":true,"href":"https:\/\/www.nettali.com\/rest\/wp\/v2\/users\/2"}],"replies":[{"embeddable":true,"href":"https:\/\/www.nettali.com\/rest\/wp\/v2\/comments?post=102079"}],"version-history":[{"count":1,"href":"https:\/\/www.nettali.com\/rest\/wp\/v2\/posts\/102079\/revisions"}],"predecessor-version":[{"id":102080,"href":"https:\/\/www.nettali.com\/rest\/wp\/v2\/posts\/102079\/revisions\/102080"}],"wp:featuredmedia":[{"embeddable":true,"href":"https:\/\/www.nettali.com\/rest\/wp\/v2\/media\/102085"}],"wp:attachment":[{"href":"https:\/\/www.nettali.com\/rest\/wp\/v2\/media?parent=102079"}],"wp:term":[{"taxonomy":"category","embeddable":true,"href":"https:\/\/www.nettali.com\/rest\/wp\/v2\/categories?post=102079"},{"taxonomy":"post_tag","embeddable":true,"href":"https:\/\/www.nettali.com\/rest\/wp\/v2\/tags?post=102079"}],"curies":[{"name":"wp","href":"https:\/\/api.w.org\/{rel}","templated":true}]}}