{"id":102068,"date":"2023-01-18T00:01:48","date_gmt":"2023-01-18T00:01:48","guid":{"rendered":"https:\/\/www.nettali.com\/?p=102068"},"modified":"2023-01-18T05:39:23","modified_gmt":"2023-01-18T05:39:23","slug":"en-coulisses-cette-fausse-histoire-racontee-par-cheikh-yerim","status":"publish","type":"post","link":"https:\/\/www.nettali.com\/2023\/01\/18\/en-coulisses-cette-fausse-histoire-racontee-par-cheikh-yerim\/","title":{"rendered":"EN COULISSES - Cette \"fausse histoire\" racont\u00e9e par Cheikh Y\u00e9rim"},"content":{"rendered":"<p><strong>NETTALI.COM - <\/strong>De tout livre \"<em>Macky Sall face \u00e0 l'histoire<\/em>\" de Cheikh Y\u00e9rim Seck, c'est sans doute le chapitre 16 qui risque de poser le plus de pol\u00e9miques. Et pour cause, le journaliste y raconte une histoire connue pratiquement de tous les hommes de m\u00e9dias s\u00e9n\u00e9galais. Sauf qu'ici, seuls les noms des acteurs changent.<\/p>\n<p>\"<em>Cette affaire Sonko qui fait l'affaire de Macky Sall<\/em>.\" Titre du chapitre 16 du livre de Cheikh Y\u00e9rim Seck. Et d\u00e8s les premi\u00e8res lignes de ce livre, l'auteur raconte qu'\u00e0 la pr\u00e9sidentielle de 2019, une patrouille de la police a surpris Ousmane Sonko dans une position ind\u00e9licate avec une fille de nationalit\u00e9 gambienne dans un v\u00e9hicule gar\u00e9 sur la Corniche ouest. Inform\u00e9, Macky Sall, selon le journaliste, a dissuad\u00e9 certains partisans d'utiliser cette affaire contre son adversaire, pr\u00e9f\u00e9rant compter sur son bilan pour gagner.<\/p>\n<p>Sauf que la m\u00eame histoire est racont\u00e9e dans les r\u00e9dactions de la place depuis plusieurs ann\u00e9es. Et selon une rumeur bien partag\u00e9e, elle daterait de la pr\u00e9sidentielle de 2012 pendant laquelle un des candidat aurait \u00e9t\u00e9 surpris avec une fille sur la Corniche. Et \u00e0 l'\u00e9poque, c'est le Pr\u00e9sident Abdoulaye Wade qui aurait dit \u00e0 son ministre de l'Int\u00e9rieur, Ousmane Ngom, de ne surtout pas utiliser cette affaire contre un de ses challengers. Dix ans apr\u00e8s, Cheikh Y\u00e9rim Seck raconte la m\u00eame histoire et l'attribue \u00e0 Ousmane Sonko. Suffisant pour parler de bidonnage ? Ils sont nombreux \u00e0 le penser.<\/p>\n<div class='share-to-whatsapp-wrapper'><div class='share-on-whsp'>PARTAGER SUR : <\/div><a data-text='EN COULISSES - Cette \"fausse histoire\" racont\u00e9e par Cheikh Y\u00e9rim' data-link='https:\/\/www.nettali.com\/2023\/01\/18\/en-coulisses-cette-fausse-histoire-racontee-par-cheikh-yerim\/' class='whatsapp-button whatsapp-share'>WhatsApp<\/a><div class='clear '><\/div><\/div>","protected":false},"excerpt":{"rendered":"<p>NETTALI.COM - De tout livre \"Macky Sall face \u00e0 l'histoire\" de Cheikh Y\u00e9rim Seck, c'est sans doute le chapitre 16 qui risque de poser le plus de pol\u00e9miques. Et pour cause, le journaliste y raconte une histoire connue pratiquement de tous les hommes de m\u00e9dias s\u00e9n\u00e9galais. Sauf qu'ici, seuls les noms des acteurs changent. \"Cette [&hellip;]<\/p>\n","protected":false},"author":3,"featured_media":26578,"comment_status":"open","ping_status":"open","sticky":false,"template":"","format":"standard","meta":{"_et_pb_use_builder":"","_et_pb_old_content":""},"categories":[34945],"tags":[],"yoast_head":"<!-- This site is optimized with the Yoast SEO Premium plugin v17.8 (Yoast SEO v17.8) - https:\/\/yoast.com\/wordpress\/plugins\/seo\/ -->\n<title>EN COULISSES - Cette &quot;fausse histoire&quot; racont\u00e9e par Cheikh Y\u00e9rim | Nettali.com<\/title>\n<meta name=\"robots\" content=\"index, follow, max-snippet:-1, max-image-preview:large, max-video-preview:-1\" \/>\n<link rel=\"canonical\" href=\"https:\/\/www.nettali.com\/2023\/01\/18\/en-coulisses-cette-fausse-histoire-racontee-par-cheikh-yerim\/\" \/>\n<meta property=\"og:locale\" content=\"fr_FR\" \/>\n<meta property=\"og:type\" content=\"article\" \/>\n<meta property=\"og:title\" content=\"EN COULISSES - Cette &quot;fausse histoire&quot; racont\u00e9e par Cheikh Y\u00e9rim\" \/>\n<meta property=\"og:description\" content=\"NETTALI.COM - De tout livre &quot;Macky Sall face \u00e0 l&#039;histoire&quot; de Cheikh Y\u00e9rim Seck, c&#039;est sans doute le chapitre 16 qui risque de poser le plus de pol\u00e9miques. Et pour cause, le journaliste y raconte une histoire connue pratiquement de tous les hommes de m\u00e9dias s\u00e9n\u00e9galais. Sauf qu&#039;ici, seuls les noms des acteurs changent. &quot;Cette [&hellip;]\" \/>\n<meta property=\"og:url\" content=\"https:\/\/www.nettali.com\/2023\/01\/18\/en-coulisses-cette-fausse-histoire-racontee-par-cheikh-yerim\/\" \/>\n<meta property=\"og:site_name\" content=\"Nettali.com\" \/>\n<meta property=\"article:publisher\" content=\"https:\/\/www.facebook.com\/nettalicom\" \/>\n<meta property=\"article:published_time\" content=\"2023-01-18T00:01:48+00:00\" \/>\n<meta property=\"article:modified_time\" content=\"2023-01-18T05:39:23+00:00\" \/>\n<meta property=\"og:image\" content=\"https:\/\/www.nettali.com\/wp-content\/uploads\/2020\/01\/yerim.jpg\" \/>\n\t<meta property=\"og:image:width\" content=\"600\" \/>\n\t<meta property=\"og:image:height\" content=\"372\" \/>\n<meta name=\"twitter:card\" content=\"summary_large_image\" \/>\n<meta name=\"twitter:label1\" content=\"\u00c9crit par\" \/>\n\t<meta name=\"twitter:data1\" content=\"Moustapha\" \/>\n\t<meta name=\"twitter:label2\" content=\"Dur\u00e9e de lecture estim\u00e9e\" \/>\n\t<meta name=\"twitter:data2\" content=\"2 minutes\" \/>\n<script type=\"application\/ld+json\" class=\"yoast-schema-graph\">{\"@context\":\"https:\/\/schema.org\",\"@graph\":[{\"@type\":\"WebSite\",\"@id\":\"https:\/\/www.nettali.com\/#website\",\"url\":\"https:\/\/www.nettali.com\/\",\"name\":\"Nettali.com\",\"description\":\"Le rendez-vous critique du Net\",\"potentialAction\":[{\"@type\":\"SearchAction\",\"target\":{\"@type\":\"EntryPoint\",\"urlTemplate\":\"https:\/\/www.nettali.com\/?s={search_term_string}\"},\"query-input\":\"required name=search_term_string\"}],\"inLanguage\":\"fr-FR\"},{\"@type\":\"ImageObject\",\"@id\":\"https:\/\/www.nettali.com\/2023\/01\/18\/en-coulisses-cette-fausse-histoire-racontee-par-cheikh-yerim\/#primaryimage\",\"inLanguage\":\"fr-FR\",\"url\":\"https:\/\/www.nettali.com\/wp-content\/uploads\/2020\/01\/yerim.jpg\",\"contentUrl\":\"https:\/\/www.nettali.com\/wp-content\/uploads\/2020\/01\/yerim.jpg\",\"width\":600,\"height\":372},{\"@type\":\"WebPage\",\"@id\":\"https:\/\/www.nettali.com\/2023\/01\/18\/en-coulisses-cette-fausse-histoire-racontee-par-cheikh-yerim\/#webpage\",\"url\":\"https:\/\/www.nettali.com\/2023\/01\/18\/en-coulisses-cette-fausse-histoire-racontee-par-cheikh-yerim\/\",\"name\":\"EN COULISSES - Cette \\\"fausse histoire\\\" racont\\u00e9e par Cheikh Y\\u00e9rim | Nettali.com\",\"isPartOf\":{\"@id\":\"https:\/\/www.nettali.com\/#website\"},\"primaryImageOfPage\":{\"@id\":\"https:\/\/www.nettali.com\/2023\/01\/18\/en-coulisses-cette-fausse-histoire-racontee-par-cheikh-yerim\/#primaryimage\"},\"datePublished\":\"2023-01-18T00:01:48+00:00\",\"dateModified\":\"2023-01-18T05:39:23+00:00\",\"author\":{\"@id\":\"https:\/\/www.nettali.com\/#\/schema\/person\/7962a12a6e0267f88f0ffa544c36469a\"},\"breadcrumb\":{\"@id\":\"https:\/\/www.nettali.com\/2023\/01\/18\/en-coulisses-cette-fausse-histoire-racontee-par-cheikh-yerim\/#breadcrumb\"},\"inLanguage\":\"fr-FR\",\"potentialAction\":[{\"@type\":\"ReadAction\",\"target\":[\"https:\/\/www.nettali.com\/2023\/01\/18\/en-coulisses-cette-fausse-histoire-racontee-par-cheikh-yerim\/\"]}]},{\"@type\":\"BreadcrumbList\",\"@id\":\"https:\/\/www.nettali.com\/2023\/01\/18\/en-coulisses-cette-fausse-histoire-racontee-par-cheikh-yerim\/#breadcrumb\",\"itemListElement\":[{\"@type\":\"ListItem\",\"position\":1,\"name\":\"Accueil\",\"item\":\"https:\/\/www.nettali.com\/\"},{\"@type\":\"ListItem\",\"position\":2,\"name\":\"EN COULISSES - Cette \\\"fausse histoire\\\" racont\\u00e9e par Cheikh Y\\u00e9rim\"}]},{\"@type\":\"Person\",\"@id\":\"https:\/\/www.nettali.com\/#\/schema\/person\/7962a12a6e0267f88f0ffa544c36469a\",\"name\":\"Moustapha\",\"image\":{\"@type\":\"ImageObject\",\"@id\":\"https:\/\/www.nettali.com\/#personlogo\",\"inLanguage\":\"fr-FR\",\"url\":\"https:\/\/secure.gravatar.com\/avatar\/10fdf6a071cccdcf374e3dbe45159590?s=96&d=mm&r=g\",\"contentUrl\":\"https:\/\/secure.gravatar.com\/avatar\/10fdf6a071cccdcf374e3dbe45159590?s=96&d=mm&r=g\",\"caption\":\"Moustapha\"},\"sameAs\":[\"https:\/\/www.nettali.com\"]}]}<\/script>\n<!-- \/ Yoast SEO Premium plugin. -->","yoast_head_json":{"title":"EN COULISSES - Cette \"fausse histoire\" racont\u00e9e par Cheikh Y\u00e9rim | Nettali.com","robots":{"index":"index","follow":"follow","max-snippet":"max-snippet:-1","max-image-preview":"max-image-preview:large","max-video-preview":"max-video-preview:-1"},"canonical":"https:\/\/www.nettali.com\/2023\/01\/18\/en-coulisses-cette-fausse-histoire-racontee-par-cheikh-yerim\/","og_locale":"fr_FR","og_type":"article","og_title":"EN COULISSES - Cette \"fausse histoire\" racont\u00e9e par Cheikh Y\u00e9rim","og_description":"NETTALI.COM - De tout livre \"Macky Sall face \u00e0 l'histoire\" de Cheikh Y\u00e9rim Seck, c'est sans doute le chapitre 16 qui risque de poser le plus de pol\u00e9miques. Et pour cause, le journaliste y raconte une histoire connue pratiquement de tous les hommes de m\u00e9dias s\u00e9n\u00e9galais. Sauf qu'ici, seuls les noms des acteurs changent. \"Cette [&hellip;]","og_url":"https:\/\/www.nettali.com\/2023\/01\/18\/en-coulisses-cette-fausse-histoire-racontee-par-cheikh-yerim\/","og_site_name":"Nettali.com","article_publisher":"https:\/\/www.facebook.com\/nettalicom","article_published_time":"2023-01-18T00:01:48+00:00","article_modified_time":"2023-01-18T05:39:23+00:00","og_image":[{"width":600,"height":372,"url":"https:\/\/www.nettali.com\/wp-content\/uploads\/2020\/01\/yerim.jpg","type":"image\/jpeg"}],"twitter_card":"summary_large_image","twitter_misc":{"\u00c9crit par":"Moustapha","Dur\u00e9e de lecture estim\u00e9e":"2 minutes"},"schema":{"@context":"https:\/\/schema.org","@graph":[{"@type":"WebSite","@id":"https:\/\/www.nettali.com\/#website","url":"https:\/\/www.nettali.com\/","name":"Nettali.com","description":"Le rendez-vous critique du Net","potentialAction":[{"@type":"SearchAction","target":{"@type":"EntryPoint","urlTemplate":"https:\/\/www.nettali.com\/?s={search_term_string}"},"query-input":"required name=search_term_string"}],"inLanguage":"fr-FR"},{"@type":"ImageObject","@id":"https:\/\/www.nettali.com\/2023\/01\/18\/en-coulisses-cette-fausse-histoire-racontee-par-cheikh-yerim\/#primaryimage","inLanguage":"fr-FR","url":"https:\/\/www.nettali.com\/wp-content\/uploads\/2020\/01\/yerim.jpg","contentUrl":"https:\/\/www.nettali.com\/wp-content\/uploads\/2020\/01\/yerim.jpg","width":600,"height":372},{"@type":"WebPage","@id":"https:\/\/www.nettali.com\/2023\/01\/18\/en-coulisses-cette-fausse-histoire-racontee-par-cheikh-yerim\/#webpage","url":"https:\/\/www.nettali.com\/2023\/01\/18\/en-coulisses-cette-fausse-histoire-racontee-par-cheikh-yerim\/","name":"EN COULISSES - Cette \"fausse histoire\" racont\u00e9e par Cheikh Y\u00e9rim | Nettali.com","isPartOf":{"@id":"https:\/\/www.nettali.com\/#website"},"primaryImageOfPage":{"@id":"https:\/\/www.nettali.com\/2023\/01\/18\/en-coulisses-cette-fausse-histoire-racontee-par-cheikh-yerim\/#primaryimage"},"datePublished":"2023-01-18T00:01:48+00:00","dateModified":"2023-01-18T05:39:23+00:00","author":{"@id":"https:\/\/www.nettali.com\/#\/schema\/person\/7962a12a6e0267f88f0ffa544c36469a"},"breadcrumb":{"@id":"https:\/\/www.nettali.com\/2023\/01\/18\/en-coulisses-cette-fausse-histoire-racontee-par-cheikh-yerim\/#breadcrumb"},"inLanguage":"fr-FR","potentialAction":[{"@type":"ReadAction","target":["https:\/\/www.nettali.com\/2023\/01\/18\/en-coulisses-cette-fausse-histoire-racontee-par-cheikh-yerim\/"]}]},{"@type":"BreadcrumbList","@id":"https:\/\/www.nettali.com\/2023\/01\/18\/en-coulisses-cette-fausse-histoire-racontee-par-cheikh-yerim\/#breadcrumb","itemListElement":[{"@type":"ListItem","position":1,"name":"Accueil","item":"https:\/\/www.nettali.com\/"},{"@type":"ListItem","position":2,"name":"EN COULISSES - Cette \"fausse histoire\" racont\u00e9e par Cheikh Y\u00e9rim"}]},{"@type":"Person","@id":"https:\/\/www.nettali.com\/#\/schema\/person\/7962a12a6e0267f88f0ffa544c36469a","name":"Moustapha","image":{"@type":"ImageObject","@id":"https:\/\/www.nettali.com\/#personlogo","inLanguage":"fr-FR","url":"https:\/\/secure.gravatar.com\/avatar\/10fdf6a071cccdcf374e3dbe45159590?s=96&d=mm&r=g","contentUrl":"https:\/\/secure.gravatar.com\/avatar\/10fdf6a071cccdcf374e3dbe45159590?s=96&d=mm&r=g","caption":"Moustapha"},"sameAs":["https:\/\/www.nettali.com"]}]}},"_links":{"self":[{"href":"https:\/\/www.nettali.com\/rest\/wp\/v2\/posts\/102068"}],"collection":[{"href":"https:\/\/www.nettali.com\/rest\/wp\/v2\/posts"}],"about":[{"href":"https:\/\/www.nettali.com\/rest\/wp\/v2\/types\/post"}],"author":[{"embeddable":true,"href":"https:\/\/www.nettali.com\/rest\/wp\/v2\/users\/3"}],"replies":[{"embeddable":true,"href":"https:\/\/www.nettali.com\/rest\/wp\/v2\/comments?post=102068"}],"version-history":[{"count":3,"href":"https:\/\/www.nettali.com\/rest\/wp\/v2\/posts\/102068\/revisions"}],"predecessor-version":[{"id":102071,"href":"https:\/\/www.nettali.com\/rest\/wp\/v2\/posts\/102068\/revisions\/102071"}],"wp:featuredmedia":[{"embeddable":true,"href":"https:\/\/www.nettali.com\/rest\/wp\/v2\/media\/26578"}],"wp:attachment":[{"href":"https:\/\/www.nettali.com\/rest\/wp\/v2\/media?parent=102068"}],"wp:term":[{"taxonomy":"category","embeddable":true,"href":"https:\/\/www.nettali.com\/rest\/wp\/v2\/categories?post=102068"},{"taxonomy":"post_tag","embeddable":true,"href":"https:\/\/www.nettali.com\/rest\/wp\/v2\/tags?post=102068"}],"curies":[{"name":"wp","href":"https:\/\/api.w.org\/{rel}","templated":true}]}}