{"id":102049,"date":"2023-01-17T17:35:52","date_gmt":"2023-01-17T17:35:52","guid":{"rendered":"https:\/\/www.nettali.com\/?p=102049"},"modified":"2023-01-17T17:35:52","modified_gmt":"2023-01-17T17:35:52","slug":"accident-de-sakal-la-reaction-du-procureur-de-louga","status":"publish","type":"post","link":"https:\/\/www.nettali.com\/2023\/01\/17\/accident-de-sakal-la-reaction-du-procureur-de-louga\/","title":{"rendered":"ACCIDENT DE SAKAL - La r\u00e9action du Procureur de Louga"},"content":{"rendered":"<p class=\"summary_label\"><strong>NETTALI.COM - Le parquet pr\u00e8s le tribunal de Grande Instance de Louga vient de r\u00e9agir apr\u00e8s l\u2019accident survenu ce lundi 16 janvier 2023 vers Sakal. Il fait le point sur ce drame qui a enregistr\u00e9 22 morts et 24 bless\u00e9s dont 09 dans un \u00e9tat grave.<\/strong><\/p>\n<div id=\"printable\" class=\"text_body\">\n<p><em>\u00abUne enqu\u00eate est ouverte afin de d\u00e9terminer les circonstances exactes de l'accident et de d\u00e9limiter la responsabilit\u00e9 p\u00e9nale de toute personne impliqu\u00e9e concernant les faits pr\u00e9sum\u00e9s de surnombre de passagers, d'homicide involontaire, de blessures involontaires, de mise en danger de la vie d'autrui et de d\u00e9faut de ma\u00eetrise. Les auditions d\u00e9marrent ce jour par les soins du commandant de la Brigade de gendarmerie de Ngueune Sarr, charg\u00e9 de l'enqu\u00eate\u00bb<\/em>, a d\u00e9clar\u00e9 le procureur de la R\u00e9publique pr\u00e8s le Tribunal de Grande Instance de Louga.<\/p>\n<p>Il renseigne que <em>\"l'un des v\u00e9hicules impliqu\u00e9s, cens\u00e9 transporter trente-deux (32) personnes, avait \u00e0 son bord quarante-huit (48) passagers. Les conducteurs mis en cause, bless\u00e9s, ont \u00e9t\u00e9 transf\u00e9r\u00e9s respectivement \u00e0 l'h\u00f4pital r\u00e9gional de Saint-Louis et \u00e0 celui de Louga o\u00f9 ils se trouvent actuellement sous surveillance\u00bb<\/em>.<\/p>\n<p>Il affirme que des premiers \u00e9l\u00e9ments recueillis, il ressort que le v\u00e9hicule de marque Mercedes Benz genre autocar qui circulait, \u00e0 vive allure, sur la route pr\u00e9cit\u00e9e sens Saint-Louis-Louga, en tentant d'\u00e9viter un \u00e2ne qui traversait la chauss\u00e9e de la droite vers la gauche suivant son sens de marche, a quitt\u00e9 sa voie, apr\u00e8s avoir heurt\u00e9 l'animal, avant de perdre le contr\u00f4le de son mobile et percuter frontalement le v\u00e9hicule genre camion de transport de marchandises qui circulait en sens inverse \u00e0 destination de Rosso.<\/p>\n<p>Le procureur informe que les formalit\u00e9s d'identification des victimes ont toutes \u00e9t\u00e9 effectu\u00e9es et les certificats aux fins d'inhumer ont \u00e9t\u00e9 d\u00e9livr\u00e9s.<\/p>\n<div class=\"adcanevas\"><\/div>\n<\/div>\n<div class='share-to-whatsapp-wrapper'><div class='share-on-whsp'>PARTAGER SUR : <\/div><a data-text='ACCIDENT DE SAKAL - La r\u00e9action du Procureur de Louga' data-link='https:\/\/www.nettali.com\/2023\/01\/17\/accident-de-sakal-la-reaction-du-procureur-de-louga\/' class='whatsapp-button whatsapp-share'>WhatsApp<\/a><div class='clear '><\/div><\/div>","protected":false},"excerpt":{"rendered":"<p>NETTALI.COM - Le parquet pr\u00e8s le tribunal de Grande Instance de Louga vient de r\u00e9agir apr\u00e8s l\u2019accident survenu ce lundi 16 janvier 2023 vers Sakal. Il fait le point sur ce drame qui a enregistr\u00e9 22 morts et 24 bless\u00e9s dont 09 dans un \u00e9tat grave. \u00abUne enqu\u00eate est ouverte afin de d\u00e9terminer les circonstances [&hellip;]<\/p>\n","protected":false},"author":4,"featured_media":102050,"comment_status":"open","ping_status":"open","sticky":false,"template":"","format":"standard","meta":{"_et_pb_use_builder":"","_et_pb_old_content":""},"categories":[3],"tags":[],"yoast_head":"<!-- This site is optimized with the Yoast SEO Premium plugin v17.8 (Yoast SEO v17.8) - https:\/\/yoast.com\/wordpress\/plugins\/seo\/ -->\n<title>ACCIDENT DE SAKAL - La r\u00e9action du Procureur de Louga | Nettali.com<\/title>\n<meta name=\"robots\" content=\"index, follow, max-snippet:-1, max-image-preview:large, max-video-preview:-1\" \/>\n<link rel=\"canonical\" href=\"https:\/\/www.nettali.com\/2023\/01\/17\/accident-de-sakal-la-reaction-du-procureur-de-louga\/\" \/>\n<meta property=\"og:locale\" content=\"fr_FR\" \/>\n<meta property=\"og:type\" content=\"article\" \/>\n<meta property=\"og:title\" content=\"ACCIDENT DE SAKAL - La r\u00e9action du Procureur de Louga\" \/>\n<meta property=\"og:description\" content=\"NETTALI.COM - Le parquet pr\u00e8s le tribunal de Grande Instance de Louga vient de r\u00e9agir apr\u00e8s l\u2019accident survenu ce lundi 16 janvier 2023 vers Sakal. Il fait le point sur ce drame qui a enregistr\u00e9 22 morts et 24 bless\u00e9s dont 09 dans un \u00e9tat grave. \u00abUne enqu\u00eate est ouverte afin de d\u00e9terminer les circonstances [&hellip;]\" \/>\n<meta property=\"og:url\" content=\"https:\/\/www.nettali.com\/2023\/01\/17\/accident-de-sakal-la-reaction-du-procureur-de-louga\/\" \/>\n<meta property=\"og:site_name\" content=\"Nettali.com\" \/>\n<meta property=\"article:publisher\" content=\"https:\/\/www.facebook.com\/nettalicom\" \/>\n<meta property=\"article:published_time\" content=\"2023-01-17T17:35:52+00:00\" \/>\n<meta property=\"og:image\" content=\"https:\/\/www.nettali.com\/wp-content\/uploads\/2023\/01\/Sakal.jpeg\" \/>\n\t<meta property=\"og:image:width\" content=\"696\" \/>\n\t<meta property=\"og:image:height\" content=\"322\" \/>\n<meta name=\"twitter:card\" content=\"summary_large_image\" \/>\n<meta name=\"twitter:label1\" content=\"\u00c9crit par\" \/>\n\t<meta name=\"twitter:data1\" content=\"Daouda\" \/>\n\t<meta name=\"twitter:label2\" content=\"Dur\u00e9e de lecture estim\u00e9e\" \/>\n\t<meta name=\"twitter:data2\" content=\"2 minutes\" \/>\n<script type=\"application\/ld+json\" class=\"yoast-schema-graph\">{\"@context\":\"https:\/\/schema.org\",\"@graph\":[{\"@type\":\"WebSite\",\"@id\":\"https:\/\/www.nettali.com\/#website\",\"url\":\"https:\/\/www.nettali.com\/\",\"name\":\"Nettali.com\",\"description\":\"Le rendez-vous critique du Net\",\"potentialAction\":[{\"@type\":\"SearchAction\",\"target\":{\"@type\":\"EntryPoint\",\"urlTemplate\":\"https:\/\/www.nettali.com\/?s={search_term_string}\"},\"query-input\":\"required name=search_term_string\"}],\"inLanguage\":\"fr-FR\"},{\"@type\":\"ImageObject\",\"@id\":\"https:\/\/www.nettali.com\/2023\/01\/17\/accident-de-sakal-la-reaction-du-procureur-de-louga\/#primaryimage\",\"inLanguage\":\"fr-FR\",\"url\":\"https:\/\/www.nettali.com\/wp-content\/uploads\/2023\/01\/Sakal.jpeg\",\"contentUrl\":\"https:\/\/www.nettali.com\/wp-content\/uploads\/2023\/01\/Sakal.jpeg\",\"width\":696,\"height\":322},{\"@type\":\"WebPage\",\"@id\":\"https:\/\/www.nettali.com\/2023\/01\/17\/accident-de-sakal-la-reaction-du-procureur-de-louga\/#webpage\",\"url\":\"https:\/\/www.nettali.com\/2023\/01\/17\/accident-de-sakal-la-reaction-du-procureur-de-louga\/\",\"name\":\"ACCIDENT DE SAKAL - La r\\u00e9action du Procureur de Louga | Nettali.com\",\"isPartOf\":{\"@id\":\"https:\/\/www.nettali.com\/#website\"},\"primaryImageOfPage\":{\"@id\":\"https:\/\/www.nettali.com\/2023\/01\/17\/accident-de-sakal-la-reaction-du-procureur-de-louga\/#primaryimage\"},\"datePublished\":\"2023-01-17T17:35:52+00:00\",\"dateModified\":\"2023-01-17T17:35:52+00:00\",\"author\":{\"@id\":\"https:\/\/www.nettali.com\/#\/schema\/person\/3317e0bb3aa1da309fbf7b2780901bf4\"},\"breadcrumb\":{\"@id\":\"https:\/\/www.nettali.com\/2023\/01\/17\/accident-de-sakal-la-reaction-du-procureur-de-louga\/#breadcrumb\"},\"inLanguage\":\"fr-FR\",\"potentialAction\":[{\"@type\":\"ReadAction\",\"target\":[\"https:\/\/www.nettali.com\/2023\/01\/17\/accident-de-sakal-la-reaction-du-procureur-de-louga\/\"]}]},{\"@type\":\"BreadcrumbList\",\"@id\":\"https:\/\/www.nettali.com\/2023\/01\/17\/accident-de-sakal-la-reaction-du-procureur-de-louga\/#breadcrumb\",\"itemListElement\":[{\"@type\":\"ListItem\",\"position\":1,\"name\":\"Accueil\",\"item\":\"https:\/\/www.nettali.com\/\"},{\"@type\":\"ListItem\",\"position\":2,\"name\":\"ACCIDENT DE SAKAL - La r\\u00e9action du Procureur de Louga\"}]},{\"@type\":\"Person\",\"@id\":\"https:\/\/www.nettali.com\/#\/schema\/person\/3317e0bb3aa1da309fbf7b2780901bf4\",\"name\":\"Daouda\",\"image\":{\"@type\":\"ImageObject\",\"@id\":\"https:\/\/www.nettali.com\/#personlogo\",\"inLanguage\":\"fr-FR\",\"url\":\"https:\/\/secure.gravatar.com\/avatar\/8d143b5a49345098ddcfee1c49c2f47c?s=96&d=mm&r=g\",\"contentUrl\":\"https:\/\/secure.gravatar.com\/avatar\/8d143b5a49345098ddcfee1c49c2f47c?s=96&d=mm&r=g\",\"caption\":\"Daouda\"},\"sameAs\":[\"https:\/\/www.nettali.com\"]}]}<\/script>\n<!-- \/ Yoast SEO Premium plugin. -->","yoast_head_json":{"title":"ACCIDENT DE SAKAL - La r\u00e9action du Procureur de Louga | Nettali.com","robots":{"index":"index","follow":"follow","max-snippet":"max-snippet:-1","max-image-preview":"max-image-preview:large","max-video-preview":"max-video-preview:-1"},"canonical":"https:\/\/www.nettali.com\/2023\/01\/17\/accident-de-sakal-la-reaction-du-procureur-de-louga\/","og_locale":"fr_FR","og_type":"article","og_title":"ACCIDENT DE SAKAL - La r\u00e9action du Procureur de Louga","og_description":"NETTALI.COM - Le parquet pr\u00e8s le tribunal de Grande Instance de Louga vient de r\u00e9agir apr\u00e8s l\u2019accident survenu ce lundi 16 janvier 2023 vers Sakal. Il fait le point sur ce drame qui a enregistr\u00e9 22 morts et 24 bless\u00e9s dont 09 dans un \u00e9tat grave. \u00abUne enqu\u00eate est ouverte afin de d\u00e9terminer les circonstances [&hellip;]","og_url":"https:\/\/www.nettali.com\/2023\/01\/17\/accident-de-sakal-la-reaction-du-procureur-de-louga\/","og_site_name":"Nettali.com","article_publisher":"https:\/\/www.facebook.com\/nettalicom","article_published_time":"2023-01-17T17:35:52+00:00","og_image":[{"width":696,"height":322,"url":"https:\/\/www.nettali.com\/wp-content\/uploads\/2023\/01\/Sakal.jpeg","type":"image\/jpeg"}],"twitter_card":"summary_large_image","twitter_misc":{"\u00c9crit par":"Daouda","Dur\u00e9e de lecture estim\u00e9e":"2 minutes"},"schema":{"@context":"https:\/\/schema.org","@graph":[{"@type":"WebSite","@id":"https:\/\/www.nettali.com\/#website","url":"https:\/\/www.nettali.com\/","name":"Nettali.com","description":"Le rendez-vous critique du Net","potentialAction":[{"@type":"SearchAction","target":{"@type":"EntryPoint","urlTemplate":"https:\/\/www.nettali.com\/?s={search_term_string}"},"query-input":"required name=search_term_string"}],"inLanguage":"fr-FR"},{"@type":"ImageObject","@id":"https:\/\/www.nettali.com\/2023\/01\/17\/accident-de-sakal-la-reaction-du-procureur-de-louga\/#primaryimage","inLanguage":"fr-FR","url":"https:\/\/www.nettali.com\/wp-content\/uploads\/2023\/01\/Sakal.jpeg","contentUrl":"https:\/\/www.nettali.com\/wp-content\/uploads\/2023\/01\/Sakal.jpeg","width":696,"height":322},{"@type":"WebPage","@id":"https:\/\/www.nettali.com\/2023\/01\/17\/accident-de-sakal-la-reaction-du-procureur-de-louga\/#webpage","url":"https:\/\/www.nettali.com\/2023\/01\/17\/accident-de-sakal-la-reaction-du-procureur-de-louga\/","name":"ACCIDENT DE SAKAL - La r\u00e9action du Procureur de Louga | Nettali.com","isPartOf":{"@id":"https:\/\/www.nettali.com\/#website"},"primaryImageOfPage":{"@id":"https:\/\/www.nettali.com\/2023\/01\/17\/accident-de-sakal-la-reaction-du-procureur-de-louga\/#primaryimage"},"datePublished":"2023-01-17T17:35:52+00:00","dateModified":"2023-01-17T17:35:52+00:00","author":{"@id":"https:\/\/www.nettali.com\/#\/schema\/person\/3317e0bb3aa1da309fbf7b2780901bf4"},"breadcrumb":{"@id":"https:\/\/www.nettali.com\/2023\/01\/17\/accident-de-sakal-la-reaction-du-procureur-de-louga\/#breadcrumb"},"inLanguage":"fr-FR","potentialAction":[{"@type":"ReadAction","target":["https:\/\/www.nettali.com\/2023\/01\/17\/accident-de-sakal-la-reaction-du-procureur-de-louga\/"]}]},{"@type":"BreadcrumbList","@id":"https:\/\/www.nettali.com\/2023\/01\/17\/accident-de-sakal-la-reaction-du-procureur-de-louga\/#breadcrumb","itemListElement":[{"@type":"ListItem","position":1,"name":"Accueil","item":"https:\/\/www.nettali.com\/"},{"@type":"ListItem","position":2,"name":"ACCIDENT DE SAKAL - La r\u00e9action du Procureur de Louga"}]},{"@type":"Person","@id":"https:\/\/www.nettali.com\/#\/schema\/person\/3317e0bb3aa1da309fbf7b2780901bf4","name":"Daouda","image":{"@type":"ImageObject","@id":"https:\/\/www.nettali.com\/#personlogo","inLanguage":"fr-FR","url":"https:\/\/secure.gravatar.com\/avatar\/8d143b5a49345098ddcfee1c49c2f47c?s=96&d=mm&r=g","contentUrl":"https:\/\/secure.gravatar.com\/avatar\/8d143b5a49345098ddcfee1c49c2f47c?s=96&d=mm&r=g","caption":"Daouda"},"sameAs":["https:\/\/www.nettali.com"]}]}},"_links":{"self":[{"href":"https:\/\/www.nettali.com\/rest\/wp\/v2\/posts\/102049"}],"collection":[{"href":"https:\/\/www.nettali.com\/rest\/wp\/v2\/posts"}],"about":[{"href":"https:\/\/www.nettali.com\/rest\/wp\/v2\/types\/post"}],"author":[{"embeddable":true,"href":"https:\/\/www.nettali.com\/rest\/wp\/v2\/users\/4"}],"replies":[{"embeddable":true,"href":"https:\/\/www.nettali.com\/rest\/wp\/v2\/comments?post=102049"}],"version-history":[{"count":1,"href":"https:\/\/www.nettali.com\/rest\/wp\/v2\/posts\/102049\/revisions"}],"predecessor-version":[{"id":102051,"href":"https:\/\/www.nettali.com\/rest\/wp\/v2\/posts\/102049\/revisions\/102051"}],"wp:featuredmedia":[{"embeddable":true,"href":"https:\/\/www.nettali.com\/rest\/wp\/v2\/media\/102050"}],"wp:attachment":[{"href":"https:\/\/www.nettali.com\/rest\/wp\/v2\/media?parent=102049"}],"wp:term":[{"taxonomy":"category","embeddable":true,"href":"https:\/\/www.nettali.com\/rest\/wp\/v2\/categories?post=102049"},{"taxonomy":"post_tag","embeddable":true,"href":"https:\/\/www.nettali.com\/rest\/wp\/v2\/tags?post=102049"}],"curies":[{"name":"wp","href":"https:\/\/api.w.org\/{rel}","templated":true}]}}