{"id":101952,"date":"2023-01-16T11:28:43","date_gmt":"2023-01-16T11:28:43","guid":{"rendered":"https:\/\/www.nettali.com\/?p=101952"},"modified":"2023-01-17T08:12:22","modified_gmt":"2023-01-17T08:12:22","slug":"demande-de-renvoi-de-sonko-en-jugement-les-arguments-du-procureur","status":"publish","type":"post","link":"https:\/\/www.nettali.com\/2023\/01\/16\/demande-de-renvoi-de-sonko-en-jugement-les-arguments-du-procureur\/","title":{"rendered":"DEMANDE DE RENVOI DE SONKO EN JUGEMENT \u2013 Les arguments du Procureur"},"content":{"rendered":"<p style=\"margin-right: 0cm; margin-left: 0cm; font-size: 12pt; font-family: 'Times New Roman', serif; color: #000000;\"><strong>NETTALI.COM - Dans son r\u00e9quisitoire d\u00e9finitif adress\u00e9 au Doyen des juges, le Procureur de la R\u00e9publique demande le renvoi d\u2019Ousmane Sonko et Nd\u00e8ye Khady Ndiaye devant la chambre criminelle. Il a donn\u00e9 ses arguments pour soutenir sa pr\u00e9tention.<\/strong><\/p>\n<p style=\"margin-right: 0cm; margin-left: 0cm; font-size: 12pt; font-family: 'Times New Roman', serif; color: #000000;\">Si le Doyen des juges, Oumar Maham Diallo, suit le r\u00e9quisitoire d\u00e9finitif du procureur de la R\u00e9publique, Ousmane Sonko et Nd\u00e8ye Khady Ndiaye seront traduits devant la chambre criminelle du tribunal de grande instance de Dakar.<\/p>\n<p style=\"margin-right: 0cm; margin-left: 0cm; font-size: 12pt; font-family: 'Times New Roman', serif; color: #000000;\">Hamady Diouf soutient, dans son r\u00e9quisitoire, que le silence adopt\u00e9 par Ousmane Sonko durant son face \u00e0 face avec le juge d\u2019instruction et son refus de se soumettre \u00e0 un test ADN, accr\u00e9ditent les accusations d\u2019Adji Sarr.<\/p>\n<p style=\"margin-right: 0cm; margin-left: 0cm; font-size: 12pt; font-family: 'Times New Roman', serif; color: #000000;\">Aussi, le procureur \u00e9met-il des doutes sur les accusations de Nd\u00e8ye Khady Ndiaye, affirmant que l'ancien directeur des domaines, Mamour Diallo, lui a propos\u00e9 la somme de 200 millions F CFA si elle changeait de version et chargeait Sonko.\u00a0 Aucune preuve ne vient \u00e9tayer cela, fait-il remarquer.<\/p>\n<p style=\"margin-right: 0cm; margin-left: 0cm; font-size: 12pt; font-family: 'Times New Roman', serif; color: #000000;\">Quant aux audios vers\u00e9s par Mc Niass, les t\u00e9moignages du capitaine Tour\u00e9 et de Nd\u00e8ye Fatou S\u00e8ne (Mme Tall), le Procureur jugent qu\u2019ils n\u2019ont rien \u00e0 voir avec les faits vis\u00e9s, \u00e0 savoir le viol, les menaces de mort, l\u2019incitation \u00e0 la d\u00e9bauche, la diffusion d'images contraires aux bonnes m\u0153urs et la complicit\u00e9 de viol.<\/p>\n<div class='share-to-whatsapp-wrapper'><div class='share-on-whsp'>PARTAGER SUR : <\/div><a data-text='DEMANDE DE RENVOI DE SONKO EN JUGEMENT \u2013 Les arguments du Procureur' data-link='https:\/\/www.nettali.com\/2023\/01\/16\/demande-de-renvoi-de-sonko-en-jugement-les-arguments-du-procureur\/' class='whatsapp-button whatsapp-share'>WhatsApp<\/a><div class='clear '><\/div><\/div>","protected":false},"excerpt":{"rendered":"<p>NETTALI.COM - Dans son r\u00e9quisitoire d\u00e9finitif adress\u00e9 au Doyen des juges, le Procureur de la R\u00e9publique demande le renvoi d\u2019Ousmane Sonko et Nd\u00e8ye Khady Ndiaye devant la chambre criminelle. Il a donn\u00e9 ses arguments pour soutenir sa pr\u00e9tention. Si le Doyen des juges, Oumar Maham Diallo, suit le r\u00e9quisitoire d\u00e9finitif du procureur de la R\u00e9publique, [&hellip;]<\/p>\n","protected":false},"author":4,"featured_media":97084,"comment_status":"open","ping_status":"open","sticky":false,"template":"","format":"standard","meta":{"_et_pb_use_builder":"","_et_pb_old_content":""},"categories":[3],"tags":[],"yoast_head":"<!-- This site is optimized with the Yoast SEO Premium plugin v17.8 (Yoast SEO v17.8) - https:\/\/yoast.com\/wordpress\/plugins\/seo\/ -->\n<title>DEMANDE DE RENVOI DE SONKO EN JUGEMENT \u2013 Les arguments du Procureur | Nettali.com<\/title>\n<meta name=\"robots\" content=\"index, follow, max-snippet:-1, max-image-preview:large, max-video-preview:-1\" \/>\n<link rel=\"canonical\" href=\"https:\/\/www.nettali.com\/2023\/01\/16\/demande-de-renvoi-de-sonko-en-jugement-les-arguments-du-procureur\/\" \/>\n<meta property=\"og:locale\" content=\"fr_FR\" \/>\n<meta property=\"og:type\" content=\"article\" \/>\n<meta property=\"og:title\" content=\"DEMANDE DE RENVOI DE SONKO EN JUGEMENT \u2013 Les arguments du Procureur\" \/>\n<meta property=\"og:description\" content=\"NETTALI.COM - Dans son r\u00e9quisitoire d\u00e9finitif adress\u00e9 au Doyen des juges, le Procureur de la R\u00e9publique demande le renvoi d\u2019Ousmane Sonko et Nd\u00e8ye Khady Ndiaye devant la chambre criminelle. Il a donn\u00e9 ses arguments pour soutenir sa pr\u00e9tention. Si le Doyen des juges, Oumar Maham Diallo, suit le r\u00e9quisitoire d\u00e9finitif du procureur de la R\u00e9publique, [&hellip;]\" \/>\n<meta property=\"og:url\" content=\"https:\/\/www.nettali.com\/2023\/01\/16\/demande-de-renvoi-de-sonko-en-jugement-les-arguments-du-procureur\/\" \/>\n<meta property=\"og:site_name\" content=\"Nettali.com\" \/>\n<meta property=\"article:publisher\" content=\"https:\/\/www.facebook.com\/nettalicom\" \/>\n<meta property=\"article:published_time\" content=\"2023-01-16T11:28:43+00:00\" \/>\n<meta property=\"article:modified_time\" content=\"2023-01-17T08:12:22+00:00\" \/>\n<meta property=\"og:image\" content=\"https:\/\/www.nettali.com\/wp-content\/uploads\/2022\/11\/sonko-vs-sarr.jpg\" \/>\n\t<meta property=\"og:image:width\" content=\"1280\" \/>\n\t<meta property=\"og:image:height\" content=\"600\" \/>\n<meta name=\"twitter:card\" content=\"summary_large_image\" \/>\n<meta name=\"twitter:label1\" content=\"\u00c9crit par\" \/>\n\t<meta name=\"twitter:data1\" content=\"Daouda\" \/>\n\t<meta name=\"twitter:label2\" content=\"Dur\u00e9e de lecture estim\u00e9e\" \/>\n\t<meta name=\"twitter:data2\" content=\"2 minutes\" \/>\n<script type=\"application\/ld+json\" class=\"yoast-schema-graph\">{\"@context\":\"https:\/\/schema.org\",\"@graph\":[{\"@type\":\"WebSite\",\"@id\":\"https:\/\/www.nettali.com\/#website\",\"url\":\"https:\/\/www.nettali.com\/\",\"name\":\"Nettali.com\",\"description\":\"Le rendez-vous critique du Net\",\"potentialAction\":[{\"@type\":\"SearchAction\",\"target\":{\"@type\":\"EntryPoint\",\"urlTemplate\":\"https:\/\/www.nettali.com\/?s={search_term_string}\"},\"query-input\":\"required name=search_term_string\"}],\"inLanguage\":\"fr-FR\"},{\"@type\":\"ImageObject\",\"@id\":\"https:\/\/www.nettali.com\/2023\/01\/16\/demande-de-renvoi-de-sonko-en-jugement-les-arguments-du-procureur\/#primaryimage\",\"inLanguage\":\"fr-FR\",\"url\":\"https:\/\/www.nettali.com\/wp-content\/uploads\/2022\/11\/sonko-vs-sarr.jpg\",\"contentUrl\":\"https:\/\/www.nettali.com\/wp-content\/uploads\/2022\/11\/sonko-vs-sarr.jpg\",\"width\":1280,\"height\":600},{\"@type\":\"WebPage\",\"@id\":\"https:\/\/www.nettali.com\/2023\/01\/16\/demande-de-renvoi-de-sonko-en-jugement-les-arguments-du-procureur\/#webpage\",\"url\":\"https:\/\/www.nettali.com\/2023\/01\/16\/demande-de-renvoi-de-sonko-en-jugement-les-arguments-du-procureur\/\",\"name\":\"DEMANDE DE RENVOI DE SONKO EN JUGEMENT \\u2013 Les arguments du Procureur | Nettali.com\",\"isPartOf\":{\"@id\":\"https:\/\/www.nettali.com\/#website\"},\"primaryImageOfPage\":{\"@id\":\"https:\/\/www.nettali.com\/2023\/01\/16\/demande-de-renvoi-de-sonko-en-jugement-les-arguments-du-procureur\/#primaryimage\"},\"datePublished\":\"2023-01-16T11:28:43+00:00\",\"dateModified\":\"2023-01-17T08:12:22+00:00\",\"author\":{\"@id\":\"https:\/\/www.nettali.com\/#\/schema\/person\/3317e0bb3aa1da309fbf7b2780901bf4\"},\"breadcrumb\":{\"@id\":\"https:\/\/www.nettali.com\/2023\/01\/16\/demande-de-renvoi-de-sonko-en-jugement-les-arguments-du-procureur\/#breadcrumb\"},\"inLanguage\":\"fr-FR\",\"potentialAction\":[{\"@type\":\"ReadAction\",\"target\":[\"https:\/\/www.nettali.com\/2023\/01\/16\/demande-de-renvoi-de-sonko-en-jugement-les-arguments-du-procureur\/\"]}]},{\"@type\":\"BreadcrumbList\",\"@id\":\"https:\/\/www.nettali.com\/2023\/01\/16\/demande-de-renvoi-de-sonko-en-jugement-les-arguments-du-procureur\/#breadcrumb\",\"itemListElement\":[{\"@type\":\"ListItem\",\"position\":1,\"name\":\"Accueil\",\"item\":\"https:\/\/www.nettali.com\/\"},{\"@type\":\"ListItem\",\"position\":2,\"name\":\"DEMANDE DE RENVOI DE SONKO EN JUGEMENT \\u2013 Les arguments du Procureur\"}]},{\"@type\":\"Person\",\"@id\":\"https:\/\/www.nettali.com\/#\/schema\/person\/3317e0bb3aa1da309fbf7b2780901bf4\",\"name\":\"Daouda\",\"image\":{\"@type\":\"ImageObject\",\"@id\":\"https:\/\/www.nettali.com\/#personlogo\",\"inLanguage\":\"fr-FR\",\"url\":\"https:\/\/secure.gravatar.com\/avatar\/8d143b5a49345098ddcfee1c49c2f47c?s=96&d=mm&r=g\",\"contentUrl\":\"https:\/\/secure.gravatar.com\/avatar\/8d143b5a49345098ddcfee1c49c2f47c?s=96&d=mm&r=g\",\"caption\":\"Daouda\"},\"sameAs\":[\"https:\/\/www.nettali.com\"]}]}<\/script>\n<!-- \/ Yoast SEO Premium plugin. -->","yoast_head_json":{"title":"DEMANDE DE RENVOI DE SONKO EN JUGEMENT \u2013 Les arguments du Procureur | Nettali.com","robots":{"index":"index","follow":"follow","max-snippet":"max-snippet:-1","max-image-preview":"max-image-preview:large","max-video-preview":"max-video-preview:-1"},"canonical":"https:\/\/www.nettali.com\/2023\/01\/16\/demande-de-renvoi-de-sonko-en-jugement-les-arguments-du-procureur\/","og_locale":"fr_FR","og_type":"article","og_title":"DEMANDE DE RENVOI DE SONKO EN JUGEMENT \u2013 Les arguments du Procureur","og_description":"NETTALI.COM - Dans son r\u00e9quisitoire d\u00e9finitif adress\u00e9 au Doyen des juges, le Procureur de la R\u00e9publique demande le renvoi d\u2019Ousmane Sonko et Nd\u00e8ye Khady Ndiaye devant la chambre criminelle. Il a donn\u00e9 ses arguments pour soutenir sa pr\u00e9tention. Si le Doyen des juges, Oumar Maham Diallo, suit le r\u00e9quisitoire d\u00e9finitif du procureur de la R\u00e9publique, [&hellip;]","og_url":"https:\/\/www.nettali.com\/2023\/01\/16\/demande-de-renvoi-de-sonko-en-jugement-les-arguments-du-procureur\/","og_site_name":"Nettali.com","article_publisher":"https:\/\/www.facebook.com\/nettalicom","article_published_time":"2023-01-16T11:28:43+00:00","article_modified_time":"2023-01-17T08:12:22+00:00","og_image":[{"width":1280,"height":600,"url":"https:\/\/www.nettali.com\/wp-content\/uploads\/2022\/11\/sonko-vs-sarr.jpg","type":"image\/jpeg"}],"twitter_card":"summary_large_image","twitter_misc":{"\u00c9crit par":"Daouda","Dur\u00e9e de lecture estim\u00e9e":"2 minutes"},"schema":{"@context":"https:\/\/schema.org","@graph":[{"@type":"WebSite","@id":"https:\/\/www.nettali.com\/#website","url":"https:\/\/www.nettali.com\/","name":"Nettali.com","description":"Le rendez-vous critique du Net","potentialAction":[{"@type":"SearchAction","target":{"@type":"EntryPoint","urlTemplate":"https:\/\/www.nettali.com\/?s={search_term_string}"},"query-input":"required name=search_term_string"}],"inLanguage":"fr-FR"},{"@type":"ImageObject","@id":"https:\/\/www.nettali.com\/2023\/01\/16\/demande-de-renvoi-de-sonko-en-jugement-les-arguments-du-procureur\/#primaryimage","inLanguage":"fr-FR","url":"https:\/\/www.nettali.com\/wp-content\/uploads\/2022\/11\/sonko-vs-sarr.jpg","contentUrl":"https:\/\/www.nettali.com\/wp-content\/uploads\/2022\/11\/sonko-vs-sarr.jpg","width":1280,"height":600},{"@type":"WebPage","@id":"https:\/\/www.nettali.com\/2023\/01\/16\/demande-de-renvoi-de-sonko-en-jugement-les-arguments-du-procureur\/#webpage","url":"https:\/\/www.nettali.com\/2023\/01\/16\/demande-de-renvoi-de-sonko-en-jugement-les-arguments-du-procureur\/","name":"DEMANDE DE RENVOI DE SONKO EN JUGEMENT \u2013 Les arguments du Procureur | Nettali.com","isPartOf":{"@id":"https:\/\/www.nettali.com\/#website"},"primaryImageOfPage":{"@id":"https:\/\/www.nettali.com\/2023\/01\/16\/demande-de-renvoi-de-sonko-en-jugement-les-arguments-du-procureur\/#primaryimage"},"datePublished":"2023-01-16T11:28:43+00:00","dateModified":"2023-01-17T08:12:22+00:00","author":{"@id":"https:\/\/www.nettali.com\/#\/schema\/person\/3317e0bb3aa1da309fbf7b2780901bf4"},"breadcrumb":{"@id":"https:\/\/www.nettali.com\/2023\/01\/16\/demande-de-renvoi-de-sonko-en-jugement-les-arguments-du-procureur\/#breadcrumb"},"inLanguage":"fr-FR","potentialAction":[{"@type":"ReadAction","target":["https:\/\/www.nettali.com\/2023\/01\/16\/demande-de-renvoi-de-sonko-en-jugement-les-arguments-du-procureur\/"]}]},{"@type":"BreadcrumbList","@id":"https:\/\/www.nettali.com\/2023\/01\/16\/demande-de-renvoi-de-sonko-en-jugement-les-arguments-du-procureur\/#breadcrumb","itemListElement":[{"@type":"ListItem","position":1,"name":"Accueil","item":"https:\/\/www.nettali.com\/"},{"@type":"ListItem","position":2,"name":"DEMANDE DE RENVOI DE SONKO EN JUGEMENT \u2013 Les arguments du Procureur"}]},{"@type":"Person","@id":"https:\/\/www.nettali.com\/#\/schema\/person\/3317e0bb3aa1da309fbf7b2780901bf4","name":"Daouda","image":{"@type":"ImageObject","@id":"https:\/\/www.nettali.com\/#personlogo","inLanguage":"fr-FR","url":"https:\/\/secure.gravatar.com\/avatar\/8d143b5a49345098ddcfee1c49c2f47c?s=96&d=mm&r=g","contentUrl":"https:\/\/secure.gravatar.com\/avatar\/8d143b5a49345098ddcfee1c49c2f47c?s=96&d=mm&r=g","caption":"Daouda"},"sameAs":["https:\/\/www.nettali.com"]}]}},"_links":{"self":[{"href":"https:\/\/www.nettali.com\/rest\/wp\/v2\/posts\/101952"}],"collection":[{"href":"https:\/\/www.nettali.com\/rest\/wp\/v2\/posts"}],"about":[{"href":"https:\/\/www.nettali.com\/rest\/wp\/v2\/types\/post"}],"author":[{"embeddable":true,"href":"https:\/\/www.nettali.com\/rest\/wp\/v2\/users\/4"}],"replies":[{"embeddable":true,"href":"https:\/\/www.nettali.com\/rest\/wp\/v2\/comments?post=101952"}],"version-history":[{"count":1,"href":"https:\/\/www.nettali.com\/rest\/wp\/v2\/posts\/101952\/revisions"}],"predecessor-version":[{"id":101953,"href":"https:\/\/www.nettali.com\/rest\/wp\/v2\/posts\/101952\/revisions\/101953"}],"wp:featuredmedia":[{"embeddable":true,"href":"https:\/\/www.nettali.com\/rest\/wp\/v2\/media\/97084"}],"wp:attachment":[{"href":"https:\/\/www.nettali.com\/rest\/wp\/v2\/media?parent=101952"}],"wp:term":[{"taxonomy":"category","embeddable":true,"href":"https:\/\/www.nettali.com\/rest\/wp\/v2\/categories?post=101952"},{"taxonomy":"post_tag","embeddable":true,"href":"https:\/\/www.nettali.com\/rest\/wp\/v2\/tags?post=101952"}],"curies":[{"name":"wp","href":"https:\/\/api.w.org\/{rel}","templated":true}]}}