{"id":101944,"date":"2023-01-16T09:46:35","date_gmt":"2023-01-16T09:46:35","guid":{"rendered":"https:\/\/www.nettali.com\/?p=101944"},"modified":"2023-01-16T09:46:35","modified_gmt":"2023-01-16T09:46:35","slug":"accident-de-sakal-la-reaction-de-macky-sall","status":"publish","type":"post","link":"https:\/\/www.nettali.com\/2023\/01\/16\/accident-de-sakal-la-reaction-de-macky-sall\/","title":{"rendered":"ACCIDENT DE SAKAL - La r\u00e9action de Macky Sall"},"content":{"rendered":"<p><strong>NETTALI.COM - Le pr\u00e9sident Macky Sall a pr\u00e9sent\u00e9 ses condol\u00e9ances \"<em>aux familles \u00e9plor\u00e9es<\/em>\" de l\u2019accident survenu ce lundi matin \u00e0 Sakal, une localit\u00e9 situ\u00e9e dans le d\u00e9partement de Louga. L\u2019accident a fait au moins 19 morts, selon le bilan provisoire.<\/strong><\/p>\n<p>\"<em>Encore un autre mortel sur nos routes \u00e0 l\u2019entr\u00e9e de Nguen Sarr. 19 vies perdues et 24 bless\u00e9s<\/em>\", se d\u00e9sole le chef de l\u2019Etat \u00e0 travers un message post\u00e9 sur Twitter.<\/p>\n<p>Par ailleurs, il a pr\u00e9sent\u00e9 ses \"<em>condol\u00e9ances \u00e9mues aux familles \u00e9plor\u00e9es<\/em>\" et souhait\u00e9 un \"<em>prompt r\u00e9tablissement aux bless\u00e9s<\/em>.\"<\/p>\n<div class='share-to-whatsapp-wrapper'><div class='share-on-whsp'>PARTAGER SUR : <\/div><a data-text='ACCIDENT DE SAKAL - La r\u00e9action de Macky Sall' data-link='https:\/\/www.nettali.com\/2023\/01\/16\/accident-de-sakal-la-reaction-de-macky-sall\/' class='whatsapp-button whatsapp-share'>WhatsApp<\/a><div class='clear '><\/div><\/div>","protected":false},"excerpt":{"rendered":"<p>NETTALI.COM - Le pr\u00e9sident Macky Sall a pr\u00e9sent\u00e9 ses condol\u00e9ances \"aux familles \u00e9plor\u00e9es\" de l\u2019accident survenu ce lundi matin \u00e0 Sakal, une localit\u00e9 situ\u00e9e dans le d\u00e9partement de Louga. L\u2019accident a fait au moins 19 morts, selon le bilan provisoire. \"Encore un autre mortel sur nos routes \u00e0 l\u2019entr\u00e9e de Nguen Sarr. 19 vies perdues [&hellip;]<\/p>\n","protected":false},"author":5,"featured_media":101945,"comment_status":"open","ping_status":"open","sticky":false,"template":"","format":"standard","meta":{"_et_pb_use_builder":"","_et_pb_old_content":""},"categories":[3],"tags":[],"yoast_head":"<!-- This site is optimized with the Yoast SEO Premium plugin v17.8 (Yoast SEO v17.8) - https:\/\/yoast.com\/wordpress\/plugins\/seo\/ -->\n<title>ACCIDENT DE SAKAL - La r\u00e9action de Macky Sall | Nettali.com<\/title>\n<meta name=\"robots\" content=\"index, follow, max-snippet:-1, max-image-preview:large, max-video-preview:-1\" \/>\n<link rel=\"canonical\" href=\"https:\/\/www.nettali.com\/2023\/01\/16\/accident-de-sakal-la-reaction-de-macky-sall\/\" \/>\n<meta property=\"og:locale\" content=\"fr_FR\" \/>\n<meta property=\"og:type\" content=\"article\" \/>\n<meta property=\"og:title\" content=\"ACCIDENT DE SAKAL - La r\u00e9action de Macky Sall\" \/>\n<meta property=\"og:description\" content=\"NETTALI.COM - Le pr\u00e9sident Macky Sall a pr\u00e9sent\u00e9 ses condol\u00e9ances &quot;aux familles \u00e9plor\u00e9es&quot; de l\u2019accident survenu ce lundi matin \u00e0 Sakal, une localit\u00e9 situ\u00e9e dans le d\u00e9partement de Louga. L\u2019accident a fait au moins 19 morts, selon le bilan provisoire. &quot;Encore un autre mortel sur nos routes \u00e0 l\u2019entr\u00e9e de Nguen Sarr. 19 vies perdues [&hellip;]\" \/>\n<meta property=\"og:url\" content=\"https:\/\/www.nettali.com\/2023\/01\/16\/accident-de-sakal-la-reaction-de-macky-sall\/\" \/>\n<meta property=\"og:site_name\" content=\"Nettali.com\" \/>\n<meta property=\"article:publisher\" content=\"https:\/\/www.facebook.com\/nettalicom\" \/>\n<meta property=\"article:published_time\" content=\"2023-01-16T09:46:35+00:00\" \/>\n<meta property=\"og:image\" content=\"https:\/\/www.nettali.com\/wp-content\/uploads\/2023\/01\/macky-sall.jpg\" \/>\n\t<meta property=\"og:image:width\" content=\"696\" \/>\n\t<meta property=\"og:image:height\" content=\"487\" \/>\n<meta name=\"twitter:card\" content=\"summary_large_image\" \/>\n<meta name=\"twitter:label1\" content=\"\u00c9crit par\" \/>\n\t<meta name=\"twitter:data1\" content=\"Ibrahima\" \/>\n\t<meta name=\"twitter:label2\" content=\"Dur\u00e9e de lecture estim\u00e9e\" \/>\n\t<meta name=\"twitter:data2\" content=\"1 minute\" \/>\n<script type=\"application\/ld+json\" class=\"yoast-schema-graph\">{\"@context\":\"https:\/\/schema.org\",\"@graph\":[{\"@type\":\"WebSite\",\"@id\":\"https:\/\/www.nettali.com\/#website\",\"url\":\"https:\/\/www.nettali.com\/\",\"name\":\"Nettali.com\",\"description\":\"Le rendez-vous critique du Net\",\"potentialAction\":[{\"@type\":\"SearchAction\",\"target\":{\"@type\":\"EntryPoint\",\"urlTemplate\":\"https:\/\/www.nettali.com\/?s={search_term_string}\"},\"query-input\":\"required name=search_term_string\"}],\"inLanguage\":\"fr-FR\"},{\"@type\":\"ImageObject\",\"@id\":\"https:\/\/www.nettali.com\/2023\/01\/16\/accident-de-sakal-la-reaction-de-macky-sall\/#primaryimage\",\"inLanguage\":\"fr-FR\",\"url\":\"https:\/\/www.nettali.com\/wp-content\/uploads\/2023\/01\/macky-sall.jpg\",\"contentUrl\":\"https:\/\/www.nettali.com\/wp-content\/uploads\/2023\/01\/macky-sall.jpg\",\"width\":696,\"height\":487},{\"@type\":\"WebPage\",\"@id\":\"https:\/\/www.nettali.com\/2023\/01\/16\/accident-de-sakal-la-reaction-de-macky-sall\/#webpage\",\"url\":\"https:\/\/www.nettali.com\/2023\/01\/16\/accident-de-sakal-la-reaction-de-macky-sall\/\",\"name\":\"ACCIDENT DE SAKAL - La r\\u00e9action de Macky Sall | Nettali.com\",\"isPartOf\":{\"@id\":\"https:\/\/www.nettali.com\/#website\"},\"primaryImageOfPage\":{\"@id\":\"https:\/\/www.nettali.com\/2023\/01\/16\/accident-de-sakal-la-reaction-de-macky-sall\/#primaryimage\"},\"datePublished\":\"2023-01-16T09:46:35+00:00\",\"dateModified\":\"2023-01-16T09:46:35+00:00\",\"author\":{\"@id\":\"https:\/\/www.nettali.com\/#\/schema\/person\/bb147657c2986240405a608162b9bb23\"},\"breadcrumb\":{\"@id\":\"https:\/\/www.nettali.com\/2023\/01\/16\/accident-de-sakal-la-reaction-de-macky-sall\/#breadcrumb\"},\"inLanguage\":\"fr-FR\",\"potentialAction\":[{\"@type\":\"ReadAction\",\"target\":[\"https:\/\/www.nettali.com\/2023\/01\/16\/accident-de-sakal-la-reaction-de-macky-sall\/\"]}]},{\"@type\":\"BreadcrumbList\",\"@id\":\"https:\/\/www.nettali.com\/2023\/01\/16\/accident-de-sakal-la-reaction-de-macky-sall\/#breadcrumb\",\"itemListElement\":[{\"@type\":\"ListItem\",\"position\":1,\"name\":\"Accueil\",\"item\":\"https:\/\/www.nettali.com\/\"},{\"@type\":\"ListItem\",\"position\":2,\"name\":\"ACCIDENT DE SAKAL - La r\\u00e9action de Macky Sall\"}]},{\"@type\":\"Person\",\"@id\":\"https:\/\/www.nettali.com\/#\/schema\/person\/bb147657c2986240405a608162b9bb23\",\"name\":\"Ibrahima\",\"image\":{\"@type\":\"ImageObject\",\"@id\":\"https:\/\/www.nettali.com\/#personlogo\",\"inLanguage\":\"fr-FR\",\"url\":\"https:\/\/secure.gravatar.com\/avatar\/26a8a81f09f0dd7624c9d5c36c9ba3a2?s=96&d=mm&r=g\",\"contentUrl\":\"https:\/\/secure.gravatar.com\/avatar\/26a8a81f09f0dd7624c9d5c36c9ba3a2?s=96&d=mm&r=g\",\"caption\":\"Ibrahima\"},\"sameAs\":[\"https:\/\/www.nettali.com\"]}]}<\/script>\n<!-- \/ Yoast SEO Premium plugin. -->","yoast_head_json":{"title":"ACCIDENT DE SAKAL - La r\u00e9action de Macky Sall | Nettali.com","robots":{"index":"index","follow":"follow","max-snippet":"max-snippet:-1","max-image-preview":"max-image-preview:large","max-video-preview":"max-video-preview:-1"},"canonical":"https:\/\/www.nettali.com\/2023\/01\/16\/accident-de-sakal-la-reaction-de-macky-sall\/","og_locale":"fr_FR","og_type":"article","og_title":"ACCIDENT DE SAKAL - La r\u00e9action de Macky Sall","og_description":"NETTALI.COM - Le pr\u00e9sident Macky Sall a pr\u00e9sent\u00e9 ses condol\u00e9ances \"aux familles \u00e9plor\u00e9es\" de l\u2019accident survenu ce lundi matin \u00e0 Sakal, une localit\u00e9 situ\u00e9e dans le d\u00e9partement de Louga. L\u2019accident a fait au moins 19 morts, selon le bilan provisoire. \"Encore un autre mortel sur nos routes \u00e0 l\u2019entr\u00e9e de Nguen Sarr. 19 vies perdues [&hellip;]","og_url":"https:\/\/www.nettali.com\/2023\/01\/16\/accident-de-sakal-la-reaction-de-macky-sall\/","og_site_name":"Nettali.com","article_publisher":"https:\/\/www.facebook.com\/nettalicom","article_published_time":"2023-01-16T09:46:35+00:00","og_image":[{"width":696,"height":487,"url":"https:\/\/www.nettali.com\/wp-content\/uploads\/2023\/01\/macky-sall.jpg","type":"image\/jpeg"}],"twitter_card":"summary_large_image","twitter_misc":{"\u00c9crit par":"Ibrahima","Dur\u00e9e de lecture estim\u00e9e":"1 minute"},"schema":{"@context":"https:\/\/schema.org","@graph":[{"@type":"WebSite","@id":"https:\/\/www.nettali.com\/#website","url":"https:\/\/www.nettali.com\/","name":"Nettali.com","description":"Le rendez-vous critique du Net","potentialAction":[{"@type":"SearchAction","target":{"@type":"EntryPoint","urlTemplate":"https:\/\/www.nettali.com\/?s={search_term_string}"},"query-input":"required name=search_term_string"}],"inLanguage":"fr-FR"},{"@type":"ImageObject","@id":"https:\/\/www.nettali.com\/2023\/01\/16\/accident-de-sakal-la-reaction-de-macky-sall\/#primaryimage","inLanguage":"fr-FR","url":"https:\/\/www.nettali.com\/wp-content\/uploads\/2023\/01\/macky-sall.jpg","contentUrl":"https:\/\/www.nettali.com\/wp-content\/uploads\/2023\/01\/macky-sall.jpg","width":696,"height":487},{"@type":"WebPage","@id":"https:\/\/www.nettali.com\/2023\/01\/16\/accident-de-sakal-la-reaction-de-macky-sall\/#webpage","url":"https:\/\/www.nettali.com\/2023\/01\/16\/accident-de-sakal-la-reaction-de-macky-sall\/","name":"ACCIDENT DE SAKAL - La r\u00e9action de Macky Sall | Nettali.com","isPartOf":{"@id":"https:\/\/www.nettali.com\/#website"},"primaryImageOfPage":{"@id":"https:\/\/www.nettali.com\/2023\/01\/16\/accident-de-sakal-la-reaction-de-macky-sall\/#primaryimage"},"datePublished":"2023-01-16T09:46:35+00:00","dateModified":"2023-01-16T09:46:35+00:00","author":{"@id":"https:\/\/www.nettali.com\/#\/schema\/person\/bb147657c2986240405a608162b9bb23"},"breadcrumb":{"@id":"https:\/\/www.nettali.com\/2023\/01\/16\/accident-de-sakal-la-reaction-de-macky-sall\/#breadcrumb"},"inLanguage":"fr-FR","potentialAction":[{"@type":"ReadAction","target":["https:\/\/www.nettali.com\/2023\/01\/16\/accident-de-sakal-la-reaction-de-macky-sall\/"]}]},{"@type":"BreadcrumbList","@id":"https:\/\/www.nettali.com\/2023\/01\/16\/accident-de-sakal-la-reaction-de-macky-sall\/#breadcrumb","itemListElement":[{"@type":"ListItem","position":1,"name":"Accueil","item":"https:\/\/www.nettali.com\/"},{"@type":"ListItem","position":2,"name":"ACCIDENT DE SAKAL - La r\u00e9action de Macky Sall"}]},{"@type":"Person","@id":"https:\/\/www.nettali.com\/#\/schema\/person\/bb147657c2986240405a608162b9bb23","name":"Ibrahima","image":{"@type":"ImageObject","@id":"https:\/\/www.nettali.com\/#personlogo","inLanguage":"fr-FR","url":"https:\/\/secure.gravatar.com\/avatar\/26a8a81f09f0dd7624c9d5c36c9ba3a2?s=96&d=mm&r=g","contentUrl":"https:\/\/secure.gravatar.com\/avatar\/26a8a81f09f0dd7624c9d5c36c9ba3a2?s=96&d=mm&r=g","caption":"Ibrahima"},"sameAs":["https:\/\/www.nettali.com"]}]}},"_links":{"self":[{"href":"https:\/\/www.nettali.com\/rest\/wp\/v2\/posts\/101944"}],"collection":[{"href":"https:\/\/www.nettali.com\/rest\/wp\/v2\/posts"}],"about":[{"href":"https:\/\/www.nettali.com\/rest\/wp\/v2\/types\/post"}],"author":[{"embeddable":true,"href":"https:\/\/www.nettali.com\/rest\/wp\/v2\/users\/5"}],"replies":[{"embeddable":true,"href":"https:\/\/www.nettali.com\/rest\/wp\/v2\/comments?post=101944"}],"version-history":[{"count":2,"href":"https:\/\/www.nettali.com\/rest\/wp\/v2\/posts\/101944\/revisions"}],"predecessor-version":[{"id":101947,"href":"https:\/\/www.nettali.com\/rest\/wp\/v2\/posts\/101944\/revisions\/101947"}],"wp:featuredmedia":[{"embeddable":true,"href":"https:\/\/www.nettali.com\/rest\/wp\/v2\/media\/101945"}],"wp:attachment":[{"href":"https:\/\/www.nettali.com\/rest\/wp\/v2\/media?parent=101944"}],"wp:term":[{"taxonomy":"category","embeddable":true,"href":"https:\/\/www.nettali.com\/rest\/wp\/v2\/categories?post=101944"},{"taxonomy":"post_tag","embeddable":true,"href":"https:\/\/www.nettali.com\/rest\/wp\/v2\/tags?post=101944"}],"curies":[{"name":"wp","href":"https:\/\/api.w.org\/{rel}","templated":true}]}}