{"id":101915,"date":"2023-01-16T14:31:26","date_gmt":"2023-01-16T14:31:26","guid":{"rendered":"https:\/\/www.nettali.com\/?p=101915"},"modified":"2023-01-16T14:31:26","modified_gmt":"2023-01-16T14:31:26","slug":"manifestation-devant-la-primature-les-trois-activistes-condamnes-a-deux-mois-ferme","status":"publish","type":"post","link":"https:\/\/www.nettali.com\/2023\/01\/16\/manifestation-devant-la-primature-les-trois-activistes-condamnes-a-deux-mois-ferme\/","title":{"rendered":"MANIFESTATION DEVANT LA PRIMATURE- Les trois activistes condamn\u00e9s \u00e0 deux mois ferme"},"content":{"rendered":"<p><strong>NETTALI.COM<\/strong> - <strong>Deux mois ferme. C'est\u00a0 la peine inflig\u00e9e par le tribunal d'instance de Dakar aux trois activistes accus\u00e9s d'avoir, le 4 janvier 2023, manifest\u00e9 devant la Primature, pour exiger la lib\u00e9ration du journaliste Pape Al\u00e9 Niang.\u00a0<\/strong><\/p>\n<p>Ousmane Sarr, Amadou Salam Diallo et Bayna Gu\u00e8ye, ces trois activistes jug\u00e9s pour trouble \u00e0 l\u2019ordre public et manifestation interdite, restent en prison. Ce lundi 16 janvier prochain, le juge d'instance du tribunal d'instance de Dakar les a condamn\u00e9s \u00e0 deux mois fermes. Le juge n'a pas suivi le parquet qui avait requis 6 mois de prison dont 3 mois ferme. Il n'a pas non plus suivi la d\u00e9fense qui avait plaid\u00e9 la relaxe. Surtout que leurs clients ont contest\u00e9 les faits.<\/p>\n<p>Lors de leur comparution le jeudi 12 janvier 2023, les pr\u00e9venus ont ni\u00e9 les faits en soutenant n\u2019avoir pas manifest\u00e9. A les croire, ils ont \u00e9t\u00e9 sur les lieux parce qu\u2019ils ont \u00e9t\u00e9 invit\u00e9s en tant que membres de la soci\u00e9t\u00e9 civile pour participer \u00e0 la rencontre sur le rapport de la Cour des comptes.<\/p>\n<p>Pour sa part, Ousmane Sarr avait donn\u00e9 les raisons pour lesquelles il n\u2019a pas r\u00e9pondu aux questions des enqu\u00eateurs.<\/p>\n<div class='share-to-whatsapp-wrapper'><div class='share-on-whsp'>PARTAGER SUR : <\/div><a data-text='MANIFESTATION DEVANT LA PRIMATURE- Les trois activistes condamn\u00e9s \u00e0 deux mois ferme' data-link='https:\/\/www.nettali.com\/2023\/01\/16\/manifestation-devant-la-primature-les-trois-activistes-condamnes-a-deux-mois-ferme\/' class='whatsapp-button whatsapp-share'>WhatsApp<\/a><div class='clear '><\/div><\/div>","protected":false},"excerpt":{"rendered":"<p>NETTALI.COM - Deux mois ferme. C'est\u00a0 la peine inflig\u00e9e par le tribunal d'instance de Dakar aux trois activistes accus\u00e9s d'avoir, le 4 janvier 2023, manifest\u00e9 devant la Primature, pour exiger la lib\u00e9ration du journaliste Pape Al\u00e9 Niang.\u00a0 Ousmane Sarr, Amadou Salam Diallo et Bayna Gu\u00e8ye, ces trois activistes jug\u00e9s pour trouble \u00e0 l\u2019ordre public et [&hellip;]<\/p>\n","protected":false},"author":6,"featured_media":87493,"comment_status":"open","ping_status":"open","sticky":false,"template":"","format":"standard","meta":{"_et_pb_use_builder":"","_et_pb_old_content":""},"categories":[3],"tags":[],"yoast_head":"<!-- This site is optimized with the Yoast SEO Premium plugin v17.8 (Yoast SEO v17.8) - https:\/\/yoast.com\/wordpress\/plugins\/seo\/ -->\n<title>MANIFESTATION DEVANT LA PRIMATURE- Les trois activistes condamn\u00e9s \u00e0 deux mois ferme | Nettali.com<\/title>\n<meta name=\"robots\" content=\"index, follow, max-snippet:-1, max-image-preview:large, max-video-preview:-1\" \/>\n<link rel=\"canonical\" href=\"https:\/\/www.nettali.com\/2023\/01\/16\/manifestation-devant-la-primature-les-trois-activistes-condamnes-a-deux-mois-ferme\/\" \/>\n<meta property=\"og:locale\" content=\"fr_FR\" \/>\n<meta property=\"og:type\" content=\"article\" \/>\n<meta property=\"og:title\" content=\"MANIFESTATION DEVANT LA PRIMATURE- Les trois activistes condamn\u00e9s \u00e0 deux mois ferme\" \/>\n<meta property=\"og:description\" content=\"NETTALI.COM - Deux mois ferme. C&#039;est\u00a0 la peine inflig\u00e9e par le tribunal d&#039;instance de Dakar aux trois activistes accus\u00e9s d&#039;avoir, le 4 janvier 2023, manifest\u00e9 devant la Primature, pour exiger la lib\u00e9ration du journaliste Pape Al\u00e9 Niang.\u00a0 Ousmane Sarr, Amadou Salam Diallo et Bayna Gu\u00e8ye, ces trois activistes jug\u00e9s pour trouble \u00e0 l\u2019ordre public et [&hellip;]\" \/>\n<meta property=\"og:url\" content=\"https:\/\/www.nettali.com\/2023\/01\/16\/manifestation-devant-la-primature-les-trois-activistes-condamnes-a-deux-mois-ferme\/\" \/>\n<meta property=\"og:site_name\" content=\"Nettali.com\" \/>\n<meta property=\"article:publisher\" content=\"https:\/\/www.facebook.com\/nettalicom\" \/>\n<meta property=\"article:published_time\" content=\"2023-01-16T14:31:26+00:00\" \/>\n<meta property=\"og:image\" content=\"https:\/\/www.nettali.com\/wp-content\/uploads\/2022\/06\/Tribunal-Cour-dassises-Palais-de-justice-de-Dakar.jpeg\" \/>\n\t<meta property=\"og:image:width\" content=\"692\" \/>\n\t<meta property=\"og:image:height\" content=\"352\" \/>\n<meta name=\"twitter:card\" content=\"summary_large_image\" \/>\n<meta name=\"twitter:label1\" content=\"\u00c9crit par\" \/>\n\t<meta name=\"twitter:data1\" content=\"Fatou\" \/>\n\t<meta name=\"twitter:label2\" content=\"Dur\u00e9e de lecture estim\u00e9e\" \/>\n\t<meta name=\"twitter:data2\" content=\"1 minute\" \/>\n<script type=\"application\/ld+json\" class=\"yoast-schema-graph\">{\"@context\":\"https:\/\/schema.org\",\"@graph\":[{\"@type\":\"WebSite\",\"@id\":\"https:\/\/www.nettali.com\/#website\",\"url\":\"https:\/\/www.nettali.com\/\",\"name\":\"Nettali.com\",\"description\":\"Le rendez-vous critique du Net\",\"potentialAction\":[{\"@type\":\"SearchAction\",\"target\":{\"@type\":\"EntryPoint\",\"urlTemplate\":\"https:\/\/www.nettali.com\/?s={search_term_string}\"},\"query-input\":\"required name=search_term_string\"}],\"inLanguage\":\"fr-FR\"},{\"@type\":\"ImageObject\",\"@id\":\"https:\/\/www.nettali.com\/2023\/01\/16\/manifestation-devant-la-primature-les-trois-activistes-condamnes-a-deux-mois-ferme\/#primaryimage\",\"inLanguage\":\"fr-FR\",\"url\":\"https:\/\/www.nettali.com\/wp-content\/uploads\/2022\/06\/Tribunal-Cour-dassises-Palais-de-justice-de-Dakar.jpeg\",\"contentUrl\":\"https:\/\/www.nettali.com\/wp-content\/uploads\/2022\/06\/Tribunal-Cour-dassises-Palais-de-justice-de-Dakar.jpeg\",\"width\":692,\"height\":352},{\"@type\":\"WebPage\",\"@id\":\"https:\/\/www.nettali.com\/2023\/01\/16\/manifestation-devant-la-primature-les-trois-activistes-condamnes-a-deux-mois-ferme\/#webpage\",\"url\":\"https:\/\/www.nettali.com\/2023\/01\/16\/manifestation-devant-la-primature-les-trois-activistes-condamnes-a-deux-mois-ferme\/\",\"name\":\"MANIFESTATION DEVANT LA PRIMATURE- Les trois activistes condamn\\u00e9s \\u00e0 deux mois ferme | Nettali.com\",\"isPartOf\":{\"@id\":\"https:\/\/www.nettali.com\/#website\"},\"primaryImageOfPage\":{\"@id\":\"https:\/\/www.nettali.com\/2023\/01\/16\/manifestation-devant-la-primature-les-trois-activistes-condamnes-a-deux-mois-ferme\/#primaryimage\"},\"datePublished\":\"2023-01-16T14:31:26+00:00\",\"dateModified\":\"2023-01-16T14:31:26+00:00\",\"author\":{\"@id\":\"https:\/\/www.nettali.com\/#\/schema\/person\/418274a86bdf87caff7a3ef476bd0bbf\"},\"breadcrumb\":{\"@id\":\"https:\/\/www.nettali.com\/2023\/01\/16\/manifestation-devant-la-primature-les-trois-activistes-condamnes-a-deux-mois-ferme\/#breadcrumb\"},\"inLanguage\":\"fr-FR\",\"potentialAction\":[{\"@type\":\"ReadAction\",\"target\":[\"https:\/\/www.nettali.com\/2023\/01\/16\/manifestation-devant-la-primature-les-trois-activistes-condamnes-a-deux-mois-ferme\/\"]}]},{\"@type\":\"BreadcrumbList\",\"@id\":\"https:\/\/www.nettali.com\/2023\/01\/16\/manifestation-devant-la-primature-les-trois-activistes-condamnes-a-deux-mois-ferme\/#breadcrumb\",\"itemListElement\":[{\"@type\":\"ListItem\",\"position\":1,\"name\":\"Accueil\",\"item\":\"https:\/\/www.nettali.com\/\"},{\"@type\":\"ListItem\",\"position\":2,\"name\":\"MANIFESTATION DEVANT LA PRIMATURE- Les trois activistes condamn\\u00e9s \\u00e0 deux mois ferme\"}]},{\"@type\":\"Person\",\"@id\":\"https:\/\/www.nettali.com\/#\/schema\/person\/418274a86bdf87caff7a3ef476bd0bbf\",\"name\":\"Fatou\",\"image\":{\"@type\":\"ImageObject\",\"@id\":\"https:\/\/www.nettali.com\/#personlogo\",\"inLanguage\":\"fr-FR\",\"url\":\"https:\/\/secure.gravatar.com\/avatar\/5a9442a2bee7b4dcf167cab035858e9a?s=96&d=mm&r=g\",\"contentUrl\":\"https:\/\/secure.gravatar.com\/avatar\/5a9442a2bee7b4dcf167cab035858e9a?s=96&d=mm&r=g\",\"caption\":\"Fatou\"},\"sameAs\":[\"https:\/\/www.nettali.com\"]}]}<\/script>\n<!-- \/ Yoast SEO Premium plugin. -->","yoast_head_json":{"title":"MANIFESTATION DEVANT LA PRIMATURE- Les trois activistes condamn\u00e9s \u00e0 deux mois ferme | Nettali.com","robots":{"index":"index","follow":"follow","max-snippet":"max-snippet:-1","max-image-preview":"max-image-preview:large","max-video-preview":"max-video-preview:-1"},"canonical":"https:\/\/www.nettali.com\/2023\/01\/16\/manifestation-devant-la-primature-les-trois-activistes-condamnes-a-deux-mois-ferme\/","og_locale":"fr_FR","og_type":"article","og_title":"MANIFESTATION DEVANT LA PRIMATURE- Les trois activistes condamn\u00e9s \u00e0 deux mois ferme","og_description":"NETTALI.COM - Deux mois ferme. C'est\u00a0 la peine inflig\u00e9e par le tribunal d'instance de Dakar aux trois activistes accus\u00e9s d'avoir, le 4 janvier 2023, manifest\u00e9 devant la Primature, pour exiger la lib\u00e9ration du journaliste Pape Al\u00e9 Niang.\u00a0 Ousmane Sarr, Amadou Salam Diallo et Bayna Gu\u00e8ye, ces trois activistes jug\u00e9s pour trouble \u00e0 l\u2019ordre public et [&hellip;]","og_url":"https:\/\/www.nettali.com\/2023\/01\/16\/manifestation-devant-la-primature-les-trois-activistes-condamnes-a-deux-mois-ferme\/","og_site_name":"Nettali.com","article_publisher":"https:\/\/www.facebook.com\/nettalicom","article_published_time":"2023-01-16T14:31:26+00:00","og_image":[{"width":692,"height":352,"url":"https:\/\/www.nettali.com\/wp-content\/uploads\/2022\/06\/Tribunal-Cour-dassises-Palais-de-justice-de-Dakar.jpeg","type":"image\/jpeg"}],"twitter_card":"summary_large_image","twitter_misc":{"\u00c9crit par":"Fatou","Dur\u00e9e de lecture estim\u00e9e":"1 minute"},"schema":{"@context":"https:\/\/schema.org","@graph":[{"@type":"WebSite","@id":"https:\/\/www.nettali.com\/#website","url":"https:\/\/www.nettali.com\/","name":"Nettali.com","description":"Le rendez-vous critique du Net","potentialAction":[{"@type":"SearchAction","target":{"@type":"EntryPoint","urlTemplate":"https:\/\/www.nettali.com\/?s={search_term_string}"},"query-input":"required name=search_term_string"}],"inLanguage":"fr-FR"},{"@type":"ImageObject","@id":"https:\/\/www.nettali.com\/2023\/01\/16\/manifestation-devant-la-primature-les-trois-activistes-condamnes-a-deux-mois-ferme\/#primaryimage","inLanguage":"fr-FR","url":"https:\/\/www.nettali.com\/wp-content\/uploads\/2022\/06\/Tribunal-Cour-dassises-Palais-de-justice-de-Dakar.jpeg","contentUrl":"https:\/\/www.nettali.com\/wp-content\/uploads\/2022\/06\/Tribunal-Cour-dassises-Palais-de-justice-de-Dakar.jpeg","width":692,"height":352},{"@type":"WebPage","@id":"https:\/\/www.nettali.com\/2023\/01\/16\/manifestation-devant-la-primature-les-trois-activistes-condamnes-a-deux-mois-ferme\/#webpage","url":"https:\/\/www.nettali.com\/2023\/01\/16\/manifestation-devant-la-primature-les-trois-activistes-condamnes-a-deux-mois-ferme\/","name":"MANIFESTATION DEVANT LA PRIMATURE- Les trois activistes condamn\u00e9s \u00e0 deux mois ferme | Nettali.com","isPartOf":{"@id":"https:\/\/www.nettali.com\/#website"},"primaryImageOfPage":{"@id":"https:\/\/www.nettali.com\/2023\/01\/16\/manifestation-devant-la-primature-les-trois-activistes-condamnes-a-deux-mois-ferme\/#primaryimage"},"datePublished":"2023-01-16T14:31:26+00:00","dateModified":"2023-01-16T14:31:26+00:00","author":{"@id":"https:\/\/www.nettali.com\/#\/schema\/person\/418274a86bdf87caff7a3ef476bd0bbf"},"breadcrumb":{"@id":"https:\/\/www.nettali.com\/2023\/01\/16\/manifestation-devant-la-primature-les-trois-activistes-condamnes-a-deux-mois-ferme\/#breadcrumb"},"inLanguage":"fr-FR","potentialAction":[{"@type":"ReadAction","target":["https:\/\/www.nettali.com\/2023\/01\/16\/manifestation-devant-la-primature-les-trois-activistes-condamnes-a-deux-mois-ferme\/"]}]},{"@type":"BreadcrumbList","@id":"https:\/\/www.nettali.com\/2023\/01\/16\/manifestation-devant-la-primature-les-trois-activistes-condamnes-a-deux-mois-ferme\/#breadcrumb","itemListElement":[{"@type":"ListItem","position":1,"name":"Accueil","item":"https:\/\/www.nettali.com\/"},{"@type":"ListItem","position":2,"name":"MANIFESTATION DEVANT LA PRIMATURE- Les trois activistes condamn\u00e9s \u00e0 deux mois ferme"}]},{"@type":"Person","@id":"https:\/\/www.nettali.com\/#\/schema\/person\/418274a86bdf87caff7a3ef476bd0bbf","name":"Fatou","image":{"@type":"ImageObject","@id":"https:\/\/www.nettali.com\/#personlogo","inLanguage":"fr-FR","url":"https:\/\/secure.gravatar.com\/avatar\/5a9442a2bee7b4dcf167cab035858e9a?s=96&d=mm&r=g","contentUrl":"https:\/\/secure.gravatar.com\/avatar\/5a9442a2bee7b4dcf167cab035858e9a?s=96&d=mm&r=g","caption":"Fatou"},"sameAs":["https:\/\/www.nettali.com"]}]}},"_links":{"self":[{"href":"https:\/\/www.nettali.com\/rest\/wp\/v2\/posts\/101915"}],"collection":[{"href":"https:\/\/www.nettali.com\/rest\/wp\/v2\/posts"}],"about":[{"href":"https:\/\/www.nettali.com\/rest\/wp\/v2\/types\/post"}],"author":[{"embeddable":true,"href":"https:\/\/www.nettali.com\/rest\/wp\/v2\/users\/6"}],"replies":[{"embeddable":true,"href":"https:\/\/www.nettali.com\/rest\/wp\/v2\/comments?post=101915"}],"version-history":[{"count":5,"href":"https:\/\/www.nettali.com\/rest\/wp\/v2\/posts\/101915\/revisions"}],"predecessor-version":[{"id":101960,"href":"https:\/\/www.nettali.com\/rest\/wp\/v2\/posts\/101915\/revisions\/101960"}],"wp:featuredmedia":[{"embeddable":true,"href":"https:\/\/www.nettali.com\/rest\/wp\/v2\/media\/87493"}],"wp:attachment":[{"href":"https:\/\/www.nettali.com\/rest\/wp\/v2\/media?parent=101915"}],"wp:term":[{"taxonomy":"category","embeddable":true,"href":"https:\/\/www.nettali.com\/rest\/wp\/v2\/categories?post=101915"},{"taxonomy":"post_tag","embeddable":true,"href":"https:\/\/www.nettali.com\/rest\/wp\/v2\/tags?post=101915"}],"curies":[{"name":"wp","href":"https:\/\/api.w.org\/{rel}","templated":true}]}}