{"id":101900,"date":"2023-01-15T21:53:03","date_gmt":"2023-01-15T21:53:03","guid":{"rendered":"https:\/\/www.nettali.com\/?p=101900"},"modified":"2023-01-15T21:53:03","modified_gmt":"2023-01-15T21:53:03","slug":"en-coulisses-surenchere","status":"publish","type":"post","link":"https:\/\/www.nettali.com\/2023\/01\/15\/en-coulisses-surenchere\/","title":{"rendered":"EN COULISSES - Surench\u00e8re !"},"content":{"rendered":"<p><strong>NETTALI.COM -<\/strong> C'est une \"<em>gr\u00e8ve g\u00e9n\u00e9rale illimit\u00e9e<\/em>\" qui d\u00e9marre d\u00e8s ce mardi 17 janvier, ainsi que l'ont annonc\u00e9 les transporteurs au sortir d'une assembl\u00e9e g\u00e9n\u00e9rale tenue ce samedi 14 janvier \u00e0 la Bourse du travail \u00e0 Dakar. Une augmentation de tarifs que Mansour Faye, ministre des transports ne cautionne pas puisqu'il a rappel\u00e9 via un communiqu\u00e9 qu'\"<em>aucune augmentation des tarifs de transport n\u2019a \u00e9t\u00e9 discut\u00e9e, encore moins arr\u00eat\u00e9e, avec les op\u00e9rateurs\".\u00a0<\/em><\/p>\n<p>Par cons\u00e9quent, a ajout\u00e9 le document, <em>\"toute hausse unilat\u00e9rale des tarifs, serait contraire au d\u00e9cret pr\u00e9cit\u00e9 et aux conventions sign\u00e9es entre l\u2019autorit\u00e9 de r\u00e9gulation des transports urbains, le Conseil ex\u00e9cutif des transports urbains durables (CETUD) et les groupements d\u2019int\u00e9r\u00eat \u00e9conomique membres de l\u2019AFTU\"<\/em>, en plus de constituer\u00a0<em>\"une infraction \u00e0 la r\u00e9glementation sur les tarifs de transport routier, notamment la loi n\u00b02021-25 du 12 avril 2021 sur les prix et la protection du consommateur\"<\/em>.<\/p>\n<p>Ce qui montre que les transporteurs sont dans une logique de surench\u00e8re en d\u00e9cidant d'augmenter les prix du transport, question d'obtenir d'autres concessions de l'Etat.\u00a0 La d\u00e9rogation accord\u00e9e vendredi de conserver les porte-bagages pour une p\u00e9riode d\u2019un an, \u00e0 compter de la date de signature du pr\u00e9sent arr\u00eat\u00e9, et dont 50 cm de hauteur autoris\u00e9s pour les v\u00e9hicules de 7\/8 places, 70 cm pour toutes les autres cat\u00e9gories de v\u00e9hicules affect\u00e9s au transport de voyageurs.<\/p>\n<p>Une reculade du gouvernement d'autant plus incompr\u00e9hensible que le Premier ministre, Amadou B\u00e2, avait fait le serment que les mesures ne feraient l\u2019objet ni de report, ni de compromis.<\/p>\n<p>Une affaire \u00e0 suivre pour voir quelle va \u00eatre la posture du gouvernement !<\/p>\n<p>&nbsp;<\/p>\n<div class='share-to-whatsapp-wrapper'><div class='share-on-whsp'>PARTAGER SUR : <\/div><a data-text='EN COULISSES - Surench\u00e8re !' data-link='https:\/\/www.nettali.com\/2023\/01\/15\/en-coulisses-surenchere\/' class='whatsapp-button whatsapp-share'>WhatsApp<\/a><div class='clear '><\/div><\/div>","protected":false},"excerpt":{"rendered":"<p>NETTALI.COM - C'est une \"gr\u00e8ve g\u00e9n\u00e9rale illimit\u00e9e\" qui d\u00e9marre d\u00e8s ce mardi 17 janvier, ainsi que l'ont annonc\u00e9 les transporteurs au sortir d'une assembl\u00e9e g\u00e9n\u00e9rale tenue ce samedi 14 janvier \u00e0 la Bourse du travail \u00e0 Dakar. Une augmentation de tarifs que Mansour Faye, ministre des transports ne cautionne pas puisqu'il a rappel\u00e9 via un [&hellip;]<\/p>\n","protected":false},"author":2,"featured_media":101847,"comment_status":"open","ping_status":"open","sticky":false,"template":"","format":"standard","meta":{"_et_pb_use_builder":"","_et_pb_old_content":""},"categories":[34945],"tags":[],"yoast_head":"<!-- This site is optimized with the Yoast SEO Premium plugin v17.8 (Yoast SEO v17.8) - https:\/\/yoast.com\/wordpress\/plugins\/seo\/ -->\n<title>EN COULISSES - Surench\u00e8re ! | Nettali.com<\/title>\n<meta name=\"robots\" content=\"index, follow, max-snippet:-1, max-image-preview:large, max-video-preview:-1\" \/>\n<link rel=\"canonical\" href=\"https:\/\/www.nettali.com\/2023\/01\/15\/en-coulisses-surenchere\/\" \/>\n<meta property=\"og:locale\" content=\"fr_FR\" \/>\n<meta property=\"og:type\" content=\"article\" \/>\n<meta property=\"og:title\" content=\"EN COULISSES - Surench\u00e8re !\" \/>\n<meta property=\"og:description\" content=\"NETTALI.COM - C&#039;est une &quot;gr\u00e8ve g\u00e9n\u00e9rale illimit\u00e9e&quot; qui d\u00e9marre d\u00e8s ce mardi 17 janvier, ainsi que l&#039;ont annonc\u00e9 les transporteurs au sortir d&#039;une assembl\u00e9e g\u00e9n\u00e9rale tenue ce samedi 14 janvier \u00e0 la Bourse du travail \u00e0 Dakar. Une augmentation de tarifs que Mansour Faye, ministre des transports ne cautionne pas puisqu&#039;il a rappel\u00e9 via un [&hellip;]\" \/>\n<meta property=\"og:url\" content=\"https:\/\/www.nettali.com\/2023\/01\/15\/en-coulisses-surenchere\/\" \/>\n<meta property=\"og:site_name\" content=\"Nettali.com\" \/>\n<meta property=\"article:publisher\" content=\"https:\/\/www.facebook.com\/nettalicom\" \/>\n<meta property=\"article:published_time\" content=\"2023-01-15T21:53:03+00:00\" \/>\n<meta property=\"og:image\" content=\"https:\/\/www.nettali.com\/wp-content\/uploads\/2023\/01\/gre\u0300ve-des-transporteurs-au-Se\u0301ne\u0301gal.jpeg\" \/>\n\t<meta property=\"og:image:width\" content=\"1080\" \/>\n\t<meta property=\"og:image:height\" content=\"720\" \/>\n<meta name=\"twitter:card\" content=\"summary_large_image\" \/>\n<meta name=\"twitter:label1\" content=\"\u00c9crit par\" \/>\n\t<meta name=\"twitter:data1\" content=\"CK\" \/>\n\t<meta name=\"twitter:label2\" content=\"Dur\u00e9e de lecture estim\u00e9e\" \/>\n\t<meta name=\"twitter:data2\" content=\"2 minutes\" \/>\n<script type=\"application\/ld+json\" class=\"yoast-schema-graph\">{\"@context\":\"https:\/\/schema.org\",\"@graph\":[{\"@type\":\"WebSite\",\"@id\":\"https:\/\/www.nettali.com\/#website\",\"url\":\"https:\/\/www.nettali.com\/\",\"name\":\"Nettali.com\",\"description\":\"Le rendez-vous critique du Net\",\"potentialAction\":[{\"@type\":\"SearchAction\",\"target\":{\"@type\":\"EntryPoint\",\"urlTemplate\":\"https:\/\/www.nettali.com\/?s={search_term_string}\"},\"query-input\":\"required name=search_term_string\"}],\"inLanguage\":\"fr-FR\"},{\"@type\":\"ImageObject\",\"@id\":\"https:\/\/www.nettali.com\/2023\/01\/15\/en-coulisses-surenchere\/#primaryimage\",\"inLanguage\":\"fr-FR\",\"url\":\"https:\/\/www.nettali.com\/wp-content\/uploads\/2023\/01\/gre\\u0300ve-des-transporteurs-au-Se\\u0301ne\\u0301gal.jpeg\",\"contentUrl\":\"https:\/\/www.nettali.com\/wp-content\/uploads\/2023\/01\/gre\\u0300ve-des-transporteurs-au-Se\\u0301ne\\u0301gal.jpeg\",\"width\":1080,\"height\":720},{\"@type\":\"WebPage\",\"@id\":\"https:\/\/www.nettali.com\/2023\/01\/15\/en-coulisses-surenchere\/#webpage\",\"url\":\"https:\/\/www.nettali.com\/2023\/01\/15\/en-coulisses-surenchere\/\",\"name\":\"EN COULISSES - Surench\\u00e8re ! | Nettali.com\",\"isPartOf\":{\"@id\":\"https:\/\/www.nettali.com\/#website\"},\"primaryImageOfPage\":{\"@id\":\"https:\/\/www.nettali.com\/2023\/01\/15\/en-coulisses-surenchere\/#primaryimage\"},\"datePublished\":\"2023-01-15T21:53:03+00:00\",\"dateModified\":\"2023-01-15T21:53:03+00:00\",\"author\":{\"@id\":\"https:\/\/www.nettali.com\/#\/schema\/person\/d8ac7b7e27ddad43f1c0d2ef090d7f71\"},\"breadcrumb\":{\"@id\":\"https:\/\/www.nettali.com\/2023\/01\/15\/en-coulisses-surenchere\/#breadcrumb\"},\"inLanguage\":\"fr-FR\",\"potentialAction\":[{\"@type\":\"ReadAction\",\"target\":[\"https:\/\/www.nettali.com\/2023\/01\/15\/en-coulisses-surenchere\/\"]}]},{\"@type\":\"BreadcrumbList\",\"@id\":\"https:\/\/www.nettali.com\/2023\/01\/15\/en-coulisses-surenchere\/#breadcrumb\",\"itemListElement\":[{\"@type\":\"ListItem\",\"position\":1,\"name\":\"Accueil\",\"item\":\"https:\/\/www.nettali.com\/\"},{\"@type\":\"ListItem\",\"position\":2,\"name\":\"EN COULISSES - Surench\\u00e8re !\"}]},{\"@type\":\"Person\",\"@id\":\"https:\/\/www.nettali.com\/#\/schema\/person\/d8ac7b7e27ddad43f1c0d2ef090d7f71\",\"name\":\"CK\",\"image\":{\"@type\":\"ImageObject\",\"@id\":\"https:\/\/www.nettali.com\/#personlogo\",\"inLanguage\":\"fr-FR\",\"url\":\"https:\/\/secure.gravatar.com\/avatar\/1d8d5118b9327d94da7cd4ce7f17fec2?s=96&d=mm&r=g\",\"contentUrl\":\"https:\/\/secure.gravatar.com\/avatar\/1d8d5118b9327d94da7cd4ce7f17fec2?s=96&d=mm&r=g\",\"caption\":\"CK\"},\"sameAs\":[\"https:\/\/www.nettali.com\"]}]}<\/script>\n<!-- \/ Yoast SEO Premium plugin. -->","yoast_head_json":{"title":"EN COULISSES - Surench\u00e8re ! | Nettali.com","robots":{"index":"index","follow":"follow","max-snippet":"max-snippet:-1","max-image-preview":"max-image-preview:large","max-video-preview":"max-video-preview:-1"},"canonical":"https:\/\/www.nettali.com\/2023\/01\/15\/en-coulisses-surenchere\/","og_locale":"fr_FR","og_type":"article","og_title":"EN COULISSES - Surench\u00e8re !","og_description":"NETTALI.COM - C'est une \"gr\u00e8ve g\u00e9n\u00e9rale illimit\u00e9e\" qui d\u00e9marre d\u00e8s ce mardi 17 janvier, ainsi que l'ont annonc\u00e9 les transporteurs au sortir d'une assembl\u00e9e g\u00e9n\u00e9rale tenue ce samedi 14 janvier \u00e0 la Bourse du travail \u00e0 Dakar. Une augmentation de tarifs que Mansour Faye, ministre des transports ne cautionne pas puisqu'il a rappel\u00e9 via un [&hellip;]","og_url":"https:\/\/www.nettali.com\/2023\/01\/15\/en-coulisses-surenchere\/","og_site_name":"Nettali.com","article_publisher":"https:\/\/www.facebook.com\/nettalicom","article_published_time":"2023-01-15T21:53:03+00:00","og_image":[{"width":1080,"height":720,"url":"https:\/\/www.nettali.com\/wp-content\/uploads\/2023\/01\/gre\u0300ve-des-transporteurs-au-Se\u0301ne\u0301gal.jpeg","type":"image\/jpeg"}],"twitter_card":"summary_large_image","twitter_misc":{"\u00c9crit par":"CK","Dur\u00e9e de lecture estim\u00e9e":"2 minutes"},"schema":{"@context":"https:\/\/schema.org","@graph":[{"@type":"WebSite","@id":"https:\/\/www.nettali.com\/#website","url":"https:\/\/www.nettali.com\/","name":"Nettali.com","description":"Le rendez-vous critique du Net","potentialAction":[{"@type":"SearchAction","target":{"@type":"EntryPoint","urlTemplate":"https:\/\/www.nettali.com\/?s={search_term_string}"},"query-input":"required name=search_term_string"}],"inLanguage":"fr-FR"},{"@type":"ImageObject","@id":"https:\/\/www.nettali.com\/2023\/01\/15\/en-coulisses-surenchere\/#primaryimage","inLanguage":"fr-FR","url":"https:\/\/www.nettali.com\/wp-content\/uploads\/2023\/01\/gre\u0300ve-des-transporteurs-au-Se\u0301ne\u0301gal.jpeg","contentUrl":"https:\/\/www.nettali.com\/wp-content\/uploads\/2023\/01\/gre\u0300ve-des-transporteurs-au-Se\u0301ne\u0301gal.jpeg","width":1080,"height":720},{"@type":"WebPage","@id":"https:\/\/www.nettali.com\/2023\/01\/15\/en-coulisses-surenchere\/#webpage","url":"https:\/\/www.nettali.com\/2023\/01\/15\/en-coulisses-surenchere\/","name":"EN COULISSES - Surench\u00e8re ! | Nettali.com","isPartOf":{"@id":"https:\/\/www.nettali.com\/#website"},"primaryImageOfPage":{"@id":"https:\/\/www.nettali.com\/2023\/01\/15\/en-coulisses-surenchere\/#primaryimage"},"datePublished":"2023-01-15T21:53:03+00:00","dateModified":"2023-01-15T21:53:03+00:00","author":{"@id":"https:\/\/www.nettali.com\/#\/schema\/person\/d8ac7b7e27ddad43f1c0d2ef090d7f71"},"breadcrumb":{"@id":"https:\/\/www.nettali.com\/2023\/01\/15\/en-coulisses-surenchere\/#breadcrumb"},"inLanguage":"fr-FR","potentialAction":[{"@type":"ReadAction","target":["https:\/\/www.nettali.com\/2023\/01\/15\/en-coulisses-surenchere\/"]}]},{"@type":"BreadcrumbList","@id":"https:\/\/www.nettali.com\/2023\/01\/15\/en-coulisses-surenchere\/#breadcrumb","itemListElement":[{"@type":"ListItem","position":1,"name":"Accueil","item":"https:\/\/www.nettali.com\/"},{"@type":"ListItem","position":2,"name":"EN COULISSES - Surench\u00e8re !"}]},{"@type":"Person","@id":"https:\/\/www.nettali.com\/#\/schema\/person\/d8ac7b7e27ddad43f1c0d2ef090d7f71","name":"CK","image":{"@type":"ImageObject","@id":"https:\/\/www.nettali.com\/#personlogo","inLanguage":"fr-FR","url":"https:\/\/secure.gravatar.com\/avatar\/1d8d5118b9327d94da7cd4ce7f17fec2?s=96&d=mm&r=g","contentUrl":"https:\/\/secure.gravatar.com\/avatar\/1d8d5118b9327d94da7cd4ce7f17fec2?s=96&d=mm&r=g","caption":"CK"},"sameAs":["https:\/\/www.nettali.com"]}]}},"_links":{"self":[{"href":"https:\/\/www.nettali.com\/rest\/wp\/v2\/posts\/101900"}],"collection":[{"href":"https:\/\/www.nettali.com\/rest\/wp\/v2\/posts"}],"about":[{"href":"https:\/\/www.nettali.com\/rest\/wp\/v2\/types\/post"}],"author":[{"embeddable":true,"href":"https:\/\/www.nettali.com\/rest\/wp\/v2\/users\/2"}],"replies":[{"embeddable":true,"href":"https:\/\/www.nettali.com\/rest\/wp\/v2\/comments?post=101900"}],"version-history":[{"count":3,"href":"https:\/\/www.nettali.com\/rest\/wp\/v2\/posts\/101900\/revisions"}],"predecessor-version":[{"id":101907,"href":"https:\/\/www.nettali.com\/rest\/wp\/v2\/posts\/101900\/revisions\/101907"}],"wp:featuredmedia":[{"embeddable":true,"href":"https:\/\/www.nettali.com\/rest\/wp\/v2\/media\/101847"}],"wp:attachment":[{"href":"https:\/\/www.nettali.com\/rest\/wp\/v2\/media?parent=101900"}],"wp:term":[{"taxonomy":"category","embeddable":true,"href":"https:\/\/www.nettali.com\/rest\/wp\/v2\/categories?post=101900"},{"taxonomy":"post_tag","embeddable":true,"href":"https:\/\/www.nettali.com\/rest\/wp\/v2\/tags?post=101900"}],"curies":[{"name":"wp","href":"https:\/\/api.w.org\/{rel}","templated":true}]}}