{"id":101831,"date":"2023-01-14T10:20:11","date_gmt":"2023-01-14T10:20:11","guid":{"rendered":"https:\/\/www.nettali.com\/?p=101831"},"modified":"2023-01-14T16:32:21","modified_gmt":"2023-01-14T16:32:21","slug":"report-de-la-mesure-de-suppression-des-porte-bagages-la-grosse-reculade-du-gouvernement-face-a-la-pression-des-transporteurs","status":"publish","type":"post","link":"https:\/\/www.nettali.com\/2023\/01\/14\/report-de-la-mesure-de-suppression-des-porte-bagages-la-grosse-reculade-du-gouvernement-face-a-la-pression-des-transporteurs\/","title":{"rendered":"REPORT DE LA MESURE DE SUPPRESSION DES PORTE-BAGAGES -\u00a0La grosse reculade du gouvernement !"},"content":{"rendered":"<p><strong>NETTALI.COM - Le ministre des Transports est revenu sur la mesure de suppression des porte-bagages qui devait entrer en vigueur avant-hier jeudi. D\u00e9sormais, les porte-bagages seront tol\u00e9r\u00e9s pendant une p\u00e9riode transitoire de douze mois avant leur interdiction totale sur toute l\u2019\u00e9tendue du territoire. Cette mesure, tomb\u00e9e hier, consacre une \u00e9ni\u00e8me reculade de l\u2019Etat face aux acteurs du transport.<\/strong><\/p>\n<p>C\u2019est parce qu\u2019il n\u2019y a jamais eu de r\u00e9ponse que la question revient toujours\u00a0: <em>\u00abPourquoi l\u2019Etat affiche toujours sa faiblesse face aux transporteurs\u00a0?\u00bb<\/em> Encore une fois, les transporteurs viennent de faire fl\u00e9chir la puissance publique dans l\u2019application des 23 mesures issues du Conseil interminist\u00e9riel tenu mardi dernier, sur la pr\u00e9vention des accidents. Une batterie de mesures prises en r\u00e9ponse \u00e0 la trag\u00e9die de Sikilo o\u00f9 41 vies sont tomb\u00e9es sur le goudron. Pourtant, le Premier ministre, Amadou B\u00e2, avait fait le serment que les mesures ne feraient l\u2019objet ni de report ni de compromis. Trois jours apr\u00e8s, alors que l\u2019arr\u00eat\u00e9 interdisant les porte-bagages devait \u00eatre sign\u00e9, le gouvernement, \u00e0 travers son chef, commet un parjure. Cette reculade, synonyme de la faillite de l\u2019autorit\u00e9 de l\u2019Etat, consacre une grande victoire des transporteurs qui avaient eux aussi jur\u00e9 de ne pas appliquer cette mesure, annon\u00e7ant m\u00eame une grande rencontre qui devait se tenir aujourd\u2019hui, samedi, \u00e0 Dakar.<\/p>\n<p>L\u2019Etat a d\u00e9cid\u00e9 ce vendredi, \u00e0 titre d\u00e9rogatoire que les v\u00e9hicules affect\u00e9s au transport public de voyageurs sont autoris\u00e9s, pour une p\u00e9riode d\u2019un an, \u00e0 compter de la date de signature du pr\u00e9sent arr\u00eat\u00e9, conservent des porte-bagages dont les changements ne peuvent d\u00e9passer : 50 cm pour les v\u00e9hicules de 7\/8 places, 70 cm pour toutes les autres cat\u00e9gories de v\u00e9hicules affect\u00e9s au transport de voyageurs. Autant dire que le gouvernement a coup\u00e9 la poire en deux pour s\u2019am\u00e9nager une porte de sortie afin de ne pas donner l\u2019image d\u2019avoir c\u00e9d\u00e9 face \u00e0 la pression des transporteurs et des populations.<\/p>\n<p>Cette d\u00e9cision de l\u2019Etat ne peut \u00eatre interpr\u00e9t\u00e9e que comme une \u00e9ni\u00e8me reculade de l\u2019Etat face aux acteurs du transport routier.\u00a0 <em>\u00abCela va affaiblir le gouvernement\u00bb<\/em>, pr\u00e9vient un analyste. Selon lui, l\u2019adoption d\u2019une telle posture pour diff\u00e9rer la mesure d\u2019annulation a d\u00fb \u00eatre tr\u00e8s difficile autant pour le ministre de tutelle que pour le chef du gouvernement. D\u2019ailleurs, envoy\u00e9 par sa tutelle pour annoncer la mesure de lev\u00e9e de l\u2019interdiction des porte-bagages, Urbain Sagna, secr\u00e9taire g\u00e9n\u00e9ral du minist\u00e8re des transports a tenu \u00e0 faire savoir que tout s\u2019est fait d\u2019un commun accord entre le Pr\u00e9sident Macky Sall, le Premier Ministre Amadou B\u00e2 et le ministre Mansour Faye. Les r\u00e9percussions seront \u00e9normes, si cette reculade fait pousser des ailes ou dopent les transporteurs au point qu\u2019ils r\u00e9clament la lev\u00e9e syst\u00e9matique d\u2019autres mesures.<\/p>\n<p><strong>La rencontre d\u2019aujourd\u2019hui samedi maintenue pour appr\u00e9cier la nouvelle mesure et discuter des autres<\/strong><\/p>\n<p>C\u2019est certainement avec le sentiment d\u2019avoir r\u00e9ussi \u00e0 faire plier l\u2019Etat que les transporteurs, conducteurs et tous les acteurs du transport vont d\u00e9marrer leur rencontre pr\u00e9vue aujourd\u2019hui \u00e0 Dakar. Une rencontre pour passer en revue les 22 mesures restantes adopt\u00e9es par le gouvernement et d\u00e9gager une position officielle des diff\u00e9rents syndicats des transports. On confie \u00e9galement que la hausse annonc\u00e9e du prix du carburant y sera d\u00e9battue<\/p>\n<div class='share-to-whatsapp-wrapper'><div class='share-on-whsp'>PARTAGER SUR : <\/div><a data-text='REPORT DE LA MESURE DE SUPPRESSION DES PORTE-BAGAGES -\u00a0La grosse reculade du gouvernement !' data-link='https:\/\/www.nettali.com\/2023\/01\/14\/report-de-la-mesure-de-suppression-des-porte-bagages-la-grosse-reculade-du-gouvernement-face-a-la-pression-des-transporteurs\/' class='whatsapp-button whatsapp-share'>WhatsApp<\/a><div class='clear '><\/div><\/div>","protected":false},"excerpt":{"rendered":"<p>NETTALI.COM - Le ministre des Transports est revenu sur la mesure de suppression des porte-bagages qui devait entrer en vigueur avant-hier jeudi. D\u00e9sormais, les porte-bagages seront tol\u00e9r\u00e9s pendant une p\u00e9riode transitoire de douze mois avant leur interdiction totale sur toute l\u2019\u00e9tendue du territoire. Cette mesure, tomb\u00e9e hier, consacre une \u00e9ni\u00e8me reculade de l\u2019Etat face aux [&hellip;]<\/p>\n","protected":false},"author":4,"featured_media":101652,"comment_status":"open","ping_status":"open","sticky":false,"template":"","format":"standard","meta":{"_et_pb_use_builder":"","_et_pb_old_content":""},"categories":[3],"tags":[],"yoast_head":"<!-- This site is optimized with the Yoast SEO Premium plugin v17.8 (Yoast SEO v17.8) - https:\/\/yoast.com\/wordpress\/plugins\/seo\/ -->\n<title>REPORT DE LA MESURE DE SUPPRESSION DES PORTE-BAGAGES -\u00a0La grosse reculade du gouvernement ! | Nettali.com<\/title>\n<meta name=\"robots\" content=\"index, follow, max-snippet:-1, max-image-preview:large, max-video-preview:-1\" \/>\n<link rel=\"canonical\" href=\"https:\/\/www.nettali.com\/2023\/01\/14\/report-de-la-mesure-de-suppression-des-porte-bagages-la-grosse-reculade-du-gouvernement-face-a-la-pression-des-transporteurs\/\" \/>\n<meta property=\"og:locale\" content=\"fr_FR\" \/>\n<meta property=\"og:type\" content=\"article\" \/>\n<meta property=\"og:title\" content=\"REPORT DE LA MESURE DE SUPPRESSION DES PORTE-BAGAGES -\u00a0La grosse reculade du gouvernement !\" \/>\n<meta property=\"og:description\" content=\"NETTALI.COM - Le ministre des Transports est revenu sur la mesure de suppression des porte-bagages qui devait entrer en vigueur avant-hier jeudi. D\u00e9sormais, les porte-bagages seront tol\u00e9r\u00e9s pendant une p\u00e9riode transitoire de douze mois avant leur interdiction totale sur toute l\u2019\u00e9tendue du territoire. Cette mesure, tomb\u00e9e hier, consacre une \u00e9ni\u00e8me reculade de l\u2019Etat face aux [&hellip;]\" \/>\n<meta property=\"og:url\" content=\"https:\/\/www.nettali.com\/2023\/01\/14\/report-de-la-mesure-de-suppression-des-porte-bagages-la-grosse-reculade-du-gouvernement-face-a-la-pression-des-transporteurs\/\" \/>\n<meta property=\"og:site_name\" content=\"Nettali.com\" \/>\n<meta property=\"article:publisher\" content=\"https:\/\/www.facebook.com\/nettalicom\" \/>\n<meta property=\"article:published_time\" content=\"2023-01-14T10:20:11+00:00\" \/>\n<meta property=\"article:modified_time\" content=\"2023-01-14T16:32:21+00:00\" \/>\n<meta property=\"og:image\" content=\"https:\/\/www.nettali.com\/wp-content\/uploads\/2023\/01\/Greve-des-transporteurs-1.jpg\" \/>\n\t<meta property=\"og:image:width\" content=\"630\" \/>\n\t<meta property=\"og:image:height\" content=\"421\" \/>\n<meta name=\"twitter:card\" content=\"summary_large_image\" \/>\n<meta name=\"twitter:label1\" content=\"\u00c9crit par\" \/>\n\t<meta name=\"twitter:data1\" content=\"Daouda\" \/>\n\t<meta name=\"twitter:label2\" content=\"Dur\u00e9e de lecture estim\u00e9e\" \/>\n\t<meta name=\"twitter:data2\" content=\"3 minutes\" \/>\n<script type=\"application\/ld+json\" class=\"yoast-schema-graph\">{\"@context\":\"https:\/\/schema.org\",\"@graph\":[{\"@type\":\"WebSite\",\"@id\":\"https:\/\/www.nettali.com\/#website\",\"url\":\"https:\/\/www.nettali.com\/\",\"name\":\"Nettali.com\",\"description\":\"Le rendez-vous critique du Net\",\"potentialAction\":[{\"@type\":\"SearchAction\",\"target\":{\"@type\":\"EntryPoint\",\"urlTemplate\":\"https:\/\/www.nettali.com\/?s={search_term_string}\"},\"query-input\":\"required name=search_term_string\"}],\"inLanguage\":\"fr-FR\"},{\"@type\":\"ImageObject\",\"@id\":\"https:\/\/www.nettali.com\/2023\/01\/14\/report-de-la-mesure-de-suppression-des-porte-bagages-la-grosse-reculade-du-gouvernement-face-a-la-pression-des-transporteurs\/#primaryimage\",\"inLanguage\":\"fr-FR\",\"url\":\"https:\/\/www.nettali.com\/wp-content\/uploads\/2023\/01\/Greve-des-transporteurs-1.jpg\",\"contentUrl\":\"https:\/\/www.nettali.com\/wp-content\/uploads\/2023\/01\/Greve-des-transporteurs-1.jpg\",\"width\":630,\"height\":421},{\"@type\":\"WebPage\",\"@id\":\"https:\/\/www.nettali.com\/2023\/01\/14\/report-de-la-mesure-de-suppression-des-porte-bagages-la-grosse-reculade-du-gouvernement-face-a-la-pression-des-transporteurs\/#webpage\",\"url\":\"https:\/\/www.nettali.com\/2023\/01\/14\/report-de-la-mesure-de-suppression-des-porte-bagages-la-grosse-reculade-du-gouvernement-face-a-la-pression-des-transporteurs\/\",\"name\":\"REPORT DE LA MESURE DE SUPPRESSION DES PORTE-BAGAGES -\\u00a0La grosse reculade du gouvernement ! | Nettali.com\",\"isPartOf\":{\"@id\":\"https:\/\/www.nettali.com\/#website\"},\"primaryImageOfPage\":{\"@id\":\"https:\/\/www.nettali.com\/2023\/01\/14\/report-de-la-mesure-de-suppression-des-porte-bagages-la-grosse-reculade-du-gouvernement-face-a-la-pression-des-transporteurs\/#primaryimage\"},\"datePublished\":\"2023-01-14T10:20:11+00:00\",\"dateModified\":\"2023-01-14T16:32:21+00:00\",\"author\":{\"@id\":\"https:\/\/www.nettali.com\/#\/schema\/person\/3317e0bb3aa1da309fbf7b2780901bf4\"},\"breadcrumb\":{\"@id\":\"https:\/\/www.nettali.com\/2023\/01\/14\/report-de-la-mesure-de-suppression-des-porte-bagages-la-grosse-reculade-du-gouvernement-face-a-la-pression-des-transporteurs\/#breadcrumb\"},\"inLanguage\":\"fr-FR\",\"potentialAction\":[{\"@type\":\"ReadAction\",\"target\":[\"https:\/\/www.nettali.com\/2023\/01\/14\/report-de-la-mesure-de-suppression-des-porte-bagages-la-grosse-reculade-du-gouvernement-face-a-la-pression-des-transporteurs\/\"]}]},{\"@type\":\"BreadcrumbList\",\"@id\":\"https:\/\/www.nettali.com\/2023\/01\/14\/report-de-la-mesure-de-suppression-des-porte-bagages-la-grosse-reculade-du-gouvernement-face-a-la-pression-des-transporteurs\/#breadcrumb\",\"itemListElement\":[{\"@type\":\"ListItem\",\"position\":1,\"name\":\"Accueil\",\"item\":\"https:\/\/www.nettali.com\/\"},{\"@type\":\"ListItem\",\"position\":2,\"name\":\"REPORT DE LA MESURE DE SUPPRESSION DES PORTE-BAGAGES -\\u00a0La grosse reculade du gouvernement !\"}]},{\"@type\":\"Person\",\"@id\":\"https:\/\/www.nettali.com\/#\/schema\/person\/3317e0bb3aa1da309fbf7b2780901bf4\",\"name\":\"Daouda\",\"image\":{\"@type\":\"ImageObject\",\"@id\":\"https:\/\/www.nettali.com\/#personlogo\",\"inLanguage\":\"fr-FR\",\"url\":\"https:\/\/secure.gravatar.com\/avatar\/8d143b5a49345098ddcfee1c49c2f47c?s=96&d=mm&r=g\",\"contentUrl\":\"https:\/\/secure.gravatar.com\/avatar\/8d143b5a49345098ddcfee1c49c2f47c?s=96&d=mm&r=g\",\"caption\":\"Daouda\"},\"sameAs\":[\"https:\/\/www.nettali.com\"]}]}<\/script>\n<!-- \/ Yoast SEO Premium plugin. -->","yoast_head_json":{"title":"REPORT DE LA MESURE DE SUPPRESSION DES PORTE-BAGAGES -\u00a0La grosse reculade du gouvernement ! | Nettali.com","robots":{"index":"index","follow":"follow","max-snippet":"max-snippet:-1","max-image-preview":"max-image-preview:large","max-video-preview":"max-video-preview:-1"},"canonical":"https:\/\/www.nettali.com\/2023\/01\/14\/report-de-la-mesure-de-suppression-des-porte-bagages-la-grosse-reculade-du-gouvernement-face-a-la-pression-des-transporteurs\/","og_locale":"fr_FR","og_type":"article","og_title":"REPORT DE LA MESURE DE SUPPRESSION DES PORTE-BAGAGES -\u00a0La grosse reculade du gouvernement !","og_description":"NETTALI.COM - Le ministre des Transports est revenu sur la mesure de suppression des porte-bagages qui devait entrer en vigueur avant-hier jeudi. D\u00e9sormais, les porte-bagages seront tol\u00e9r\u00e9s pendant une p\u00e9riode transitoire de douze mois avant leur interdiction totale sur toute l\u2019\u00e9tendue du territoire. Cette mesure, tomb\u00e9e hier, consacre une \u00e9ni\u00e8me reculade de l\u2019Etat face aux [&hellip;]","og_url":"https:\/\/www.nettali.com\/2023\/01\/14\/report-de-la-mesure-de-suppression-des-porte-bagages-la-grosse-reculade-du-gouvernement-face-a-la-pression-des-transporteurs\/","og_site_name":"Nettali.com","article_publisher":"https:\/\/www.facebook.com\/nettalicom","article_published_time":"2023-01-14T10:20:11+00:00","article_modified_time":"2023-01-14T16:32:21+00:00","og_image":[{"width":630,"height":421,"url":"https:\/\/www.nettali.com\/wp-content\/uploads\/2023\/01\/Greve-des-transporteurs-1.jpg","type":"image\/jpeg"}],"twitter_card":"summary_large_image","twitter_misc":{"\u00c9crit par":"Daouda","Dur\u00e9e de lecture estim\u00e9e":"3 minutes"},"schema":{"@context":"https:\/\/schema.org","@graph":[{"@type":"WebSite","@id":"https:\/\/www.nettali.com\/#website","url":"https:\/\/www.nettali.com\/","name":"Nettali.com","description":"Le rendez-vous critique du Net","potentialAction":[{"@type":"SearchAction","target":{"@type":"EntryPoint","urlTemplate":"https:\/\/www.nettali.com\/?s={search_term_string}"},"query-input":"required name=search_term_string"}],"inLanguage":"fr-FR"},{"@type":"ImageObject","@id":"https:\/\/www.nettali.com\/2023\/01\/14\/report-de-la-mesure-de-suppression-des-porte-bagages-la-grosse-reculade-du-gouvernement-face-a-la-pression-des-transporteurs\/#primaryimage","inLanguage":"fr-FR","url":"https:\/\/www.nettali.com\/wp-content\/uploads\/2023\/01\/Greve-des-transporteurs-1.jpg","contentUrl":"https:\/\/www.nettali.com\/wp-content\/uploads\/2023\/01\/Greve-des-transporteurs-1.jpg","width":630,"height":421},{"@type":"WebPage","@id":"https:\/\/www.nettali.com\/2023\/01\/14\/report-de-la-mesure-de-suppression-des-porte-bagages-la-grosse-reculade-du-gouvernement-face-a-la-pression-des-transporteurs\/#webpage","url":"https:\/\/www.nettali.com\/2023\/01\/14\/report-de-la-mesure-de-suppression-des-porte-bagages-la-grosse-reculade-du-gouvernement-face-a-la-pression-des-transporteurs\/","name":"REPORT DE LA MESURE DE SUPPRESSION DES PORTE-BAGAGES -\u00a0La grosse reculade du gouvernement ! | Nettali.com","isPartOf":{"@id":"https:\/\/www.nettali.com\/#website"},"primaryImageOfPage":{"@id":"https:\/\/www.nettali.com\/2023\/01\/14\/report-de-la-mesure-de-suppression-des-porte-bagages-la-grosse-reculade-du-gouvernement-face-a-la-pression-des-transporteurs\/#primaryimage"},"datePublished":"2023-01-14T10:20:11+00:00","dateModified":"2023-01-14T16:32:21+00:00","author":{"@id":"https:\/\/www.nettali.com\/#\/schema\/person\/3317e0bb3aa1da309fbf7b2780901bf4"},"breadcrumb":{"@id":"https:\/\/www.nettali.com\/2023\/01\/14\/report-de-la-mesure-de-suppression-des-porte-bagages-la-grosse-reculade-du-gouvernement-face-a-la-pression-des-transporteurs\/#breadcrumb"},"inLanguage":"fr-FR","potentialAction":[{"@type":"ReadAction","target":["https:\/\/www.nettali.com\/2023\/01\/14\/report-de-la-mesure-de-suppression-des-porte-bagages-la-grosse-reculade-du-gouvernement-face-a-la-pression-des-transporteurs\/"]}]},{"@type":"BreadcrumbList","@id":"https:\/\/www.nettali.com\/2023\/01\/14\/report-de-la-mesure-de-suppression-des-porte-bagages-la-grosse-reculade-du-gouvernement-face-a-la-pression-des-transporteurs\/#breadcrumb","itemListElement":[{"@type":"ListItem","position":1,"name":"Accueil","item":"https:\/\/www.nettali.com\/"},{"@type":"ListItem","position":2,"name":"REPORT DE LA MESURE DE SUPPRESSION DES PORTE-BAGAGES -\u00a0La grosse reculade du gouvernement !"}]},{"@type":"Person","@id":"https:\/\/www.nettali.com\/#\/schema\/person\/3317e0bb3aa1da309fbf7b2780901bf4","name":"Daouda","image":{"@type":"ImageObject","@id":"https:\/\/www.nettali.com\/#personlogo","inLanguage":"fr-FR","url":"https:\/\/secure.gravatar.com\/avatar\/8d143b5a49345098ddcfee1c49c2f47c?s=96&d=mm&r=g","contentUrl":"https:\/\/secure.gravatar.com\/avatar\/8d143b5a49345098ddcfee1c49c2f47c?s=96&d=mm&r=g","caption":"Daouda"},"sameAs":["https:\/\/www.nettali.com"]}]}},"_links":{"self":[{"href":"https:\/\/www.nettali.com\/rest\/wp\/v2\/posts\/101831"}],"collection":[{"href":"https:\/\/www.nettali.com\/rest\/wp\/v2\/posts"}],"about":[{"href":"https:\/\/www.nettali.com\/rest\/wp\/v2\/types\/post"}],"author":[{"embeddable":true,"href":"https:\/\/www.nettali.com\/rest\/wp\/v2\/users\/4"}],"replies":[{"embeddable":true,"href":"https:\/\/www.nettali.com\/rest\/wp\/v2\/comments?post=101831"}],"version-history":[{"count":2,"href":"https:\/\/www.nettali.com\/rest\/wp\/v2\/posts\/101831\/revisions"}],"predecessor-version":[{"id":101833,"href":"https:\/\/www.nettali.com\/rest\/wp\/v2\/posts\/101831\/revisions\/101833"}],"wp:featuredmedia":[{"embeddable":true,"href":"https:\/\/www.nettali.com\/rest\/wp\/v2\/media\/101652"}],"wp:attachment":[{"href":"https:\/\/www.nettali.com\/rest\/wp\/v2\/media?parent=101831"}],"wp:term":[{"taxonomy":"category","embeddable":true,"href":"https:\/\/www.nettali.com\/rest\/wp\/v2\/categories?post=101831"},{"taxonomy":"post_tag","embeddable":true,"href":"https:\/\/www.nettali.com\/rest\/wp\/v2\/tags?post=101831"}],"curies":[{"name":"wp","href":"https:\/\/api.w.org\/{rel}","templated":true}]}}