{"id":101821,"date":"2023-01-14T08:43:16","date_gmt":"2023-01-14T08:43:16","guid":{"rendered":"https:\/\/www.nettali.com\/?p=101821"},"modified":"2023-01-14T08:43:16","modified_gmt":"2023-01-14T08:43:16","slug":"en-coulisses-une-contestation-en-gestation","status":"publish","type":"post","link":"https:\/\/www.nettali.com\/2023\/01\/14\/en-coulisses-une-contestation-en-gestation\/","title":{"rendered":"EN COULISSES - Une contestation en gestation ?"},"content":{"rendered":"<p><strong>NETTALI.COM -<\/strong> Une des mesures les plus d\u00e9cri\u00e9es parmi ces 23, eh bien c'est cette interdiction de circuler la nuit entre 23 et 5 h du matin. R\u00e9agissant \u00e0 cette nouvelle r\u00e9glementation, le coordinateur du Collectif des Professionnels des Transports routiers du S\u00e9n\u00e9gal n\u2019appelle pas \u00e0 braver les interdits des autorit\u00e9s. Toutefois, Momar Sourang estime que certaines mesures sont m\u00eame contreproductives pour d\u2019autres secteurs.<\/p>\n<p>\"<em>Les autorit\u00e9s ne savent pas que derri\u00e8re cette mesure, il y a l\u2019\u00e9conomie des loumas qui est en jeu. Les commer\u00e7ants, la plupart, quittent leurs localit\u00e9s \u00e0 partir de 23h pour arriver dans les march\u00e9s vers 5h du matin. La mesure n\u2019est pas r\u00e9alisable. Un conducteur indisciplin\u00e9 dont le v\u00e9hicule n\u2019est pas en \u00e9tat, m\u00eame s\u2019il <\/em><em>conduit le jour, il peut faire des accidents. Les autorit\u00e9s ont tout faux dans leurs raisonnements<\/em>\u201d, a d\u00e9clar\u00e9 le pr\u00e9sident de la Commission Transport du Groupement \u00e9conomique du S\u00e9n\u00e9gal (G.E.S).<\/p>\n<p>Cela veut-il dire qu'il y a des risques de contestation ?\u00a0 Le syndicaliste n\u2019exclut en tout cas pas un plan de riposte dans quelques jours, estimant que la loi leur permet \"d\u2019arr\u00eater nos v\u00e9hicules, s\u2019ils persistent\u2026 \u201d.<\/p>\n<p>A noter que la derni\u00e8re confrontation entre le gouvernement et les transporteurs remonte \u00e0 d\u00e9cembre 2021, lorsqu'une gr\u00e8ve d\u00e9clench\u00e9e par 14 organisations du Cadre unitaire des syndicats des transports routiers du S\u00e9n\u00e9gal (Custrs) avait paralys\u00e9 le pays, surtout Dakar, pendant 3 jours. Ces derniers protestaient notamment contre les tracasseries caus\u00e9es par les policiers, les gendarmes et les agents du service des Eaux et for\u00eats, le transport clandestin et les nombreux<br \/>\ncontr\u00f4les sur les routes. Apr\u00e8s d\u2019\u00e2pres n\u00e9gociations, ils avaient obtenu gain de cause, avec la r\u00e9duction des nombres de contr\u00f4le des forces de l\u2019ordre.<\/p>\n<div class='share-to-whatsapp-wrapper'><div class='share-on-whsp'>PARTAGER SUR : <\/div><a data-text='EN COULISSES - Une contestation en gestation ?' data-link='https:\/\/www.nettali.com\/2023\/01\/14\/en-coulisses-une-contestation-en-gestation\/' class='whatsapp-button whatsapp-share'>WhatsApp<\/a><div class='clear '><\/div><\/div>","protected":false},"excerpt":{"rendered":"<p>NETTALI.COM - Une des mesures les plus d\u00e9cri\u00e9es parmi ces 23, eh bien c'est cette interdiction de circuler la nuit entre 23 et 5 h du matin. R\u00e9agissant \u00e0 cette nouvelle r\u00e9glementation, le coordinateur du Collectif des Professionnels des Transports routiers du S\u00e9n\u00e9gal n\u2019appelle pas \u00e0 braver les interdits des autorit\u00e9s. Toutefois, Momar Sourang estime [&hellip;]<\/p>\n","protected":false},"author":2,"featured_media":101824,"comment_status":"open","ping_status":"open","sticky":false,"template":"","format":"standard","meta":{"_et_pb_use_builder":"","_et_pb_old_content":""},"categories":[34945],"tags":[],"yoast_head":"<!-- This site is optimized with the Yoast SEO Premium plugin v17.8 (Yoast SEO v17.8) - https:\/\/yoast.com\/wordpress\/plugins\/seo\/ -->\n<title>EN COULISSES - Une contestation en gestation ? | Nettali.com<\/title>\n<meta name=\"robots\" content=\"index, follow, max-snippet:-1, max-image-preview:large, max-video-preview:-1\" \/>\n<link rel=\"canonical\" href=\"https:\/\/www.nettali.com\/2023\/01\/14\/en-coulisses-une-contestation-en-gestation\/\" \/>\n<meta property=\"og:locale\" content=\"fr_FR\" \/>\n<meta property=\"og:type\" content=\"article\" \/>\n<meta property=\"og:title\" content=\"EN COULISSES - Une contestation en gestation ?\" \/>\n<meta property=\"og:description\" content=\"NETTALI.COM - Une des mesures les plus d\u00e9cri\u00e9es parmi ces 23, eh bien c&#039;est cette interdiction de circuler la nuit entre 23 et 5 h du matin. R\u00e9agissant \u00e0 cette nouvelle r\u00e9glementation, le coordinateur du Collectif des Professionnels des Transports routiers du S\u00e9n\u00e9gal n\u2019appelle pas \u00e0 braver les interdits des autorit\u00e9s. Toutefois, Momar Sourang estime [&hellip;]\" \/>\n<meta property=\"og:url\" content=\"https:\/\/www.nettali.com\/2023\/01\/14\/en-coulisses-une-contestation-en-gestation\/\" \/>\n<meta property=\"og:site_name\" content=\"Nettali.com\" \/>\n<meta property=\"article:publisher\" content=\"https:\/\/www.facebook.com\/nettalicom\" \/>\n<meta property=\"article:published_time\" content=\"2023-01-14T08:43:16+00:00\" \/>\n<meta property=\"og:image\" content=\"https:\/\/www.nettali.com\/wp-content\/uploads\/2023\/01\/transport-au-senegal.jpg\" \/>\n\t<meta property=\"og:image:width\" content=\"700\" \/>\n\t<meta property=\"og:image:height\" content=\"519\" \/>\n<meta name=\"twitter:card\" content=\"summary_large_image\" \/>\n<meta name=\"twitter:label1\" content=\"\u00c9crit par\" \/>\n\t<meta name=\"twitter:data1\" content=\"CK\" \/>\n\t<meta name=\"twitter:label2\" content=\"Dur\u00e9e de lecture estim\u00e9e\" \/>\n\t<meta name=\"twitter:data2\" content=\"2 minutes\" \/>\n<script type=\"application\/ld+json\" class=\"yoast-schema-graph\">{\"@context\":\"https:\/\/schema.org\",\"@graph\":[{\"@type\":\"WebSite\",\"@id\":\"https:\/\/www.nettali.com\/#website\",\"url\":\"https:\/\/www.nettali.com\/\",\"name\":\"Nettali.com\",\"description\":\"Le rendez-vous critique du Net\",\"potentialAction\":[{\"@type\":\"SearchAction\",\"target\":{\"@type\":\"EntryPoint\",\"urlTemplate\":\"https:\/\/www.nettali.com\/?s={search_term_string}\"},\"query-input\":\"required name=search_term_string\"}],\"inLanguage\":\"fr-FR\"},{\"@type\":\"ImageObject\",\"@id\":\"https:\/\/www.nettali.com\/2023\/01\/14\/en-coulisses-une-contestation-en-gestation\/#primaryimage\",\"inLanguage\":\"fr-FR\",\"url\":\"https:\/\/www.nettali.com\/wp-content\/uploads\/2023\/01\/transport-au-senegal.jpg\",\"contentUrl\":\"https:\/\/www.nettali.com\/wp-content\/uploads\/2023\/01\/transport-au-senegal.jpg\",\"width\":700,\"height\":519},{\"@type\":\"WebPage\",\"@id\":\"https:\/\/www.nettali.com\/2023\/01\/14\/en-coulisses-une-contestation-en-gestation\/#webpage\",\"url\":\"https:\/\/www.nettali.com\/2023\/01\/14\/en-coulisses-une-contestation-en-gestation\/\",\"name\":\"EN COULISSES - Une contestation en gestation ? | Nettali.com\",\"isPartOf\":{\"@id\":\"https:\/\/www.nettali.com\/#website\"},\"primaryImageOfPage\":{\"@id\":\"https:\/\/www.nettali.com\/2023\/01\/14\/en-coulisses-une-contestation-en-gestation\/#primaryimage\"},\"datePublished\":\"2023-01-14T08:43:16+00:00\",\"dateModified\":\"2023-01-14T08:43:16+00:00\",\"author\":{\"@id\":\"https:\/\/www.nettali.com\/#\/schema\/person\/d8ac7b7e27ddad43f1c0d2ef090d7f71\"},\"breadcrumb\":{\"@id\":\"https:\/\/www.nettali.com\/2023\/01\/14\/en-coulisses-une-contestation-en-gestation\/#breadcrumb\"},\"inLanguage\":\"fr-FR\",\"potentialAction\":[{\"@type\":\"ReadAction\",\"target\":[\"https:\/\/www.nettali.com\/2023\/01\/14\/en-coulisses-une-contestation-en-gestation\/\"]}]},{\"@type\":\"BreadcrumbList\",\"@id\":\"https:\/\/www.nettali.com\/2023\/01\/14\/en-coulisses-une-contestation-en-gestation\/#breadcrumb\",\"itemListElement\":[{\"@type\":\"ListItem\",\"position\":1,\"name\":\"Accueil\",\"item\":\"https:\/\/www.nettali.com\/\"},{\"@type\":\"ListItem\",\"position\":2,\"name\":\"EN COULISSES - Une contestation en gestation ?\"}]},{\"@type\":\"Person\",\"@id\":\"https:\/\/www.nettali.com\/#\/schema\/person\/d8ac7b7e27ddad43f1c0d2ef090d7f71\",\"name\":\"CK\",\"image\":{\"@type\":\"ImageObject\",\"@id\":\"https:\/\/www.nettali.com\/#personlogo\",\"inLanguage\":\"fr-FR\",\"url\":\"https:\/\/secure.gravatar.com\/avatar\/1d8d5118b9327d94da7cd4ce7f17fec2?s=96&d=mm&r=g\",\"contentUrl\":\"https:\/\/secure.gravatar.com\/avatar\/1d8d5118b9327d94da7cd4ce7f17fec2?s=96&d=mm&r=g\",\"caption\":\"CK\"},\"sameAs\":[\"https:\/\/www.nettali.com\"]}]}<\/script>\n<!-- \/ Yoast SEO Premium plugin. -->","yoast_head_json":{"title":"EN COULISSES - Une contestation en gestation ? | Nettali.com","robots":{"index":"index","follow":"follow","max-snippet":"max-snippet:-1","max-image-preview":"max-image-preview:large","max-video-preview":"max-video-preview:-1"},"canonical":"https:\/\/www.nettali.com\/2023\/01\/14\/en-coulisses-une-contestation-en-gestation\/","og_locale":"fr_FR","og_type":"article","og_title":"EN COULISSES - Une contestation en gestation ?","og_description":"NETTALI.COM - Une des mesures les plus d\u00e9cri\u00e9es parmi ces 23, eh bien c'est cette interdiction de circuler la nuit entre 23 et 5 h du matin. R\u00e9agissant \u00e0 cette nouvelle r\u00e9glementation, le coordinateur du Collectif des Professionnels des Transports routiers du S\u00e9n\u00e9gal n\u2019appelle pas \u00e0 braver les interdits des autorit\u00e9s. Toutefois, Momar Sourang estime [&hellip;]","og_url":"https:\/\/www.nettali.com\/2023\/01\/14\/en-coulisses-une-contestation-en-gestation\/","og_site_name":"Nettali.com","article_publisher":"https:\/\/www.facebook.com\/nettalicom","article_published_time":"2023-01-14T08:43:16+00:00","og_image":[{"width":700,"height":519,"url":"https:\/\/www.nettali.com\/wp-content\/uploads\/2023\/01\/transport-au-senegal.jpg","type":"image\/jpeg"}],"twitter_card":"summary_large_image","twitter_misc":{"\u00c9crit par":"CK","Dur\u00e9e de lecture estim\u00e9e":"2 minutes"},"schema":{"@context":"https:\/\/schema.org","@graph":[{"@type":"WebSite","@id":"https:\/\/www.nettali.com\/#website","url":"https:\/\/www.nettali.com\/","name":"Nettali.com","description":"Le rendez-vous critique du Net","potentialAction":[{"@type":"SearchAction","target":{"@type":"EntryPoint","urlTemplate":"https:\/\/www.nettali.com\/?s={search_term_string}"},"query-input":"required name=search_term_string"}],"inLanguage":"fr-FR"},{"@type":"ImageObject","@id":"https:\/\/www.nettali.com\/2023\/01\/14\/en-coulisses-une-contestation-en-gestation\/#primaryimage","inLanguage":"fr-FR","url":"https:\/\/www.nettali.com\/wp-content\/uploads\/2023\/01\/transport-au-senegal.jpg","contentUrl":"https:\/\/www.nettali.com\/wp-content\/uploads\/2023\/01\/transport-au-senegal.jpg","width":700,"height":519},{"@type":"WebPage","@id":"https:\/\/www.nettali.com\/2023\/01\/14\/en-coulisses-une-contestation-en-gestation\/#webpage","url":"https:\/\/www.nettali.com\/2023\/01\/14\/en-coulisses-une-contestation-en-gestation\/","name":"EN COULISSES - Une contestation en gestation ? | Nettali.com","isPartOf":{"@id":"https:\/\/www.nettali.com\/#website"},"primaryImageOfPage":{"@id":"https:\/\/www.nettali.com\/2023\/01\/14\/en-coulisses-une-contestation-en-gestation\/#primaryimage"},"datePublished":"2023-01-14T08:43:16+00:00","dateModified":"2023-01-14T08:43:16+00:00","author":{"@id":"https:\/\/www.nettali.com\/#\/schema\/person\/d8ac7b7e27ddad43f1c0d2ef090d7f71"},"breadcrumb":{"@id":"https:\/\/www.nettali.com\/2023\/01\/14\/en-coulisses-une-contestation-en-gestation\/#breadcrumb"},"inLanguage":"fr-FR","potentialAction":[{"@type":"ReadAction","target":["https:\/\/www.nettali.com\/2023\/01\/14\/en-coulisses-une-contestation-en-gestation\/"]}]},{"@type":"BreadcrumbList","@id":"https:\/\/www.nettali.com\/2023\/01\/14\/en-coulisses-une-contestation-en-gestation\/#breadcrumb","itemListElement":[{"@type":"ListItem","position":1,"name":"Accueil","item":"https:\/\/www.nettali.com\/"},{"@type":"ListItem","position":2,"name":"EN COULISSES - Une contestation en gestation ?"}]},{"@type":"Person","@id":"https:\/\/www.nettali.com\/#\/schema\/person\/d8ac7b7e27ddad43f1c0d2ef090d7f71","name":"CK","image":{"@type":"ImageObject","@id":"https:\/\/www.nettali.com\/#personlogo","inLanguage":"fr-FR","url":"https:\/\/secure.gravatar.com\/avatar\/1d8d5118b9327d94da7cd4ce7f17fec2?s=96&d=mm&r=g","contentUrl":"https:\/\/secure.gravatar.com\/avatar\/1d8d5118b9327d94da7cd4ce7f17fec2?s=96&d=mm&r=g","caption":"CK"},"sameAs":["https:\/\/www.nettali.com"]}]}},"_links":{"self":[{"href":"https:\/\/www.nettali.com\/rest\/wp\/v2\/posts\/101821"}],"collection":[{"href":"https:\/\/www.nettali.com\/rest\/wp\/v2\/posts"}],"about":[{"href":"https:\/\/www.nettali.com\/rest\/wp\/v2\/types\/post"}],"author":[{"embeddable":true,"href":"https:\/\/www.nettali.com\/rest\/wp\/v2\/users\/2"}],"replies":[{"embeddable":true,"href":"https:\/\/www.nettali.com\/rest\/wp\/v2\/comments?post=101821"}],"version-history":[{"count":2,"href":"https:\/\/www.nettali.com\/rest\/wp\/v2\/posts\/101821\/revisions"}],"predecessor-version":[{"id":101823,"href":"https:\/\/www.nettali.com\/rest\/wp\/v2\/posts\/101821\/revisions\/101823"}],"wp:featuredmedia":[{"embeddable":true,"href":"https:\/\/www.nettali.com\/rest\/wp\/v2\/media\/101824"}],"wp:attachment":[{"href":"https:\/\/www.nettali.com\/rest\/wp\/v2\/media?parent=101821"}],"wp:term":[{"taxonomy":"category","embeddable":true,"href":"https:\/\/www.nettali.com\/rest\/wp\/v2\/categories?post=101821"},{"taxonomy":"post_tag","embeddable":true,"href":"https:\/\/www.nettali.com\/rest\/wp\/v2\/tags?post=101821"}],"curies":[{"name":"wp","href":"https:\/\/api.w.org\/{rel}","templated":true}]}}