{"id":101819,"date":"2023-01-14T08:28:51","date_gmt":"2023-01-14T08:28:51","guid":{"rendered":"https:\/\/www.nettali.com\/?p=101819"},"modified":"2023-01-14T08:28:51","modified_gmt":"2023-01-14T08:28:51","slug":"en-coulisses-deja-une-mesure-derogatoire","status":"publish","type":"post","link":"https:\/\/www.nettali.com\/2023\/01\/14\/en-coulisses-deja-une-mesure-derogatoire\/","title":{"rendered":"EN COULISSES - D\u00e9j\u00e0 une mesure d\u00e9rogatoire !"},"content":{"rendered":"<p><strong>NETTALI.COM -<\/strong> Le gouvernement, ira t-il jusqu'au bout de sa logique de fermet\u00e9 relative aux 23 mesures prises, suite \u00e0 l'accident de Sikilo ? Il semble bien que non si l'on constate qu'un arr\u00eat\u00e9 d\u00e9rogatoire n\u00b0902 du 13 janvier 2023 portant interdiction de transformation des v\u00e9hicules de transport public de voyageurs du Minist\u00e8re des Infrastructures, des Transports Terrestres et du D\u00e9senclavement est venu pr\u00e9ciser : \"<em>\u00c0 titre d\u00e9rogatoire, les v\u00e9hicules affect\u00e9s au<\/em><br \/>\n<em>transport public de voyageurs sont autoris\u00e9s, pour une p\u00e9riode d'un (1) ans \u00e0 compter de la date de signature du pr\u00e9sent arr\u00eat\u00e9, \u00e0 conserver des porte-bagages dont les chargements ne peuvent d\u00e9passer : 50 cm, pour les v\u00e9hicules de 7\/8 places; 70 cm, pour toutes les autres cat\u00e9gories de v\u00e9hicules affect\u00e9s au transport de voyageurs\"<\/em><\/p>\n<p>Pour rappel, le premier ministre avait us\u00e9 d'un ton ferme pour afficher la volont\u00e9 du gouvernement d'aller au bout de l'application de ces mesures. \"<em>Les mesures ne doivent faire l'objet ni de report, ni de compromis. Nous serons sans concession avec ceux qui contreviennent aux r\u00e8gles \u00e9dict\u00e9es pour garantir l'int\u00e9grit\u00e9 physique de nos concitoyens<\/em>\u201d, d\u00e9clarait lundi dernier le Premier ministre, \u00e0 l\u2019issue du conseil interminist\u00e9riel, au lendemain de l\u2019accident de Sikilo, pr\u00e9sent\u00e9 comme le plus meurtrier des derni\u00e8res ann\u00e9es.<\/p>\n<p>En conseil des ministres, deux jours plus tard, le Pr\u00e9sident de la R\u00e9publique Macky Sall a demand\u00e9 au Premier Ministre et aux ministres impliqu\u00e9s (Forces arm\u00e9es, Int\u00e9rieur, Finances et Budget, Transports terrestres) \"de mettre en oeuvre sans d\u00e9lai, avec l\u2019implication de toutes les parties prenantes, les mesures arr\u00eat\u00e9es lors du Conseil interminist\u00e9riel sur la s\u00e9curit\u00e9 routi\u00e8re. L\u2019application des d\u00e9cisions retenues, fera l\u2019objet, en Conseil des ministres, d\u2019un suivi<br \/>\net d\u2019une \u00e9valuation hebdomadaire.\u201d<\/p>\n<p>A noter que la plupart des mesures faisant l'objet d'un arr\u00eat\u00e9 pour \u00eatre ex\u00e9cutoires sous 72 heures, arrive maintenant leur entr\u00e9e en vigueur. Une application qui commence d\u00e9j\u00e0 \u00e0 rencontrer les premi\u00e8res r\u00e9sistances. puisque plusieurs voitures ont \u00e9t\u00e9 immobilis\u00e9es par la gendarmerie dans les r\u00e9gions, suite \u00e0 l\u2019interdiction de circuler entre 23 et 5h du matin pour les v\u00e9hicules de transports de personnes.<\/p>\n<p>Une affaire \u00e0 suivre.<\/p>\n<div class='share-to-whatsapp-wrapper'><div class='share-on-whsp'>PARTAGER SUR : <\/div><a data-text='EN COULISSES - D\u00e9j\u00e0 une mesure d\u00e9rogatoire !' data-link='https:\/\/www.nettali.com\/2023\/01\/14\/en-coulisses-deja-une-mesure-derogatoire\/' class='whatsapp-button whatsapp-share'>WhatsApp<\/a><div class='clear '><\/div><\/div>","protected":false},"excerpt":{"rendered":"<p>NETTALI.COM - Le gouvernement, ira t-il jusqu'au bout de sa logique de fermet\u00e9 relative aux 23 mesures prises, suite \u00e0 l'accident de Sikilo ? Il semble bien que non si l'on constate qu'un arr\u00eat\u00e9 d\u00e9rogatoire n\u00b0902 du 13 janvier 2023 portant interdiction de transformation des v\u00e9hicules de transport public de voyageurs du Minist\u00e8re des Infrastructures, [&hellip;]<\/p>\n","protected":false},"author":2,"featured_media":101073,"comment_status":"open","ping_status":"open","sticky":false,"template":"","format":"standard","meta":{"_et_pb_use_builder":"","_et_pb_old_content":""},"categories":[34945],"tags":[],"yoast_head":"<!-- This site is optimized with the Yoast SEO Premium plugin v17.8 (Yoast SEO v17.8) - https:\/\/yoast.com\/wordpress\/plugins\/seo\/ -->\n<title>EN COULISSES - D\u00e9j\u00e0 une mesure d\u00e9rogatoire ! | Nettali.com<\/title>\n<meta name=\"robots\" content=\"index, follow, max-snippet:-1, max-image-preview:large, max-video-preview:-1\" \/>\n<link rel=\"canonical\" href=\"https:\/\/www.nettali.com\/2023\/01\/14\/en-coulisses-deja-une-mesure-derogatoire\/\" \/>\n<meta property=\"og:locale\" content=\"fr_FR\" \/>\n<meta property=\"og:type\" content=\"article\" \/>\n<meta property=\"og:title\" content=\"EN COULISSES - D\u00e9j\u00e0 une mesure d\u00e9rogatoire !\" \/>\n<meta property=\"og:description\" content=\"NETTALI.COM - Le gouvernement, ira t-il jusqu&#039;au bout de sa logique de fermet\u00e9 relative aux 23 mesures prises, suite \u00e0 l&#039;accident de Sikilo ? Il semble bien que non si l&#039;on constate qu&#039;un arr\u00eat\u00e9 d\u00e9rogatoire n\u00b0902 du 13 janvier 2023 portant interdiction de transformation des v\u00e9hicules de transport public de voyageurs du Minist\u00e8re des Infrastructures, [&hellip;]\" \/>\n<meta property=\"og:url\" content=\"https:\/\/www.nettali.com\/2023\/01\/14\/en-coulisses-deja-une-mesure-derogatoire\/\" \/>\n<meta property=\"og:site_name\" content=\"Nettali.com\" \/>\n<meta property=\"article:publisher\" content=\"https:\/\/www.facebook.com\/nettalicom\" \/>\n<meta property=\"article:published_time\" content=\"2023-01-14T08:28:51+00:00\" \/>\n<meta property=\"og:image\" content=\"https:\/\/www.nettali.com\/wp-content\/uploads\/2023\/01\/amadou-ba_0.jpeg\" \/>\n\t<meta property=\"og:image:width\" content=\"696\" \/>\n\t<meta property=\"og:image:height\" content=\"463\" \/>\n<meta name=\"twitter:card\" content=\"summary_large_image\" \/>\n<meta name=\"twitter:label1\" content=\"\u00c9crit par\" \/>\n\t<meta name=\"twitter:data1\" content=\"CK\" \/>\n\t<meta name=\"twitter:label2\" content=\"Dur\u00e9e de lecture estim\u00e9e\" \/>\n\t<meta name=\"twitter:data2\" content=\"2 minutes\" \/>\n<script type=\"application\/ld+json\" class=\"yoast-schema-graph\">{\"@context\":\"https:\/\/schema.org\",\"@graph\":[{\"@type\":\"WebSite\",\"@id\":\"https:\/\/www.nettali.com\/#website\",\"url\":\"https:\/\/www.nettali.com\/\",\"name\":\"Nettali.com\",\"description\":\"Le rendez-vous critique du Net\",\"potentialAction\":[{\"@type\":\"SearchAction\",\"target\":{\"@type\":\"EntryPoint\",\"urlTemplate\":\"https:\/\/www.nettali.com\/?s={search_term_string}\"},\"query-input\":\"required name=search_term_string\"}],\"inLanguage\":\"fr-FR\"},{\"@type\":\"ImageObject\",\"@id\":\"https:\/\/www.nettali.com\/2023\/01\/14\/en-coulisses-deja-une-mesure-derogatoire\/#primaryimage\",\"inLanguage\":\"fr-FR\",\"url\":\"https:\/\/www.nettali.com\/wp-content\/uploads\/2023\/01\/amadou-ba_0.jpeg\",\"contentUrl\":\"https:\/\/www.nettali.com\/wp-content\/uploads\/2023\/01\/amadou-ba_0.jpeg\",\"width\":696,\"height\":463},{\"@type\":\"WebPage\",\"@id\":\"https:\/\/www.nettali.com\/2023\/01\/14\/en-coulisses-deja-une-mesure-derogatoire\/#webpage\",\"url\":\"https:\/\/www.nettali.com\/2023\/01\/14\/en-coulisses-deja-une-mesure-derogatoire\/\",\"name\":\"EN COULISSES - D\\u00e9j\\u00e0 une mesure d\\u00e9rogatoire ! | Nettali.com\",\"isPartOf\":{\"@id\":\"https:\/\/www.nettali.com\/#website\"},\"primaryImageOfPage\":{\"@id\":\"https:\/\/www.nettali.com\/2023\/01\/14\/en-coulisses-deja-une-mesure-derogatoire\/#primaryimage\"},\"datePublished\":\"2023-01-14T08:28:51+00:00\",\"dateModified\":\"2023-01-14T08:28:51+00:00\",\"author\":{\"@id\":\"https:\/\/www.nettali.com\/#\/schema\/person\/d8ac7b7e27ddad43f1c0d2ef090d7f71\"},\"breadcrumb\":{\"@id\":\"https:\/\/www.nettali.com\/2023\/01\/14\/en-coulisses-deja-une-mesure-derogatoire\/#breadcrumb\"},\"inLanguage\":\"fr-FR\",\"potentialAction\":[{\"@type\":\"ReadAction\",\"target\":[\"https:\/\/www.nettali.com\/2023\/01\/14\/en-coulisses-deja-une-mesure-derogatoire\/\"]}]},{\"@type\":\"BreadcrumbList\",\"@id\":\"https:\/\/www.nettali.com\/2023\/01\/14\/en-coulisses-deja-une-mesure-derogatoire\/#breadcrumb\",\"itemListElement\":[{\"@type\":\"ListItem\",\"position\":1,\"name\":\"Accueil\",\"item\":\"https:\/\/www.nettali.com\/\"},{\"@type\":\"ListItem\",\"position\":2,\"name\":\"EN COULISSES - D\\u00e9j\\u00e0 une mesure d\\u00e9rogatoire !\"}]},{\"@type\":\"Person\",\"@id\":\"https:\/\/www.nettali.com\/#\/schema\/person\/d8ac7b7e27ddad43f1c0d2ef090d7f71\",\"name\":\"CK\",\"image\":{\"@type\":\"ImageObject\",\"@id\":\"https:\/\/www.nettali.com\/#personlogo\",\"inLanguage\":\"fr-FR\",\"url\":\"https:\/\/secure.gravatar.com\/avatar\/1d8d5118b9327d94da7cd4ce7f17fec2?s=96&d=mm&r=g\",\"contentUrl\":\"https:\/\/secure.gravatar.com\/avatar\/1d8d5118b9327d94da7cd4ce7f17fec2?s=96&d=mm&r=g\",\"caption\":\"CK\"},\"sameAs\":[\"https:\/\/www.nettali.com\"]}]}<\/script>\n<!-- \/ Yoast SEO Premium plugin. -->","yoast_head_json":{"title":"EN COULISSES - D\u00e9j\u00e0 une mesure d\u00e9rogatoire ! | Nettali.com","robots":{"index":"index","follow":"follow","max-snippet":"max-snippet:-1","max-image-preview":"max-image-preview:large","max-video-preview":"max-video-preview:-1"},"canonical":"https:\/\/www.nettali.com\/2023\/01\/14\/en-coulisses-deja-une-mesure-derogatoire\/","og_locale":"fr_FR","og_type":"article","og_title":"EN COULISSES - D\u00e9j\u00e0 une mesure d\u00e9rogatoire !","og_description":"NETTALI.COM - Le gouvernement, ira t-il jusqu'au bout de sa logique de fermet\u00e9 relative aux 23 mesures prises, suite \u00e0 l'accident de Sikilo ? Il semble bien que non si l'on constate qu'un arr\u00eat\u00e9 d\u00e9rogatoire n\u00b0902 du 13 janvier 2023 portant interdiction de transformation des v\u00e9hicules de transport public de voyageurs du Minist\u00e8re des Infrastructures, [&hellip;]","og_url":"https:\/\/www.nettali.com\/2023\/01\/14\/en-coulisses-deja-une-mesure-derogatoire\/","og_site_name":"Nettali.com","article_publisher":"https:\/\/www.facebook.com\/nettalicom","article_published_time":"2023-01-14T08:28:51+00:00","og_image":[{"width":696,"height":463,"url":"https:\/\/www.nettali.com\/wp-content\/uploads\/2023\/01\/amadou-ba_0.jpeg","type":"image\/jpeg"}],"twitter_card":"summary_large_image","twitter_misc":{"\u00c9crit par":"CK","Dur\u00e9e de lecture estim\u00e9e":"2 minutes"},"schema":{"@context":"https:\/\/schema.org","@graph":[{"@type":"WebSite","@id":"https:\/\/www.nettali.com\/#website","url":"https:\/\/www.nettali.com\/","name":"Nettali.com","description":"Le rendez-vous critique du Net","potentialAction":[{"@type":"SearchAction","target":{"@type":"EntryPoint","urlTemplate":"https:\/\/www.nettali.com\/?s={search_term_string}"},"query-input":"required name=search_term_string"}],"inLanguage":"fr-FR"},{"@type":"ImageObject","@id":"https:\/\/www.nettali.com\/2023\/01\/14\/en-coulisses-deja-une-mesure-derogatoire\/#primaryimage","inLanguage":"fr-FR","url":"https:\/\/www.nettali.com\/wp-content\/uploads\/2023\/01\/amadou-ba_0.jpeg","contentUrl":"https:\/\/www.nettali.com\/wp-content\/uploads\/2023\/01\/amadou-ba_0.jpeg","width":696,"height":463},{"@type":"WebPage","@id":"https:\/\/www.nettali.com\/2023\/01\/14\/en-coulisses-deja-une-mesure-derogatoire\/#webpage","url":"https:\/\/www.nettali.com\/2023\/01\/14\/en-coulisses-deja-une-mesure-derogatoire\/","name":"EN COULISSES - D\u00e9j\u00e0 une mesure d\u00e9rogatoire ! | Nettali.com","isPartOf":{"@id":"https:\/\/www.nettali.com\/#website"},"primaryImageOfPage":{"@id":"https:\/\/www.nettali.com\/2023\/01\/14\/en-coulisses-deja-une-mesure-derogatoire\/#primaryimage"},"datePublished":"2023-01-14T08:28:51+00:00","dateModified":"2023-01-14T08:28:51+00:00","author":{"@id":"https:\/\/www.nettali.com\/#\/schema\/person\/d8ac7b7e27ddad43f1c0d2ef090d7f71"},"breadcrumb":{"@id":"https:\/\/www.nettali.com\/2023\/01\/14\/en-coulisses-deja-une-mesure-derogatoire\/#breadcrumb"},"inLanguage":"fr-FR","potentialAction":[{"@type":"ReadAction","target":["https:\/\/www.nettali.com\/2023\/01\/14\/en-coulisses-deja-une-mesure-derogatoire\/"]}]},{"@type":"BreadcrumbList","@id":"https:\/\/www.nettali.com\/2023\/01\/14\/en-coulisses-deja-une-mesure-derogatoire\/#breadcrumb","itemListElement":[{"@type":"ListItem","position":1,"name":"Accueil","item":"https:\/\/www.nettali.com\/"},{"@type":"ListItem","position":2,"name":"EN COULISSES - D\u00e9j\u00e0 une mesure d\u00e9rogatoire !"}]},{"@type":"Person","@id":"https:\/\/www.nettali.com\/#\/schema\/person\/d8ac7b7e27ddad43f1c0d2ef090d7f71","name":"CK","image":{"@type":"ImageObject","@id":"https:\/\/www.nettali.com\/#personlogo","inLanguage":"fr-FR","url":"https:\/\/secure.gravatar.com\/avatar\/1d8d5118b9327d94da7cd4ce7f17fec2?s=96&d=mm&r=g","contentUrl":"https:\/\/secure.gravatar.com\/avatar\/1d8d5118b9327d94da7cd4ce7f17fec2?s=96&d=mm&r=g","caption":"CK"},"sameAs":["https:\/\/www.nettali.com"]}]}},"_links":{"self":[{"href":"https:\/\/www.nettali.com\/rest\/wp\/v2\/posts\/101819"}],"collection":[{"href":"https:\/\/www.nettali.com\/rest\/wp\/v2\/posts"}],"about":[{"href":"https:\/\/www.nettali.com\/rest\/wp\/v2\/types\/post"}],"author":[{"embeddable":true,"href":"https:\/\/www.nettali.com\/rest\/wp\/v2\/users\/2"}],"replies":[{"embeddable":true,"href":"https:\/\/www.nettali.com\/rest\/wp\/v2\/comments?post=101819"}],"version-history":[{"count":1,"href":"https:\/\/www.nettali.com\/rest\/wp\/v2\/posts\/101819\/revisions"}],"predecessor-version":[{"id":101820,"href":"https:\/\/www.nettali.com\/rest\/wp\/v2\/posts\/101819\/revisions\/101820"}],"wp:featuredmedia":[{"embeddable":true,"href":"https:\/\/www.nettali.com\/rest\/wp\/v2\/media\/101073"}],"wp:attachment":[{"href":"https:\/\/www.nettali.com\/rest\/wp\/v2\/media?parent=101819"}],"wp:term":[{"taxonomy":"category","embeddable":true,"href":"https:\/\/www.nettali.com\/rest\/wp\/v2\/categories?post=101819"},{"taxonomy":"post_tag","embeddable":true,"href":"https:\/\/www.nettali.com\/rest\/wp\/v2\/tags?post=101819"}],"curies":[{"name":"wp","href":"https:\/\/api.w.org\/{rel}","templated":true}]}}