{"id":101816,"date":"2023-01-14T01:39:30","date_gmt":"2023-01-14T01:39:30","guid":{"rendered":"https:\/\/www.nettali.com\/?p=101816"},"modified":"2023-01-14T01:39:30","modified_gmt":"2023-01-14T01:39:30","slug":"en-coulisses-profil-bas","status":"publish","type":"post","link":"https:\/\/www.nettali.com\/2023\/01\/14\/en-coulisses-profil-bas\/","title":{"rendered":"EN COULISSES - Profil bas !"},"content":{"rendered":"<p><strong>NETTALI.COM -<\/strong> Au cours de l'\u00e9mission \"jakarloo\" de ce vendredi 13 janvier o\u00f9 il a \u00e9t\u00e9 question de l'accident de Sikilo qui a enregistr\u00e9 41 morts et une centaine de bless\u00e9s, Gora Khouma, le syndicaliste tr\u00e8s enclin \u00e0 d\u00e9fendre les transporteurs, a cette fois ci fait profil bas dans la partie introductive de l'\u00e9mission dirig\u00e9e par le journaliste Abdoulaye Der.<\/p>\n<p>Apr\u00e8s avoir d\u00e9plor\u00e9 l'accident, \u00e9voqu\u00e9 le naufrage du Diola et rappel\u00e9 un accident de chemin de fer meurtrier qui a eu lieu dans le pass\u00e9, comme pour att\u00e9nuer le caract\u00e8re meurtrier de celui-ci.<\/p>\n<p>\"<em>Tous les S\u00e9n\u00e9galais ont point\u00e9 du doigt les transporteurs dans cet accident, nous n'allons pas pol\u00e9miquer avec les S\u00e9n\u00e9galais. Nous allons accepter notre responsabilit\u00e9, m\u00eame si nous avons perdu aussi des chauffeurs<\/em>\", a d\u00e9clar\u00e9 khouma. Qui aajout\u00e9 qu'aucun chauffeur ne se levait le matin avec l'objectif d'aller commettre un accident, concluant ses propos par des excuses.<\/p>\n<div class='share-to-whatsapp-wrapper'><div class='share-on-whsp'>PARTAGER SUR : <\/div><a data-text='EN COULISSES - Profil bas !' data-link='https:\/\/www.nettali.com\/2023\/01\/14\/en-coulisses-profil-bas\/' class='whatsapp-button whatsapp-share'>WhatsApp<\/a><div class='clear '><\/div><\/div>","protected":false},"excerpt":{"rendered":"<p>NETTALI.COM - Au cours de l'\u00e9mission \"jakarloo\" de ce vendredi 13 janvier o\u00f9 il a \u00e9t\u00e9 question de l'accident de Sikilo qui a enregistr\u00e9 41 morts et une centaine de bless\u00e9s, Gora Khouma, le syndicaliste tr\u00e8s enclin \u00e0 d\u00e9fendre les transporteurs, a cette fois ci fait profil bas dans la partie introductive de l'\u00e9mission dirig\u00e9e [&hellip;]<\/p>\n","protected":false},"author":2,"featured_media":101818,"comment_status":"open","ping_status":"open","sticky":false,"template":"","format":"standard","meta":{"_et_pb_use_builder":"","_et_pb_old_content":""},"categories":[34945],"tags":[],"yoast_head":"<!-- This site is optimized with the Yoast SEO Premium plugin v17.8 (Yoast SEO v17.8) - https:\/\/yoast.com\/wordpress\/plugins\/seo\/ -->\n<title>EN COULISSES - Profil bas ! | Nettali.com<\/title>\n<meta name=\"robots\" content=\"index, follow, max-snippet:-1, max-image-preview:large, max-video-preview:-1\" \/>\n<link rel=\"canonical\" href=\"https:\/\/www.nettali.com\/2023\/01\/14\/en-coulisses-profil-bas\/\" \/>\n<meta property=\"og:locale\" content=\"fr_FR\" \/>\n<meta property=\"og:type\" content=\"article\" \/>\n<meta property=\"og:title\" content=\"EN COULISSES - Profil bas !\" \/>\n<meta property=\"og:description\" content=\"NETTALI.COM - Au cours de l&#039;\u00e9mission &quot;jakarloo&quot; de ce vendredi 13 janvier o\u00f9 il a \u00e9t\u00e9 question de l&#039;accident de Sikilo qui a enregistr\u00e9 41 morts et une centaine de bless\u00e9s, Gora Khouma, le syndicaliste tr\u00e8s enclin \u00e0 d\u00e9fendre les transporteurs, a cette fois ci fait profil bas dans la partie introductive de l&#039;\u00e9mission dirig\u00e9e [&hellip;]\" \/>\n<meta property=\"og:url\" content=\"https:\/\/www.nettali.com\/2023\/01\/14\/en-coulisses-profil-bas\/\" \/>\n<meta property=\"og:site_name\" content=\"Nettali.com\" \/>\n<meta property=\"article:publisher\" content=\"https:\/\/www.facebook.com\/nettalicom\" \/>\n<meta property=\"article:published_time\" content=\"2023-01-14T01:39:30+00:00\" \/>\n<meta property=\"og:image\" content=\"https:\/\/www.nettali.com\/wp-content\/uploads\/2023\/01\/Gora-Khouma.jpg\" \/>\n\t<meta property=\"og:image:width\" content=\"1280\" \/>\n\t<meta property=\"og:image:height\" content=\"720\" \/>\n<meta name=\"twitter:card\" content=\"summary_large_image\" \/>\n<meta name=\"twitter:label1\" content=\"\u00c9crit par\" \/>\n\t<meta name=\"twitter:data1\" content=\"CK\" \/>\n\t<meta name=\"twitter:label2\" content=\"Dur\u00e9e de lecture estim\u00e9e\" \/>\n\t<meta name=\"twitter:data2\" content=\"1 minute\" \/>\n<script type=\"application\/ld+json\" class=\"yoast-schema-graph\">{\"@context\":\"https:\/\/schema.org\",\"@graph\":[{\"@type\":\"WebSite\",\"@id\":\"https:\/\/www.nettali.com\/#website\",\"url\":\"https:\/\/www.nettali.com\/\",\"name\":\"Nettali.com\",\"description\":\"Le rendez-vous critique du Net\",\"potentialAction\":[{\"@type\":\"SearchAction\",\"target\":{\"@type\":\"EntryPoint\",\"urlTemplate\":\"https:\/\/www.nettali.com\/?s={search_term_string}\"},\"query-input\":\"required name=search_term_string\"}],\"inLanguage\":\"fr-FR\"},{\"@type\":\"ImageObject\",\"@id\":\"https:\/\/www.nettali.com\/2023\/01\/14\/en-coulisses-profil-bas\/#primaryimage\",\"inLanguage\":\"fr-FR\",\"url\":\"https:\/\/www.nettali.com\/wp-content\/uploads\/2023\/01\/Gora-Khouma.jpg\",\"contentUrl\":\"https:\/\/www.nettali.com\/wp-content\/uploads\/2023\/01\/Gora-Khouma.jpg\",\"width\":1280,\"height\":720},{\"@type\":\"WebPage\",\"@id\":\"https:\/\/www.nettali.com\/2023\/01\/14\/en-coulisses-profil-bas\/#webpage\",\"url\":\"https:\/\/www.nettali.com\/2023\/01\/14\/en-coulisses-profil-bas\/\",\"name\":\"EN COULISSES - Profil bas ! | Nettali.com\",\"isPartOf\":{\"@id\":\"https:\/\/www.nettali.com\/#website\"},\"primaryImageOfPage\":{\"@id\":\"https:\/\/www.nettali.com\/2023\/01\/14\/en-coulisses-profil-bas\/#primaryimage\"},\"datePublished\":\"2023-01-14T01:39:30+00:00\",\"dateModified\":\"2023-01-14T01:39:30+00:00\",\"author\":{\"@id\":\"https:\/\/www.nettali.com\/#\/schema\/person\/d8ac7b7e27ddad43f1c0d2ef090d7f71\"},\"breadcrumb\":{\"@id\":\"https:\/\/www.nettali.com\/2023\/01\/14\/en-coulisses-profil-bas\/#breadcrumb\"},\"inLanguage\":\"fr-FR\",\"potentialAction\":[{\"@type\":\"ReadAction\",\"target\":[\"https:\/\/www.nettali.com\/2023\/01\/14\/en-coulisses-profil-bas\/\"]}]},{\"@type\":\"BreadcrumbList\",\"@id\":\"https:\/\/www.nettali.com\/2023\/01\/14\/en-coulisses-profil-bas\/#breadcrumb\",\"itemListElement\":[{\"@type\":\"ListItem\",\"position\":1,\"name\":\"Accueil\",\"item\":\"https:\/\/www.nettali.com\/\"},{\"@type\":\"ListItem\",\"position\":2,\"name\":\"EN COULISSES - Profil bas !\"}]},{\"@type\":\"Person\",\"@id\":\"https:\/\/www.nettali.com\/#\/schema\/person\/d8ac7b7e27ddad43f1c0d2ef090d7f71\",\"name\":\"CK\",\"image\":{\"@type\":\"ImageObject\",\"@id\":\"https:\/\/www.nettali.com\/#personlogo\",\"inLanguage\":\"fr-FR\",\"url\":\"https:\/\/secure.gravatar.com\/avatar\/1d8d5118b9327d94da7cd4ce7f17fec2?s=96&d=mm&r=g\",\"contentUrl\":\"https:\/\/secure.gravatar.com\/avatar\/1d8d5118b9327d94da7cd4ce7f17fec2?s=96&d=mm&r=g\",\"caption\":\"CK\"},\"sameAs\":[\"https:\/\/www.nettali.com\"]}]}<\/script>\n<!-- \/ Yoast SEO Premium plugin. -->","yoast_head_json":{"title":"EN COULISSES - Profil bas ! | Nettali.com","robots":{"index":"index","follow":"follow","max-snippet":"max-snippet:-1","max-image-preview":"max-image-preview:large","max-video-preview":"max-video-preview:-1"},"canonical":"https:\/\/www.nettali.com\/2023\/01\/14\/en-coulisses-profil-bas\/","og_locale":"fr_FR","og_type":"article","og_title":"EN COULISSES - Profil bas !","og_description":"NETTALI.COM - Au cours de l'\u00e9mission \"jakarloo\" de ce vendredi 13 janvier o\u00f9 il a \u00e9t\u00e9 question de l'accident de Sikilo qui a enregistr\u00e9 41 morts et une centaine de bless\u00e9s, Gora Khouma, le syndicaliste tr\u00e8s enclin \u00e0 d\u00e9fendre les transporteurs, a cette fois ci fait profil bas dans la partie introductive de l'\u00e9mission dirig\u00e9e [&hellip;]","og_url":"https:\/\/www.nettali.com\/2023\/01\/14\/en-coulisses-profil-bas\/","og_site_name":"Nettali.com","article_publisher":"https:\/\/www.facebook.com\/nettalicom","article_published_time":"2023-01-14T01:39:30+00:00","og_image":[{"width":1280,"height":720,"url":"https:\/\/www.nettali.com\/wp-content\/uploads\/2023\/01\/Gora-Khouma.jpg","type":"image\/jpeg"}],"twitter_card":"summary_large_image","twitter_misc":{"\u00c9crit par":"CK","Dur\u00e9e de lecture estim\u00e9e":"1 minute"},"schema":{"@context":"https:\/\/schema.org","@graph":[{"@type":"WebSite","@id":"https:\/\/www.nettali.com\/#website","url":"https:\/\/www.nettali.com\/","name":"Nettali.com","description":"Le rendez-vous critique du Net","potentialAction":[{"@type":"SearchAction","target":{"@type":"EntryPoint","urlTemplate":"https:\/\/www.nettali.com\/?s={search_term_string}"},"query-input":"required name=search_term_string"}],"inLanguage":"fr-FR"},{"@type":"ImageObject","@id":"https:\/\/www.nettali.com\/2023\/01\/14\/en-coulisses-profil-bas\/#primaryimage","inLanguage":"fr-FR","url":"https:\/\/www.nettali.com\/wp-content\/uploads\/2023\/01\/Gora-Khouma.jpg","contentUrl":"https:\/\/www.nettali.com\/wp-content\/uploads\/2023\/01\/Gora-Khouma.jpg","width":1280,"height":720},{"@type":"WebPage","@id":"https:\/\/www.nettali.com\/2023\/01\/14\/en-coulisses-profil-bas\/#webpage","url":"https:\/\/www.nettali.com\/2023\/01\/14\/en-coulisses-profil-bas\/","name":"EN COULISSES - Profil bas ! | Nettali.com","isPartOf":{"@id":"https:\/\/www.nettali.com\/#website"},"primaryImageOfPage":{"@id":"https:\/\/www.nettali.com\/2023\/01\/14\/en-coulisses-profil-bas\/#primaryimage"},"datePublished":"2023-01-14T01:39:30+00:00","dateModified":"2023-01-14T01:39:30+00:00","author":{"@id":"https:\/\/www.nettali.com\/#\/schema\/person\/d8ac7b7e27ddad43f1c0d2ef090d7f71"},"breadcrumb":{"@id":"https:\/\/www.nettali.com\/2023\/01\/14\/en-coulisses-profil-bas\/#breadcrumb"},"inLanguage":"fr-FR","potentialAction":[{"@type":"ReadAction","target":["https:\/\/www.nettali.com\/2023\/01\/14\/en-coulisses-profil-bas\/"]}]},{"@type":"BreadcrumbList","@id":"https:\/\/www.nettali.com\/2023\/01\/14\/en-coulisses-profil-bas\/#breadcrumb","itemListElement":[{"@type":"ListItem","position":1,"name":"Accueil","item":"https:\/\/www.nettali.com\/"},{"@type":"ListItem","position":2,"name":"EN COULISSES - Profil bas !"}]},{"@type":"Person","@id":"https:\/\/www.nettali.com\/#\/schema\/person\/d8ac7b7e27ddad43f1c0d2ef090d7f71","name":"CK","image":{"@type":"ImageObject","@id":"https:\/\/www.nettali.com\/#personlogo","inLanguage":"fr-FR","url":"https:\/\/secure.gravatar.com\/avatar\/1d8d5118b9327d94da7cd4ce7f17fec2?s=96&d=mm&r=g","contentUrl":"https:\/\/secure.gravatar.com\/avatar\/1d8d5118b9327d94da7cd4ce7f17fec2?s=96&d=mm&r=g","caption":"CK"},"sameAs":["https:\/\/www.nettali.com"]}]}},"_links":{"self":[{"href":"https:\/\/www.nettali.com\/rest\/wp\/v2\/posts\/101816"}],"collection":[{"href":"https:\/\/www.nettali.com\/rest\/wp\/v2\/posts"}],"about":[{"href":"https:\/\/www.nettali.com\/rest\/wp\/v2\/types\/post"}],"author":[{"embeddable":true,"href":"https:\/\/www.nettali.com\/rest\/wp\/v2\/users\/2"}],"replies":[{"embeddable":true,"href":"https:\/\/www.nettali.com\/rest\/wp\/v2\/comments?post=101816"}],"version-history":[{"count":1,"href":"https:\/\/www.nettali.com\/rest\/wp\/v2\/posts\/101816\/revisions"}],"predecessor-version":[{"id":101817,"href":"https:\/\/www.nettali.com\/rest\/wp\/v2\/posts\/101816\/revisions\/101817"}],"wp:featuredmedia":[{"embeddable":true,"href":"https:\/\/www.nettali.com\/rest\/wp\/v2\/media\/101818"}],"wp:attachment":[{"href":"https:\/\/www.nettali.com\/rest\/wp\/v2\/media?parent=101816"}],"wp:term":[{"taxonomy":"category","embeddable":true,"href":"https:\/\/www.nettali.com\/rest\/wp\/v2\/categories?post=101816"},{"taxonomy":"post_tag","embeddable":true,"href":"https:\/\/www.nettali.com\/rest\/wp\/v2\/tags?post=101816"}],"curies":[{"name":"wp","href":"https:\/\/api.w.org\/{rel}","templated":true}]}}