{"id":101695,"date":"2023-01-12T14:45:58","date_gmt":"2023-01-12T14:45:58","guid":{"rendered":"https:\/\/www.nettali.com\/?p=101695"},"modified":"2023-01-12T14:45:58","modified_gmt":"2023-01-12T14:45:58","slug":"justice-le-senegal-enregistre-ses-2-premiers-inculpes-sous-bracelet-electronique","status":"publish","type":"post","link":"https:\/\/www.nettali.com\/2023\/01\/12\/justice-le-senegal-enregistre-ses-2-premiers-inculpes-sous-bracelet-electronique\/","title":{"rendered":"JUSTICE - Le S\u00e9n\u00e9gal enregistre ses 2 premiers inculp\u00e9s sous bracelet \u00e9lectronique"},"content":{"rendered":"<p><strong>NETTALI.COM - La justice s\u00e9n\u00e9galaise a pour la premi\u00e8re fois plac\u00e9 deux inculp\u00e9s sous bracelet \u00e9lectronique au lieu de les envoyer en prison, inaugurant ainsi le dispositif mis en place pour d\u00e9sengorger les lieux de d\u00e9tention, a-t-on appris jeudi 12 janvier aupr\u00e8s du minist\u00e8re de la justice.<\/strong><\/p>\n<p class=\"article__paragraph \">Deux inculp\u00e9s ont \u00e9t\u00e9 plac\u00e9s sous bracelet \u00e9lectronique mercredi par le tribunal de Pikine-Gu\u00e9diawaye (banlieue de Dakar), ont affirm\u00e9 \u00e0 l\u2019AFP un responsable au minist\u00e8re de la Justice et un autre du centre charg\u00e9 de surveiller les personnes soumises \u00e0 ce dispositif, confirmant une information de m\u00e9dias locaux. Le minist\u00e8re et le centre n\u2019ont pas donn\u00e9 plus de d\u00e9tails.<\/p>\n<p class=\"article__paragraph \">Les deux personnes sous bracelet \u00e9lectronique sont inculp\u00e9es pour <em>\u00ab\u00a0association de malfaiteurs, tentative d\u2019escroquerie et usage de faux dans un document administratif\u00a0\u00bb<\/em>, a rapport\u00e9 jeudi le quotidien <em>L\u2019Observateur<\/em>. Elles vont porter le bracelet en attendant que l\u2019instruction continue dans cette affaire.<\/p>\n<h2 class=\"article__sub-title\">Une premi\u00e8re en Afrique de l\u2019Ouest<\/h2>\n<p class=\"article__paragraph \">Le S\u00e9n\u00e9gal a inaugur\u00e9 mi-novembre \u00e0 Dakar le centre charg\u00e9 de surveiller les personnes sous bracelet \u00e9lectronique, une premi\u00e8re en Afrique de l\u2019Ouest. Le pays \u00e9voque depuis 2018 l\u2019introduction du bracelet \u00e9lectronique comme alternative \u00e0 la prison. Elle a \u00e9t\u00e9 approuv\u00e9e en juillet\u00a02020 par les d\u00e9put\u00e9s. Les personnes condamn\u00e9es pour viol, p\u00e9docriminalit\u00e9 et trafic de drogue sont exclues du champ d\u2019application.<\/p>\n<div id=\"inread_top\" class=\"dfp-slot dfp__slot dfp__inread\" style=\"display: none;\" data-format=\"inread_top\" aria-hidden=\"true\" data-google-query-id=\"CIn8uO6hwvwCFWN-0wodc4EB7A\">\n<div id=\"google_ads_iframe_\/128139881\/LM_lemonde\/afrique\/afrique\/article\/inread_top_0__container__\" style=\"border: 0pt none; width: 2px; height: 0px;\"><\/div>\n<\/div>\n<p class=\"article__paragraph \">Le recours \u00e0 cette technologie a suscit\u00e9 des r\u00e9ticences parmi les professionnels de la justice ou les d\u00e9fenseurs des droits. Les r\u00e9serves portent sur la capacit\u00e9 du syst\u00e8me judiciaire de ce pays peu d\u00e9velopp\u00e9 \u00e0 appliquer la mesure, sur l\u2019acc\u00e8s in\u00e9gal aux moyens de communication permettant de la mettre en \u0153uvre ou sur l\u2019\u00e9quit\u00e9 entre justiciables qui en b\u00e9n\u00e9ficieraient ou pas.<\/p>\n<p>&nbsp;<\/p>\n<p class=\"article__paragraph \">Des d\u00e9fenseurs des droits disent en outre que le bracelet ne doit pas devenir la solution au probl\u00e8me de fond d\u2019un recours disproportionn\u00e9 au mandat de d\u00e9p\u00f4t. Les d\u00e9fenseurs des droits humains d\u00e9noncent r\u00e9guli\u00e8rement les conditions de d\u00e9tention et la surpopulation dans les prisons s\u00e9n\u00e9galaises, le recours quasiment syst\u00e9matique au placement sous mandat de d\u00e9p\u00f4t et la dur\u00e9e des d\u00e9tentions provisoires.<\/p>\n<div class='share-to-whatsapp-wrapper'><div class='share-on-whsp'>PARTAGER SUR : <\/div><a data-text='JUSTICE - Le S\u00e9n\u00e9gal enregistre ses 2 premiers inculp\u00e9s sous bracelet \u00e9lectronique' data-link='https:\/\/www.nettali.com\/2023\/01\/12\/justice-le-senegal-enregistre-ses-2-premiers-inculpes-sous-bracelet-electronique\/' class='whatsapp-button whatsapp-share'>WhatsApp<\/a><div class='clear '><\/div><\/div>","protected":false},"excerpt":{"rendered":"<p>NETTALI.COM - La justice s\u00e9n\u00e9galaise a pour la premi\u00e8re fois plac\u00e9 deux inculp\u00e9s sous bracelet \u00e9lectronique au lieu de les envoyer en prison, inaugurant ainsi le dispositif mis en place pour d\u00e9sengorger les lieux de d\u00e9tention, a-t-on appris jeudi 12 janvier aupr\u00e8s du minist\u00e8re de la justice. Deux inculp\u00e9s ont \u00e9t\u00e9 plac\u00e9s sous bracelet \u00e9lectronique [&hellip;]<\/p>\n","protected":false},"author":4,"featured_media":36942,"comment_status":"open","ping_status":"open","sticky":false,"template":"","format":"standard","meta":{"_et_pb_use_builder":"","_et_pb_old_content":""},"categories":[3],"tags":[],"yoast_head":"<!-- This site is optimized with the Yoast SEO Premium plugin v17.8 (Yoast SEO v17.8) - https:\/\/yoast.com\/wordpress\/plugins\/seo\/ -->\n<title>JUSTICE - Le S\u00e9n\u00e9gal enregistre ses 2 premiers inculp\u00e9s sous bracelet \u00e9lectronique | Nettali.com<\/title>\n<meta name=\"robots\" content=\"index, follow, max-snippet:-1, max-image-preview:large, max-video-preview:-1\" \/>\n<link rel=\"canonical\" href=\"https:\/\/www.nettali.com\/2023\/01\/12\/justice-le-senegal-enregistre-ses-2-premiers-inculpes-sous-bracelet-electronique\/\" \/>\n<meta property=\"og:locale\" content=\"fr_FR\" \/>\n<meta property=\"og:type\" content=\"article\" \/>\n<meta property=\"og:title\" content=\"JUSTICE - Le S\u00e9n\u00e9gal enregistre ses 2 premiers inculp\u00e9s sous bracelet \u00e9lectronique\" \/>\n<meta property=\"og:description\" content=\"NETTALI.COM - La justice s\u00e9n\u00e9galaise a pour la premi\u00e8re fois plac\u00e9 deux inculp\u00e9s sous bracelet \u00e9lectronique au lieu de les envoyer en prison, inaugurant ainsi le dispositif mis en place pour d\u00e9sengorger les lieux de d\u00e9tention, a-t-on appris jeudi 12 janvier aupr\u00e8s du minist\u00e8re de la justice. Deux inculp\u00e9s ont \u00e9t\u00e9 plac\u00e9s sous bracelet \u00e9lectronique [&hellip;]\" \/>\n<meta property=\"og:url\" content=\"https:\/\/www.nettali.com\/2023\/01\/12\/justice-le-senegal-enregistre-ses-2-premiers-inculpes-sous-bracelet-electronique\/\" \/>\n<meta property=\"og:site_name\" content=\"Nettali.com\" \/>\n<meta property=\"article:publisher\" content=\"https:\/\/www.facebook.com\/nettalicom\" \/>\n<meta property=\"article:published_time\" content=\"2023-01-12T14:45:58+00:00\" \/>\n<meta property=\"og:image\" content=\"https:\/\/www.nettali.com\/wp-content\/uploads\/2020\/05\/Bracelet-electronique.jpg\" \/>\n\t<meta property=\"og:image:width\" content=\"870\" \/>\n\t<meta property=\"og:image:height\" content=\"489\" \/>\n<meta name=\"twitter:card\" content=\"summary_large_image\" \/>\n<meta name=\"twitter:label1\" content=\"\u00c9crit par\" \/>\n\t<meta name=\"twitter:data1\" content=\"Daouda\" \/>\n\t<meta name=\"twitter:label2\" content=\"Dur\u00e9e de lecture estim\u00e9e\" \/>\n\t<meta name=\"twitter:data2\" content=\"2 minutes\" \/>\n<script type=\"application\/ld+json\" class=\"yoast-schema-graph\">{\"@context\":\"https:\/\/schema.org\",\"@graph\":[{\"@type\":\"WebSite\",\"@id\":\"https:\/\/www.nettali.com\/#website\",\"url\":\"https:\/\/www.nettali.com\/\",\"name\":\"Nettali.com\",\"description\":\"Le rendez-vous critique du Net\",\"potentialAction\":[{\"@type\":\"SearchAction\",\"target\":{\"@type\":\"EntryPoint\",\"urlTemplate\":\"https:\/\/www.nettali.com\/?s={search_term_string}\"},\"query-input\":\"required name=search_term_string\"}],\"inLanguage\":\"fr-FR\"},{\"@type\":\"ImageObject\",\"@id\":\"https:\/\/www.nettali.com\/2023\/01\/12\/justice-le-senegal-enregistre-ses-2-premiers-inculpes-sous-bracelet-electronique\/#primaryimage\",\"inLanguage\":\"fr-FR\",\"url\":\"https:\/\/www.nettali.com\/wp-content\/uploads\/2020\/05\/Bracelet-electronique.jpg\",\"contentUrl\":\"https:\/\/www.nettali.com\/wp-content\/uploads\/2020\/05\/Bracelet-electronique.jpg\",\"width\":870,\"height\":489},{\"@type\":\"WebPage\",\"@id\":\"https:\/\/www.nettali.com\/2023\/01\/12\/justice-le-senegal-enregistre-ses-2-premiers-inculpes-sous-bracelet-electronique\/#webpage\",\"url\":\"https:\/\/www.nettali.com\/2023\/01\/12\/justice-le-senegal-enregistre-ses-2-premiers-inculpes-sous-bracelet-electronique\/\",\"name\":\"JUSTICE - Le S\\u00e9n\\u00e9gal enregistre ses 2 premiers inculp\\u00e9s sous bracelet \\u00e9lectronique | Nettali.com\",\"isPartOf\":{\"@id\":\"https:\/\/www.nettali.com\/#website\"},\"primaryImageOfPage\":{\"@id\":\"https:\/\/www.nettali.com\/2023\/01\/12\/justice-le-senegal-enregistre-ses-2-premiers-inculpes-sous-bracelet-electronique\/#primaryimage\"},\"datePublished\":\"2023-01-12T14:45:58+00:00\",\"dateModified\":\"2023-01-12T14:45:58+00:00\",\"author\":{\"@id\":\"https:\/\/www.nettali.com\/#\/schema\/person\/3317e0bb3aa1da309fbf7b2780901bf4\"},\"breadcrumb\":{\"@id\":\"https:\/\/www.nettali.com\/2023\/01\/12\/justice-le-senegal-enregistre-ses-2-premiers-inculpes-sous-bracelet-electronique\/#breadcrumb\"},\"inLanguage\":\"fr-FR\",\"potentialAction\":[{\"@type\":\"ReadAction\",\"target\":[\"https:\/\/www.nettali.com\/2023\/01\/12\/justice-le-senegal-enregistre-ses-2-premiers-inculpes-sous-bracelet-electronique\/\"]}]},{\"@type\":\"BreadcrumbList\",\"@id\":\"https:\/\/www.nettali.com\/2023\/01\/12\/justice-le-senegal-enregistre-ses-2-premiers-inculpes-sous-bracelet-electronique\/#breadcrumb\",\"itemListElement\":[{\"@type\":\"ListItem\",\"position\":1,\"name\":\"Accueil\",\"item\":\"https:\/\/www.nettali.com\/\"},{\"@type\":\"ListItem\",\"position\":2,\"name\":\"JUSTICE - Le S\\u00e9n\\u00e9gal enregistre ses 2 premiers inculp\\u00e9s sous bracelet \\u00e9lectronique\"}]},{\"@type\":\"Person\",\"@id\":\"https:\/\/www.nettali.com\/#\/schema\/person\/3317e0bb3aa1da309fbf7b2780901bf4\",\"name\":\"Daouda\",\"image\":{\"@type\":\"ImageObject\",\"@id\":\"https:\/\/www.nettali.com\/#personlogo\",\"inLanguage\":\"fr-FR\",\"url\":\"https:\/\/secure.gravatar.com\/avatar\/8d143b5a49345098ddcfee1c49c2f47c?s=96&d=mm&r=g\",\"contentUrl\":\"https:\/\/secure.gravatar.com\/avatar\/8d143b5a49345098ddcfee1c49c2f47c?s=96&d=mm&r=g\",\"caption\":\"Daouda\"},\"sameAs\":[\"https:\/\/www.nettali.com\"]}]}<\/script>\n<!-- \/ Yoast SEO Premium plugin. -->","yoast_head_json":{"title":"JUSTICE - Le S\u00e9n\u00e9gal enregistre ses 2 premiers inculp\u00e9s sous bracelet \u00e9lectronique | Nettali.com","robots":{"index":"index","follow":"follow","max-snippet":"max-snippet:-1","max-image-preview":"max-image-preview:large","max-video-preview":"max-video-preview:-1"},"canonical":"https:\/\/www.nettali.com\/2023\/01\/12\/justice-le-senegal-enregistre-ses-2-premiers-inculpes-sous-bracelet-electronique\/","og_locale":"fr_FR","og_type":"article","og_title":"JUSTICE - Le S\u00e9n\u00e9gal enregistre ses 2 premiers inculp\u00e9s sous bracelet \u00e9lectronique","og_description":"NETTALI.COM - La justice s\u00e9n\u00e9galaise a pour la premi\u00e8re fois plac\u00e9 deux inculp\u00e9s sous bracelet \u00e9lectronique au lieu de les envoyer en prison, inaugurant ainsi le dispositif mis en place pour d\u00e9sengorger les lieux de d\u00e9tention, a-t-on appris jeudi 12 janvier aupr\u00e8s du minist\u00e8re de la justice. Deux inculp\u00e9s ont \u00e9t\u00e9 plac\u00e9s sous bracelet \u00e9lectronique [&hellip;]","og_url":"https:\/\/www.nettali.com\/2023\/01\/12\/justice-le-senegal-enregistre-ses-2-premiers-inculpes-sous-bracelet-electronique\/","og_site_name":"Nettali.com","article_publisher":"https:\/\/www.facebook.com\/nettalicom","article_published_time":"2023-01-12T14:45:58+00:00","og_image":[{"width":870,"height":489,"url":"https:\/\/www.nettali.com\/wp-content\/uploads\/2020\/05\/Bracelet-electronique.jpg","type":"image\/jpeg"}],"twitter_card":"summary_large_image","twitter_misc":{"\u00c9crit par":"Daouda","Dur\u00e9e de lecture estim\u00e9e":"2 minutes"},"schema":{"@context":"https:\/\/schema.org","@graph":[{"@type":"WebSite","@id":"https:\/\/www.nettali.com\/#website","url":"https:\/\/www.nettali.com\/","name":"Nettali.com","description":"Le rendez-vous critique du Net","potentialAction":[{"@type":"SearchAction","target":{"@type":"EntryPoint","urlTemplate":"https:\/\/www.nettali.com\/?s={search_term_string}"},"query-input":"required name=search_term_string"}],"inLanguage":"fr-FR"},{"@type":"ImageObject","@id":"https:\/\/www.nettali.com\/2023\/01\/12\/justice-le-senegal-enregistre-ses-2-premiers-inculpes-sous-bracelet-electronique\/#primaryimage","inLanguage":"fr-FR","url":"https:\/\/www.nettali.com\/wp-content\/uploads\/2020\/05\/Bracelet-electronique.jpg","contentUrl":"https:\/\/www.nettali.com\/wp-content\/uploads\/2020\/05\/Bracelet-electronique.jpg","width":870,"height":489},{"@type":"WebPage","@id":"https:\/\/www.nettali.com\/2023\/01\/12\/justice-le-senegal-enregistre-ses-2-premiers-inculpes-sous-bracelet-electronique\/#webpage","url":"https:\/\/www.nettali.com\/2023\/01\/12\/justice-le-senegal-enregistre-ses-2-premiers-inculpes-sous-bracelet-electronique\/","name":"JUSTICE - Le S\u00e9n\u00e9gal enregistre ses 2 premiers inculp\u00e9s sous bracelet \u00e9lectronique | Nettali.com","isPartOf":{"@id":"https:\/\/www.nettali.com\/#website"},"primaryImageOfPage":{"@id":"https:\/\/www.nettali.com\/2023\/01\/12\/justice-le-senegal-enregistre-ses-2-premiers-inculpes-sous-bracelet-electronique\/#primaryimage"},"datePublished":"2023-01-12T14:45:58+00:00","dateModified":"2023-01-12T14:45:58+00:00","author":{"@id":"https:\/\/www.nettali.com\/#\/schema\/person\/3317e0bb3aa1da309fbf7b2780901bf4"},"breadcrumb":{"@id":"https:\/\/www.nettali.com\/2023\/01\/12\/justice-le-senegal-enregistre-ses-2-premiers-inculpes-sous-bracelet-electronique\/#breadcrumb"},"inLanguage":"fr-FR","potentialAction":[{"@type":"ReadAction","target":["https:\/\/www.nettali.com\/2023\/01\/12\/justice-le-senegal-enregistre-ses-2-premiers-inculpes-sous-bracelet-electronique\/"]}]},{"@type":"BreadcrumbList","@id":"https:\/\/www.nettali.com\/2023\/01\/12\/justice-le-senegal-enregistre-ses-2-premiers-inculpes-sous-bracelet-electronique\/#breadcrumb","itemListElement":[{"@type":"ListItem","position":1,"name":"Accueil","item":"https:\/\/www.nettali.com\/"},{"@type":"ListItem","position":2,"name":"JUSTICE - Le S\u00e9n\u00e9gal enregistre ses 2 premiers inculp\u00e9s sous bracelet \u00e9lectronique"}]},{"@type":"Person","@id":"https:\/\/www.nettali.com\/#\/schema\/person\/3317e0bb3aa1da309fbf7b2780901bf4","name":"Daouda","image":{"@type":"ImageObject","@id":"https:\/\/www.nettali.com\/#personlogo","inLanguage":"fr-FR","url":"https:\/\/secure.gravatar.com\/avatar\/8d143b5a49345098ddcfee1c49c2f47c?s=96&d=mm&r=g","contentUrl":"https:\/\/secure.gravatar.com\/avatar\/8d143b5a49345098ddcfee1c49c2f47c?s=96&d=mm&r=g","caption":"Daouda"},"sameAs":["https:\/\/www.nettali.com"]}]}},"_links":{"self":[{"href":"https:\/\/www.nettali.com\/rest\/wp\/v2\/posts\/101695"}],"collection":[{"href":"https:\/\/www.nettali.com\/rest\/wp\/v2\/posts"}],"about":[{"href":"https:\/\/www.nettali.com\/rest\/wp\/v2\/types\/post"}],"author":[{"embeddable":true,"href":"https:\/\/www.nettali.com\/rest\/wp\/v2\/users\/4"}],"replies":[{"embeddable":true,"href":"https:\/\/www.nettali.com\/rest\/wp\/v2\/comments?post=101695"}],"version-history":[{"count":1,"href":"https:\/\/www.nettali.com\/rest\/wp\/v2\/posts\/101695\/revisions"}],"predecessor-version":[{"id":101696,"href":"https:\/\/www.nettali.com\/rest\/wp\/v2\/posts\/101695\/revisions\/101696"}],"wp:featuredmedia":[{"embeddable":true,"href":"https:\/\/www.nettali.com\/rest\/wp\/v2\/media\/36942"}],"wp:attachment":[{"href":"https:\/\/www.nettali.com\/rest\/wp\/v2\/media?parent=101695"}],"wp:term":[{"taxonomy":"category","embeddable":true,"href":"https:\/\/www.nettali.com\/rest\/wp\/v2\/categories?post=101695"},{"taxonomy":"post_tag","embeddable":true,"href":"https:\/\/www.nettali.com\/rest\/wp\/v2\/tags?post=101695"}],"curies":[{"name":"wp","href":"https:\/\/api.w.org\/{rel}","templated":true}]}}