{"id":101690,"date":"2023-01-12T14:09:26","date_gmt":"2023-01-12T14:09:26","guid":{"rendered":"https:\/\/www.nettali.com\/?p=101690"},"modified":"2023-01-13T14:41:55","modified_gmt":"2023-01-13T14:41:55","slug":"interdiction-du-transport-public-interurbain-de-23-h-a-05-h-les-details-de-larrete-du-gouvernement","status":"publish","type":"post","link":"https:\/\/www.nettali.com\/2023\/01\/12\/interdiction-du-transport-public-interurbain-de-23-h-a-05-h-les-details-de-larrete-du-gouvernement\/","title":{"rendered":"INTERDICTION DU TRANSPORT PUBLIC INTERURBAIN DE 23 H \u00c0 05 H - Les d\u00e9tails de l'arr\u00eat\u00e9 du gouvernement"},"content":{"rendered":"<p class=\"summary_label\"><strong>NETTALI.COM - Comme annonc\u00e9, l\u2019Etat du S\u00e9n\u00e9gal a sign\u00e9 l\u2019arr\u00eat\u00e9 qui interdit le transport public interurbain de personnes entre 23 heures et 05 heures.\u00a0<\/strong><\/p>\n<div id=\"printable\" class=\"text_body\">\n<p>Mansour Faye, le ministre des infrastructures et des transports terrestres et le ministre de l'Int\u00e9rieur, Antoine Felix Diome ont sign\u00e9 un arr\u00eat\u00e9 interdisant le transport interurbain en commun de 23 heures \u00e0 5 heures du matin. Durant les heures d'interdiction de circulation des v\u00e9hicules de transport public interurbain de personnes, l'arr\u00eat et le stationnement sur les axes interurbains sont interdits.<\/p>\n<p>En effet, dans le texte, les heures d'ouverture et de fermeture des gares routi\u00e8res interurbaines publiques et priv\u00e9es sont sp\u00e9cifi\u00e9es. L\u2019heure d\u2019ouverture est fix\u00e9e \u00e0 05heures du matin et l\u2019heure de fermeture \u00e0 \u00a023 heures.<\/p>\n<p>Mieux, l\u2019Etat met dans son texte que l'exploitant de la gare routi\u00e8re devra proc\u00e9der \u00e0 l'ouverture et \u00e0 la fermeture des acc\u00e8s au site par les moyens appropri\u00e9s. Les gouverneurs de r\u00e9gions, le Haut Commandant de la Gendarmerie ou encore le Directeur g\u00e9n\u00e9ral de la Police nationale devront assurer l\u2019application de la mesure.<\/p>\n<\/div>\n\n\t\t<style type=\"text\/css\">\n\t\t\t#gallery-1 {\n\t\t\t\tmargin: auto;\n\t\t\t}\n\t\t\t#gallery-1 .gallery-item {\n\t\t\t\tfloat: left;\n\t\t\t\tmargin-top: 10px;\n\t\t\t\ttext-align: center;\n\t\t\t\twidth: 100%;\n\t\t\t}\n\t\t\t#gallery-1 img {\n\t\t\t\tborder: 2px solid #cfcfcf;\n\t\t\t}\n\t\t\t#gallery-1 .gallery-caption {\n\t\t\t\tmargin-left: 0;\n\t\t\t}\n\t\t\t\/* see gallery_shortcode() in wp-includes\/media.php *\/\n\t\t<\/style>\n\t\t<div id='gallery-1' class='gallery galleryid-101690 gallery-columns-1 gallery-size-full'><dl class='gallery-item'>\n\t\t\t<dt class='gallery-icon portrait'>\n\t\t\t\t<a href='https:\/\/www.nettali.com\/2023\/01\/12\/interdiction-du-transport-public-interurbain-de-23-h-a-05-h-les-details-de-larrete-du-gouvernement\/whatsapp-image-2023-01-12-at-13-33-11\/'><img width=\"582\" height=\"844\" src=\"https:\/\/www.nettali.com\/wp-content\/uploads\/2023\/01\/WhatsApp-Image-2023-01-12-at-13.33.11.jpeg\" class=\"attachment-full size-full\" alt=\"\" loading=\"lazy\" srcset=\"https:\/\/www.nettali.com\/wp-content\/uploads\/2023\/01\/WhatsApp-Image-2023-01-12-at-13.33.11.jpeg 582w, https:\/\/www.nettali.com\/wp-content\/uploads\/2023\/01\/WhatsApp-Image-2023-01-12-at-13.33.11-207x300.jpeg 207w\" sizes=\"(max-width: 582px) 100vw, 582px\" \/><\/a>\n\t\t\t<\/dt><\/dl><br style=\"clear: both\" \/><dl class='gallery-item'>\n\t\t\t<dt class='gallery-icon portrait'>\n\t\t\t\t<a href='https:\/\/www.nettali.com\/2023\/01\/12\/interdiction-du-transport-public-interurbain-de-23-h-a-05-h-les-details-de-larrete-du-gouvernement\/whatsapp-image-2023-01-12-at-13-33-12\/'><img width=\"584\" height=\"832\" src=\"https:\/\/www.nettali.com\/wp-content\/uploads\/2023\/01\/WhatsApp-Image-2023-01-12-at-13.33.12.jpeg\" class=\"attachment-full size-full\" alt=\"\" loading=\"lazy\" srcset=\"https:\/\/www.nettali.com\/wp-content\/uploads\/2023\/01\/WhatsApp-Image-2023-01-12-at-13.33.12.jpeg 584w, https:\/\/www.nettali.com\/wp-content\/uploads\/2023\/01\/WhatsApp-Image-2023-01-12-at-13.33.12-211x300.jpeg 211w\" sizes=\"(max-width: 584px) 100vw, 584px\" \/><\/a>\n\t\t\t<\/dt><\/dl><br style=\"clear: both\" \/>\n\t\t<\/div>\n\n<div class='share-to-whatsapp-wrapper'><div class='share-on-whsp'>PARTAGER SUR : <\/div><a data-text='INTERDICTION DU TRANSPORT PUBLIC INTERURBAIN DE 23 H \u00c0 05 H - Les d\u00e9tails de l'arr\u00eat\u00e9 du gouvernement' data-link='https:\/\/www.nettali.com\/2023\/01\/12\/interdiction-du-transport-public-interurbain-de-23-h-a-05-h-les-details-de-larrete-du-gouvernement\/' class='whatsapp-button whatsapp-share'>WhatsApp<\/a><div class='clear '><\/div><\/div>","protected":false},"excerpt":{"rendered":"<p>NETTALI.COM - Comme annonc\u00e9, l\u2019Etat du S\u00e9n\u00e9gal a sign\u00e9 l\u2019arr\u00eat\u00e9 qui interdit le transport public interurbain de personnes entre 23 heures et 05 heures.\u00a0 Mansour Faye, le ministre des infrastructures et des transports terrestres et le ministre de l'Int\u00e9rieur, Antoine Felix Diome ont sign\u00e9 un arr\u00eat\u00e9 interdisant le transport interurbain en commun de 23 heures [&hellip;]<\/p>\n","protected":false},"author":4,"featured_media":101693,"comment_status":"open","ping_status":"open","sticky":false,"template":"","format":"standard","meta":{"_et_pb_use_builder":"","_et_pb_old_content":""},"categories":[3],"tags":[],"yoast_head":"<!-- This site is optimized with the Yoast SEO Premium plugin v17.8 (Yoast SEO v17.8) - https:\/\/yoast.com\/wordpress\/plugins\/seo\/ -->\n<title>INTERDICTION DU TRANSPORT PUBLIC INTERURBAIN DE 23 H \u00c0 05 H - Les d\u00e9tails de l&#039;arr\u00eat\u00e9 du gouvernement | Nettali.com<\/title>\n<meta name=\"robots\" content=\"index, follow, max-snippet:-1, max-image-preview:large, max-video-preview:-1\" \/>\n<link rel=\"canonical\" href=\"https:\/\/www.nettali.com\/2023\/01\/12\/interdiction-du-transport-public-interurbain-de-23-h-a-05-h-les-details-de-larrete-du-gouvernement\/\" \/>\n<meta property=\"og:locale\" content=\"fr_FR\" \/>\n<meta property=\"og:type\" content=\"article\" \/>\n<meta property=\"og:title\" content=\"INTERDICTION DU TRANSPORT PUBLIC INTERURBAIN DE 23 H \u00c0 05 H - Les d\u00e9tails de l&#039;arr\u00eat\u00e9 du gouvernement\" \/>\n<meta property=\"og:description\" content=\"NETTALI.COM - Comme annonc\u00e9, l\u2019Etat du S\u00e9n\u00e9gal a sign\u00e9 l\u2019arr\u00eat\u00e9 qui interdit le transport public interurbain de personnes entre 23 heures et 05 heures.\u00a0 Mansour Faye, le ministre des infrastructures et des transports terrestres et le ministre de l&#039;Int\u00e9rieur, Antoine Felix Diome ont sign\u00e9 un arr\u00eat\u00e9 interdisant le transport interurbain en commun de 23 heures [&hellip;]\" \/>\n<meta property=\"og:url\" content=\"https:\/\/www.nettali.com\/2023\/01\/12\/interdiction-du-transport-public-interurbain-de-23-h-a-05-h-les-details-de-larrete-du-gouvernement\/\" \/>\n<meta property=\"og:site_name\" content=\"Nettali.com\" \/>\n<meta property=\"article:publisher\" content=\"https:\/\/www.facebook.com\/nettalicom\" \/>\n<meta property=\"article:published_time\" content=\"2023-01-12T14:09:26+00:00\" \/>\n<meta property=\"article:modified_time\" content=\"2023-01-13T14:41:55+00:00\" \/>\n<meta property=\"og:image\" content=\"https:\/\/www.nettali.com\/wp-content\/uploads\/2023\/01\/mansour-faye-Antoine-Diome.jpeg\" \/>\n\t<meta property=\"og:image:width\" content=\"1072\" \/>\n\t<meta property=\"og:image:height\" content=\"618\" \/>\n<meta name=\"twitter:card\" content=\"summary_large_image\" \/>\n<meta name=\"twitter:label1\" content=\"\u00c9crit par\" \/>\n\t<meta name=\"twitter:data1\" content=\"Daouda\" \/>\n\t<meta name=\"twitter:label2\" content=\"Dur\u00e9e de lecture estim\u00e9e\" \/>\n\t<meta name=\"twitter:data2\" content=\"1 minute\" \/>\n<script type=\"application\/ld+json\" class=\"yoast-schema-graph\">{\"@context\":\"https:\/\/schema.org\",\"@graph\":[{\"@type\":\"WebSite\",\"@id\":\"https:\/\/www.nettali.com\/#website\",\"url\":\"https:\/\/www.nettali.com\/\",\"name\":\"Nettali.com\",\"description\":\"Le rendez-vous critique du Net\",\"potentialAction\":[{\"@type\":\"SearchAction\",\"target\":{\"@type\":\"EntryPoint\",\"urlTemplate\":\"https:\/\/www.nettali.com\/?s={search_term_string}\"},\"query-input\":\"required name=search_term_string\"}],\"inLanguage\":\"fr-FR\"},{\"@type\":\"ImageObject\",\"@id\":\"https:\/\/www.nettali.com\/2023\/01\/12\/interdiction-du-transport-public-interurbain-de-23-h-a-05-h-les-details-de-larrete-du-gouvernement\/#primaryimage\",\"inLanguage\":\"fr-FR\",\"url\":\"https:\/\/www.nettali.com\/wp-content\/uploads\/2023\/01\/mansour-faye-Antoine-Diome.jpeg\",\"contentUrl\":\"https:\/\/www.nettali.com\/wp-content\/uploads\/2023\/01\/mansour-faye-Antoine-Diome.jpeg\",\"width\":1072,\"height\":618},{\"@type\":\"WebPage\",\"@id\":\"https:\/\/www.nettali.com\/2023\/01\/12\/interdiction-du-transport-public-interurbain-de-23-h-a-05-h-les-details-de-larrete-du-gouvernement\/#webpage\",\"url\":\"https:\/\/www.nettali.com\/2023\/01\/12\/interdiction-du-transport-public-interurbain-de-23-h-a-05-h-les-details-de-larrete-du-gouvernement\/\",\"name\":\"INTERDICTION DU TRANSPORT PUBLIC INTERURBAIN DE 23 H \\u00c0 05 H - Les d\\u00e9tails de l'arr\\u00eat\\u00e9 du gouvernement | Nettali.com\",\"isPartOf\":{\"@id\":\"https:\/\/www.nettali.com\/#website\"},\"primaryImageOfPage\":{\"@id\":\"https:\/\/www.nettali.com\/2023\/01\/12\/interdiction-du-transport-public-interurbain-de-23-h-a-05-h-les-details-de-larrete-du-gouvernement\/#primaryimage\"},\"datePublished\":\"2023-01-12T14:09:26+00:00\",\"dateModified\":\"2023-01-13T14:41:55+00:00\",\"author\":{\"@id\":\"https:\/\/www.nettali.com\/#\/schema\/person\/3317e0bb3aa1da309fbf7b2780901bf4\"},\"breadcrumb\":{\"@id\":\"https:\/\/www.nettali.com\/2023\/01\/12\/interdiction-du-transport-public-interurbain-de-23-h-a-05-h-les-details-de-larrete-du-gouvernement\/#breadcrumb\"},\"inLanguage\":\"fr-FR\",\"potentialAction\":[{\"@type\":\"ReadAction\",\"target\":[\"https:\/\/www.nettali.com\/2023\/01\/12\/interdiction-du-transport-public-interurbain-de-23-h-a-05-h-les-details-de-larrete-du-gouvernement\/\"]}]},{\"@type\":\"BreadcrumbList\",\"@id\":\"https:\/\/www.nettali.com\/2023\/01\/12\/interdiction-du-transport-public-interurbain-de-23-h-a-05-h-les-details-de-larrete-du-gouvernement\/#breadcrumb\",\"itemListElement\":[{\"@type\":\"ListItem\",\"position\":1,\"name\":\"Accueil\",\"item\":\"https:\/\/www.nettali.com\/\"},{\"@type\":\"ListItem\",\"position\":2,\"name\":\"INTERDICTION DU TRANSPORT PUBLIC INTERURBAIN DE 23 H \\u00c0 05 H - Les d\\u00e9tails de l'arr\\u00eat\\u00e9 du gouvernement\"}]},{\"@type\":\"Person\",\"@id\":\"https:\/\/www.nettali.com\/#\/schema\/person\/3317e0bb3aa1da309fbf7b2780901bf4\",\"name\":\"Daouda\",\"image\":{\"@type\":\"ImageObject\",\"@id\":\"https:\/\/www.nettali.com\/#personlogo\",\"inLanguage\":\"fr-FR\",\"url\":\"https:\/\/secure.gravatar.com\/avatar\/8d143b5a49345098ddcfee1c49c2f47c?s=96&d=mm&r=g\",\"contentUrl\":\"https:\/\/secure.gravatar.com\/avatar\/8d143b5a49345098ddcfee1c49c2f47c?s=96&d=mm&r=g\",\"caption\":\"Daouda\"},\"sameAs\":[\"https:\/\/www.nettali.com\"]}]}<\/script>\n<!-- \/ Yoast SEO Premium plugin. -->","yoast_head_json":{"title":"INTERDICTION DU TRANSPORT PUBLIC INTERURBAIN DE 23 H \u00c0 05 H - Les d\u00e9tails de l'arr\u00eat\u00e9 du gouvernement | Nettali.com","robots":{"index":"index","follow":"follow","max-snippet":"max-snippet:-1","max-image-preview":"max-image-preview:large","max-video-preview":"max-video-preview:-1"},"canonical":"https:\/\/www.nettali.com\/2023\/01\/12\/interdiction-du-transport-public-interurbain-de-23-h-a-05-h-les-details-de-larrete-du-gouvernement\/","og_locale":"fr_FR","og_type":"article","og_title":"INTERDICTION DU TRANSPORT PUBLIC INTERURBAIN DE 23 H \u00c0 05 H - Les d\u00e9tails de l'arr\u00eat\u00e9 du gouvernement","og_description":"NETTALI.COM - Comme annonc\u00e9, l\u2019Etat du S\u00e9n\u00e9gal a sign\u00e9 l\u2019arr\u00eat\u00e9 qui interdit le transport public interurbain de personnes entre 23 heures et 05 heures.\u00a0 Mansour Faye, le ministre des infrastructures et des transports terrestres et le ministre de l'Int\u00e9rieur, Antoine Felix Diome ont sign\u00e9 un arr\u00eat\u00e9 interdisant le transport interurbain en commun de 23 heures [&hellip;]","og_url":"https:\/\/www.nettali.com\/2023\/01\/12\/interdiction-du-transport-public-interurbain-de-23-h-a-05-h-les-details-de-larrete-du-gouvernement\/","og_site_name":"Nettali.com","article_publisher":"https:\/\/www.facebook.com\/nettalicom","article_published_time":"2023-01-12T14:09:26+00:00","article_modified_time":"2023-01-13T14:41:55+00:00","og_image":[{"width":1072,"height":618,"url":"https:\/\/www.nettali.com\/wp-content\/uploads\/2023\/01\/mansour-faye-Antoine-Diome.jpeg","type":"image\/jpeg"}],"twitter_card":"summary_large_image","twitter_misc":{"\u00c9crit par":"Daouda","Dur\u00e9e de lecture estim\u00e9e":"1 minute"},"schema":{"@context":"https:\/\/schema.org","@graph":[{"@type":"WebSite","@id":"https:\/\/www.nettali.com\/#website","url":"https:\/\/www.nettali.com\/","name":"Nettali.com","description":"Le rendez-vous critique du Net","potentialAction":[{"@type":"SearchAction","target":{"@type":"EntryPoint","urlTemplate":"https:\/\/www.nettali.com\/?s={search_term_string}"},"query-input":"required name=search_term_string"}],"inLanguage":"fr-FR"},{"@type":"ImageObject","@id":"https:\/\/www.nettali.com\/2023\/01\/12\/interdiction-du-transport-public-interurbain-de-23-h-a-05-h-les-details-de-larrete-du-gouvernement\/#primaryimage","inLanguage":"fr-FR","url":"https:\/\/www.nettali.com\/wp-content\/uploads\/2023\/01\/mansour-faye-Antoine-Diome.jpeg","contentUrl":"https:\/\/www.nettali.com\/wp-content\/uploads\/2023\/01\/mansour-faye-Antoine-Diome.jpeg","width":1072,"height":618},{"@type":"WebPage","@id":"https:\/\/www.nettali.com\/2023\/01\/12\/interdiction-du-transport-public-interurbain-de-23-h-a-05-h-les-details-de-larrete-du-gouvernement\/#webpage","url":"https:\/\/www.nettali.com\/2023\/01\/12\/interdiction-du-transport-public-interurbain-de-23-h-a-05-h-les-details-de-larrete-du-gouvernement\/","name":"INTERDICTION DU TRANSPORT PUBLIC INTERURBAIN DE 23 H \u00c0 05 H - Les d\u00e9tails de l'arr\u00eat\u00e9 du gouvernement | Nettali.com","isPartOf":{"@id":"https:\/\/www.nettali.com\/#website"},"primaryImageOfPage":{"@id":"https:\/\/www.nettali.com\/2023\/01\/12\/interdiction-du-transport-public-interurbain-de-23-h-a-05-h-les-details-de-larrete-du-gouvernement\/#primaryimage"},"datePublished":"2023-01-12T14:09:26+00:00","dateModified":"2023-01-13T14:41:55+00:00","author":{"@id":"https:\/\/www.nettali.com\/#\/schema\/person\/3317e0bb3aa1da309fbf7b2780901bf4"},"breadcrumb":{"@id":"https:\/\/www.nettali.com\/2023\/01\/12\/interdiction-du-transport-public-interurbain-de-23-h-a-05-h-les-details-de-larrete-du-gouvernement\/#breadcrumb"},"inLanguage":"fr-FR","potentialAction":[{"@type":"ReadAction","target":["https:\/\/www.nettali.com\/2023\/01\/12\/interdiction-du-transport-public-interurbain-de-23-h-a-05-h-les-details-de-larrete-du-gouvernement\/"]}]},{"@type":"BreadcrumbList","@id":"https:\/\/www.nettali.com\/2023\/01\/12\/interdiction-du-transport-public-interurbain-de-23-h-a-05-h-les-details-de-larrete-du-gouvernement\/#breadcrumb","itemListElement":[{"@type":"ListItem","position":1,"name":"Accueil","item":"https:\/\/www.nettali.com\/"},{"@type":"ListItem","position":2,"name":"INTERDICTION DU TRANSPORT PUBLIC INTERURBAIN DE 23 H \u00c0 05 H - Les d\u00e9tails de l'arr\u00eat\u00e9 du gouvernement"}]},{"@type":"Person","@id":"https:\/\/www.nettali.com\/#\/schema\/person\/3317e0bb3aa1da309fbf7b2780901bf4","name":"Daouda","image":{"@type":"ImageObject","@id":"https:\/\/www.nettali.com\/#personlogo","inLanguage":"fr-FR","url":"https:\/\/secure.gravatar.com\/avatar\/8d143b5a49345098ddcfee1c49c2f47c?s=96&d=mm&r=g","contentUrl":"https:\/\/secure.gravatar.com\/avatar\/8d143b5a49345098ddcfee1c49c2f47c?s=96&d=mm&r=g","caption":"Daouda"},"sameAs":["https:\/\/www.nettali.com"]}]}},"_links":{"self":[{"href":"https:\/\/www.nettali.com\/rest\/wp\/v2\/posts\/101690"}],"collection":[{"href":"https:\/\/www.nettali.com\/rest\/wp\/v2\/posts"}],"about":[{"href":"https:\/\/www.nettali.com\/rest\/wp\/v2\/types\/post"}],"author":[{"embeddable":true,"href":"https:\/\/www.nettali.com\/rest\/wp\/v2\/users\/4"}],"replies":[{"embeddable":true,"href":"https:\/\/www.nettali.com\/rest\/wp\/v2\/comments?post=101690"}],"version-history":[{"count":1,"href":"https:\/\/www.nettali.com\/rest\/wp\/v2\/posts\/101690\/revisions"}],"predecessor-version":[{"id":101694,"href":"https:\/\/www.nettali.com\/rest\/wp\/v2\/posts\/101690\/revisions\/101694"}],"wp:featuredmedia":[{"embeddable":true,"href":"https:\/\/www.nettali.com\/rest\/wp\/v2\/media\/101693"}],"wp:attachment":[{"href":"https:\/\/www.nettali.com\/rest\/wp\/v2\/media?parent=101690"}],"wp:term":[{"taxonomy":"category","embeddable":true,"href":"https:\/\/www.nettali.com\/rest\/wp\/v2\/categories?post=101690"},{"taxonomy":"post_tag","embeddable":true,"href":"https:\/\/www.nettali.com\/rest\/wp\/v2\/tags?post=101690"}],"curies":[{"name":"wp","href":"https:\/\/api.w.org\/{rel}","templated":true}]}}