{"id":101671,"date":"2023-01-12T08:32:07","date_gmt":"2023-01-12T08:32:07","guid":{"rendered":"https:\/\/www.nettali.com\/?p=101671"},"modified":"2023-01-13T08:06:21","modified_gmt":"2023-01-13T08:06:21","slug":"rapport-cour-des-comptes-loperation-deminage-du-gouvernement","status":"publish","type":"post","link":"https:\/\/www.nettali.com\/2023\/01\/12\/rapport-cour-des-comptes-loperation-deminage-du-gouvernement\/","title":{"rendered":"RAPPORT COUR DES COMPTES - L\u2019op\u00e9ration d\u00e9minage du Gouvernement"},"content":{"rendered":"<p><strong>NETTALI.COM - Le rapport de la Cour des comptes est d\u00e9cid\u00e9ment une patate chaude entre les mains du gouvernement qui multiplie les actes et sorties pour rassurer tout le monde, notamment, les plus grands contributeurs au fonds Force covid-19. Non seulement, il s\u2019engage \u00e0 une mise en \u0153uvre de toutes les recommandations, mais aussi, il ne tarit plus d\u2019\u00e9loges sur les magistrats de la Cour des comptes, apr\u00e8s qu\u2019ils aient \u00e9t\u00e9 vou\u00e9s aux g\u00e9monies, dans un premier temps.<\/strong><\/p>\n<p>L e temps diplomatique n\u2019est certainement pas le temps politique ; encore moins celui de l\u2019opinion publique. Souvent absents lors des d\u00e9bats sur certains dossiers sensibles comme les questions politiques et les scandales financiers, le corps diplomatique a \u00e9t\u00e9 tr\u00e8s pr\u00e9sent dans le dossier des 1000 milliards du Fonds Force Covid-19, objet de l\u2019audit de la Cour des comptes qui ne cesse de d\u00e9frayer la chronique. Quand ce n\u2019est pas des membres du corps diplomatique qui t\u00e9moignent publiquement de leur indignation au vu des r\u00e9v\u00e9lations de la Cour des comptes, c\u2019est le Gouvernement qui multiplie les initiatives pour rendre des comptes et essayer de donner des gages. Outre les sorties remarquables et remarqu\u00e9es du porte-parole du Gouvernement et du ministre en charge des Finances, l\u2019histoire retiendra aussi les sorties de la cheffe de la Diplomatie. Elle, qui d\u2019habitude accorde tr\u00e8s peu d\u2019interviews, est mont\u00e9e au cr\u00e9neau pour s\u2019expliquer dans \u00e0 l\u2019\u00e9mission Grand Jury de la RFM. \u2018\u2019Assumer ce qu\u2019il faut assumer\u2019\u2019 ; \u2018\u2019r\u00e9futer ce qu\u2019il faut r\u00e9futer\u2019\u2019 : voil\u00e0 deux objectifs que revendiquait d\u2019embl\u00e9e Maitre A\u00efssata Tall Sall pour justifier la ligne de conduite du Gouvernement. Interpell\u00e9e sur une \u00e9ventuelle col\u00e8re des partenaires et une possible atteinte \u00e0 l\u2019image du S\u00e9n\u00e9gal \u00e0 l\u2019international, elle r\u00e9pondait : \u2018\u2019Je peux vous dire qu\u2019ils (les partenaires) ne sont pas f\u00e2ch\u00e9s ; en tout cas pour ceux que j\u2019ai rencontr\u00e9s et je vais continuer \u00e0 rencontrer les autres. Pas plus tard qu\u2019hier d\u2019ailleurs, le pr\u00e9sident de la R\u00e9publique me demandait d\u2019arr\u00eater un calendrier de rencontre avec l\u2019ensemble de nos partenaires, des diplomates des pays \u00e9trangers accr\u00e9dit\u00e9s \u00e0 Dakar, ainsi que d\u2019autres partenaires techniques pour leur expliquer ce qui se passe\u2026 \u2019\u2019<\/p>\n<p><strong>Quand Macky Sall demandait \u00e0 la ministre des Affaires \u00e9trang\u00e8res de rencontrer tous les partenaires pour expliquer<\/strong><\/p>\n<p>La veille, informait la ministre des Affaires \u00e9trang\u00e8res, elle avait re\u00e7u les ambassadeurs de l\u2019Union europ\u00e9enne. <em>\u2018\u2019Nous avons beaucoup parl\u00e9 de ce rapport de la Cour des comptes ; j\u2019ai donn\u00e9 la version et les \u00e9l\u00e9ments que le Gouvernement met \u00e0 la disposition des partenaires. Je peux vous dire que, non seulement, ils ont compris, mais ils ont accept\u00e9, et l\u2019exercice va continuer avec les autres. Il faut savoir que si on est l\u00e0 \u00e0 d\u00e9battre autour de ce rapport, c\u2019est parce que le Pr\u00e9sident a voulu ce rapport et sa publication\u2019<\/em>\u2019, se d\u00e9fendait la ministre. Qui pr\u00e9cise : <em>\u2018\u2019Le pr\u00e9sident de la R\u00e9publique a dit : je veux que la Cour des comptes, en plus de sa mission g\u00e9n\u00e9rale classique, fasse un audit sp\u00e9cial, particulier, sur ces fonds Force Covid. Et la Cour l\u2019a fait. Mieux, il a demand\u00e9 qu\u2019une fois que ce rapport termine, il faut le publier. Nous, dans le gouvernement, nous avons \u00e9t\u00e9 mis au courant en m\u00eame temps que l\u2019opinion de ce rapport\u2026<\/em>\u2019\u2019 Face \u00e0 ces d\u00e9clarations, le Coordonnateur du Forum Civil (Section s\u00e9n\u00e9galaise de Transparency international, Birahime Seck, n\u2019avait pas manqu\u00e9 de monter au cr\u00e9neau pour crier son indignation. Il fulminait : \u2018\u2019B\u00ebt bu rusul tocc, ces partenaires et diplomates sont au courant de tout. Aussi, nous informerons leurs parlements. Le d\u00e9minage doit se faire devant le juge, en plus des mesures \u00e0 prendre par le Pr\u00e9sident Macky Sall.\u2019\u2019 Depuis lors, la bataille de l\u2019opinion publique ne faiblit pas, aussi bien \u00e0 l\u2019\u00e9chelle nationale qu\u2019\u00e0 l\u2019\u00e9chelle internationale. Pour sa part, le Gouvernement n\u2019a eu de cesse de multiplier les sorties pour, non seulement, calmer les organisations de la soci\u00e9t\u00e9 civile qui se sont fortement mobilis\u00e9es \u00e0 travers notamment un rassemblement public, mais aussi, pour rassurer les membres du corps diplomatique, comme l\u2019annon\u00e7ait la cheffe de la diplomatie.<\/p>\n<p><strong>La publication du rapport, une exigence des bailleurs de fonds<\/strong><\/p>\n<p>Avant cette entr\u00e9e en lice de la ministre en charge des Affaires \u00e9trang\u00e8res, son coll\u00e8gue des Finances, tout comme celui en charge de la Parole du Gouvernement se sont pr\u00eat\u00e9s au m\u00eame exercice. Il en est de m\u00eame du ministre en charge de la Justice et de plusieurs autres lieutenants du Pr\u00e9sident Sall. Mais, c\u2019est \u00e0 croire que ces diff\u00e9rentes sorties n\u2019ont pas suffi pour rassurer totalement les bailleurs de fonds qui, il faut le rappeler, ont \u00e9t\u00e9 les plus grands contributeurs du fonds Force Covid-19. Aussi, si elles visent toutes \u00e0 donner des gages, ces sorties qui se suivent ne se ressemblent pas toujours. Par exemple, quand la ministre des Affaires \u00e9trang\u00e8res pr\u00e9sentait l\u2019audit comme une volont\u00e9 exclusive du chef de l\u2019Etat, elle n\u2019avait pas tout dit. En r\u00e9alit\u00e9, ce rapport sp\u00e9cifique et sa publication \u00e9tait un engagement de l\u2019Etat pour inciter les partenaires \u00e0 l\u2019accompagner dans le cadre de la lutte contre la pand\u00e9mie. \u2018\u2019Je voudrais tout d\u2019abord rappeler qu\u2019en sollicitant le concours financier des partenaires au d\u00e9veloppement pour mettre en place ce fonds, le S\u00e9n\u00e9gal avait souscrit volontairement \u00e0 l\u2019engagement de soumettre la gestion dudit fonds \u00e0 un contr\u00f4le de la Cour des comptes et de rendre public le rapport d\u2019audit qui en serait issu\u2019\u2019, reconnait le PM qui, contrairement \u00e0 ses coll\u00e8gues qui n\u2019h\u00e9sitent pas \u00e0 mettre un b\u00e9mol sur le travail de la Cour des comptes, a pr\u00e9cis\u00e9 devant les partenaires : <em>\u2018\u2019Quels que soient les montants sur lesquels portent les manquements, la dilapidation des ressources publiques constitue toujours un acte extr\u00eamement grave et de surcro\u00eet, en temps de crise sanitaire. De telles pratiques, si elles sont av\u00e9r\u00e9es, heurtent l\u2019\u00e9thique et n\u2019honorent pas notre administration.\u2019\u2019 Mieux, face aux bailleurs qui avaient fait de la publication de ce rapport une exigence, l\u2019inspecteur des Imp\u00f4ts n\u2019a pas tari d\u2019\u00e9loges envers les magistrats de la Cour des comptes. Celle-ci, souligne Amadou Ba, a rendu public un excellent rapport. \u2018\u2019C\u2019est l\u2019occasion de rendre hommage aux \u00e9minents magistrats de cette juridiction sp\u00e9cialis\u00e9e dans le contr\u00f4le des finances publiques, mais \u00e9galement, \u00e0 l\u2019ensemble des magistrats du S\u00e9n\u00e9gal pour le travail de qualit\u00e9 qu\u2019ils r\u00e9alisent avec abn\u00e9gation et ind\u00e9pendance. La publication d\u2019un rapport de la Cour des Comptes permet toujours d\u2019assurer une plus grande transparence dans l\u2019utilisation des fonds publics. La Cour des Comptes aide donc le Gouvernement \u00e0 s\u2019assurer du bon emploi de l\u2019argent public. Ce faisant, elle contribue \u00e0 garantir la gestion d\u00e9mocratique des affaires publiques.\u2019\u2019<\/em><\/p>\n<p><strong>Apr\u00e8s les f\u00e9licitations des bailleurs, la Cour des comptes peut compter sur le Premier ministre<\/strong><\/p>\n<p>Un discours qui tranche net avec les attaques \u00e0 peine voil\u00e9e du ministre de la Justice Isma\u00efla Madior Fall, tout comme d\u2019autres ministres de la R\u00e9publique. Selon Amadou Ba, \u2018<em>\u2019la Cour des Comptes est une juridiction sp\u00e9cialis\u00e9e, hautement comp\u00e9tente en mati\u00e8re de gestion financi\u00e8re des ressources publiques. Elle travaille sur la base d\u2019une m\u00e9thodologie d\u2019audit tr\u00e8s rigoureuse dans le respect de r\u00e9f\u00e9rentiels juridiques, techniques et \u00e9thiques.\u2019<\/em>\u2019 Le Premier ministre ne s\u2019est pas arr\u00eat\u00e9 en si bon chemin. Loin des \u00e9lucubrations de certains membres du Gouvernement, il promet : \u2018\u2019Certaines recommandations vont servir de base, au nom de la redevabilit\u00e9 ou la reddition des comptes, \u00e0 la mise en jeu de la responsabilit\u00e9 des gestionnaires publics. Le Ministre de la Justice destinataire desdites recommandations, apportera dans un cadre appropri\u00e9, les r\u00e9ponses n\u00e9cessaires relativement au d\u00e9roulement de ces proc\u00e9dures.\u2019\u2019 Par ailleurs, au-del\u00e0 de ces sorties de membres du Gouvernement qui, tant\u00f4t minimisent les conclusions de l\u2019audit, tant\u00f4t s\u2019en prennent de mani\u00e8re frontale \u00e0 l\u2019honorabilit\u00e9 des magistrats de la Cour, tant\u00f4t les magnifient comme l\u2019a fait le PM, les bailleurs, eux, se sont montr\u00e9s tr\u00e8s s\u00e9duits par la comp\u00e9tence et l\u2019ind\u00e9pendance de la haute juridiction. A chaque fois que l\u2019occasion se pr\u00e9sente, ils ne manquent pas de partager leur satisfaction. \u2018\u2019Je salue la comp\u00e9tence et l\u2019ind\u00e9pendance de la Cour des comptes du S\u00e9n\u00e9gal\u2026 Ce rapport conclut la s\u00e9rie d\u2019engagements en mati\u00e8re de transparence et de reddition des comptes pris par le Gouvernement dans son dialogue avec les partenaires techniques et financiers\u2019\u2019, a soutenu le repr\u00e9sentant r\u00e9sident du FMI, en conf\u00e9rence de presse avant-hier, non sans affirmer que le FMI reste attentif \u00e0 la suite r\u00e9serv\u00e9e \u00e0 ce rapport. Pour sa part, le repr\u00e9sentant de l\u2019ONUDI, Christophe Yvetot, n\u2019avait pas mis de gants pour montrer son indignation face \u00e0 l\u2019ampleur des r\u00e9v\u00e9lations de la Cour des comptes. \u2018\u2019Je suis sans voix\u2019\u2019, ass\u00e9nait-il dans Jury du Dimanche, scandalis\u00e9. Des actes concrets sont ainsi attendus aussi bien par les S\u00e9n\u00e9galais que par les bailleurs de fonds, soucieux de l\u2019utilisation de l\u2019argent des contribuables de leurs pays.<\/p>\n<div class='share-to-whatsapp-wrapper'><div class='share-on-whsp'>PARTAGER SUR : <\/div><a data-text='RAPPORT COUR DES COMPTES - L\u2019op\u00e9ration d\u00e9minage du Gouvernement' data-link='https:\/\/www.nettali.com\/2023\/01\/12\/rapport-cour-des-comptes-loperation-deminage-du-gouvernement\/' class='whatsapp-button whatsapp-share'>WhatsApp<\/a><div class='clear '><\/div><\/div>","protected":false},"excerpt":{"rendered":"<p>NETTALI.COM - Le rapport de la Cour des comptes est d\u00e9cid\u00e9ment une patate chaude entre les mains du gouvernement qui multiplie les actes et sorties pour rassurer tout le monde, notamment, les plus grands contributeurs au fonds Force covid-19. Non seulement, il s\u2019engage \u00e0 une mise en \u0153uvre de toutes les recommandations, mais aussi, il [&hellip;]<\/p>\n","protected":false},"author":4,"featured_media":101672,"comment_status":"open","ping_status":"open","sticky":false,"template":"","format":"standard","meta":{"_et_pb_use_builder":"","_et_pb_old_content":""},"categories":[2],"tags":[],"yoast_head":"<!-- This site is optimized with the Yoast SEO Premium plugin v17.8 (Yoast SEO v17.8) - https:\/\/yoast.com\/wordpress\/plugins\/seo\/ -->\n<title>RAPPORT COUR DES COMPTES - L\u2019op\u00e9ration d\u00e9minage du Gouvernement | Nettali.com<\/title>\n<meta name=\"robots\" content=\"index, follow, max-snippet:-1, max-image-preview:large, max-video-preview:-1\" \/>\n<link rel=\"canonical\" href=\"https:\/\/www.nettali.com\/2023\/01\/12\/rapport-cour-des-comptes-loperation-deminage-du-gouvernement\/\" \/>\n<meta property=\"og:locale\" content=\"fr_FR\" \/>\n<meta property=\"og:type\" content=\"article\" \/>\n<meta property=\"og:title\" content=\"RAPPORT COUR DES COMPTES - L\u2019op\u00e9ration d\u00e9minage du Gouvernement\" \/>\n<meta property=\"og:description\" content=\"NETTALI.COM - Le rapport de la Cour des comptes est d\u00e9cid\u00e9ment une patate chaude entre les mains du gouvernement qui multiplie les actes et sorties pour rassurer tout le monde, notamment, les plus grands contributeurs au fonds Force covid-19. Non seulement, il s\u2019engage \u00e0 une mise en \u0153uvre de toutes les recommandations, mais aussi, il [&hellip;]\" \/>\n<meta property=\"og:url\" content=\"https:\/\/www.nettali.com\/2023\/01\/12\/rapport-cour-des-comptes-loperation-deminage-du-gouvernement\/\" \/>\n<meta property=\"og:site_name\" content=\"Nettali.com\" \/>\n<meta property=\"article:publisher\" content=\"https:\/\/www.facebook.com\/nettalicom\" \/>\n<meta property=\"article:published_time\" content=\"2023-01-12T08:32:07+00:00\" \/>\n<meta property=\"article:modified_time\" content=\"2023-01-13T08:06:21+00:00\" \/>\n<meta property=\"og:image\" content=\"https:\/\/www.nettali.com\/wp-content\/uploads\/2023\/01\/Mackyy.jpeg\" \/>\n\t<meta property=\"og:image:width\" content=\"1080\" \/>\n\t<meta property=\"og:image:height\" content=\"657\" \/>\n<meta name=\"twitter:card\" content=\"summary_large_image\" \/>\n<meta name=\"twitter:label1\" content=\"\u00c9crit par\" \/>\n\t<meta name=\"twitter:data1\" content=\"Daouda\" \/>\n\t<meta name=\"twitter:label2\" content=\"Dur\u00e9e de lecture estim\u00e9e\" \/>\n\t<meta name=\"twitter:data2\" content=\"8 minutes\" \/>\n<script type=\"application\/ld+json\" class=\"yoast-schema-graph\">{\"@context\":\"https:\/\/schema.org\",\"@graph\":[{\"@type\":\"WebSite\",\"@id\":\"https:\/\/www.nettali.com\/#website\",\"url\":\"https:\/\/www.nettali.com\/\",\"name\":\"Nettali.com\",\"description\":\"Le rendez-vous critique du Net\",\"potentialAction\":[{\"@type\":\"SearchAction\",\"target\":{\"@type\":\"EntryPoint\",\"urlTemplate\":\"https:\/\/www.nettali.com\/?s={search_term_string}\"},\"query-input\":\"required name=search_term_string\"}],\"inLanguage\":\"fr-FR\"},{\"@type\":\"ImageObject\",\"@id\":\"https:\/\/www.nettali.com\/2023\/01\/12\/rapport-cour-des-comptes-loperation-deminage-du-gouvernement\/#primaryimage\",\"inLanguage\":\"fr-FR\",\"url\":\"https:\/\/www.nettali.com\/wp-content\/uploads\/2023\/01\/Mackyy.jpeg\",\"contentUrl\":\"https:\/\/www.nettali.com\/wp-content\/uploads\/2023\/01\/Mackyy.jpeg\",\"width\":1080,\"height\":657},{\"@type\":\"WebPage\",\"@id\":\"https:\/\/www.nettali.com\/2023\/01\/12\/rapport-cour-des-comptes-loperation-deminage-du-gouvernement\/#webpage\",\"url\":\"https:\/\/www.nettali.com\/2023\/01\/12\/rapport-cour-des-comptes-loperation-deminage-du-gouvernement\/\",\"name\":\"RAPPORT COUR DES COMPTES - L\\u2019op\\u00e9ration d\\u00e9minage du Gouvernement | Nettali.com\",\"isPartOf\":{\"@id\":\"https:\/\/www.nettali.com\/#website\"},\"primaryImageOfPage\":{\"@id\":\"https:\/\/www.nettali.com\/2023\/01\/12\/rapport-cour-des-comptes-loperation-deminage-du-gouvernement\/#primaryimage\"},\"datePublished\":\"2023-01-12T08:32:07+00:00\",\"dateModified\":\"2023-01-13T08:06:21+00:00\",\"author\":{\"@id\":\"https:\/\/www.nettali.com\/#\/schema\/person\/3317e0bb3aa1da309fbf7b2780901bf4\"},\"breadcrumb\":{\"@id\":\"https:\/\/www.nettali.com\/2023\/01\/12\/rapport-cour-des-comptes-loperation-deminage-du-gouvernement\/#breadcrumb\"},\"inLanguage\":\"fr-FR\",\"potentialAction\":[{\"@type\":\"ReadAction\",\"target\":[\"https:\/\/www.nettali.com\/2023\/01\/12\/rapport-cour-des-comptes-loperation-deminage-du-gouvernement\/\"]}]},{\"@type\":\"BreadcrumbList\",\"@id\":\"https:\/\/www.nettali.com\/2023\/01\/12\/rapport-cour-des-comptes-loperation-deminage-du-gouvernement\/#breadcrumb\",\"itemListElement\":[{\"@type\":\"ListItem\",\"position\":1,\"name\":\"Accueil\",\"item\":\"https:\/\/www.nettali.com\/\"},{\"@type\":\"ListItem\",\"position\":2,\"name\":\"RAPPORT COUR DES COMPTES - L\\u2019op\\u00e9ration d\\u00e9minage du Gouvernement\"}]},{\"@type\":\"Person\",\"@id\":\"https:\/\/www.nettali.com\/#\/schema\/person\/3317e0bb3aa1da309fbf7b2780901bf4\",\"name\":\"Daouda\",\"image\":{\"@type\":\"ImageObject\",\"@id\":\"https:\/\/www.nettali.com\/#personlogo\",\"inLanguage\":\"fr-FR\",\"url\":\"https:\/\/secure.gravatar.com\/avatar\/8d143b5a49345098ddcfee1c49c2f47c?s=96&d=mm&r=g\",\"contentUrl\":\"https:\/\/secure.gravatar.com\/avatar\/8d143b5a49345098ddcfee1c49c2f47c?s=96&d=mm&r=g\",\"caption\":\"Daouda\"},\"sameAs\":[\"https:\/\/www.nettali.com\"]}]}<\/script>\n<!-- \/ Yoast SEO Premium plugin. -->","yoast_head_json":{"title":"RAPPORT COUR DES COMPTES - L\u2019op\u00e9ration d\u00e9minage du Gouvernement | Nettali.com","robots":{"index":"index","follow":"follow","max-snippet":"max-snippet:-1","max-image-preview":"max-image-preview:large","max-video-preview":"max-video-preview:-1"},"canonical":"https:\/\/www.nettali.com\/2023\/01\/12\/rapport-cour-des-comptes-loperation-deminage-du-gouvernement\/","og_locale":"fr_FR","og_type":"article","og_title":"RAPPORT COUR DES COMPTES - L\u2019op\u00e9ration d\u00e9minage du Gouvernement","og_description":"NETTALI.COM - Le rapport de la Cour des comptes est d\u00e9cid\u00e9ment une patate chaude entre les mains du gouvernement qui multiplie les actes et sorties pour rassurer tout le monde, notamment, les plus grands contributeurs au fonds Force covid-19. Non seulement, il s\u2019engage \u00e0 une mise en \u0153uvre de toutes les recommandations, mais aussi, il [&hellip;]","og_url":"https:\/\/www.nettali.com\/2023\/01\/12\/rapport-cour-des-comptes-loperation-deminage-du-gouvernement\/","og_site_name":"Nettali.com","article_publisher":"https:\/\/www.facebook.com\/nettalicom","article_published_time":"2023-01-12T08:32:07+00:00","article_modified_time":"2023-01-13T08:06:21+00:00","og_image":[{"width":1080,"height":657,"url":"https:\/\/www.nettali.com\/wp-content\/uploads\/2023\/01\/Mackyy.jpeg","type":"image\/jpeg"}],"twitter_card":"summary_large_image","twitter_misc":{"\u00c9crit par":"Daouda","Dur\u00e9e de lecture estim\u00e9e":"8 minutes"},"schema":{"@context":"https:\/\/schema.org","@graph":[{"@type":"WebSite","@id":"https:\/\/www.nettali.com\/#website","url":"https:\/\/www.nettali.com\/","name":"Nettali.com","description":"Le rendez-vous critique du Net","potentialAction":[{"@type":"SearchAction","target":{"@type":"EntryPoint","urlTemplate":"https:\/\/www.nettali.com\/?s={search_term_string}"},"query-input":"required name=search_term_string"}],"inLanguage":"fr-FR"},{"@type":"ImageObject","@id":"https:\/\/www.nettali.com\/2023\/01\/12\/rapport-cour-des-comptes-loperation-deminage-du-gouvernement\/#primaryimage","inLanguage":"fr-FR","url":"https:\/\/www.nettali.com\/wp-content\/uploads\/2023\/01\/Mackyy.jpeg","contentUrl":"https:\/\/www.nettali.com\/wp-content\/uploads\/2023\/01\/Mackyy.jpeg","width":1080,"height":657},{"@type":"WebPage","@id":"https:\/\/www.nettali.com\/2023\/01\/12\/rapport-cour-des-comptes-loperation-deminage-du-gouvernement\/#webpage","url":"https:\/\/www.nettali.com\/2023\/01\/12\/rapport-cour-des-comptes-loperation-deminage-du-gouvernement\/","name":"RAPPORT COUR DES COMPTES - L\u2019op\u00e9ration d\u00e9minage du Gouvernement | Nettali.com","isPartOf":{"@id":"https:\/\/www.nettali.com\/#website"},"primaryImageOfPage":{"@id":"https:\/\/www.nettali.com\/2023\/01\/12\/rapport-cour-des-comptes-loperation-deminage-du-gouvernement\/#primaryimage"},"datePublished":"2023-01-12T08:32:07+00:00","dateModified":"2023-01-13T08:06:21+00:00","author":{"@id":"https:\/\/www.nettali.com\/#\/schema\/person\/3317e0bb3aa1da309fbf7b2780901bf4"},"breadcrumb":{"@id":"https:\/\/www.nettali.com\/2023\/01\/12\/rapport-cour-des-comptes-loperation-deminage-du-gouvernement\/#breadcrumb"},"inLanguage":"fr-FR","potentialAction":[{"@type":"ReadAction","target":["https:\/\/www.nettali.com\/2023\/01\/12\/rapport-cour-des-comptes-loperation-deminage-du-gouvernement\/"]}]},{"@type":"BreadcrumbList","@id":"https:\/\/www.nettali.com\/2023\/01\/12\/rapport-cour-des-comptes-loperation-deminage-du-gouvernement\/#breadcrumb","itemListElement":[{"@type":"ListItem","position":1,"name":"Accueil","item":"https:\/\/www.nettali.com\/"},{"@type":"ListItem","position":2,"name":"RAPPORT COUR DES COMPTES - L\u2019op\u00e9ration d\u00e9minage du Gouvernement"}]},{"@type":"Person","@id":"https:\/\/www.nettali.com\/#\/schema\/person\/3317e0bb3aa1da309fbf7b2780901bf4","name":"Daouda","image":{"@type":"ImageObject","@id":"https:\/\/www.nettali.com\/#personlogo","inLanguage":"fr-FR","url":"https:\/\/secure.gravatar.com\/avatar\/8d143b5a49345098ddcfee1c49c2f47c?s=96&d=mm&r=g","contentUrl":"https:\/\/secure.gravatar.com\/avatar\/8d143b5a49345098ddcfee1c49c2f47c?s=96&d=mm&r=g","caption":"Daouda"},"sameAs":["https:\/\/www.nettali.com"]}]}},"_links":{"self":[{"href":"https:\/\/www.nettali.com\/rest\/wp\/v2\/posts\/101671"}],"collection":[{"href":"https:\/\/www.nettali.com\/rest\/wp\/v2\/posts"}],"about":[{"href":"https:\/\/www.nettali.com\/rest\/wp\/v2\/types\/post"}],"author":[{"embeddable":true,"href":"https:\/\/www.nettali.com\/rest\/wp\/v2\/users\/4"}],"replies":[{"embeddable":true,"href":"https:\/\/www.nettali.com\/rest\/wp\/v2\/comments?post=101671"}],"version-history":[{"count":1,"href":"https:\/\/www.nettali.com\/rest\/wp\/v2\/posts\/101671\/revisions"}],"predecessor-version":[{"id":101673,"href":"https:\/\/www.nettali.com\/rest\/wp\/v2\/posts\/101671\/revisions\/101673"}],"wp:featuredmedia":[{"embeddable":true,"href":"https:\/\/www.nettali.com\/rest\/wp\/v2\/media\/101672"}],"wp:attachment":[{"href":"https:\/\/www.nettali.com\/rest\/wp\/v2\/media?parent=101671"}],"wp:term":[{"taxonomy":"category","embeddable":true,"href":"https:\/\/www.nettali.com\/rest\/wp\/v2\/categories?post=101671"},{"taxonomy":"post_tag","embeddable":true,"href":"https:\/\/www.nettali.com\/rest\/wp\/v2\/tags?post=101671"}],"curies":[{"name":"wp","href":"https:\/\/api.w.org\/{rel}","templated":true}]}}