{"id":101537,"date":"2023-01-10T16:54:56","date_gmt":"2023-01-10T16:54:56","guid":{"rendered":"https:\/\/www.nettali.com\/?p=101537"},"modified":"2023-01-10T16:54:56","modified_gmt":"2023-01-10T16:54:56","slug":"plainte-de-mame-mbaye-niang-ousmane-sonko-juge-le-2-fevrier-prochain","status":"publish","type":"post","link":"https:\/\/www.nettali.com\/2023\/01\/10\/plainte-de-mame-mbaye-niang-ousmane-sonko-juge-le-2-fevrier-prochain\/","title":{"rendered":"PLAINTE DE MAME MBAYE NIANG - Ousmane Sonko jug\u00e9 le 2 f\u00e9vrier prochain"},"content":{"rendered":"<article class=\"post-102578 post type-post status-publish format-standard has-post-thumbnail hentry\">\n<div class=\"simple-text size-4 tt-content title-droid margin-big\">\n<p><strong>NETTALI.COM -\u00a0 Une convocation a \u00e9t\u00e9 envoy\u00e9e \u00e0 Ousmane Sonko. Il devra \u00eatre jug\u00e9 le 2 f\u00e9vrier prochain devant le tribunal correctionnel de Dakar.<\/strong><\/p>\n<p>Le ministre du Tourisme, Mame Mbaye Niang, avait saisi le procureur de la R\u00e9publique d\u2019une plainte contre Ousmane Sonko, leader du Pastef, pour diffamation. Le ma\u00eetre des poursuites avait, \u00e0 son tour, transmis le dossier \u00e0 la Division des investigations criminelles (Dic) pour une enqu\u00eate.<\/p>\n<p>Selon Mame Mbaye Niang, le leader de Pastef a port\u00e9 de \u00ab fausses all\u00e9gations \u00bb sur sa personne en affirmant qu\u2019il a \u00e9t\u00e9 \u00e9pingl\u00e9 par le rapport de l\u2019Inspection g\u00e9n\u00e9rale d\u2019\u00c9tat (IGE) suite \u00e0 la passation de march\u00e9 au Prodac alors qu\u2019il \u00e9tait ministre de la Jeunesse.<\/p>\n<p><em>\u00ab Moi Mame Mbaye Niang, citoyen s\u00e9n\u00e9galais, en appelle \u00e0 sa dignit\u00e9 ou tout au moins pour ce qui lui en reste pour aller sans bruit, ni point de presse, ni incitation \u00e0 un mortel combat, produire devant la justice le rapport de l\u2019IGE qu\u2019il dit d\u00e9tenir depuis fort longtemps et qu\u2019il a gard\u00e9 minutieusement \u00bb<\/em>, a-t-il d\u00e9clar\u00e9 lors d\u2019un point de presse.<\/p>\n<\/div>\n<\/article>\n<div class=\"empty-space marg-lg-b30 marg-sm-b30\"><\/div>\n<div class='share-to-whatsapp-wrapper'><div class='share-on-whsp'>PARTAGER SUR : <\/div><a data-text='PLAINTE DE MAME MBAYE NIANG - Ousmane Sonko jug\u00e9 le 2 f\u00e9vrier prochain' data-link='https:\/\/www.nettali.com\/2023\/01\/10\/plainte-de-mame-mbaye-niang-ousmane-sonko-juge-le-2-fevrier-prochain\/' class='whatsapp-button whatsapp-share'>WhatsApp<\/a><div class='clear '><\/div><\/div>","protected":false},"excerpt":{"rendered":"<p>NETTALI.COM -\u00a0 Une convocation a \u00e9t\u00e9 envoy\u00e9e \u00e0 Ousmane Sonko. Il devra \u00eatre jug\u00e9 le 2 f\u00e9vrier prochain devant le tribunal correctionnel de Dakar. Le ministre du Tourisme, Mame Mbaye Niang, avait saisi le procureur de la R\u00e9publique d\u2019une plainte contre Ousmane Sonko, leader du Pastef, pour diffamation. Le ma\u00eetre des poursuites avait, \u00e0 son [&hellip;]<\/p>\n","protected":false},"author":4,"featured_media":98291,"comment_status":"open","ping_status":"open","sticky":false,"template":"","format":"standard","meta":{"_et_pb_use_builder":"","_et_pb_old_content":""},"categories":[3],"tags":[],"yoast_head":"<!-- This site is optimized with the Yoast SEO Premium plugin v17.8 (Yoast SEO v17.8) - https:\/\/yoast.com\/wordpress\/plugins\/seo\/ -->\n<title>PLAINTE DE MAME MBAYE NIANG - Ousmane Sonko jug\u00e9 le 2 f\u00e9vrier prochain | Nettali.com<\/title>\n<meta name=\"robots\" content=\"index, follow, max-snippet:-1, max-image-preview:large, max-video-preview:-1\" \/>\n<link rel=\"canonical\" href=\"https:\/\/www.nettali.com\/2023\/01\/10\/plainte-de-mame-mbaye-niang-ousmane-sonko-juge-le-2-fevrier-prochain\/\" \/>\n<meta property=\"og:locale\" content=\"fr_FR\" \/>\n<meta property=\"og:type\" content=\"article\" \/>\n<meta property=\"og:title\" content=\"PLAINTE DE MAME MBAYE NIANG - Ousmane Sonko jug\u00e9 le 2 f\u00e9vrier prochain\" \/>\n<meta property=\"og:description\" content=\"NETTALI.COM -\u00a0 Une convocation a \u00e9t\u00e9 envoy\u00e9e \u00e0 Ousmane Sonko. Il devra \u00eatre jug\u00e9 le 2 f\u00e9vrier prochain devant le tribunal correctionnel de Dakar. Le ministre du Tourisme, Mame Mbaye Niang, avait saisi le procureur de la R\u00e9publique d\u2019une plainte contre Ousmane Sonko, leader du Pastef, pour diffamation. Le ma\u00eetre des poursuites avait, \u00e0 son [&hellip;]\" \/>\n<meta property=\"og:url\" content=\"https:\/\/www.nettali.com\/2023\/01\/10\/plainte-de-mame-mbaye-niang-ousmane-sonko-juge-le-2-fevrier-prochain\/\" \/>\n<meta property=\"og:site_name\" content=\"Nettali.com\" \/>\n<meta property=\"article:publisher\" content=\"https:\/\/www.facebook.com\/nettalicom\" \/>\n<meta property=\"article:published_time\" content=\"2023-01-10T16:54:56+00:00\" \/>\n<meta property=\"og:image\" content=\"https:\/\/www.nettali.com\/wp-content\/uploads\/2022\/11\/mame-Mbaye-niang-sonko.jpeg\" \/>\n\t<meta property=\"og:image:width\" content=\"696\" \/>\n\t<meta property=\"og:image:height\" content=\"379\" \/>\n<meta name=\"twitter:card\" content=\"summary_large_image\" \/>\n<meta name=\"twitter:label1\" content=\"\u00c9crit par\" \/>\n\t<meta name=\"twitter:data1\" content=\"Daouda\" \/>\n\t<meta name=\"twitter:label2\" content=\"Dur\u00e9e de lecture estim\u00e9e\" \/>\n\t<meta name=\"twitter:data2\" content=\"1 minute\" \/>\n<script type=\"application\/ld+json\" class=\"yoast-schema-graph\">{\"@context\":\"https:\/\/schema.org\",\"@graph\":[{\"@type\":\"WebSite\",\"@id\":\"https:\/\/www.nettali.com\/#website\",\"url\":\"https:\/\/www.nettali.com\/\",\"name\":\"Nettali.com\",\"description\":\"Le rendez-vous critique du Net\",\"potentialAction\":[{\"@type\":\"SearchAction\",\"target\":{\"@type\":\"EntryPoint\",\"urlTemplate\":\"https:\/\/www.nettali.com\/?s={search_term_string}\"},\"query-input\":\"required name=search_term_string\"}],\"inLanguage\":\"fr-FR\"},{\"@type\":\"ImageObject\",\"@id\":\"https:\/\/www.nettali.com\/2023\/01\/10\/plainte-de-mame-mbaye-niang-ousmane-sonko-juge-le-2-fevrier-prochain\/#primaryimage\",\"inLanguage\":\"fr-FR\",\"url\":\"https:\/\/www.nettali.com\/wp-content\/uploads\/2022\/11\/mame-Mbaye-niang-sonko.jpeg\",\"contentUrl\":\"https:\/\/www.nettali.com\/wp-content\/uploads\/2022\/11\/mame-Mbaye-niang-sonko.jpeg\",\"width\":696,\"height\":379},{\"@type\":\"WebPage\",\"@id\":\"https:\/\/www.nettali.com\/2023\/01\/10\/plainte-de-mame-mbaye-niang-ousmane-sonko-juge-le-2-fevrier-prochain\/#webpage\",\"url\":\"https:\/\/www.nettali.com\/2023\/01\/10\/plainte-de-mame-mbaye-niang-ousmane-sonko-juge-le-2-fevrier-prochain\/\",\"name\":\"PLAINTE DE MAME MBAYE NIANG - Ousmane Sonko jug\\u00e9 le 2 f\\u00e9vrier prochain | Nettali.com\",\"isPartOf\":{\"@id\":\"https:\/\/www.nettali.com\/#website\"},\"primaryImageOfPage\":{\"@id\":\"https:\/\/www.nettali.com\/2023\/01\/10\/plainte-de-mame-mbaye-niang-ousmane-sonko-juge-le-2-fevrier-prochain\/#primaryimage\"},\"datePublished\":\"2023-01-10T16:54:56+00:00\",\"dateModified\":\"2023-01-10T16:54:56+00:00\",\"author\":{\"@id\":\"https:\/\/www.nettali.com\/#\/schema\/person\/3317e0bb3aa1da309fbf7b2780901bf4\"},\"breadcrumb\":{\"@id\":\"https:\/\/www.nettali.com\/2023\/01\/10\/plainte-de-mame-mbaye-niang-ousmane-sonko-juge-le-2-fevrier-prochain\/#breadcrumb\"},\"inLanguage\":\"fr-FR\",\"potentialAction\":[{\"@type\":\"ReadAction\",\"target\":[\"https:\/\/www.nettali.com\/2023\/01\/10\/plainte-de-mame-mbaye-niang-ousmane-sonko-juge-le-2-fevrier-prochain\/\"]}]},{\"@type\":\"BreadcrumbList\",\"@id\":\"https:\/\/www.nettali.com\/2023\/01\/10\/plainte-de-mame-mbaye-niang-ousmane-sonko-juge-le-2-fevrier-prochain\/#breadcrumb\",\"itemListElement\":[{\"@type\":\"ListItem\",\"position\":1,\"name\":\"Accueil\",\"item\":\"https:\/\/www.nettali.com\/\"},{\"@type\":\"ListItem\",\"position\":2,\"name\":\"PLAINTE DE MAME MBAYE NIANG - Ousmane Sonko jug\\u00e9 le 2 f\\u00e9vrier prochain\"}]},{\"@type\":\"Person\",\"@id\":\"https:\/\/www.nettali.com\/#\/schema\/person\/3317e0bb3aa1da309fbf7b2780901bf4\",\"name\":\"Daouda\",\"image\":{\"@type\":\"ImageObject\",\"@id\":\"https:\/\/www.nettali.com\/#personlogo\",\"inLanguage\":\"fr-FR\",\"url\":\"https:\/\/secure.gravatar.com\/avatar\/8d143b5a49345098ddcfee1c49c2f47c?s=96&d=mm&r=g\",\"contentUrl\":\"https:\/\/secure.gravatar.com\/avatar\/8d143b5a49345098ddcfee1c49c2f47c?s=96&d=mm&r=g\",\"caption\":\"Daouda\"},\"sameAs\":[\"https:\/\/www.nettali.com\"]}]}<\/script>\n<!-- \/ Yoast SEO Premium plugin. -->","yoast_head_json":{"title":"PLAINTE DE MAME MBAYE NIANG - Ousmane Sonko jug\u00e9 le 2 f\u00e9vrier prochain | Nettali.com","robots":{"index":"index","follow":"follow","max-snippet":"max-snippet:-1","max-image-preview":"max-image-preview:large","max-video-preview":"max-video-preview:-1"},"canonical":"https:\/\/www.nettali.com\/2023\/01\/10\/plainte-de-mame-mbaye-niang-ousmane-sonko-juge-le-2-fevrier-prochain\/","og_locale":"fr_FR","og_type":"article","og_title":"PLAINTE DE MAME MBAYE NIANG - Ousmane Sonko jug\u00e9 le 2 f\u00e9vrier prochain","og_description":"NETTALI.COM -\u00a0 Une convocation a \u00e9t\u00e9 envoy\u00e9e \u00e0 Ousmane Sonko. Il devra \u00eatre jug\u00e9 le 2 f\u00e9vrier prochain devant le tribunal correctionnel de Dakar. Le ministre du Tourisme, Mame Mbaye Niang, avait saisi le procureur de la R\u00e9publique d\u2019une plainte contre Ousmane Sonko, leader du Pastef, pour diffamation. Le ma\u00eetre des poursuites avait, \u00e0 son [&hellip;]","og_url":"https:\/\/www.nettali.com\/2023\/01\/10\/plainte-de-mame-mbaye-niang-ousmane-sonko-juge-le-2-fevrier-prochain\/","og_site_name":"Nettali.com","article_publisher":"https:\/\/www.facebook.com\/nettalicom","article_published_time":"2023-01-10T16:54:56+00:00","og_image":[{"width":696,"height":379,"url":"https:\/\/www.nettali.com\/wp-content\/uploads\/2022\/11\/mame-Mbaye-niang-sonko.jpeg","type":"image\/jpeg"}],"twitter_card":"summary_large_image","twitter_misc":{"\u00c9crit par":"Daouda","Dur\u00e9e de lecture estim\u00e9e":"1 minute"},"schema":{"@context":"https:\/\/schema.org","@graph":[{"@type":"WebSite","@id":"https:\/\/www.nettali.com\/#website","url":"https:\/\/www.nettali.com\/","name":"Nettali.com","description":"Le rendez-vous critique du Net","potentialAction":[{"@type":"SearchAction","target":{"@type":"EntryPoint","urlTemplate":"https:\/\/www.nettali.com\/?s={search_term_string}"},"query-input":"required name=search_term_string"}],"inLanguage":"fr-FR"},{"@type":"ImageObject","@id":"https:\/\/www.nettali.com\/2023\/01\/10\/plainte-de-mame-mbaye-niang-ousmane-sonko-juge-le-2-fevrier-prochain\/#primaryimage","inLanguage":"fr-FR","url":"https:\/\/www.nettali.com\/wp-content\/uploads\/2022\/11\/mame-Mbaye-niang-sonko.jpeg","contentUrl":"https:\/\/www.nettali.com\/wp-content\/uploads\/2022\/11\/mame-Mbaye-niang-sonko.jpeg","width":696,"height":379},{"@type":"WebPage","@id":"https:\/\/www.nettali.com\/2023\/01\/10\/plainte-de-mame-mbaye-niang-ousmane-sonko-juge-le-2-fevrier-prochain\/#webpage","url":"https:\/\/www.nettali.com\/2023\/01\/10\/plainte-de-mame-mbaye-niang-ousmane-sonko-juge-le-2-fevrier-prochain\/","name":"PLAINTE DE MAME MBAYE NIANG - Ousmane Sonko jug\u00e9 le 2 f\u00e9vrier prochain | Nettali.com","isPartOf":{"@id":"https:\/\/www.nettali.com\/#website"},"primaryImageOfPage":{"@id":"https:\/\/www.nettali.com\/2023\/01\/10\/plainte-de-mame-mbaye-niang-ousmane-sonko-juge-le-2-fevrier-prochain\/#primaryimage"},"datePublished":"2023-01-10T16:54:56+00:00","dateModified":"2023-01-10T16:54:56+00:00","author":{"@id":"https:\/\/www.nettali.com\/#\/schema\/person\/3317e0bb3aa1da309fbf7b2780901bf4"},"breadcrumb":{"@id":"https:\/\/www.nettali.com\/2023\/01\/10\/plainte-de-mame-mbaye-niang-ousmane-sonko-juge-le-2-fevrier-prochain\/#breadcrumb"},"inLanguage":"fr-FR","potentialAction":[{"@type":"ReadAction","target":["https:\/\/www.nettali.com\/2023\/01\/10\/plainte-de-mame-mbaye-niang-ousmane-sonko-juge-le-2-fevrier-prochain\/"]}]},{"@type":"BreadcrumbList","@id":"https:\/\/www.nettali.com\/2023\/01\/10\/plainte-de-mame-mbaye-niang-ousmane-sonko-juge-le-2-fevrier-prochain\/#breadcrumb","itemListElement":[{"@type":"ListItem","position":1,"name":"Accueil","item":"https:\/\/www.nettali.com\/"},{"@type":"ListItem","position":2,"name":"PLAINTE DE MAME MBAYE NIANG - Ousmane Sonko jug\u00e9 le 2 f\u00e9vrier prochain"}]},{"@type":"Person","@id":"https:\/\/www.nettali.com\/#\/schema\/person\/3317e0bb3aa1da309fbf7b2780901bf4","name":"Daouda","image":{"@type":"ImageObject","@id":"https:\/\/www.nettali.com\/#personlogo","inLanguage":"fr-FR","url":"https:\/\/secure.gravatar.com\/avatar\/8d143b5a49345098ddcfee1c49c2f47c?s=96&d=mm&r=g","contentUrl":"https:\/\/secure.gravatar.com\/avatar\/8d143b5a49345098ddcfee1c49c2f47c?s=96&d=mm&r=g","caption":"Daouda"},"sameAs":["https:\/\/www.nettali.com"]}]}},"_links":{"self":[{"href":"https:\/\/www.nettali.com\/rest\/wp\/v2\/posts\/101537"}],"collection":[{"href":"https:\/\/www.nettali.com\/rest\/wp\/v2\/posts"}],"about":[{"href":"https:\/\/www.nettali.com\/rest\/wp\/v2\/types\/post"}],"author":[{"embeddable":true,"href":"https:\/\/www.nettali.com\/rest\/wp\/v2\/users\/4"}],"replies":[{"embeddable":true,"href":"https:\/\/www.nettali.com\/rest\/wp\/v2\/comments?post=101537"}],"version-history":[{"count":1,"href":"https:\/\/www.nettali.com\/rest\/wp\/v2\/posts\/101537\/revisions"}],"predecessor-version":[{"id":101538,"href":"https:\/\/www.nettali.com\/rest\/wp\/v2\/posts\/101537\/revisions\/101538"}],"wp:featuredmedia":[{"embeddable":true,"href":"https:\/\/www.nettali.com\/rest\/wp\/v2\/media\/98291"}],"wp:attachment":[{"href":"https:\/\/www.nettali.com\/rest\/wp\/v2\/media?parent=101537"}],"wp:term":[{"taxonomy":"category","embeddable":true,"href":"https:\/\/www.nettali.com\/rest\/wp\/v2\/categories?post=101537"},{"taxonomy":"post_tag","embeddable":true,"href":"https:\/\/www.nettali.com\/rest\/wp\/v2\/tags?post=101537"}],"curies":[{"name":"wp","href":"https:\/\/api.w.org\/{rel}","templated":true}]}}