{"id":101511,"date":"2023-01-10T08:54:04","date_gmt":"2023-01-10T08:54:04","guid":{"rendered":"https:\/\/www.nettali.com\/?p=101511"},"modified":"2023-01-10T09:01:14","modified_gmt":"2023-01-10T09:01:14","slug":"en-coulisses-amadou-ba-en-mode-fermete","status":"publish","type":"post","link":"https:\/\/www.nettali.com\/2023\/01\/10\/en-coulisses-amadou-ba-en-mode-fermete\/","title":{"rendered":"EN COULISSES - Amadou Ba, en mode fermet\u00e9 !"},"content":{"rendered":"<p><strong>NETTALI.COM -<\/strong> C'est un vent de r\u00e9volution qui semble souffler avec Amadou Ba \u00e0 la primature ! Du moins avec ces 22 commandements qui ne sont pas les premiers du genre puisqu'en fait de conseil interminist\u00e9riel sur la s\u00e9curit\u00e9, il y 'en a eu en 2017.<\/p>\n<p>L\u2019Etat, \u00e0 l'issue du conseil sur la s\u00e9curit\u00e9 routi\u00e8re, a en tout cas d\u00e9cid\u00e9 de sortir le b\u00e2ton pour corriger ceux qui s\u00e8ment le trouble sur les routes. Le Premier ministre Amadou Ba qui n\u2019a pas fait dans la langue de bois, a ainsi laiss\u00e9 entendre que l\u2019Etat sera intol\u00e9rant avec ceux qui foulent au pied les r\u00e8gles qui sont \u00e9dict\u00e9es pour lutter contre l\u2019ins\u00e9curit\u00e9 routi\u00e8re.<\/p>\n<p>Amadou Ba ne s'en est pas arr\u00eat\u00e9 l\u00e0 puisqu'il pr\u00e9venu : \"<em>il nous faut passer \u00e0 l\u2019action et de fa\u00e7on r\u00e9solue, c\u2019est cela et rien que cela qu\u2019attendent nos concitoyens. C\u2019est une attente forte et l\u00e9gitime qu\u2019il convient de satisfaire. Alors, le message doit \u00eatre clair : plus jamais \u00e7a sur nos routes<\/em>.\"<\/p>\n<p>Haussant le ton, Amadou Ba, celui-ci de poursuivre : \"<em>je le dis avec une d\u00e9termination absolue, des actes suivront et ils ne doivent faire l\u2019objet ni de report, ni de compromis. Nous serons sans concession avec ceux qui contreviennent aux r\u00e8gles \u00e9dict\u00e9es pour garantir l\u2019int\u00e9grit\u00e9 physique de nos concitoyens<\/em>.\"<\/p>\n<p>Conscient que l\u2019un des probables facteurs d\u2019alt\u00e9ration de l\u2019efficacit\u00e9 des mesures qu\u2019il a \u00e9nonc\u00e9es, reste le manque de suivi, il promet que l\u2019Etat va y rem\u00e9dier. Car, pense-t-il, \"<em>ce terrible accident qui a frapp\u00e9 notre pays, doit d\u00e9clencher une prise de conscience pour renforcer les mesures de pr\u00e9vention et de s\u00e9curit\u00e9. Il ne faut pas rel\u00e2cher nos efforts pour faire progresser la s\u00e9curit\u00e9 sur les routes<\/em>\", a ajout\u00e9 le PM qui poursuit en ces termes : \"n<em>otre mobilisation collective doit \u00eatre sans faille pour lutter contre l\u2019ins\u00e9curit\u00e9 routi\u00e8re\", souligne le chef du gouvernement. Il indique que \"les mesures que l\u2019Etat va appliquer se veulent une rupture que l\u2019on pourrait qualifier de structur\u00e9e, car toutes les parties prenantes ont \u00e9t\u00e9 associ\u00e9es \u00e0 la r\u00e9flexion<\/em>\".<\/p>\n<p>Une fois tout cela dit, esp\u00e9rons juste que le gouvernement aille jusqu'au bout de sa logique et que le suivi soit assur\u00e9. De quoi le surveiller comme du lait sur le feu, surtout que les syndicats des transporteurs ne seront pas sans r\u00e9action.<\/p>\n<div class='share-to-whatsapp-wrapper'><div class='share-on-whsp'>PARTAGER SUR : <\/div><a data-text='EN COULISSES - Amadou Ba, en mode fermet\u00e9 !' data-link='https:\/\/www.nettali.com\/2023\/01\/10\/en-coulisses-amadou-ba-en-mode-fermete\/' class='whatsapp-button whatsapp-share'>WhatsApp<\/a><div class='clear '><\/div><\/div>","protected":false},"excerpt":{"rendered":"<p>NETTALI.COM - C'est un vent de r\u00e9volution qui semble souffler avec Amadou Ba \u00e0 la primature ! Du moins avec ces 22 commandements qui ne sont pas les premiers du genre puisqu'en fait de conseil interminist\u00e9riel sur la s\u00e9curit\u00e9, il y 'en a eu en 2017. L\u2019Etat, \u00e0 l'issue du conseil sur la s\u00e9curit\u00e9 routi\u00e8re, [&hellip;]<\/p>\n","protected":false},"author":2,"featured_media":6136,"comment_status":"open","ping_status":"open","sticky":false,"template":"","format":"standard","meta":{"_et_pb_use_builder":"","_et_pb_old_content":""},"categories":[34945],"tags":[],"yoast_head":"<!-- This site is optimized with the Yoast SEO Premium plugin v17.8 (Yoast SEO v17.8) - https:\/\/yoast.com\/wordpress\/plugins\/seo\/ -->\n<title>EN COULISSES - Amadou Ba, en mode fermet\u00e9 ! | Nettali.com<\/title>\n<meta name=\"robots\" content=\"index, follow, max-snippet:-1, max-image-preview:large, max-video-preview:-1\" \/>\n<link rel=\"canonical\" href=\"https:\/\/www.nettali.com\/2023\/01\/10\/en-coulisses-amadou-ba-en-mode-fermete\/\" \/>\n<meta property=\"og:locale\" content=\"fr_FR\" \/>\n<meta property=\"og:type\" content=\"article\" \/>\n<meta property=\"og:title\" content=\"EN COULISSES - Amadou Ba, en mode fermet\u00e9 !\" \/>\n<meta property=\"og:description\" content=\"NETTALI.COM - C&#039;est un vent de r\u00e9volution qui semble souffler avec Amadou Ba \u00e0 la primature ! Du moins avec ces 22 commandements qui ne sont pas les premiers du genre puisqu&#039;en fait de conseil interminist\u00e9riel sur la s\u00e9curit\u00e9, il y &#039;en a eu en 2017. L\u2019Etat, \u00e0 l&#039;issue du conseil sur la s\u00e9curit\u00e9 routi\u00e8re, [&hellip;]\" \/>\n<meta property=\"og:url\" content=\"https:\/\/www.nettali.com\/2023\/01\/10\/en-coulisses-amadou-ba-en-mode-fermete\/\" \/>\n<meta property=\"og:site_name\" content=\"Nettali.com\" \/>\n<meta property=\"article:publisher\" content=\"https:\/\/www.facebook.com\/nettalicom\" \/>\n<meta property=\"article:published_time\" content=\"2023-01-10T08:54:04+00:00\" \/>\n<meta property=\"article:modified_time\" content=\"2023-01-10T09:01:14+00:00\" \/>\n<meta property=\"og:image\" content=\"https:\/\/www.nettali.com\/wp-content\/uploads\/2019\/04\/amadou-ba.jpg\" \/>\n\t<meta property=\"og:image:width\" content=\"800\" \/>\n\t<meta property=\"og:image:height\" content=\"545\" \/>\n<meta name=\"twitter:card\" content=\"summary_large_image\" \/>\n<meta name=\"twitter:label1\" content=\"\u00c9crit par\" \/>\n\t<meta name=\"twitter:data1\" content=\"CK\" \/>\n\t<meta name=\"twitter:label2\" content=\"Dur\u00e9e de lecture estim\u00e9e\" \/>\n\t<meta name=\"twitter:data2\" content=\"2 minutes\" \/>\n<script type=\"application\/ld+json\" class=\"yoast-schema-graph\">{\"@context\":\"https:\/\/schema.org\",\"@graph\":[{\"@type\":\"WebSite\",\"@id\":\"https:\/\/www.nettali.com\/#website\",\"url\":\"https:\/\/www.nettali.com\/\",\"name\":\"Nettali.com\",\"description\":\"Le rendez-vous critique du Net\",\"potentialAction\":[{\"@type\":\"SearchAction\",\"target\":{\"@type\":\"EntryPoint\",\"urlTemplate\":\"https:\/\/www.nettali.com\/?s={search_term_string}\"},\"query-input\":\"required name=search_term_string\"}],\"inLanguage\":\"fr-FR\"},{\"@type\":\"ImageObject\",\"@id\":\"https:\/\/www.nettali.com\/2023\/01\/10\/en-coulisses-amadou-ba-en-mode-fermete\/#primaryimage\",\"inLanguage\":\"fr-FR\",\"url\":\"https:\/\/www.nettali.com\/wp-content\/uploads\/2019\/04\/amadou-ba.jpg\",\"contentUrl\":\"https:\/\/www.nettali.com\/wp-content\/uploads\/2019\/04\/amadou-ba.jpg\",\"width\":800,\"height\":545},{\"@type\":\"WebPage\",\"@id\":\"https:\/\/www.nettali.com\/2023\/01\/10\/en-coulisses-amadou-ba-en-mode-fermete\/#webpage\",\"url\":\"https:\/\/www.nettali.com\/2023\/01\/10\/en-coulisses-amadou-ba-en-mode-fermete\/\",\"name\":\"EN COULISSES - Amadou Ba, en mode fermet\\u00e9 ! | Nettali.com\",\"isPartOf\":{\"@id\":\"https:\/\/www.nettali.com\/#website\"},\"primaryImageOfPage\":{\"@id\":\"https:\/\/www.nettali.com\/2023\/01\/10\/en-coulisses-amadou-ba-en-mode-fermete\/#primaryimage\"},\"datePublished\":\"2023-01-10T08:54:04+00:00\",\"dateModified\":\"2023-01-10T09:01:14+00:00\",\"author\":{\"@id\":\"https:\/\/www.nettali.com\/#\/schema\/person\/d8ac7b7e27ddad43f1c0d2ef090d7f71\"},\"breadcrumb\":{\"@id\":\"https:\/\/www.nettali.com\/2023\/01\/10\/en-coulisses-amadou-ba-en-mode-fermete\/#breadcrumb\"},\"inLanguage\":\"fr-FR\",\"potentialAction\":[{\"@type\":\"ReadAction\",\"target\":[\"https:\/\/www.nettali.com\/2023\/01\/10\/en-coulisses-amadou-ba-en-mode-fermete\/\"]}]},{\"@type\":\"BreadcrumbList\",\"@id\":\"https:\/\/www.nettali.com\/2023\/01\/10\/en-coulisses-amadou-ba-en-mode-fermete\/#breadcrumb\",\"itemListElement\":[{\"@type\":\"ListItem\",\"position\":1,\"name\":\"Accueil\",\"item\":\"https:\/\/www.nettali.com\/\"},{\"@type\":\"ListItem\",\"position\":2,\"name\":\"EN COULISSES - Amadou Ba, en mode fermet\\u00e9 !\"}]},{\"@type\":\"Person\",\"@id\":\"https:\/\/www.nettali.com\/#\/schema\/person\/d8ac7b7e27ddad43f1c0d2ef090d7f71\",\"name\":\"CK\",\"image\":{\"@type\":\"ImageObject\",\"@id\":\"https:\/\/www.nettali.com\/#personlogo\",\"inLanguage\":\"fr-FR\",\"url\":\"https:\/\/secure.gravatar.com\/avatar\/1d8d5118b9327d94da7cd4ce7f17fec2?s=96&d=mm&r=g\",\"contentUrl\":\"https:\/\/secure.gravatar.com\/avatar\/1d8d5118b9327d94da7cd4ce7f17fec2?s=96&d=mm&r=g\",\"caption\":\"CK\"},\"sameAs\":[\"https:\/\/www.nettali.com\"]}]}<\/script>\n<!-- \/ Yoast SEO Premium plugin. -->","yoast_head_json":{"title":"EN COULISSES - Amadou Ba, en mode fermet\u00e9 ! | Nettali.com","robots":{"index":"index","follow":"follow","max-snippet":"max-snippet:-1","max-image-preview":"max-image-preview:large","max-video-preview":"max-video-preview:-1"},"canonical":"https:\/\/www.nettali.com\/2023\/01\/10\/en-coulisses-amadou-ba-en-mode-fermete\/","og_locale":"fr_FR","og_type":"article","og_title":"EN COULISSES - Amadou Ba, en mode fermet\u00e9 !","og_description":"NETTALI.COM - C'est un vent de r\u00e9volution qui semble souffler avec Amadou Ba \u00e0 la primature ! Du moins avec ces 22 commandements qui ne sont pas les premiers du genre puisqu'en fait de conseil interminist\u00e9riel sur la s\u00e9curit\u00e9, il y 'en a eu en 2017. L\u2019Etat, \u00e0 l'issue du conseil sur la s\u00e9curit\u00e9 routi\u00e8re, [&hellip;]","og_url":"https:\/\/www.nettali.com\/2023\/01\/10\/en-coulisses-amadou-ba-en-mode-fermete\/","og_site_name":"Nettali.com","article_publisher":"https:\/\/www.facebook.com\/nettalicom","article_published_time":"2023-01-10T08:54:04+00:00","article_modified_time":"2023-01-10T09:01:14+00:00","og_image":[{"width":800,"height":545,"url":"https:\/\/www.nettali.com\/wp-content\/uploads\/2019\/04\/amadou-ba.jpg","type":"image\/jpeg"}],"twitter_card":"summary_large_image","twitter_misc":{"\u00c9crit par":"CK","Dur\u00e9e de lecture estim\u00e9e":"2 minutes"},"schema":{"@context":"https:\/\/schema.org","@graph":[{"@type":"WebSite","@id":"https:\/\/www.nettali.com\/#website","url":"https:\/\/www.nettali.com\/","name":"Nettali.com","description":"Le rendez-vous critique du Net","potentialAction":[{"@type":"SearchAction","target":{"@type":"EntryPoint","urlTemplate":"https:\/\/www.nettali.com\/?s={search_term_string}"},"query-input":"required name=search_term_string"}],"inLanguage":"fr-FR"},{"@type":"ImageObject","@id":"https:\/\/www.nettali.com\/2023\/01\/10\/en-coulisses-amadou-ba-en-mode-fermete\/#primaryimage","inLanguage":"fr-FR","url":"https:\/\/www.nettali.com\/wp-content\/uploads\/2019\/04\/amadou-ba.jpg","contentUrl":"https:\/\/www.nettali.com\/wp-content\/uploads\/2019\/04\/amadou-ba.jpg","width":800,"height":545},{"@type":"WebPage","@id":"https:\/\/www.nettali.com\/2023\/01\/10\/en-coulisses-amadou-ba-en-mode-fermete\/#webpage","url":"https:\/\/www.nettali.com\/2023\/01\/10\/en-coulisses-amadou-ba-en-mode-fermete\/","name":"EN COULISSES - Amadou Ba, en mode fermet\u00e9 ! | Nettali.com","isPartOf":{"@id":"https:\/\/www.nettali.com\/#website"},"primaryImageOfPage":{"@id":"https:\/\/www.nettali.com\/2023\/01\/10\/en-coulisses-amadou-ba-en-mode-fermete\/#primaryimage"},"datePublished":"2023-01-10T08:54:04+00:00","dateModified":"2023-01-10T09:01:14+00:00","author":{"@id":"https:\/\/www.nettali.com\/#\/schema\/person\/d8ac7b7e27ddad43f1c0d2ef090d7f71"},"breadcrumb":{"@id":"https:\/\/www.nettali.com\/2023\/01\/10\/en-coulisses-amadou-ba-en-mode-fermete\/#breadcrumb"},"inLanguage":"fr-FR","potentialAction":[{"@type":"ReadAction","target":["https:\/\/www.nettali.com\/2023\/01\/10\/en-coulisses-amadou-ba-en-mode-fermete\/"]}]},{"@type":"BreadcrumbList","@id":"https:\/\/www.nettali.com\/2023\/01\/10\/en-coulisses-amadou-ba-en-mode-fermete\/#breadcrumb","itemListElement":[{"@type":"ListItem","position":1,"name":"Accueil","item":"https:\/\/www.nettali.com\/"},{"@type":"ListItem","position":2,"name":"EN COULISSES - Amadou Ba, en mode fermet\u00e9 !"}]},{"@type":"Person","@id":"https:\/\/www.nettali.com\/#\/schema\/person\/d8ac7b7e27ddad43f1c0d2ef090d7f71","name":"CK","image":{"@type":"ImageObject","@id":"https:\/\/www.nettali.com\/#personlogo","inLanguage":"fr-FR","url":"https:\/\/secure.gravatar.com\/avatar\/1d8d5118b9327d94da7cd4ce7f17fec2?s=96&d=mm&r=g","contentUrl":"https:\/\/secure.gravatar.com\/avatar\/1d8d5118b9327d94da7cd4ce7f17fec2?s=96&d=mm&r=g","caption":"CK"},"sameAs":["https:\/\/www.nettali.com"]}]}},"_links":{"self":[{"href":"https:\/\/www.nettali.com\/rest\/wp\/v2\/posts\/101511"}],"collection":[{"href":"https:\/\/www.nettali.com\/rest\/wp\/v2\/posts"}],"about":[{"href":"https:\/\/www.nettali.com\/rest\/wp\/v2\/types\/post"}],"author":[{"embeddable":true,"href":"https:\/\/www.nettali.com\/rest\/wp\/v2\/users\/2"}],"replies":[{"embeddable":true,"href":"https:\/\/www.nettali.com\/rest\/wp\/v2\/comments?post=101511"}],"version-history":[{"count":1,"href":"https:\/\/www.nettali.com\/rest\/wp\/v2\/posts\/101511\/revisions"}],"predecessor-version":[{"id":101515,"href":"https:\/\/www.nettali.com\/rest\/wp\/v2\/posts\/101511\/revisions\/101515"}],"wp:featuredmedia":[{"embeddable":true,"href":"https:\/\/www.nettali.com\/rest\/wp\/v2\/media\/6136"}],"wp:attachment":[{"href":"https:\/\/www.nettali.com\/rest\/wp\/v2\/media?parent=101511"}],"wp:term":[{"taxonomy":"category","embeddable":true,"href":"https:\/\/www.nettali.com\/rest\/wp\/v2\/categories?post=101511"},{"taxonomy":"post_tag","embeddable":true,"href":"https:\/\/www.nettali.com\/rest\/wp\/v2\/tags?post=101511"}],"curies":[{"name":"wp","href":"https:\/\/api.w.org\/{rel}","templated":true}]}}