{"id":101508,"date":"2023-01-10T08:45:03","date_gmt":"2023-01-10T08:45:03","guid":{"rendered":"https:\/\/www.nettali.com\/?p=101508"},"modified":"2023-01-10T08:55:57","modified_gmt":"2023-01-10T08:55:57","slug":"en-coulisses-il-aurait-eu-99-ans-aujourdhui","status":"publish","type":"post","link":"https:\/\/www.nettali.com\/2023\/01\/10\/en-coulisses-il-aurait-eu-99-ans-aujourdhui\/","title":{"rendered":"EN COULISSES - Il aurait eu 99 ans aujourd'hui"},"content":{"rendered":"<p><strong>NETTALI.COM -<\/strong> Serigne Sidy Mokhtar Mback\u00e9, 7\u00e8me khalife g\u00e9n\u00e9ral des mourides, a tir\u00e9 sa r\u00e9v\u00e9rence dans la nuit du 9 au 10 janvier 2018, apr\u00e8s 8 ans de khalifat. Il aurait eu 99 ans cette ann\u00e9e. Il a rejoint son Seigneur \u00e0 l\u2019\u00e2ge de 94 ans.<\/p>\n<p>A rappeler qu'il est le deuxi\u00e8me petit-fils de Cheikh Ahmadou Bamba \u00e0 acc\u00e9der au titre de khalife g\u00e9n\u00e9ral des mourides, le 1er juillet 2010, apr\u00e8s le rappel \u00e0 Dieu de son cousin, Serigne Mouhamadou Lamine Bara Mback\u00e9.<\/p>\n<p>R\u00e9put\u00e9 grand soufi, Serigne Sidy Mokhtar a, \u00e0 son actif, la poursuite et l\u2019ach\u00e8vement des travaux de la construction de la grande mosqu\u00e9e Massalikul Jinaan de Dakar pour un co\u00fbt d\u2019environ 30 milliards, l\u2019embellissement de la mosqu\u00e9e de Touba avec la construction de 2 minarets d\u2019un co\u00fbt de 5 milliards et une contribution d\u2019un milliard pour lutter contre les inondations \u00e0 Touba et dans le reste du pays.<\/p>\n<div class='share-to-whatsapp-wrapper'><div class='share-on-whsp'>PARTAGER SUR : <\/div><a data-text='EN COULISSES - Il aurait eu 99 ans aujourd'hui' data-link='https:\/\/www.nettali.com\/2023\/01\/10\/en-coulisses-il-aurait-eu-99-ans-aujourdhui\/' class='whatsapp-button whatsapp-share'>WhatsApp<\/a><div class='clear '><\/div><\/div>","protected":false},"excerpt":{"rendered":"<p>NETTALI.COM - Serigne Sidy Mokhtar Mback\u00e9, 7\u00e8me khalife g\u00e9n\u00e9ral des mourides, a tir\u00e9 sa r\u00e9v\u00e9rence dans la nuit du 9 au 10 janvier 2018, apr\u00e8s 8 ans de khalifat. Il aurait eu 99 ans cette ann\u00e9e. Il a rejoint son Seigneur \u00e0 l\u2019\u00e2ge de 94 ans. A rappeler qu'il est le deuxi\u00e8me petit-fils de Cheikh [&hellip;]<\/p>\n","protected":false},"author":4,"featured_media":101512,"comment_status":"open","ping_status":"open","sticky":false,"template":"","format":"standard","meta":{"_et_pb_use_builder":"","_et_pb_old_content":""},"categories":[34945],"tags":[],"yoast_head":"<!-- This site is optimized with the Yoast SEO Premium plugin v17.8 (Yoast SEO v17.8) - https:\/\/yoast.com\/wordpress\/plugins\/seo\/ -->\n<title>EN COULISSES - Il aurait eu 99 ans aujourd&#039;hui | Nettali.com<\/title>\n<meta name=\"robots\" content=\"index, follow, max-snippet:-1, max-image-preview:large, max-video-preview:-1\" \/>\n<link rel=\"canonical\" href=\"https:\/\/www.nettali.com\/2023\/01\/10\/en-coulisses-il-aurait-eu-99-ans-aujourdhui\/\" \/>\n<meta property=\"og:locale\" content=\"fr_FR\" \/>\n<meta property=\"og:type\" content=\"article\" \/>\n<meta property=\"og:title\" content=\"EN COULISSES - Il aurait eu 99 ans aujourd&#039;hui\" \/>\n<meta property=\"og:description\" content=\"NETTALI.COM - Serigne Sidy Mokhtar Mback\u00e9, 7\u00e8me khalife g\u00e9n\u00e9ral des mourides, a tir\u00e9 sa r\u00e9v\u00e9rence dans la nuit du 9 au 10 janvier 2018, apr\u00e8s 8 ans de khalifat. Il aurait eu 99 ans cette ann\u00e9e. Il a rejoint son Seigneur \u00e0 l\u2019\u00e2ge de 94 ans. A rappeler qu&#039;il est le deuxi\u00e8me petit-fils de Cheikh [&hellip;]\" \/>\n<meta property=\"og:url\" content=\"https:\/\/www.nettali.com\/2023\/01\/10\/en-coulisses-il-aurait-eu-99-ans-aujourdhui\/\" \/>\n<meta property=\"og:site_name\" content=\"Nettali.com\" \/>\n<meta property=\"article:publisher\" content=\"https:\/\/www.facebook.com\/nettalicom\" \/>\n<meta property=\"article:published_time\" content=\"2023-01-10T08:45:03+00:00\" \/>\n<meta property=\"article:modified_time\" content=\"2023-01-10T08:55:57+00:00\" \/>\n<meta property=\"og:image\" content=\"https:\/\/www.nettali.com\/wp-content\/uploads\/2023\/01\/serigne-sidy-moctar-mbacke\u0301.jpeg\" \/>\n\t<meta property=\"og:image:width\" content=\"699\" \/>\n\t<meta property=\"og:image:height\" content=\"466\" \/>\n<meta name=\"twitter:card\" content=\"summary_large_image\" \/>\n<meta name=\"twitter:label1\" content=\"\u00c9crit par\" \/>\n\t<meta name=\"twitter:data1\" content=\"Daouda\" \/>\n\t<meta name=\"twitter:label2\" content=\"Dur\u00e9e de lecture estim\u00e9e\" \/>\n\t<meta name=\"twitter:data2\" content=\"1 minute\" \/>\n<script type=\"application\/ld+json\" class=\"yoast-schema-graph\">{\"@context\":\"https:\/\/schema.org\",\"@graph\":[{\"@type\":\"WebSite\",\"@id\":\"https:\/\/www.nettali.com\/#website\",\"url\":\"https:\/\/www.nettali.com\/\",\"name\":\"Nettali.com\",\"description\":\"Le rendez-vous critique du Net\",\"potentialAction\":[{\"@type\":\"SearchAction\",\"target\":{\"@type\":\"EntryPoint\",\"urlTemplate\":\"https:\/\/www.nettali.com\/?s={search_term_string}\"},\"query-input\":\"required name=search_term_string\"}],\"inLanguage\":\"fr-FR\"},{\"@type\":\"ImageObject\",\"@id\":\"https:\/\/www.nettali.com\/2023\/01\/10\/en-coulisses-il-aurait-eu-99-ans-aujourdhui\/#primaryimage\",\"inLanguage\":\"fr-FR\",\"url\":\"https:\/\/www.nettali.com\/wp-content\/uploads\/2023\/01\/serigne-sidy-moctar-mbacke\\u0301.jpeg\",\"contentUrl\":\"https:\/\/www.nettali.com\/wp-content\/uploads\/2023\/01\/serigne-sidy-moctar-mbacke\\u0301.jpeg\",\"width\":699,\"height\":466},{\"@type\":\"WebPage\",\"@id\":\"https:\/\/www.nettali.com\/2023\/01\/10\/en-coulisses-il-aurait-eu-99-ans-aujourdhui\/#webpage\",\"url\":\"https:\/\/www.nettali.com\/2023\/01\/10\/en-coulisses-il-aurait-eu-99-ans-aujourdhui\/\",\"name\":\"EN COULISSES - Il aurait eu 99 ans aujourd'hui | Nettali.com\",\"isPartOf\":{\"@id\":\"https:\/\/www.nettali.com\/#website\"},\"primaryImageOfPage\":{\"@id\":\"https:\/\/www.nettali.com\/2023\/01\/10\/en-coulisses-il-aurait-eu-99-ans-aujourdhui\/#primaryimage\"},\"datePublished\":\"2023-01-10T08:45:03+00:00\",\"dateModified\":\"2023-01-10T08:55:57+00:00\",\"author\":{\"@id\":\"https:\/\/www.nettali.com\/#\/schema\/person\/3317e0bb3aa1da309fbf7b2780901bf4\"},\"breadcrumb\":{\"@id\":\"https:\/\/www.nettali.com\/2023\/01\/10\/en-coulisses-il-aurait-eu-99-ans-aujourdhui\/#breadcrumb\"},\"inLanguage\":\"fr-FR\",\"potentialAction\":[{\"@type\":\"ReadAction\",\"target\":[\"https:\/\/www.nettali.com\/2023\/01\/10\/en-coulisses-il-aurait-eu-99-ans-aujourdhui\/\"]}]},{\"@type\":\"BreadcrumbList\",\"@id\":\"https:\/\/www.nettali.com\/2023\/01\/10\/en-coulisses-il-aurait-eu-99-ans-aujourdhui\/#breadcrumb\",\"itemListElement\":[{\"@type\":\"ListItem\",\"position\":1,\"name\":\"Accueil\",\"item\":\"https:\/\/www.nettali.com\/\"},{\"@type\":\"ListItem\",\"position\":2,\"name\":\"EN COULISSES - Il aurait eu 99 ans aujourd'hui\"}]},{\"@type\":\"Person\",\"@id\":\"https:\/\/www.nettali.com\/#\/schema\/person\/3317e0bb3aa1da309fbf7b2780901bf4\",\"name\":\"Daouda\",\"image\":{\"@type\":\"ImageObject\",\"@id\":\"https:\/\/www.nettali.com\/#personlogo\",\"inLanguage\":\"fr-FR\",\"url\":\"https:\/\/secure.gravatar.com\/avatar\/8d143b5a49345098ddcfee1c49c2f47c?s=96&d=mm&r=g\",\"contentUrl\":\"https:\/\/secure.gravatar.com\/avatar\/8d143b5a49345098ddcfee1c49c2f47c?s=96&d=mm&r=g\",\"caption\":\"Daouda\"},\"sameAs\":[\"https:\/\/www.nettali.com\"]}]}<\/script>\n<!-- \/ Yoast SEO Premium plugin. -->","yoast_head_json":{"title":"EN COULISSES - Il aurait eu 99 ans aujourd'hui | Nettali.com","robots":{"index":"index","follow":"follow","max-snippet":"max-snippet:-1","max-image-preview":"max-image-preview:large","max-video-preview":"max-video-preview:-1"},"canonical":"https:\/\/www.nettali.com\/2023\/01\/10\/en-coulisses-il-aurait-eu-99-ans-aujourdhui\/","og_locale":"fr_FR","og_type":"article","og_title":"EN COULISSES - Il aurait eu 99 ans aujourd'hui","og_description":"NETTALI.COM - Serigne Sidy Mokhtar Mback\u00e9, 7\u00e8me khalife g\u00e9n\u00e9ral des mourides, a tir\u00e9 sa r\u00e9v\u00e9rence dans la nuit du 9 au 10 janvier 2018, apr\u00e8s 8 ans de khalifat. Il aurait eu 99 ans cette ann\u00e9e. Il a rejoint son Seigneur \u00e0 l\u2019\u00e2ge de 94 ans. A rappeler qu'il est le deuxi\u00e8me petit-fils de Cheikh [&hellip;]","og_url":"https:\/\/www.nettali.com\/2023\/01\/10\/en-coulisses-il-aurait-eu-99-ans-aujourdhui\/","og_site_name":"Nettali.com","article_publisher":"https:\/\/www.facebook.com\/nettalicom","article_published_time":"2023-01-10T08:45:03+00:00","article_modified_time":"2023-01-10T08:55:57+00:00","og_image":[{"width":699,"height":466,"url":"https:\/\/www.nettali.com\/wp-content\/uploads\/2023\/01\/serigne-sidy-moctar-mbacke\u0301.jpeg","type":"image\/jpeg"}],"twitter_card":"summary_large_image","twitter_misc":{"\u00c9crit par":"Daouda","Dur\u00e9e de lecture estim\u00e9e":"1 minute"},"schema":{"@context":"https:\/\/schema.org","@graph":[{"@type":"WebSite","@id":"https:\/\/www.nettali.com\/#website","url":"https:\/\/www.nettali.com\/","name":"Nettali.com","description":"Le rendez-vous critique du Net","potentialAction":[{"@type":"SearchAction","target":{"@type":"EntryPoint","urlTemplate":"https:\/\/www.nettali.com\/?s={search_term_string}"},"query-input":"required name=search_term_string"}],"inLanguage":"fr-FR"},{"@type":"ImageObject","@id":"https:\/\/www.nettali.com\/2023\/01\/10\/en-coulisses-il-aurait-eu-99-ans-aujourdhui\/#primaryimage","inLanguage":"fr-FR","url":"https:\/\/www.nettali.com\/wp-content\/uploads\/2023\/01\/serigne-sidy-moctar-mbacke\u0301.jpeg","contentUrl":"https:\/\/www.nettali.com\/wp-content\/uploads\/2023\/01\/serigne-sidy-moctar-mbacke\u0301.jpeg","width":699,"height":466},{"@type":"WebPage","@id":"https:\/\/www.nettali.com\/2023\/01\/10\/en-coulisses-il-aurait-eu-99-ans-aujourdhui\/#webpage","url":"https:\/\/www.nettali.com\/2023\/01\/10\/en-coulisses-il-aurait-eu-99-ans-aujourdhui\/","name":"EN COULISSES - Il aurait eu 99 ans aujourd'hui | Nettali.com","isPartOf":{"@id":"https:\/\/www.nettali.com\/#website"},"primaryImageOfPage":{"@id":"https:\/\/www.nettali.com\/2023\/01\/10\/en-coulisses-il-aurait-eu-99-ans-aujourdhui\/#primaryimage"},"datePublished":"2023-01-10T08:45:03+00:00","dateModified":"2023-01-10T08:55:57+00:00","author":{"@id":"https:\/\/www.nettali.com\/#\/schema\/person\/3317e0bb3aa1da309fbf7b2780901bf4"},"breadcrumb":{"@id":"https:\/\/www.nettali.com\/2023\/01\/10\/en-coulisses-il-aurait-eu-99-ans-aujourdhui\/#breadcrumb"},"inLanguage":"fr-FR","potentialAction":[{"@type":"ReadAction","target":["https:\/\/www.nettali.com\/2023\/01\/10\/en-coulisses-il-aurait-eu-99-ans-aujourdhui\/"]}]},{"@type":"BreadcrumbList","@id":"https:\/\/www.nettali.com\/2023\/01\/10\/en-coulisses-il-aurait-eu-99-ans-aujourdhui\/#breadcrumb","itemListElement":[{"@type":"ListItem","position":1,"name":"Accueil","item":"https:\/\/www.nettali.com\/"},{"@type":"ListItem","position":2,"name":"EN COULISSES - Il aurait eu 99 ans aujourd'hui"}]},{"@type":"Person","@id":"https:\/\/www.nettali.com\/#\/schema\/person\/3317e0bb3aa1da309fbf7b2780901bf4","name":"Daouda","image":{"@type":"ImageObject","@id":"https:\/\/www.nettali.com\/#personlogo","inLanguage":"fr-FR","url":"https:\/\/secure.gravatar.com\/avatar\/8d143b5a49345098ddcfee1c49c2f47c?s=96&d=mm&r=g","contentUrl":"https:\/\/secure.gravatar.com\/avatar\/8d143b5a49345098ddcfee1c49c2f47c?s=96&d=mm&r=g","caption":"Daouda"},"sameAs":["https:\/\/www.nettali.com"]}]}},"_links":{"self":[{"href":"https:\/\/www.nettali.com\/rest\/wp\/v2\/posts\/101508"}],"collection":[{"href":"https:\/\/www.nettali.com\/rest\/wp\/v2\/posts"}],"about":[{"href":"https:\/\/www.nettali.com\/rest\/wp\/v2\/types\/post"}],"author":[{"embeddable":true,"href":"https:\/\/www.nettali.com\/rest\/wp\/v2\/users\/4"}],"replies":[{"embeddable":true,"href":"https:\/\/www.nettali.com\/rest\/wp\/v2\/comments?post=101508"}],"version-history":[{"count":2,"href":"https:\/\/www.nettali.com\/rest\/wp\/v2\/posts\/101508\/revisions"}],"predecessor-version":[{"id":101516,"href":"https:\/\/www.nettali.com\/rest\/wp\/v2\/posts\/101508\/revisions\/101516"}],"wp:featuredmedia":[{"embeddable":true,"href":"https:\/\/www.nettali.com\/rest\/wp\/v2\/media\/101512"}],"wp:attachment":[{"href":"https:\/\/www.nettali.com\/rest\/wp\/v2\/media?parent=101508"}],"wp:term":[{"taxonomy":"category","embeddable":true,"href":"https:\/\/www.nettali.com\/rest\/wp\/v2\/categories?post=101508"},{"taxonomy":"post_tag","embeddable":true,"href":"https:\/\/www.nettali.com\/rest\/wp\/v2\/tags?post=101508"}],"curies":[{"name":"wp","href":"https:\/\/api.w.org\/{rel}","templated":true}]}}