{"id":101487,"date":"2023-01-10T08:15:11","date_gmt":"2023-01-10T08:15:11","guid":{"rendered":"https:\/\/www.nettali.com\/?p=101487"},"modified":"2023-01-10T08:57:46","modified_gmt":"2023-01-10T08:57:46","slug":"amadou-ba-nous-serons-sans-concession-avec-ceux-qui-contreviennent-aux-regles","status":"publish","type":"post","link":"https:\/\/www.nettali.com\/2023\/01\/10\/amadou-ba-nous-serons-sans-concession-avec-ceux-qui-contreviennent-aux-regles\/","title":{"rendered":"AMADOU BA - \"Nous serons sans concession avec ceux qui contreviennent aux r\u00e8gles...\""},"content":{"rendered":"<p style=\"font-weight: 400;\"><strong>NETTALI.COM<\/strong> - <strong>L\u2019Etat sort le b\u00e2ton pour corriger ceux qui s\u00e8ment le trouble sur les routes. Le Premier ministre a laiss\u00e9 entendre que l\u2019Etat sera intol\u00e9rant avec ceux qui foulent au pied les r\u00e8gles qui sont \u00e9dict\u00e9es pour lutter contre l\u2019ins\u00e9curit\u00e9 routi\u00e8re. \u00a0<\/strong><\/p>\n<p style=\"font-weight: 400;\">Mettre fin aux accidents tragiques de circulation ! C\u2019est la d\u00e9termination affich\u00e9e par l\u2019Etat du S\u00e9n\u00e9gal. Le Premier ministre Amadou Ba n\u2019a pas fait dans la langue de bois au sortir du conseil interminist\u00e9riel sur l\u2019imp\u00e9rieuse question de la lutte contre l\u2019ins\u00e9curit\u00e9 routi\u00e8re. Apr\u00e8s avoir partag\u00e9 une nouvelle fois fait part de la douleur des familles \u00e9plor\u00e9es, le Chef du Gouvernement a r\u00e9affirm\u00e9 le soutien de l\u2019Etat \u00e0 ces derni\u00e8res.<\/p>\n<p>\"<em>Nous vous devons la solidarit\u00e9 et c\u2019est le pays tout entier qui s\u2019est trouv\u00e9 boulevers\u00e9 par cette catastrophe, tout simplement parce qu\u2019elle pouvait nous concerner tous, chacun d\u2019entre nous<\/em>\", a soutenu. Avant d\u2019ajouter :\"<em>L\u2019\u00e9motion ne va jamais se dissiper et restera encore vive \u00e0 l\u2019\u00e9vocation de cet accident, le plus terrible accident de la route de notre histoire contemporaine<\/em>.\"<\/p>\n<p style=\"font-weight: 400;\">Le Premier ministre ne s'est pas arr\u00eat\u00e9 l\u00e0 puisqu'il renseigne que c'est une d\u00e9marche inclusive, un diagnostic sans complaisance de la situation qui ont \u00e9t\u00e9 faits. Maintenant, a-t-il pr\u00e9venu, \"<em>il nous faut passer \u00e0 l\u2019action et de fa\u00e7on r\u00e9solue, c\u2019est cela et rien que cela qu\u2019attendent nos concitoyens. C\u2019est une attente forte et l\u00e9gitime qu\u2019il convient de satisfaire ; alors, le message doit \u00eatre clair : plus jamais \u00e7a sur nos routes<\/em>.\"<\/p>\n<p style=\"font-weight: 400;\">Haussant le ton, Amadou Ba poursuit : <em>\"Je le dis avec une d\u00e9termination absolue, des actes suivront et ils ne doivent faire l\u2019objet ni de report, ni de compromis. Nous serons sans concession avec ceux qui contreviennent aux r\u00e8gles \u00e9dict\u00e9es pour garantir l\u2019int\u00e9grit\u00e9 physique de nos concitoyens<\/em>.\"<\/p>\n<p style=\"font-weight: 400;\">Conscient que l\u2019un des probables facteurs d\u2019alt\u00e9ration de l\u2019efficacit\u00e9 des mesures qu\u2019il a \u00e9nonc\u00e9es, reste le manque de suivi, il promet que l\u2019Etat va y rem\u00e9dier. Car, pense-t-il, \"<em>ce terrible accident qui a frapp\u00e9 notre pays hier doit d\u00e9clencher une prise de conscience pour renforcer les mesures de pr\u00e9vention et de s\u00e9curit\u00e9. Il ne faut pas rel\u00e2cher nos efforts pour faire progresser la s\u00e9curit\u00e9 sur les routes\"<\/em>.<\/p>\n<p style=\"font-weight: 400;\">A l\u2019en croire, la s\u00e9curit\u00e9 routi\u00e8re \u00e9tait et restera une des priorit\u00e9s d\u2019action du Gouvernement, et les services de l\u2019Etat sont particuli\u00e8rement mobilis\u00e9s pour surveiller les routes, contr\u00f4ler et si n\u00e9cessaire, r\u00e9primer les infractions commises. \"<em>Notre mobilisation collective doit \u00eatre sans faille pour lutter contre l\u2019ins\u00e9curit\u00e9 routi\u00e8re\"<\/em>, souligne le chef du gouvernement. Il indique que \"<em>les mesures que l\u2019Etat va appliquer se veulent une rupture que l\u2019on pourrait qualifier de structur\u00e9e, car toutes les parties prenantes ont \u00e9t\u00e9 associ\u00e9es \u00e0 la r\u00e9flexion\".<\/em><\/p>\n<div class='share-to-whatsapp-wrapper'><div class='share-on-whsp'>PARTAGER SUR : <\/div><a data-text='AMADOU BA - \"Nous serons sans concession avec ceux qui contreviennent aux r\u00e8gles...\"' data-link='https:\/\/www.nettali.com\/2023\/01\/10\/amadou-ba-nous-serons-sans-concession-avec-ceux-qui-contreviennent-aux-regles\/' class='whatsapp-button whatsapp-share'>WhatsApp<\/a><div class='clear '><\/div><\/div>","protected":false},"excerpt":{"rendered":"<p>NETTALI.COM - L\u2019Etat sort le b\u00e2ton pour corriger ceux qui s\u00e8ment le trouble sur les routes. Le Premier ministre a laiss\u00e9 entendre que l\u2019Etat sera intol\u00e9rant avec ceux qui foulent au pied les r\u00e8gles qui sont \u00e9dict\u00e9es pour lutter contre l\u2019ins\u00e9curit\u00e9 routi\u00e8re. \u00a0 Mettre fin aux accidents tragiques de circulation ! C\u2019est la d\u00e9termination affich\u00e9e [&hellip;]<\/p>\n","protected":false},"author":6,"featured_media":101497,"comment_status":"open","ping_status":"open","sticky":false,"template":"","format":"standard","meta":{"_et_pb_use_builder":"","_et_pb_old_content":""},"categories":[3],"tags":[],"yoast_head":"<!-- This site is optimized with the Yoast SEO Premium plugin v17.8 (Yoast SEO v17.8) - https:\/\/yoast.com\/wordpress\/plugins\/seo\/ -->\n<title>AMADOU BA - &quot;Nous serons sans concession avec ceux qui contreviennent aux r\u00e8gles...&quot; | Nettali.com<\/title>\n<meta name=\"robots\" content=\"index, follow, max-snippet:-1, max-image-preview:large, max-video-preview:-1\" \/>\n<link rel=\"canonical\" href=\"https:\/\/www.nettali.com\/2023\/01\/10\/amadou-ba-nous-serons-sans-concession-avec-ceux-qui-contreviennent-aux-regles\/\" \/>\n<meta property=\"og:locale\" content=\"fr_FR\" \/>\n<meta property=\"og:type\" content=\"article\" \/>\n<meta property=\"og:title\" content=\"AMADOU BA - &quot;Nous serons sans concession avec ceux qui contreviennent aux r\u00e8gles...&quot;\" \/>\n<meta property=\"og:description\" content=\"NETTALI.COM - L\u2019Etat sort le b\u00e2ton pour corriger ceux qui s\u00e8ment le trouble sur les routes. Le Premier ministre a laiss\u00e9 entendre que l\u2019Etat sera intol\u00e9rant avec ceux qui foulent au pied les r\u00e8gles qui sont \u00e9dict\u00e9es pour lutter contre l\u2019ins\u00e9curit\u00e9 routi\u00e8re. \u00a0 Mettre fin aux accidents tragiques de circulation ! C\u2019est la d\u00e9termination affich\u00e9e [&hellip;]\" \/>\n<meta property=\"og:url\" content=\"https:\/\/www.nettali.com\/2023\/01\/10\/amadou-ba-nous-serons-sans-concession-avec-ceux-qui-contreviennent-aux-regles\/\" \/>\n<meta property=\"og:site_name\" content=\"Nettali.com\" \/>\n<meta property=\"article:publisher\" content=\"https:\/\/www.facebook.com\/nettalicom\" \/>\n<meta property=\"article:published_time\" content=\"2023-01-10T08:15:11+00:00\" \/>\n<meta property=\"article:modified_time\" content=\"2023-01-10T08:57:46+00:00\" \/>\n<meta property=\"og:image\" content=\"https:\/\/www.nettali.com\/wp-content\/uploads\/2023\/01\/amba.jpg\" \/>\n\t<meta property=\"og:image:width\" content=\"768\" \/>\n\t<meta property=\"og:image:height\" content=\"512\" \/>\n<meta name=\"twitter:card\" content=\"summary_large_image\" \/>\n<meta name=\"twitter:label1\" content=\"\u00c9crit par\" \/>\n\t<meta name=\"twitter:data1\" content=\"Fatou\" \/>\n\t<meta name=\"twitter:label2\" content=\"Dur\u00e9e de lecture estim\u00e9e\" \/>\n\t<meta name=\"twitter:data2\" content=\"3 minutes\" \/>\n<script type=\"application\/ld+json\" class=\"yoast-schema-graph\">{\"@context\":\"https:\/\/schema.org\",\"@graph\":[{\"@type\":\"WebSite\",\"@id\":\"https:\/\/www.nettali.com\/#website\",\"url\":\"https:\/\/www.nettali.com\/\",\"name\":\"Nettali.com\",\"description\":\"Le rendez-vous critique du Net\",\"potentialAction\":[{\"@type\":\"SearchAction\",\"target\":{\"@type\":\"EntryPoint\",\"urlTemplate\":\"https:\/\/www.nettali.com\/?s={search_term_string}\"},\"query-input\":\"required name=search_term_string\"}],\"inLanguage\":\"fr-FR\"},{\"@type\":\"ImageObject\",\"@id\":\"https:\/\/www.nettali.com\/2023\/01\/10\/amadou-ba-nous-serons-sans-concession-avec-ceux-qui-contreviennent-aux-regles\/#primaryimage\",\"inLanguage\":\"fr-FR\",\"url\":\"https:\/\/www.nettali.com\/wp-content\/uploads\/2023\/01\/amba.jpg\",\"contentUrl\":\"https:\/\/www.nettali.com\/wp-content\/uploads\/2023\/01\/amba.jpg\",\"width\":768,\"height\":512},{\"@type\":\"WebPage\",\"@id\":\"https:\/\/www.nettali.com\/2023\/01\/10\/amadou-ba-nous-serons-sans-concession-avec-ceux-qui-contreviennent-aux-regles\/#webpage\",\"url\":\"https:\/\/www.nettali.com\/2023\/01\/10\/amadou-ba-nous-serons-sans-concession-avec-ceux-qui-contreviennent-aux-regles\/\",\"name\":\"AMADOU BA - \\\"Nous serons sans concession avec ceux qui contreviennent aux r\\u00e8gles...\\\" | Nettali.com\",\"isPartOf\":{\"@id\":\"https:\/\/www.nettali.com\/#website\"},\"primaryImageOfPage\":{\"@id\":\"https:\/\/www.nettali.com\/2023\/01\/10\/amadou-ba-nous-serons-sans-concession-avec-ceux-qui-contreviennent-aux-regles\/#primaryimage\"},\"datePublished\":\"2023-01-10T08:15:11+00:00\",\"dateModified\":\"2023-01-10T08:57:46+00:00\",\"author\":{\"@id\":\"https:\/\/www.nettali.com\/#\/schema\/person\/418274a86bdf87caff7a3ef476bd0bbf\"},\"breadcrumb\":{\"@id\":\"https:\/\/www.nettali.com\/2023\/01\/10\/amadou-ba-nous-serons-sans-concession-avec-ceux-qui-contreviennent-aux-regles\/#breadcrumb\"},\"inLanguage\":\"fr-FR\",\"potentialAction\":[{\"@type\":\"ReadAction\",\"target\":[\"https:\/\/www.nettali.com\/2023\/01\/10\/amadou-ba-nous-serons-sans-concession-avec-ceux-qui-contreviennent-aux-regles\/\"]}]},{\"@type\":\"BreadcrumbList\",\"@id\":\"https:\/\/www.nettali.com\/2023\/01\/10\/amadou-ba-nous-serons-sans-concession-avec-ceux-qui-contreviennent-aux-regles\/#breadcrumb\",\"itemListElement\":[{\"@type\":\"ListItem\",\"position\":1,\"name\":\"Accueil\",\"item\":\"https:\/\/www.nettali.com\/\"},{\"@type\":\"ListItem\",\"position\":2,\"name\":\"AMADOU BA - \\\"Nous serons sans concession avec ceux qui contreviennent aux r\\u00e8gles...\\\"\"}]},{\"@type\":\"Person\",\"@id\":\"https:\/\/www.nettali.com\/#\/schema\/person\/418274a86bdf87caff7a3ef476bd0bbf\",\"name\":\"Fatou\",\"image\":{\"@type\":\"ImageObject\",\"@id\":\"https:\/\/www.nettali.com\/#personlogo\",\"inLanguage\":\"fr-FR\",\"url\":\"https:\/\/secure.gravatar.com\/avatar\/5a9442a2bee7b4dcf167cab035858e9a?s=96&d=mm&r=g\",\"contentUrl\":\"https:\/\/secure.gravatar.com\/avatar\/5a9442a2bee7b4dcf167cab035858e9a?s=96&d=mm&r=g\",\"caption\":\"Fatou\"},\"sameAs\":[\"https:\/\/www.nettali.com\"]}]}<\/script>\n<!-- \/ Yoast SEO Premium plugin. -->","yoast_head_json":{"title":"AMADOU BA - \"Nous serons sans concession avec ceux qui contreviennent aux r\u00e8gles...\" | Nettali.com","robots":{"index":"index","follow":"follow","max-snippet":"max-snippet:-1","max-image-preview":"max-image-preview:large","max-video-preview":"max-video-preview:-1"},"canonical":"https:\/\/www.nettali.com\/2023\/01\/10\/amadou-ba-nous-serons-sans-concession-avec-ceux-qui-contreviennent-aux-regles\/","og_locale":"fr_FR","og_type":"article","og_title":"AMADOU BA - \"Nous serons sans concession avec ceux qui contreviennent aux r\u00e8gles...\"","og_description":"NETTALI.COM - L\u2019Etat sort le b\u00e2ton pour corriger ceux qui s\u00e8ment le trouble sur les routes. Le Premier ministre a laiss\u00e9 entendre que l\u2019Etat sera intol\u00e9rant avec ceux qui foulent au pied les r\u00e8gles qui sont \u00e9dict\u00e9es pour lutter contre l\u2019ins\u00e9curit\u00e9 routi\u00e8re. \u00a0 Mettre fin aux accidents tragiques de circulation ! C\u2019est la d\u00e9termination affich\u00e9e [&hellip;]","og_url":"https:\/\/www.nettali.com\/2023\/01\/10\/amadou-ba-nous-serons-sans-concession-avec-ceux-qui-contreviennent-aux-regles\/","og_site_name":"Nettali.com","article_publisher":"https:\/\/www.facebook.com\/nettalicom","article_published_time":"2023-01-10T08:15:11+00:00","article_modified_time":"2023-01-10T08:57:46+00:00","og_image":[{"width":768,"height":512,"url":"https:\/\/www.nettali.com\/wp-content\/uploads\/2023\/01\/amba.jpg","type":"image\/jpeg"}],"twitter_card":"summary_large_image","twitter_misc":{"\u00c9crit par":"Fatou","Dur\u00e9e de lecture estim\u00e9e":"3 minutes"},"schema":{"@context":"https:\/\/schema.org","@graph":[{"@type":"WebSite","@id":"https:\/\/www.nettali.com\/#website","url":"https:\/\/www.nettali.com\/","name":"Nettali.com","description":"Le rendez-vous critique du Net","potentialAction":[{"@type":"SearchAction","target":{"@type":"EntryPoint","urlTemplate":"https:\/\/www.nettali.com\/?s={search_term_string}"},"query-input":"required name=search_term_string"}],"inLanguage":"fr-FR"},{"@type":"ImageObject","@id":"https:\/\/www.nettali.com\/2023\/01\/10\/amadou-ba-nous-serons-sans-concession-avec-ceux-qui-contreviennent-aux-regles\/#primaryimage","inLanguage":"fr-FR","url":"https:\/\/www.nettali.com\/wp-content\/uploads\/2023\/01\/amba.jpg","contentUrl":"https:\/\/www.nettali.com\/wp-content\/uploads\/2023\/01\/amba.jpg","width":768,"height":512},{"@type":"WebPage","@id":"https:\/\/www.nettali.com\/2023\/01\/10\/amadou-ba-nous-serons-sans-concession-avec-ceux-qui-contreviennent-aux-regles\/#webpage","url":"https:\/\/www.nettali.com\/2023\/01\/10\/amadou-ba-nous-serons-sans-concession-avec-ceux-qui-contreviennent-aux-regles\/","name":"AMADOU BA - \"Nous serons sans concession avec ceux qui contreviennent aux r\u00e8gles...\" | Nettali.com","isPartOf":{"@id":"https:\/\/www.nettali.com\/#website"},"primaryImageOfPage":{"@id":"https:\/\/www.nettali.com\/2023\/01\/10\/amadou-ba-nous-serons-sans-concession-avec-ceux-qui-contreviennent-aux-regles\/#primaryimage"},"datePublished":"2023-01-10T08:15:11+00:00","dateModified":"2023-01-10T08:57:46+00:00","author":{"@id":"https:\/\/www.nettali.com\/#\/schema\/person\/418274a86bdf87caff7a3ef476bd0bbf"},"breadcrumb":{"@id":"https:\/\/www.nettali.com\/2023\/01\/10\/amadou-ba-nous-serons-sans-concession-avec-ceux-qui-contreviennent-aux-regles\/#breadcrumb"},"inLanguage":"fr-FR","potentialAction":[{"@type":"ReadAction","target":["https:\/\/www.nettali.com\/2023\/01\/10\/amadou-ba-nous-serons-sans-concession-avec-ceux-qui-contreviennent-aux-regles\/"]}]},{"@type":"BreadcrumbList","@id":"https:\/\/www.nettali.com\/2023\/01\/10\/amadou-ba-nous-serons-sans-concession-avec-ceux-qui-contreviennent-aux-regles\/#breadcrumb","itemListElement":[{"@type":"ListItem","position":1,"name":"Accueil","item":"https:\/\/www.nettali.com\/"},{"@type":"ListItem","position":2,"name":"AMADOU BA - \"Nous serons sans concession avec ceux qui contreviennent aux r\u00e8gles...\""}]},{"@type":"Person","@id":"https:\/\/www.nettali.com\/#\/schema\/person\/418274a86bdf87caff7a3ef476bd0bbf","name":"Fatou","image":{"@type":"ImageObject","@id":"https:\/\/www.nettali.com\/#personlogo","inLanguage":"fr-FR","url":"https:\/\/secure.gravatar.com\/avatar\/5a9442a2bee7b4dcf167cab035858e9a?s=96&d=mm&r=g","contentUrl":"https:\/\/secure.gravatar.com\/avatar\/5a9442a2bee7b4dcf167cab035858e9a?s=96&d=mm&r=g","caption":"Fatou"},"sameAs":["https:\/\/www.nettali.com"]}]}},"_links":{"self":[{"href":"https:\/\/www.nettali.com\/rest\/wp\/v2\/posts\/101487"}],"collection":[{"href":"https:\/\/www.nettali.com\/rest\/wp\/v2\/posts"}],"about":[{"href":"https:\/\/www.nettali.com\/rest\/wp\/v2\/types\/post"}],"author":[{"embeddable":true,"href":"https:\/\/www.nettali.com\/rest\/wp\/v2\/users\/6"}],"replies":[{"embeddable":true,"href":"https:\/\/www.nettali.com\/rest\/wp\/v2\/comments?post=101487"}],"version-history":[{"count":5,"href":"https:\/\/www.nettali.com\/rest\/wp\/v2\/posts\/101487\/revisions"}],"predecessor-version":[{"id":101506,"href":"https:\/\/www.nettali.com\/rest\/wp\/v2\/posts\/101487\/revisions\/101506"}],"wp:featuredmedia":[{"embeddable":true,"href":"https:\/\/www.nettali.com\/rest\/wp\/v2\/media\/101497"}],"wp:attachment":[{"href":"https:\/\/www.nettali.com\/rest\/wp\/v2\/media?parent=101487"}],"wp:term":[{"taxonomy":"category","embeddable":true,"href":"https:\/\/www.nettali.com\/rest\/wp\/v2\/categories?post=101487"},{"taxonomy":"post_tag","embeddable":true,"href":"https:\/\/www.nettali.com\/rest\/wp\/v2\/tags?post=101487"}],"curies":[{"name":"wp","href":"https:\/\/api.w.org\/{rel}","templated":true}]}}