{"id":101475,"date":"2023-01-10T07:52:46","date_gmt":"2023-01-10T07:52:46","guid":{"rendered":"https:\/\/www.nettali.com\/?p=101475"},"modified":"2023-01-10T07:52:46","modified_gmt":"2023-01-10T07:52:46","slug":"diourbel-incendie-au-marche-ndoumbe-diop","status":"publish","type":"post","link":"https:\/\/www.nettali.com\/2023\/01\/10\/diourbel-incendie-au-marche-ndoumbe-diop\/","title":{"rendered":"DIOURBEL - Incendie au march\u00e9 Ndoumb\u00e9 Diop"},"content":{"rendered":"<p><strong>NETTALI.COM- Un incendie s'est d\u00e9clar\u00e9 dans\u00a0 la nuit du lundi 9 janvier 2023 au march\u00e9 Ndoumb\u00e9 Diop de Diourbel.\u00a0<\/strong><\/p>\n<p>Deux cantines ont pris feu dans le secteur o\u00f9 sont r\u00e9par\u00e9s les postes t\u00e9l\u00e9viseurs et cong\u00e9lateurs.<\/p>\n<p>Le d\u00e9put\u00e9-maire Malick Fall a fait le d\u00e9placement sur les lieux et a invit\u00e9 \u00e0 un changement de comportement en\u00a0 renseignant que du gaz et du mat\u00e9riel \u00e9lectrom\u00e9nager ont \u00e9t\u00e9 endommag\u00e9s sur les lieux. Il a exhort\u00e9 les occupants du march\u00e9 \u00e0 \u00e9viter les branchements \u00e9lectriques anarchiques non sans annoncer que des mesures seront prises pour \u00e9viter un \u00e9ni\u00e8me drame. Car, en 2018, un violent incendie avait r\u00e9duit en cendres plus de 50 cantines et des \u00e9tals. Un sapeur-pompier est m\u00eame d\u00e9c\u00e9d\u00e9 lors de l'intervention.<\/p>\n<div class='share-to-whatsapp-wrapper'><div class='share-on-whsp'>PARTAGER SUR : <\/div><a data-text='DIOURBEL - Incendie au march\u00e9 Ndoumb\u00e9 Diop' data-link='https:\/\/www.nettali.com\/2023\/01\/10\/diourbel-incendie-au-marche-ndoumbe-diop\/' class='whatsapp-button whatsapp-share'>WhatsApp<\/a><div class='clear '><\/div><\/div>","protected":false},"excerpt":{"rendered":"<p>NETTALI.COM- Un incendie s'est d\u00e9clar\u00e9 dans\u00a0 la nuit du lundi 9 janvier 2023 au march\u00e9 Ndoumb\u00e9 Diop de Diourbel.\u00a0 Deux cantines ont pris feu dans le secteur o\u00f9 sont r\u00e9par\u00e9s les postes t\u00e9l\u00e9viseurs et cong\u00e9lateurs. Le d\u00e9put\u00e9-maire Malick Fall a fait le d\u00e9placement sur les lieux et a invit\u00e9 \u00e0 un changement de comportement en\u00a0 [&hellip;]<\/p>\n","protected":false},"author":6,"featured_media":2371,"comment_status":"open","ping_status":"open","sticky":false,"template":"","format":"standard","meta":{"_et_pb_use_builder":"","_et_pb_old_content":""},"categories":[3],"tags":[],"yoast_head":"<!-- This site is optimized with the Yoast SEO Premium plugin v17.8 (Yoast SEO v17.8) - https:\/\/yoast.com\/wordpress\/plugins\/seo\/ -->\n<title>DIOURBEL - Incendie au march\u00e9 Ndoumb\u00e9 Diop | Nettali.com<\/title>\n<meta name=\"robots\" content=\"index, follow, max-snippet:-1, max-image-preview:large, max-video-preview:-1\" \/>\n<link rel=\"canonical\" href=\"https:\/\/www.nettali.com\/2023\/01\/10\/diourbel-incendie-au-marche-ndoumbe-diop\/\" \/>\n<meta property=\"og:locale\" content=\"fr_FR\" \/>\n<meta property=\"og:type\" content=\"article\" \/>\n<meta property=\"og:title\" content=\"DIOURBEL - Incendie au march\u00e9 Ndoumb\u00e9 Diop\" \/>\n<meta property=\"og:description\" content=\"NETTALI.COM- Un incendie s&#039;est d\u00e9clar\u00e9 dans\u00a0 la nuit du lundi 9 janvier 2023 au march\u00e9 Ndoumb\u00e9 Diop de Diourbel.\u00a0 Deux cantines ont pris feu dans le secteur o\u00f9 sont r\u00e9par\u00e9s les postes t\u00e9l\u00e9viseurs et cong\u00e9lateurs. Le d\u00e9put\u00e9-maire Malick Fall a fait le d\u00e9placement sur les lieux et a invit\u00e9 \u00e0 un changement de comportement en\u00a0 [&hellip;]\" \/>\n<meta property=\"og:url\" content=\"https:\/\/www.nettali.com\/2023\/01\/10\/diourbel-incendie-au-marche-ndoumbe-diop\/\" \/>\n<meta property=\"og:site_name\" content=\"Nettali.com\" \/>\n<meta property=\"article:publisher\" content=\"https:\/\/www.facebook.com\/nettalicom\" \/>\n<meta property=\"article:published_time\" content=\"2023-01-10T07:52:46+00:00\" \/>\n<meta property=\"og:image\" content=\"https:\/\/www.nettali.com\/wp-content\/uploads\/2019\/03\/incendie_marche_ocass_01.jpg\" \/>\n\t<meta property=\"og:image:width\" content=\"1008\" \/>\n\t<meta property=\"og:image:height\" content=\"756\" \/>\n<meta name=\"twitter:card\" content=\"summary_large_image\" \/>\n<meta name=\"twitter:label1\" content=\"\u00c9crit par\" \/>\n\t<meta name=\"twitter:data1\" content=\"Fatou\" \/>\n\t<meta name=\"twitter:label2\" content=\"Dur\u00e9e de lecture estim\u00e9e\" \/>\n\t<meta name=\"twitter:data2\" content=\"1 minute\" \/>\n<script type=\"application\/ld+json\" class=\"yoast-schema-graph\">{\"@context\":\"https:\/\/schema.org\",\"@graph\":[{\"@type\":\"WebSite\",\"@id\":\"https:\/\/www.nettali.com\/#website\",\"url\":\"https:\/\/www.nettali.com\/\",\"name\":\"Nettali.com\",\"description\":\"Le rendez-vous critique du Net\",\"potentialAction\":[{\"@type\":\"SearchAction\",\"target\":{\"@type\":\"EntryPoint\",\"urlTemplate\":\"https:\/\/www.nettali.com\/?s={search_term_string}\"},\"query-input\":\"required name=search_term_string\"}],\"inLanguage\":\"fr-FR\"},{\"@type\":\"ImageObject\",\"@id\":\"https:\/\/www.nettali.com\/2023\/01\/10\/diourbel-incendie-au-marche-ndoumbe-diop\/#primaryimage\",\"inLanguage\":\"fr-FR\",\"url\":\"https:\/\/www.nettali.com\/wp-content\/uploads\/2019\/03\/incendie_marche_ocass_01.jpg\",\"contentUrl\":\"https:\/\/www.nettali.com\/wp-content\/uploads\/2019\/03\/incendie_marche_ocass_01.jpg\",\"width\":1008,\"height\":756},{\"@type\":\"WebPage\",\"@id\":\"https:\/\/www.nettali.com\/2023\/01\/10\/diourbel-incendie-au-marche-ndoumbe-diop\/#webpage\",\"url\":\"https:\/\/www.nettali.com\/2023\/01\/10\/diourbel-incendie-au-marche-ndoumbe-diop\/\",\"name\":\"DIOURBEL - Incendie au march\\u00e9 Ndoumb\\u00e9 Diop | Nettali.com\",\"isPartOf\":{\"@id\":\"https:\/\/www.nettali.com\/#website\"},\"primaryImageOfPage\":{\"@id\":\"https:\/\/www.nettali.com\/2023\/01\/10\/diourbel-incendie-au-marche-ndoumbe-diop\/#primaryimage\"},\"datePublished\":\"2023-01-10T07:52:46+00:00\",\"dateModified\":\"2023-01-10T07:52:46+00:00\",\"author\":{\"@id\":\"https:\/\/www.nettali.com\/#\/schema\/person\/418274a86bdf87caff7a3ef476bd0bbf\"},\"breadcrumb\":{\"@id\":\"https:\/\/www.nettali.com\/2023\/01\/10\/diourbel-incendie-au-marche-ndoumbe-diop\/#breadcrumb\"},\"inLanguage\":\"fr-FR\",\"potentialAction\":[{\"@type\":\"ReadAction\",\"target\":[\"https:\/\/www.nettali.com\/2023\/01\/10\/diourbel-incendie-au-marche-ndoumbe-diop\/\"]}]},{\"@type\":\"BreadcrumbList\",\"@id\":\"https:\/\/www.nettali.com\/2023\/01\/10\/diourbel-incendie-au-marche-ndoumbe-diop\/#breadcrumb\",\"itemListElement\":[{\"@type\":\"ListItem\",\"position\":1,\"name\":\"Accueil\",\"item\":\"https:\/\/www.nettali.com\/\"},{\"@type\":\"ListItem\",\"position\":2,\"name\":\"DIOURBEL - Incendie au march\\u00e9 Ndoumb\\u00e9 Diop\"}]},{\"@type\":\"Person\",\"@id\":\"https:\/\/www.nettali.com\/#\/schema\/person\/418274a86bdf87caff7a3ef476bd0bbf\",\"name\":\"Fatou\",\"image\":{\"@type\":\"ImageObject\",\"@id\":\"https:\/\/www.nettali.com\/#personlogo\",\"inLanguage\":\"fr-FR\",\"url\":\"https:\/\/secure.gravatar.com\/avatar\/5a9442a2bee7b4dcf167cab035858e9a?s=96&d=mm&r=g\",\"contentUrl\":\"https:\/\/secure.gravatar.com\/avatar\/5a9442a2bee7b4dcf167cab035858e9a?s=96&d=mm&r=g\",\"caption\":\"Fatou\"},\"sameAs\":[\"https:\/\/www.nettali.com\"]}]}<\/script>\n<!-- \/ Yoast SEO Premium plugin. -->","yoast_head_json":{"title":"DIOURBEL - Incendie au march\u00e9 Ndoumb\u00e9 Diop | Nettali.com","robots":{"index":"index","follow":"follow","max-snippet":"max-snippet:-1","max-image-preview":"max-image-preview:large","max-video-preview":"max-video-preview:-1"},"canonical":"https:\/\/www.nettali.com\/2023\/01\/10\/diourbel-incendie-au-marche-ndoumbe-diop\/","og_locale":"fr_FR","og_type":"article","og_title":"DIOURBEL - Incendie au march\u00e9 Ndoumb\u00e9 Diop","og_description":"NETTALI.COM- Un incendie s'est d\u00e9clar\u00e9 dans\u00a0 la nuit du lundi 9 janvier 2023 au march\u00e9 Ndoumb\u00e9 Diop de Diourbel.\u00a0 Deux cantines ont pris feu dans le secteur o\u00f9 sont r\u00e9par\u00e9s les postes t\u00e9l\u00e9viseurs et cong\u00e9lateurs. Le d\u00e9put\u00e9-maire Malick Fall a fait le d\u00e9placement sur les lieux et a invit\u00e9 \u00e0 un changement de comportement en\u00a0 [&hellip;]","og_url":"https:\/\/www.nettali.com\/2023\/01\/10\/diourbel-incendie-au-marche-ndoumbe-diop\/","og_site_name":"Nettali.com","article_publisher":"https:\/\/www.facebook.com\/nettalicom","article_published_time":"2023-01-10T07:52:46+00:00","og_image":[{"width":1008,"height":756,"url":"https:\/\/www.nettali.com\/wp-content\/uploads\/2019\/03\/incendie_marche_ocass_01.jpg","type":"image\/jpeg"}],"twitter_card":"summary_large_image","twitter_misc":{"\u00c9crit par":"Fatou","Dur\u00e9e de lecture estim\u00e9e":"1 minute"},"schema":{"@context":"https:\/\/schema.org","@graph":[{"@type":"WebSite","@id":"https:\/\/www.nettali.com\/#website","url":"https:\/\/www.nettali.com\/","name":"Nettali.com","description":"Le rendez-vous critique du Net","potentialAction":[{"@type":"SearchAction","target":{"@type":"EntryPoint","urlTemplate":"https:\/\/www.nettali.com\/?s={search_term_string}"},"query-input":"required name=search_term_string"}],"inLanguage":"fr-FR"},{"@type":"ImageObject","@id":"https:\/\/www.nettali.com\/2023\/01\/10\/diourbel-incendie-au-marche-ndoumbe-diop\/#primaryimage","inLanguage":"fr-FR","url":"https:\/\/www.nettali.com\/wp-content\/uploads\/2019\/03\/incendie_marche_ocass_01.jpg","contentUrl":"https:\/\/www.nettali.com\/wp-content\/uploads\/2019\/03\/incendie_marche_ocass_01.jpg","width":1008,"height":756},{"@type":"WebPage","@id":"https:\/\/www.nettali.com\/2023\/01\/10\/diourbel-incendie-au-marche-ndoumbe-diop\/#webpage","url":"https:\/\/www.nettali.com\/2023\/01\/10\/diourbel-incendie-au-marche-ndoumbe-diop\/","name":"DIOURBEL - Incendie au march\u00e9 Ndoumb\u00e9 Diop | Nettali.com","isPartOf":{"@id":"https:\/\/www.nettali.com\/#website"},"primaryImageOfPage":{"@id":"https:\/\/www.nettali.com\/2023\/01\/10\/diourbel-incendie-au-marche-ndoumbe-diop\/#primaryimage"},"datePublished":"2023-01-10T07:52:46+00:00","dateModified":"2023-01-10T07:52:46+00:00","author":{"@id":"https:\/\/www.nettali.com\/#\/schema\/person\/418274a86bdf87caff7a3ef476bd0bbf"},"breadcrumb":{"@id":"https:\/\/www.nettali.com\/2023\/01\/10\/diourbel-incendie-au-marche-ndoumbe-diop\/#breadcrumb"},"inLanguage":"fr-FR","potentialAction":[{"@type":"ReadAction","target":["https:\/\/www.nettali.com\/2023\/01\/10\/diourbel-incendie-au-marche-ndoumbe-diop\/"]}]},{"@type":"BreadcrumbList","@id":"https:\/\/www.nettali.com\/2023\/01\/10\/diourbel-incendie-au-marche-ndoumbe-diop\/#breadcrumb","itemListElement":[{"@type":"ListItem","position":1,"name":"Accueil","item":"https:\/\/www.nettali.com\/"},{"@type":"ListItem","position":2,"name":"DIOURBEL - Incendie au march\u00e9 Ndoumb\u00e9 Diop"}]},{"@type":"Person","@id":"https:\/\/www.nettali.com\/#\/schema\/person\/418274a86bdf87caff7a3ef476bd0bbf","name":"Fatou","image":{"@type":"ImageObject","@id":"https:\/\/www.nettali.com\/#personlogo","inLanguage":"fr-FR","url":"https:\/\/secure.gravatar.com\/avatar\/5a9442a2bee7b4dcf167cab035858e9a?s=96&d=mm&r=g","contentUrl":"https:\/\/secure.gravatar.com\/avatar\/5a9442a2bee7b4dcf167cab035858e9a?s=96&d=mm&r=g","caption":"Fatou"},"sameAs":["https:\/\/www.nettali.com"]}]}},"_links":{"self":[{"href":"https:\/\/www.nettali.com\/rest\/wp\/v2\/posts\/101475"}],"collection":[{"href":"https:\/\/www.nettali.com\/rest\/wp\/v2\/posts"}],"about":[{"href":"https:\/\/www.nettali.com\/rest\/wp\/v2\/types\/post"}],"author":[{"embeddable":true,"href":"https:\/\/www.nettali.com\/rest\/wp\/v2\/users\/6"}],"replies":[{"embeddable":true,"href":"https:\/\/www.nettali.com\/rest\/wp\/v2\/comments?post=101475"}],"version-history":[{"count":4,"href":"https:\/\/www.nettali.com\/rest\/wp\/v2\/posts\/101475\/revisions"}],"predecessor-version":[{"id":101495,"href":"https:\/\/www.nettali.com\/rest\/wp\/v2\/posts\/101475\/revisions\/101495"}],"wp:featuredmedia":[{"embeddable":true,"href":"https:\/\/www.nettali.com\/rest\/wp\/v2\/media\/2371"}],"wp:attachment":[{"href":"https:\/\/www.nettali.com\/rest\/wp\/v2\/media?parent=101475"}],"wp:term":[{"taxonomy":"category","embeddable":true,"href":"https:\/\/www.nettali.com\/rest\/wp\/v2\/categories?post=101475"},{"taxonomy":"post_tag","embeddable":true,"href":"https:\/\/www.nettali.com\/rest\/wp\/v2\/tags?post=101475"}],"curies":[{"name":"wp","href":"https:\/\/api.w.org\/{rel}","templated":true}]}}