{"id":101456,"date":"2023-01-10T07:49:39","date_gmt":"2023-01-10T07:49:39","guid":{"rendered":"https:\/\/www.nettali.com\/?p=101456"},"modified":"2023-01-10T07:49:39","modified_gmt":"2023-01-10T07:49:39","slug":"evasion-pape-mamadou-seck-de-force-speciale-ecroue-encore-les-gardes-liberes","status":"publish","type":"post","link":"https:\/\/www.nettali.com\/2023\/01\/10\/evasion-pape-mamadou-seck-de-force-speciale-ecroue-encore-les-gardes-liberes\/","title":{"rendered":"EVASION - Pape Mamadou Seck de \"Force sp\u00e9ciale\" \u00e9crou\u00e9 encore, les gardes lib\u00e9r\u00e9s"},"content":{"rendered":"<p><strong>NETTALI.COM - Pape Mamadou Seck, membre de l\u2019affaire dite de la \u00abforce sp\u00e9ciale\u00bb, fait l'objet d'une seconde inculpation. Extrait de sa cellule du pavillon sp\u00e9cial ce jeudi et d\u00e9f\u00e9r\u00e9 au parquet, ce lundi 9 janvier 2023, le juge du deuxi\u00e8me cabinet d'instruction l'a inculp\u00e9 pour \u00e9vasion avec bris de prison.\u00a0<\/strong><\/p>\n<p>Deuxi\u00e8me inculpation pour Pape Mamadou Seck. D\u00e9j\u00e0 plac\u00e9 sous mandat de d\u00e9p\u00f4t dans l\u2019affaire dite de la \u2018\u2019force sp\u00e9ciale\u2019\u2019, en juillet 2022, le d\u00e9tenu a \u00e9t\u00e9 encore \u00e9crou\u00e9 apr\u00e8s son inculpation pour \u00e9vasion avec bris de prison. Par contre, les quatre gardes p\u00e9nitentiaires suspect\u00e9s d'avoir un r\u00f4le dans l'\u00e9vasion ont \u00e9t\u00e9 lib\u00e9r\u00e9s apr\u00e8s leur inculpation pour complicit\u00e9 d'\u00e9vasion. Une \u00e9vasion intervenue au Pavillon sp\u00e9cial de l\u2019h\u00f4pital Aristide Le Dantec dans la nuit du 9 au 10 juillet 2022. La gendarmerie avait mis fin \u00e0 la cavale deux semaines plus tard, en localisant Pape Mamadou Seck \u00e0 Darou Karim, dans le d\u00e9partement de Mback\u00e9.<\/p>\n<div class='share-to-whatsapp-wrapper'><div class='share-on-whsp'>PARTAGER SUR : <\/div><a data-text='EVASION - Pape Mamadou Seck de \"Force sp\u00e9ciale\" \u00e9crou\u00e9 encore, les gardes lib\u00e9r\u00e9s' data-link='https:\/\/www.nettali.com\/2023\/01\/10\/evasion-pape-mamadou-seck-de-force-speciale-ecroue-encore-les-gardes-liberes\/' class='whatsapp-button whatsapp-share'>WhatsApp<\/a><div class='clear '><\/div><\/div>","protected":false},"excerpt":{"rendered":"<p>NETTALI.COM - Pape Mamadou Seck, membre de l\u2019affaire dite de la \u00abforce sp\u00e9ciale\u00bb, fait l'objet d'une seconde inculpation. Extrait de sa cellule du pavillon sp\u00e9cial ce jeudi et d\u00e9f\u00e9r\u00e9 au parquet, ce lundi 9 janvier 2023, le juge du deuxi\u00e8me cabinet d'instruction l'a inculp\u00e9 pour \u00e9vasion avec bris de prison.\u00a0 Deuxi\u00e8me inculpation pour Pape Mamadou [&hellip;]<\/p>\n","protected":false},"author":6,"featured_media":92236,"comment_status":"open","ping_status":"open","sticky":false,"template":"","format":"standard","meta":{"_et_pb_use_builder":"","_et_pb_old_content":""},"categories":[3],"tags":[],"yoast_head":"<!-- This site is optimized with the Yoast SEO Premium plugin v17.8 (Yoast SEO v17.8) - https:\/\/yoast.com\/wordpress\/plugins\/seo\/ -->\n<title>EVASION - Pape Mamadou Seck de &quot;Force sp\u00e9ciale&quot; \u00e9crou\u00e9 encore, les gardes lib\u00e9r\u00e9s | Nettali.com<\/title>\n<meta name=\"robots\" content=\"index, follow, max-snippet:-1, max-image-preview:large, max-video-preview:-1\" \/>\n<link rel=\"canonical\" href=\"https:\/\/www.nettali.com\/2023\/01\/10\/evasion-pape-mamadou-seck-de-force-speciale-ecroue-encore-les-gardes-liberes\/\" \/>\n<meta property=\"og:locale\" content=\"fr_FR\" \/>\n<meta property=\"og:type\" content=\"article\" \/>\n<meta property=\"og:title\" content=\"EVASION - Pape Mamadou Seck de &quot;Force sp\u00e9ciale&quot; \u00e9crou\u00e9 encore, les gardes lib\u00e9r\u00e9s\" \/>\n<meta property=\"og:description\" content=\"NETTALI.COM - Pape Mamadou Seck, membre de l\u2019affaire dite de la \u00abforce sp\u00e9ciale\u00bb, fait l&#039;objet d&#039;une seconde inculpation. Extrait de sa cellule du pavillon sp\u00e9cial ce jeudi et d\u00e9f\u00e9r\u00e9 au parquet, ce lundi 9 janvier 2023, le juge du deuxi\u00e8me cabinet d&#039;instruction l&#039;a inculp\u00e9 pour \u00e9vasion avec bris de prison.\u00a0 Deuxi\u00e8me inculpation pour Pape Mamadou [&hellip;]\" \/>\n<meta property=\"og:url\" content=\"https:\/\/www.nettali.com\/2023\/01\/10\/evasion-pape-mamadou-seck-de-force-speciale-ecroue-encore-les-gardes-liberes\/\" \/>\n<meta property=\"og:site_name\" content=\"Nettali.com\" \/>\n<meta property=\"article:publisher\" content=\"https:\/\/www.facebook.com\/nettalicom\" \/>\n<meta property=\"article:published_time\" content=\"2023-01-10T07:49:39+00:00\" \/>\n<meta property=\"og:image\" content=\"https:\/\/www.nettali.com\/wp-content\/uploads\/2022\/08\/Papa-Mamadou-Seck.jpeg\" \/>\n\t<meta property=\"og:image:width\" content=\"755\" \/>\n\t<meta property=\"og:image:height\" content=\"449\" \/>\n<meta name=\"twitter:card\" content=\"summary_large_image\" \/>\n<meta name=\"twitter:label1\" content=\"\u00c9crit par\" \/>\n\t<meta name=\"twitter:data1\" content=\"Fatou\" \/>\n\t<meta name=\"twitter:label2\" content=\"Dur\u00e9e de lecture estim\u00e9e\" \/>\n\t<meta name=\"twitter:data2\" content=\"1 minute\" \/>\n<script type=\"application\/ld+json\" class=\"yoast-schema-graph\">{\"@context\":\"https:\/\/schema.org\",\"@graph\":[{\"@type\":\"WebSite\",\"@id\":\"https:\/\/www.nettali.com\/#website\",\"url\":\"https:\/\/www.nettali.com\/\",\"name\":\"Nettali.com\",\"description\":\"Le rendez-vous critique du Net\",\"potentialAction\":[{\"@type\":\"SearchAction\",\"target\":{\"@type\":\"EntryPoint\",\"urlTemplate\":\"https:\/\/www.nettali.com\/?s={search_term_string}\"},\"query-input\":\"required name=search_term_string\"}],\"inLanguage\":\"fr-FR\"},{\"@type\":\"ImageObject\",\"@id\":\"https:\/\/www.nettali.com\/2023\/01\/10\/evasion-pape-mamadou-seck-de-force-speciale-ecroue-encore-les-gardes-liberes\/#primaryimage\",\"inLanguage\":\"fr-FR\",\"url\":\"https:\/\/www.nettali.com\/wp-content\/uploads\/2022\/08\/Papa-Mamadou-Seck.jpeg\",\"contentUrl\":\"https:\/\/www.nettali.com\/wp-content\/uploads\/2022\/08\/Papa-Mamadou-Seck.jpeg\",\"width\":755,\"height\":449},{\"@type\":\"WebPage\",\"@id\":\"https:\/\/www.nettali.com\/2023\/01\/10\/evasion-pape-mamadou-seck-de-force-speciale-ecroue-encore-les-gardes-liberes\/#webpage\",\"url\":\"https:\/\/www.nettali.com\/2023\/01\/10\/evasion-pape-mamadou-seck-de-force-speciale-ecroue-encore-les-gardes-liberes\/\",\"name\":\"EVASION - Pape Mamadou Seck de \\\"Force sp\\u00e9ciale\\\" \\u00e9crou\\u00e9 encore, les gardes lib\\u00e9r\\u00e9s | Nettali.com\",\"isPartOf\":{\"@id\":\"https:\/\/www.nettali.com\/#website\"},\"primaryImageOfPage\":{\"@id\":\"https:\/\/www.nettali.com\/2023\/01\/10\/evasion-pape-mamadou-seck-de-force-speciale-ecroue-encore-les-gardes-liberes\/#primaryimage\"},\"datePublished\":\"2023-01-10T07:49:39+00:00\",\"dateModified\":\"2023-01-10T07:49:39+00:00\",\"author\":{\"@id\":\"https:\/\/www.nettali.com\/#\/schema\/person\/418274a86bdf87caff7a3ef476bd0bbf\"},\"breadcrumb\":{\"@id\":\"https:\/\/www.nettali.com\/2023\/01\/10\/evasion-pape-mamadou-seck-de-force-speciale-ecroue-encore-les-gardes-liberes\/#breadcrumb\"},\"inLanguage\":\"fr-FR\",\"potentialAction\":[{\"@type\":\"ReadAction\",\"target\":[\"https:\/\/www.nettali.com\/2023\/01\/10\/evasion-pape-mamadou-seck-de-force-speciale-ecroue-encore-les-gardes-liberes\/\"]}]},{\"@type\":\"BreadcrumbList\",\"@id\":\"https:\/\/www.nettali.com\/2023\/01\/10\/evasion-pape-mamadou-seck-de-force-speciale-ecroue-encore-les-gardes-liberes\/#breadcrumb\",\"itemListElement\":[{\"@type\":\"ListItem\",\"position\":1,\"name\":\"Accueil\",\"item\":\"https:\/\/www.nettali.com\/\"},{\"@type\":\"ListItem\",\"position\":2,\"name\":\"EVASION - Pape Mamadou Seck de \\\"Force sp\\u00e9ciale\\\" \\u00e9crou\\u00e9 encore, les gardes lib\\u00e9r\\u00e9s\"}]},{\"@type\":\"Person\",\"@id\":\"https:\/\/www.nettali.com\/#\/schema\/person\/418274a86bdf87caff7a3ef476bd0bbf\",\"name\":\"Fatou\",\"image\":{\"@type\":\"ImageObject\",\"@id\":\"https:\/\/www.nettali.com\/#personlogo\",\"inLanguage\":\"fr-FR\",\"url\":\"https:\/\/secure.gravatar.com\/avatar\/5a9442a2bee7b4dcf167cab035858e9a?s=96&d=mm&r=g\",\"contentUrl\":\"https:\/\/secure.gravatar.com\/avatar\/5a9442a2bee7b4dcf167cab035858e9a?s=96&d=mm&r=g\",\"caption\":\"Fatou\"},\"sameAs\":[\"https:\/\/www.nettali.com\"]}]}<\/script>\n<!-- \/ Yoast SEO Premium plugin. -->","yoast_head_json":{"title":"EVASION - Pape Mamadou Seck de \"Force sp\u00e9ciale\" \u00e9crou\u00e9 encore, les gardes lib\u00e9r\u00e9s | Nettali.com","robots":{"index":"index","follow":"follow","max-snippet":"max-snippet:-1","max-image-preview":"max-image-preview:large","max-video-preview":"max-video-preview:-1"},"canonical":"https:\/\/www.nettali.com\/2023\/01\/10\/evasion-pape-mamadou-seck-de-force-speciale-ecroue-encore-les-gardes-liberes\/","og_locale":"fr_FR","og_type":"article","og_title":"EVASION - Pape Mamadou Seck de \"Force sp\u00e9ciale\" \u00e9crou\u00e9 encore, les gardes lib\u00e9r\u00e9s","og_description":"NETTALI.COM - Pape Mamadou Seck, membre de l\u2019affaire dite de la \u00abforce sp\u00e9ciale\u00bb, fait l'objet d'une seconde inculpation. Extrait de sa cellule du pavillon sp\u00e9cial ce jeudi et d\u00e9f\u00e9r\u00e9 au parquet, ce lundi 9 janvier 2023, le juge du deuxi\u00e8me cabinet d'instruction l'a inculp\u00e9 pour \u00e9vasion avec bris de prison.\u00a0 Deuxi\u00e8me inculpation pour Pape Mamadou [&hellip;]","og_url":"https:\/\/www.nettali.com\/2023\/01\/10\/evasion-pape-mamadou-seck-de-force-speciale-ecroue-encore-les-gardes-liberes\/","og_site_name":"Nettali.com","article_publisher":"https:\/\/www.facebook.com\/nettalicom","article_published_time":"2023-01-10T07:49:39+00:00","og_image":[{"width":755,"height":449,"url":"https:\/\/www.nettali.com\/wp-content\/uploads\/2022\/08\/Papa-Mamadou-Seck.jpeg","type":"image\/jpeg"}],"twitter_card":"summary_large_image","twitter_misc":{"\u00c9crit par":"Fatou","Dur\u00e9e de lecture estim\u00e9e":"1 minute"},"schema":{"@context":"https:\/\/schema.org","@graph":[{"@type":"WebSite","@id":"https:\/\/www.nettali.com\/#website","url":"https:\/\/www.nettali.com\/","name":"Nettali.com","description":"Le rendez-vous critique du Net","potentialAction":[{"@type":"SearchAction","target":{"@type":"EntryPoint","urlTemplate":"https:\/\/www.nettali.com\/?s={search_term_string}"},"query-input":"required name=search_term_string"}],"inLanguage":"fr-FR"},{"@type":"ImageObject","@id":"https:\/\/www.nettali.com\/2023\/01\/10\/evasion-pape-mamadou-seck-de-force-speciale-ecroue-encore-les-gardes-liberes\/#primaryimage","inLanguage":"fr-FR","url":"https:\/\/www.nettali.com\/wp-content\/uploads\/2022\/08\/Papa-Mamadou-Seck.jpeg","contentUrl":"https:\/\/www.nettali.com\/wp-content\/uploads\/2022\/08\/Papa-Mamadou-Seck.jpeg","width":755,"height":449},{"@type":"WebPage","@id":"https:\/\/www.nettali.com\/2023\/01\/10\/evasion-pape-mamadou-seck-de-force-speciale-ecroue-encore-les-gardes-liberes\/#webpage","url":"https:\/\/www.nettali.com\/2023\/01\/10\/evasion-pape-mamadou-seck-de-force-speciale-ecroue-encore-les-gardes-liberes\/","name":"EVASION - Pape Mamadou Seck de \"Force sp\u00e9ciale\" \u00e9crou\u00e9 encore, les gardes lib\u00e9r\u00e9s | Nettali.com","isPartOf":{"@id":"https:\/\/www.nettali.com\/#website"},"primaryImageOfPage":{"@id":"https:\/\/www.nettali.com\/2023\/01\/10\/evasion-pape-mamadou-seck-de-force-speciale-ecroue-encore-les-gardes-liberes\/#primaryimage"},"datePublished":"2023-01-10T07:49:39+00:00","dateModified":"2023-01-10T07:49:39+00:00","author":{"@id":"https:\/\/www.nettali.com\/#\/schema\/person\/418274a86bdf87caff7a3ef476bd0bbf"},"breadcrumb":{"@id":"https:\/\/www.nettali.com\/2023\/01\/10\/evasion-pape-mamadou-seck-de-force-speciale-ecroue-encore-les-gardes-liberes\/#breadcrumb"},"inLanguage":"fr-FR","potentialAction":[{"@type":"ReadAction","target":["https:\/\/www.nettali.com\/2023\/01\/10\/evasion-pape-mamadou-seck-de-force-speciale-ecroue-encore-les-gardes-liberes\/"]}]},{"@type":"BreadcrumbList","@id":"https:\/\/www.nettali.com\/2023\/01\/10\/evasion-pape-mamadou-seck-de-force-speciale-ecroue-encore-les-gardes-liberes\/#breadcrumb","itemListElement":[{"@type":"ListItem","position":1,"name":"Accueil","item":"https:\/\/www.nettali.com\/"},{"@type":"ListItem","position":2,"name":"EVASION - Pape Mamadou Seck de \"Force sp\u00e9ciale\" \u00e9crou\u00e9 encore, les gardes lib\u00e9r\u00e9s"}]},{"@type":"Person","@id":"https:\/\/www.nettali.com\/#\/schema\/person\/418274a86bdf87caff7a3ef476bd0bbf","name":"Fatou","image":{"@type":"ImageObject","@id":"https:\/\/www.nettali.com\/#personlogo","inLanguage":"fr-FR","url":"https:\/\/secure.gravatar.com\/avatar\/5a9442a2bee7b4dcf167cab035858e9a?s=96&d=mm&r=g","contentUrl":"https:\/\/secure.gravatar.com\/avatar\/5a9442a2bee7b4dcf167cab035858e9a?s=96&d=mm&r=g","caption":"Fatou"},"sameAs":["https:\/\/www.nettali.com"]}]}},"_links":{"self":[{"href":"https:\/\/www.nettali.com\/rest\/wp\/v2\/posts\/101456"}],"collection":[{"href":"https:\/\/www.nettali.com\/rest\/wp\/v2\/posts"}],"about":[{"href":"https:\/\/www.nettali.com\/rest\/wp\/v2\/types\/post"}],"author":[{"embeddable":true,"href":"https:\/\/www.nettali.com\/rest\/wp\/v2\/users\/6"}],"replies":[{"embeddable":true,"href":"https:\/\/www.nettali.com\/rest\/wp\/v2\/comments?post=101456"}],"version-history":[{"count":5,"href":"https:\/\/www.nettali.com\/rest\/wp\/v2\/posts\/101456\/revisions"}],"predecessor-version":[{"id":101491,"href":"https:\/\/www.nettali.com\/rest\/wp\/v2\/posts\/101456\/revisions\/101491"}],"wp:featuredmedia":[{"embeddable":true,"href":"https:\/\/www.nettali.com\/rest\/wp\/v2\/media\/92236"}],"wp:attachment":[{"href":"https:\/\/www.nettali.com\/rest\/wp\/v2\/media?parent=101456"}],"wp:term":[{"taxonomy":"category","embeddable":true,"href":"https:\/\/www.nettali.com\/rest\/wp\/v2\/categories?post=101456"},{"taxonomy":"post_tag","embeddable":true,"href":"https:\/\/www.nettali.com\/rest\/wp\/v2\/tags?post=101456"}],"curies":[{"name":"wp","href":"https:\/\/api.w.org\/{rel}","templated":true}]}}