{"id":101386,"date":"2023-01-08T22:22:50","date_gmt":"2023-01-08T22:22:50","guid":{"rendered":"https:\/\/www.nettali.com\/?p=101386"},"modified":"2023-01-10T07:43:06","modified_gmt":"2023-01-10T07:43:06","slug":"accident-de-kaffrine-le-gouvernement-donne-les-chiffres-de-la-tragedie","status":"publish","type":"post","link":"https:\/\/www.nettali.com\/2023\/01\/08\/accident-de-kaffrine-le-gouvernement-donne-les-chiffres-de-la-tragedie\/","title":{"rendered":"ACCIDENT DE KAFFRINE - Le gouvernement donne les chiffres de la trag\u00e9die"},"content":{"rendered":"<p><strong>NETTALI.COM - Le tragique accident survenu sur la route de Kaffrine a fait 39 morts et plus d'une centaine de bless\u00e9s. Ce sont les derniers chiffres fournis par le gouvernement qui a fait le point ce dimanche \u00e0 18 heures.\u00a0<\/strong><\/p>\n<p>39 d\u00e9c\u00e8s ont \u00e9t\u00e9 constat\u00e9s. C'est en tout cas ce que disent officiellement les autorit\u00e9s s\u00e9n\u00e9galaises. Dans un communiqu\u00e9, le ministre du Commerce, de la Consommation et des PME, porte-parole du gouvernement a donn\u00e9 un bilan chiffr\u00e9 du tragique accident qui a endeuill\u00e9 le S\u00e9n\u00e9gal ce dimanche. \"<em>Dans le cadre du suivi de la prise en charge des victimes de l'accident de Sikilo dans le d\u00e9partement de Kaffrine intervenu ce dimanche 8 janvier, le point de la situation \u00e0 18 heures laisse appara\u00eetre les informations suivantes<\/em>\", \u00e9crit le ministre Abdou Karim Fofona.<\/p>\n<p>Ainsi, en plus des 39 d\u00e9c\u00e8s constat\u00e9s, le porte-parole du gouvernement renseigne que \"<em>53 bless\u00e9s dont 52 sont pris actuellement en charge \u00e0 l'h\u00f4pital Thierno Birahim Ndao de Kaffrine et 1 \u00e9vacu\u00e9 \u00e0 l'h\u00f4pital de Kaolack ont \u00e9t\u00e9 d\u00e9nombr\u00e9s<\/em>\".\u00a0 La m\u00eame source ajoute que \"<em>47 bless\u00e9s l\u00e9gers sont intern\u00e9s dans les centres de sant\u00e9 proche du lieu de l'accident<\/em>\".<\/p>\n<p>En outre, le gouvernement promet une mise \u00e0 jour des informations en cas d'\u00e9volution de la situation.<\/p>\n<div class='share-to-whatsapp-wrapper'><div class='share-on-whsp'>PARTAGER SUR : <\/div><a data-text='ACCIDENT DE KAFFRINE - Le gouvernement donne les chiffres de la trag\u00e9die' data-link='https:\/\/www.nettali.com\/2023\/01\/08\/accident-de-kaffrine-le-gouvernement-donne-les-chiffres-de-la-tragedie\/' class='whatsapp-button whatsapp-share'>WhatsApp<\/a><div class='clear '><\/div><\/div>","protected":false},"excerpt":{"rendered":"<p>NETTALI.COM - Le tragique accident survenu sur la route de Kaffrine a fait 39 morts et plus d'une centaine de bless\u00e9s. Ce sont les derniers chiffres fournis par le gouvernement qui a fait le point ce dimanche \u00e0 18 heures.\u00a0 39 d\u00e9c\u00e8s ont \u00e9t\u00e9 constat\u00e9s. C'est en tout cas ce que disent officiellement les autorit\u00e9s [&hellip;]<\/p>\n","protected":false},"author":3,"featured_media":101363,"comment_status":"open","ping_status":"open","sticky":false,"template":"","format":"standard","meta":{"_et_pb_use_builder":"","_et_pb_old_content":""},"categories":[3],"tags":[],"yoast_head":"<!-- This site is optimized with the Yoast SEO Premium plugin v17.8 (Yoast SEO v17.8) - https:\/\/yoast.com\/wordpress\/plugins\/seo\/ -->\n<title>ACCIDENT DE KAFFRINE - Le gouvernement donne les chiffres de la trag\u00e9die | Nettali.com<\/title>\n<meta name=\"robots\" content=\"index, follow, max-snippet:-1, max-image-preview:large, max-video-preview:-1\" \/>\n<link rel=\"canonical\" href=\"https:\/\/www.nettali.com\/2023\/01\/08\/accident-de-kaffrine-le-gouvernement-donne-les-chiffres-de-la-tragedie\/\" \/>\n<meta property=\"og:locale\" content=\"fr_FR\" \/>\n<meta property=\"og:type\" content=\"article\" \/>\n<meta property=\"og:title\" content=\"ACCIDENT DE KAFFRINE - Le gouvernement donne les chiffres de la trag\u00e9die\" \/>\n<meta property=\"og:description\" content=\"NETTALI.COM - Le tragique accident survenu sur la route de Kaffrine a fait 39 morts et plus d&#039;une centaine de bless\u00e9s. Ce sont les derniers chiffres fournis par le gouvernement qui a fait le point ce dimanche \u00e0 18 heures.\u00a0 39 d\u00e9c\u00e8s ont \u00e9t\u00e9 constat\u00e9s. C&#039;est en tout cas ce que disent officiellement les autorit\u00e9s [&hellip;]\" \/>\n<meta property=\"og:url\" content=\"https:\/\/www.nettali.com\/2023\/01\/08\/accident-de-kaffrine-le-gouvernement-donne-les-chiffres-de-la-tragedie\/\" \/>\n<meta property=\"og:site_name\" content=\"Nettali.com\" \/>\n<meta property=\"article:publisher\" content=\"https:\/\/www.facebook.com\/nettalicom\" \/>\n<meta property=\"article:published_time\" content=\"2023-01-08T22:22:50+00:00\" \/>\n<meta property=\"article:modified_time\" content=\"2023-01-10T07:43:06+00:00\" \/>\n<meta property=\"og:image\" content=\"https:\/\/www.nettali.com\/wp-content\/uploads\/2023\/01\/WhatsApp-Image-2023-01-08-at-13.33.42.jpeg\" \/>\n\t<meta property=\"og:image:width\" content=\"1080\" \/>\n\t<meta property=\"og:image:height\" content=\"608\" \/>\n<meta name=\"twitter:card\" content=\"summary_large_image\" \/>\n<meta name=\"twitter:label1\" content=\"\u00c9crit par\" \/>\n\t<meta name=\"twitter:data1\" content=\"Moustapha\" \/>\n\t<meta name=\"twitter:label2\" content=\"Dur\u00e9e de lecture estim\u00e9e\" \/>\n\t<meta name=\"twitter:data2\" content=\"2 minutes\" \/>\n<script type=\"application\/ld+json\" class=\"yoast-schema-graph\">{\"@context\":\"https:\/\/schema.org\",\"@graph\":[{\"@type\":\"WebSite\",\"@id\":\"https:\/\/www.nettali.com\/#website\",\"url\":\"https:\/\/www.nettali.com\/\",\"name\":\"Nettali.com\",\"description\":\"Le rendez-vous critique du Net\",\"potentialAction\":[{\"@type\":\"SearchAction\",\"target\":{\"@type\":\"EntryPoint\",\"urlTemplate\":\"https:\/\/www.nettali.com\/?s={search_term_string}\"},\"query-input\":\"required name=search_term_string\"}],\"inLanguage\":\"fr-FR\"},{\"@type\":\"ImageObject\",\"@id\":\"https:\/\/www.nettali.com\/2023\/01\/08\/accident-de-kaffrine-le-gouvernement-donne-les-chiffres-de-la-tragedie\/#primaryimage\",\"inLanguage\":\"fr-FR\",\"url\":\"https:\/\/www.nettali.com\/wp-content\/uploads\/2023\/01\/WhatsApp-Image-2023-01-08-at-13.33.42.jpeg\",\"contentUrl\":\"https:\/\/www.nettali.com\/wp-content\/uploads\/2023\/01\/WhatsApp-Image-2023-01-08-at-13.33.42.jpeg\",\"width\":1080,\"height\":608},{\"@type\":\"WebPage\",\"@id\":\"https:\/\/www.nettali.com\/2023\/01\/08\/accident-de-kaffrine-le-gouvernement-donne-les-chiffres-de-la-tragedie\/#webpage\",\"url\":\"https:\/\/www.nettali.com\/2023\/01\/08\/accident-de-kaffrine-le-gouvernement-donne-les-chiffres-de-la-tragedie\/\",\"name\":\"ACCIDENT DE KAFFRINE - Le gouvernement donne les chiffres de la trag\\u00e9die | Nettali.com\",\"isPartOf\":{\"@id\":\"https:\/\/www.nettali.com\/#website\"},\"primaryImageOfPage\":{\"@id\":\"https:\/\/www.nettali.com\/2023\/01\/08\/accident-de-kaffrine-le-gouvernement-donne-les-chiffres-de-la-tragedie\/#primaryimage\"},\"datePublished\":\"2023-01-08T22:22:50+00:00\",\"dateModified\":\"2023-01-10T07:43:06+00:00\",\"author\":{\"@id\":\"https:\/\/www.nettali.com\/#\/schema\/person\/7962a12a6e0267f88f0ffa544c36469a\"},\"breadcrumb\":{\"@id\":\"https:\/\/www.nettali.com\/2023\/01\/08\/accident-de-kaffrine-le-gouvernement-donne-les-chiffres-de-la-tragedie\/#breadcrumb\"},\"inLanguage\":\"fr-FR\",\"potentialAction\":[{\"@type\":\"ReadAction\",\"target\":[\"https:\/\/www.nettali.com\/2023\/01\/08\/accident-de-kaffrine-le-gouvernement-donne-les-chiffres-de-la-tragedie\/\"]}]},{\"@type\":\"BreadcrumbList\",\"@id\":\"https:\/\/www.nettali.com\/2023\/01\/08\/accident-de-kaffrine-le-gouvernement-donne-les-chiffres-de-la-tragedie\/#breadcrumb\",\"itemListElement\":[{\"@type\":\"ListItem\",\"position\":1,\"name\":\"Accueil\",\"item\":\"https:\/\/www.nettali.com\/\"},{\"@type\":\"ListItem\",\"position\":2,\"name\":\"ACCIDENT DE KAFFRINE - Le gouvernement donne les chiffres de la trag\\u00e9die\"}]},{\"@type\":\"Person\",\"@id\":\"https:\/\/www.nettali.com\/#\/schema\/person\/7962a12a6e0267f88f0ffa544c36469a\",\"name\":\"Moustapha\",\"image\":{\"@type\":\"ImageObject\",\"@id\":\"https:\/\/www.nettali.com\/#personlogo\",\"inLanguage\":\"fr-FR\",\"url\":\"https:\/\/secure.gravatar.com\/avatar\/10fdf6a071cccdcf374e3dbe45159590?s=96&d=mm&r=g\",\"contentUrl\":\"https:\/\/secure.gravatar.com\/avatar\/10fdf6a071cccdcf374e3dbe45159590?s=96&d=mm&r=g\",\"caption\":\"Moustapha\"},\"sameAs\":[\"https:\/\/www.nettali.com\"]}]}<\/script>\n<!-- \/ Yoast SEO Premium plugin. -->","yoast_head_json":{"title":"ACCIDENT DE KAFFRINE - Le gouvernement donne les chiffres de la trag\u00e9die | Nettali.com","robots":{"index":"index","follow":"follow","max-snippet":"max-snippet:-1","max-image-preview":"max-image-preview:large","max-video-preview":"max-video-preview:-1"},"canonical":"https:\/\/www.nettali.com\/2023\/01\/08\/accident-de-kaffrine-le-gouvernement-donne-les-chiffres-de-la-tragedie\/","og_locale":"fr_FR","og_type":"article","og_title":"ACCIDENT DE KAFFRINE - Le gouvernement donne les chiffres de la trag\u00e9die","og_description":"NETTALI.COM - Le tragique accident survenu sur la route de Kaffrine a fait 39 morts et plus d'une centaine de bless\u00e9s. Ce sont les derniers chiffres fournis par le gouvernement qui a fait le point ce dimanche \u00e0 18 heures.\u00a0 39 d\u00e9c\u00e8s ont \u00e9t\u00e9 constat\u00e9s. C'est en tout cas ce que disent officiellement les autorit\u00e9s [&hellip;]","og_url":"https:\/\/www.nettali.com\/2023\/01\/08\/accident-de-kaffrine-le-gouvernement-donne-les-chiffres-de-la-tragedie\/","og_site_name":"Nettali.com","article_publisher":"https:\/\/www.facebook.com\/nettalicom","article_published_time":"2023-01-08T22:22:50+00:00","article_modified_time":"2023-01-10T07:43:06+00:00","og_image":[{"width":1080,"height":608,"url":"https:\/\/www.nettali.com\/wp-content\/uploads\/2023\/01\/WhatsApp-Image-2023-01-08-at-13.33.42.jpeg","type":"image\/jpeg"}],"twitter_card":"summary_large_image","twitter_misc":{"\u00c9crit par":"Moustapha","Dur\u00e9e de lecture estim\u00e9e":"2 minutes"},"schema":{"@context":"https:\/\/schema.org","@graph":[{"@type":"WebSite","@id":"https:\/\/www.nettali.com\/#website","url":"https:\/\/www.nettali.com\/","name":"Nettali.com","description":"Le rendez-vous critique du Net","potentialAction":[{"@type":"SearchAction","target":{"@type":"EntryPoint","urlTemplate":"https:\/\/www.nettali.com\/?s={search_term_string}"},"query-input":"required name=search_term_string"}],"inLanguage":"fr-FR"},{"@type":"ImageObject","@id":"https:\/\/www.nettali.com\/2023\/01\/08\/accident-de-kaffrine-le-gouvernement-donne-les-chiffres-de-la-tragedie\/#primaryimage","inLanguage":"fr-FR","url":"https:\/\/www.nettali.com\/wp-content\/uploads\/2023\/01\/WhatsApp-Image-2023-01-08-at-13.33.42.jpeg","contentUrl":"https:\/\/www.nettali.com\/wp-content\/uploads\/2023\/01\/WhatsApp-Image-2023-01-08-at-13.33.42.jpeg","width":1080,"height":608},{"@type":"WebPage","@id":"https:\/\/www.nettali.com\/2023\/01\/08\/accident-de-kaffrine-le-gouvernement-donne-les-chiffres-de-la-tragedie\/#webpage","url":"https:\/\/www.nettali.com\/2023\/01\/08\/accident-de-kaffrine-le-gouvernement-donne-les-chiffres-de-la-tragedie\/","name":"ACCIDENT DE KAFFRINE - Le gouvernement donne les chiffres de la trag\u00e9die | Nettali.com","isPartOf":{"@id":"https:\/\/www.nettali.com\/#website"},"primaryImageOfPage":{"@id":"https:\/\/www.nettali.com\/2023\/01\/08\/accident-de-kaffrine-le-gouvernement-donne-les-chiffres-de-la-tragedie\/#primaryimage"},"datePublished":"2023-01-08T22:22:50+00:00","dateModified":"2023-01-10T07:43:06+00:00","author":{"@id":"https:\/\/www.nettali.com\/#\/schema\/person\/7962a12a6e0267f88f0ffa544c36469a"},"breadcrumb":{"@id":"https:\/\/www.nettali.com\/2023\/01\/08\/accident-de-kaffrine-le-gouvernement-donne-les-chiffres-de-la-tragedie\/#breadcrumb"},"inLanguage":"fr-FR","potentialAction":[{"@type":"ReadAction","target":["https:\/\/www.nettali.com\/2023\/01\/08\/accident-de-kaffrine-le-gouvernement-donne-les-chiffres-de-la-tragedie\/"]}]},{"@type":"BreadcrumbList","@id":"https:\/\/www.nettali.com\/2023\/01\/08\/accident-de-kaffrine-le-gouvernement-donne-les-chiffres-de-la-tragedie\/#breadcrumb","itemListElement":[{"@type":"ListItem","position":1,"name":"Accueil","item":"https:\/\/www.nettali.com\/"},{"@type":"ListItem","position":2,"name":"ACCIDENT DE KAFFRINE - Le gouvernement donne les chiffres de la trag\u00e9die"}]},{"@type":"Person","@id":"https:\/\/www.nettali.com\/#\/schema\/person\/7962a12a6e0267f88f0ffa544c36469a","name":"Moustapha","image":{"@type":"ImageObject","@id":"https:\/\/www.nettali.com\/#personlogo","inLanguage":"fr-FR","url":"https:\/\/secure.gravatar.com\/avatar\/10fdf6a071cccdcf374e3dbe45159590?s=96&d=mm&r=g","contentUrl":"https:\/\/secure.gravatar.com\/avatar\/10fdf6a071cccdcf374e3dbe45159590?s=96&d=mm&r=g","caption":"Moustapha"},"sameAs":["https:\/\/www.nettali.com"]}]}},"_links":{"self":[{"href":"https:\/\/www.nettali.com\/rest\/wp\/v2\/posts\/101386"}],"collection":[{"href":"https:\/\/www.nettali.com\/rest\/wp\/v2\/posts"}],"about":[{"href":"https:\/\/www.nettali.com\/rest\/wp\/v2\/types\/post"}],"author":[{"embeddable":true,"href":"https:\/\/www.nettali.com\/rest\/wp\/v2\/users\/3"}],"replies":[{"embeddable":true,"href":"https:\/\/www.nettali.com\/rest\/wp\/v2\/comments?post=101386"}],"version-history":[{"count":2,"href":"https:\/\/www.nettali.com\/rest\/wp\/v2\/posts\/101386\/revisions"}],"predecessor-version":[{"id":101388,"href":"https:\/\/www.nettali.com\/rest\/wp\/v2\/posts\/101386\/revisions\/101388"}],"wp:featuredmedia":[{"embeddable":true,"href":"https:\/\/www.nettali.com\/rest\/wp\/v2\/media\/101363"}],"wp:attachment":[{"href":"https:\/\/www.nettali.com\/rest\/wp\/v2\/media?parent=101386"}],"wp:term":[{"taxonomy":"category","embeddable":true,"href":"https:\/\/www.nettali.com\/rest\/wp\/v2\/categories?post=101386"},{"taxonomy":"post_tag","embeddable":true,"href":"https:\/\/www.nettali.com\/rest\/wp\/v2\/tags?post=101386"}],"curies":[{"name":"wp","href":"https:\/\/api.w.org\/{rel}","templated":true}]}}