{"id":101382,"date":"2023-01-08T22:00:35","date_gmt":"2023-01-08T22:00:35","guid":{"rendered":"https:\/\/www.nettali.com\/?p=101382"},"modified":"2023-01-08T22:00:35","modified_gmt":"2023-01-08T22:00:35","slug":"en-coulisses-accident-de-kaffrine-kalidou-koulibaly-exprime-son-emotion","status":"publish","type":"post","link":"https:\/\/www.nettali.com\/2023\/01\/08\/en-coulisses-accident-de-kaffrine-kalidou-koulibaly-exprime-son-emotion\/","title":{"rendered":"EN COULISSES  - ACCIDENT DE KAFFRINE : Kalidou Koulibaly  exprime son \u00e9motion"},"content":{"rendered":"<p><strong>NETTALI.COM\u00a0 - Le deuil qui frappe le S\u00e9n\u00e9gal suite au tragique accident de Kaffrine ne laisse pas indiff\u00e9rent Kalidou Koulibaly. L'international s\u00e9n\u00e9galais a exprim\u00e9 son \u00e9motion sur les r\u00e9seaux sociaux.\u00a0<\/strong><\/p>\n<p>\"<em>Douleur et \u00e9motion ce dimanche \u00e0 la suite de l\u2019accident de la circulation intervenu sur la route de Kaffrine<\/em>\", \u00e9crit le capitaine des \"Lions\" du football. Kalidou Koulibaly r\u00e9agit ainsi au drame qui frappe le S\u00e9n\u00e9gal apr\u00e8s l'accident survenu dans la nuit du samedi \u00e0 dimanche sur la route de Kaffrine.<\/p>\n<p>\"<em>Il n'y pas de mots pour exprimer cette perte si tragique. Toutes mes pens\u00e9es vont \u00e0 ces familles touch\u00e9es dans leur c\u0153ur et dans leur chair<\/em>\", ajoute le champion d'Afrique. Qui conclut : \"<em>En mon nom, au nom de mes compagnons de l\u2019\u00e9quipe nationale de football, je pr\u00e9sente toutes mes sinc\u00e8res condol\u00e9ances et notre profond respect \u00e0 ceux qui sont marqu\u00e9s par ce drame<\/em>.\"<\/p>\n<div class='share-to-whatsapp-wrapper'><div class='share-on-whsp'>PARTAGER SUR : <\/div><a data-text='EN COULISSES  - ACCIDENT DE KAFFRINE : Kalidou Koulibaly  exprime son \u00e9motion' data-link='https:\/\/www.nettali.com\/2023\/01\/08\/en-coulisses-accident-de-kaffrine-kalidou-koulibaly-exprime-son-emotion\/' class='whatsapp-button whatsapp-share'>WhatsApp<\/a><div class='clear '><\/div><\/div>","protected":false},"excerpt":{"rendered":"<p>NETTALI.COM\u00a0 - Le deuil qui frappe le S\u00e9n\u00e9gal suite au tragique accident de Kaffrine ne laisse pas indiff\u00e9rent Kalidou Koulibaly. L'international s\u00e9n\u00e9galais a exprim\u00e9 son \u00e9motion sur les r\u00e9seaux sociaux.\u00a0 \"Douleur et \u00e9motion ce dimanche \u00e0 la suite de l\u2019accident de la circulation intervenu sur la route de Kaffrine\", \u00e9crit le capitaine des \"Lions\" du [&hellip;]<\/p>\n","protected":false},"author":3,"featured_media":101383,"comment_status":"open","ping_status":"open","sticky":false,"template":"","format":"standard","meta":{"_et_pb_use_builder":"","_et_pb_old_content":""},"categories":[34945],"tags":[],"yoast_head":"<!-- This site is optimized with the Yoast SEO Premium plugin v17.8 (Yoast SEO v17.8) - https:\/\/yoast.com\/wordpress\/plugins\/seo\/ -->\n<title>EN COULISSES - ACCIDENT DE KAFFRINE : Kalidou Koulibaly exprime son \u00e9motion | Nettali.com<\/title>\n<meta name=\"robots\" content=\"index, follow, max-snippet:-1, max-image-preview:large, max-video-preview:-1\" \/>\n<link rel=\"canonical\" href=\"https:\/\/www.nettali.com\/2023\/01\/08\/en-coulisses-accident-de-kaffrine-kalidou-koulibaly-exprime-son-emotion\/\" \/>\n<meta property=\"og:locale\" content=\"fr_FR\" \/>\n<meta property=\"og:type\" content=\"article\" \/>\n<meta property=\"og:title\" content=\"EN COULISSES - ACCIDENT DE KAFFRINE : Kalidou Koulibaly exprime son \u00e9motion\" \/>\n<meta property=\"og:description\" content=\"NETTALI.COM\u00a0 - Le deuil qui frappe le S\u00e9n\u00e9gal suite au tragique accident de Kaffrine ne laisse pas indiff\u00e9rent Kalidou Koulibaly. L&#039;international s\u00e9n\u00e9galais a exprim\u00e9 son \u00e9motion sur les r\u00e9seaux sociaux.\u00a0 &quot;Douleur et \u00e9motion ce dimanche \u00e0 la suite de l\u2019accident de la circulation intervenu sur la route de Kaffrine&quot;, \u00e9crit le capitaine des &quot;Lions&quot; du [&hellip;]\" \/>\n<meta property=\"og:url\" content=\"https:\/\/www.nettali.com\/2023\/01\/08\/en-coulisses-accident-de-kaffrine-kalidou-koulibaly-exprime-son-emotion\/\" \/>\n<meta property=\"og:site_name\" content=\"Nettali.com\" \/>\n<meta property=\"article:publisher\" content=\"https:\/\/www.facebook.com\/nettalicom\" \/>\n<meta property=\"article:published_time\" content=\"2023-01-08T22:00:35+00:00\" \/>\n<meta property=\"og:image\" content=\"https:\/\/www.nettali.com\/wp-content\/uploads\/2023\/01\/93128-1668757490.jpg\" \/>\n\t<meta property=\"og:image:width\" content=\"300\" \/>\n\t<meta property=\"og:image:height\" content=\"390\" \/>\n<meta name=\"twitter:card\" content=\"summary_large_image\" \/>\n<meta name=\"twitter:label1\" content=\"\u00c9crit par\" \/>\n\t<meta name=\"twitter:data1\" content=\"Moustapha\" \/>\n\t<meta name=\"twitter:label2\" content=\"Dur\u00e9e de lecture estim\u00e9e\" \/>\n\t<meta name=\"twitter:data2\" content=\"1 minute\" \/>\n<script type=\"application\/ld+json\" class=\"yoast-schema-graph\">{\"@context\":\"https:\/\/schema.org\",\"@graph\":[{\"@type\":\"WebSite\",\"@id\":\"https:\/\/www.nettali.com\/#website\",\"url\":\"https:\/\/www.nettali.com\/\",\"name\":\"Nettali.com\",\"description\":\"Le rendez-vous critique du Net\",\"potentialAction\":[{\"@type\":\"SearchAction\",\"target\":{\"@type\":\"EntryPoint\",\"urlTemplate\":\"https:\/\/www.nettali.com\/?s={search_term_string}\"},\"query-input\":\"required name=search_term_string\"}],\"inLanguage\":\"fr-FR\"},{\"@type\":\"ImageObject\",\"@id\":\"https:\/\/www.nettali.com\/2023\/01\/08\/en-coulisses-accident-de-kaffrine-kalidou-koulibaly-exprime-son-emotion\/#primaryimage\",\"inLanguage\":\"fr-FR\",\"url\":\"https:\/\/www.nettali.com\/wp-content\/uploads\/2023\/01\/93128-1668757490.jpg\",\"contentUrl\":\"https:\/\/www.nettali.com\/wp-content\/uploads\/2023\/01\/93128-1668757490.jpg\",\"width\":300,\"height\":390},{\"@type\":\"WebPage\",\"@id\":\"https:\/\/www.nettali.com\/2023\/01\/08\/en-coulisses-accident-de-kaffrine-kalidou-koulibaly-exprime-son-emotion\/#webpage\",\"url\":\"https:\/\/www.nettali.com\/2023\/01\/08\/en-coulisses-accident-de-kaffrine-kalidou-koulibaly-exprime-son-emotion\/\",\"name\":\"EN COULISSES - ACCIDENT DE KAFFRINE : Kalidou Koulibaly exprime son \\u00e9motion | Nettali.com\",\"isPartOf\":{\"@id\":\"https:\/\/www.nettali.com\/#website\"},\"primaryImageOfPage\":{\"@id\":\"https:\/\/www.nettali.com\/2023\/01\/08\/en-coulisses-accident-de-kaffrine-kalidou-koulibaly-exprime-son-emotion\/#primaryimage\"},\"datePublished\":\"2023-01-08T22:00:35+00:00\",\"dateModified\":\"2023-01-08T22:00:35+00:00\",\"author\":{\"@id\":\"https:\/\/www.nettali.com\/#\/schema\/person\/7962a12a6e0267f88f0ffa544c36469a\"},\"breadcrumb\":{\"@id\":\"https:\/\/www.nettali.com\/2023\/01\/08\/en-coulisses-accident-de-kaffrine-kalidou-koulibaly-exprime-son-emotion\/#breadcrumb\"},\"inLanguage\":\"fr-FR\",\"potentialAction\":[{\"@type\":\"ReadAction\",\"target\":[\"https:\/\/www.nettali.com\/2023\/01\/08\/en-coulisses-accident-de-kaffrine-kalidou-koulibaly-exprime-son-emotion\/\"]}]},{\"@type\":\"BreadcrumbList\",\"@id\":\"https:\/\/www.nettali.com\/2023\/01\/08\/en-coulisses-accident-de-kaffrine-kalidou-koulibaly-exprime-son-emotion\/#breadcrumb\",\"itemListElement\":[{\"@type\":\"ListItem\",\"position\":1,\"name\":\"Accueil\",\"item\":\"https:\/\/www.nettali.com\/\"},{\"@type\":\"ListItem\",\"position\":2,\"name\":\"EN COULISSES - ACCIDENT DE KAFFRINE : Kalidou Koulibaly exprime son \\u00e9motion\"}]},{\"@type\":\"Person\",\"@id\":\"https:\/\/www.nettali.com\/#\/schema\/person\/7962a12a6e0267f88f0ffa544c36469a\",\"name\":\"Moustapha\",\"image\":{\"@type\":\"ImageObject\",\"@id\":\"https:\/\/www.nettali.com\/#personlogo\",\"inLanguage\":\"fr-FR\",\"url\":\"https:\/\/secure.gravatar.com\/avatar\/10fdf6a071cccdcf374e3dbe45159590?s=96&d=mm&r=g\",\"contentUrl\":\"https:\/\/secure.gravatar.com\/avatar\/10fdf6a071cccdcf374e3dbe45159590?s=96&d=mm&r=g\",\"caption\":\"Moustapha\"},\"sameAs\":[\"https:\/\/www.nettali.com\"]}]}<\/script>\n<!-- \/ Yoast SEO Premium plugin. -->","yoast_head_json":{"title":"EN COULISSES - ACCIDENT DE KAFFRINE : Kalidou Koulibaly exprime son \u00e9motion | Nettali.com","robots":{"index":"index","follow":"follow","max-snippet":"max-snippet:-1","max-image-preview":"max-image-preview:large","max-video-preview":"max-video-preview:-1"},"canonical":"https:\/\/www.nettali.com\/2023\/01\/08\/en-coulisses-accident-de-kaffrine-kalidou-koulibaly-exprime-son-emotion\/","og_locale":"fr_FR","og_type":"article","og_title":"EN COULISSES - ACCIDENT DE KAFFRINE : Kalidou Koulibaly exprime son \u00e9motion","og_description":"NETTALI.COM\u00a0 - Le deuil qui frappe le S\u00e9n\u00e9gal suite au tragique accident de Kaffrine ne laisse pas indiff\u00e9rent Kalidou Koulibaly. L'international s\u00e9n\u00e9galais a exprim\u00e9 son \u00e9motion sur les r\u00e9seaux sociaux.\u00a0 \"Douleur et \u00e9motion ce dimanche \u00e0 la suite de l\u2019accident de la circulation intervenu sur la route de Kaffrine\", \u00e9crit le capitaine des \"Lions\" du [&hellip;]","og_url":"https:\/\/www.nettali.com\/2023\/01\/08\/en-coulisses-accident-de-kaffrine-kalidou-koulibaly-exprime-son-emotion\/","og_site_name":"Nettali.com","article_publisher":"https:\/\/www.facebook.com\/nettalicom","article_published_time":"2023-01-08T22:00:35+00:00","og_image":[{"width":300,"height":390,"url":"https:\/\/www.nettali.com\/wp-content\/uploads\/2023\/01\/93128-1668757490.jpg","type":"image\/jpeg"}],"twitter_card":"summary_large_image","twitter_misc":{"\u00c9crit par":"Moustapha","Dur\u00e9e de lecture estim\u00e9e":"1 minute"},"schema":{"@context":"https:\/\/schema.org","@graph":[{"@type":"WebSite","@id":"https:\/\/www.nettali.com\/#website","url":"https:\/\/www.nettali.com\/","name":"Nettali.com","description":"Le rendez-vous critique du Net","potentialAction":[{"@type":"SearchAction","target":{"@type":"EntryPoint","urlTemplate":"https:\/\/www.nettali.com\/?s={search_term_string}"},"query-input":"required name=search_term_string"}],"inLanguage":"fr-FR"},{"@type":"ImageObject","@id":"https:\/\/www.nettali.com\/2023\/01\/08\/en-coulisses-accident-de-kaffrine-kalidou-koulibaly-exprime-son-emotion\/#primaryimage","inLanguage":"fr-FR","url":"https:\/\/www.nettali.com\/wp-content\/uploads\/2023\/01\/93128-1668757490.jpg","contentUrl":"https:\/\/www.nettali.com\/wp-content\/uploads\/2023\/01\/93128-1668757490.jpg","width":300,"height":390},{"@type":"WebPage","@id":"https:\/\/www.nettali.com\/2023\/01\/08\/en-coulisses-accident-de-kaffrine-kalidou-koulibaly-exprime-son-emotion\/#webpage","url":"https:\/\/www.nettali.com\/2023\/01\/08\/en-coulisses-accident-de-kaffrine-kalidou-koulibaly-exprime-son-emotion\/","name":"EN COULISSES - ACCIDENT DE KAFFRINE : Kalidou Koulibaly exprime son \u00e9motion | Nettali.com","isPartOf":{"@id":"https:\/\/www.nettali.com\/#website"},"primaryImageOfPage":{"@id":"https:\/\/www.nettali.com\/2023\/01\/08\/en-coulisses-accident-de-kaffrine-kalidou-koulibaly-exprime-son-emotion\/#primaryimage"},"datePublished":"2023-01-08T22:00:35+00:00","dateModified":"2023-01-08T22:00:35+00:00","author":{"@id":"https:\/\/www.nettali.com\/#\/schema\/person\/7962a12a6e0267f88f0ffa544c36469a"},"breadcrumb":{"@id":"https:\/\/www.nettali.com\/2023\/01\/08\/en-coulisses-accident-de-kaffrine-kalidou-koulibaly-exprime-son-emotion\/#breadcrumb"},"inLanguage":"fr-FR","potentialAction":[{"@type":"ReadAction","target":["https:\/\/www.nettali.com\/2023\/01\/08\/en-coulisses-accident-de-kaffrine-kalidou-koulibaly-exprime-son-emotion\/"]}]},{"@type":"BreadcrumbList","@id":"https:\/\/www.nettali.com\/2023\/01\/08\/en-coulisses-accident-de-kaffrine-kalidou-koulibaly-exprime-son-emotion\/#breadcrumb","itemListElement":[{"@type":"ListItem","position":1,"name":"Accueil","item":"https:\/\/www.nettali.com\/"},{"@type":"ListItem","position":2,"name":"EN COULISSES - ACCIDENT DE KAFFRINE : Kalidou Koulibaly exprime son \u00e9motion"}]},{"@type":"Person","@id":"https:\/\/www.nettali.com\/#\/schema\/person\/7962a12a6e0267f88f0ffa544c36469a","name":"Moustapha","image":{"@type":"ImageObject","@id":"https:\/\/www.nettali.com\/#personlogo","inLanguage":"fr-FR","url":"https:\/\/secure.gravatar.com\/avatar\/10fdf6a071cccdcf374e3dbe45159590?s=96&d=mm&r=g","contentUrl":"https:\/\/secure.gravatar.com\/avatar\/10fdf6a071cccdcf374e3dbe45159590?s=96&d=mm&r=g","caption":"Moustapha"},"sameAs":["https:\/\/www.nettali.com"]}]}},"_links":{"self":[{"href":"https:\/\/www.nettali.com\/rest\/wp\/v2\/posts\/101382"}],"collection":[{"href":"https:\/\/www.nettali.com\/rest\/wp\/v2\/posts"}],"about":[{"href":"https:\/\/www.nettali.com\/rest\/wp\/v2\/types\/post"}],"author":[{"embeddable":true,"href":"https:\/\/www.nettali.com\/rest\/wp\/v2\/users\/3"}],"replies":[{"embeddable":true,"href":"https:\/\/www.nettali.com\/rest\/wp\/v2\/comments?post=101382"}],"version-history":[{"count":1,"href":"https:\/\/www.nettali.com\/rest\/wp\/v2\/posts\/101382\/revisions"}],"predecessor-version":[{"id":101384,"href":"https:\/\/www.nettali.com\/rest\/wp\/v2\/posts\/101382\/revisions\/101384"}],"wp:featuredmedia":[{"embeddable":true,"href":"https:\/\/www.nettali.com\/rest\/wp\/v2\/media\/101383"}],"wp:attachment":[{"href":"https:\/\/www.nettali.com\/rest\/wp\/v2\/media?parent=101382"}],"wp:term":[{"taxonomy":"category","embeddable":true,"href":"https:\/\/www.nettali.com\/rest\/wp\/v2\/categories?post=101382"},{"taxonomy":"post_tag","embeddable":true,"href":"https:\/\/www.nettali.com\/rest\/wp\/v2\/tags?post=101382"}],"curies":[{"name":"wp","href":"https:\/\/api.w.org\/{rel}","templated":true}]}}