{"id":101375,"date":"2023-01-08T19:31:19","date_gmt":"2023-01-08T19:31:19","guid":{"rendered":"https:\/\/www.nettali.com\/?p=101375"},"modified":"2023-01-10T07:46:44","modified_gmt":"2023-01-10T07:46:44","slug":"macky-sall-a-kaffrine-des-mesures-urgentes-seront-prises","status":"publish","type":"post","link":"https:\/\/www.nettali.com\/2023\/01\/08\/macky-sall-a-kaffrine-des-mesures-urgentes-seront-prises\/","title":{"rendered":"MACKY SALL \u00c0 KAFFRINE - \"Des mesures urgentes seront prises\""},"content":{"rendered":"<p><strong>NETTALI.COM - Le chef de l\u2019Etat, Macky Sall, s\u2019est rendu \u00e0 Kaffrine ce dimanche apr\u00e8s l\u2019accident tragique survenu \u00e0 Sikilo, dans la r\u00e9gion de Kaffrine et ayant co\u00fbt\u00e9 la vie de 39 personnes. Il a annonc\u00e9 que l\u2019Etat du S\u00e9n\u00e9gal apportera tout le soutien n\u00e9cessaire aux familles des victimes. <\/strong><\/p>\n<p><em>\u00abAu moment o\u00f9 je vous parle, plus de 20 corps ont d\u00e9j\u00e0 \u00e9t\u00e9 identifi\u00e9s et bient\u00f4t pourront \u00eatre remis \u00e0 leurs familles. Le processus d\u2019identification des autres corps se fera au fur et \u00e0 mesure et l\u2019Etat apportera tout le soutien et toute la solidarit\u00e9 aux familles endeuill\u00e9s, aux bless\u00e9s et \u00e0 leurs familles pour pouvoir att\u00e9nuer leurs souffrances\u00bb,<\/em> a soutenu le Pr\u00e9sident Macky Sall aux termes de sa visite aux bless\u00e9s \u00e0 l\u2019h\u00f4pital Thierno Birahim Ndao \u00e0 Kaffrine.<\/p>\n<p>Le pr\u00e9sident de la R\u00e9publique s\u2019est rendu sur les lieux apr\u00e8s l\u2019accident tragique survenu \u00e0 Sikilo, dans la r\u00e9gion de Kaffrine et ayant co\u00fbt\u00e9 la vie de 39 personnes.<br \/>\n<em>\u00ab Je voudrais en cette douloureuse circonstance saluer la promptitude de l\u2019administration r\u00e9gionale \u00e0 travers le gouverneur, mais \u00e9galement les services de la gendarmerie, des sapeurs-pompiers et surtout la r\u00e9gion m\u00e9dicale et l\u2019ensemble des \u00e9tablissements de sant\u00e9 qui sont non seulement dans la r\u00e9gion de Kaffrine, mais aussi saluer la synergie organiser par le ministre de la sant\u00e9 de Dakar, Kaolack et les autres h\u00f4pitaux qui ont mis \u00e0 la disposition du personnel mais \u00e9galement de la capacit\u00e9. Mais il faut se r\u00e9jouir de la pr\u00e9sence de cet h\u00f4pital r\u00e9gional Thierno Birahim Ndao de Kaffrine qui a pu prendre en charge l\u2019int\u00e9gralit\u00e9 des bless\u00e9s et il faut saluer le d\u00e9vouement du personnel m\u00e9dical tout comme le procureur de la R\u00e9publique de Kaolack avec toutes ses \u00e9quipes, qui depuis hier nuit \u00e0 4 heures du matin, sont \u00e0 Kaffrine. Je salue \u00e9galement les efforts du minist\u00e8re des transports terrestres et du minist\u00e8re de la solidarit\u00e9 nationale mais surtout saluer les efforts de la commune de Kaffrine \u00e0 travers son maire Abdoulaye Seydou Sow et toutes bonnes volont\u00e9s qui se sont automatiquement pr\u00e9sent\u00e9es \u00e0 l\u2019h\u00f4pital pour apporter leurs soutiens\u00bb,<\/em> se f\u00e9licite le chef de l\u2019Etat...<\/p>\n<p>Le pr\u00e9sident de la R\u00e9publique assure que des mesures urgentes seront prises \u00e0 l\u2019issue du conseil interminist\u00e9riel qui se tiendra ce lundi car cette situation de peut pas perdurer.<\/p>\n<p>&nbsp;<\/p>\n<div class='share-to-whatsapp-wrapper'><div class='share-on-whsp'>PARTAGER SUR : <\/div><a data-text='MACKY SALL \u00c0 KAFFRINE - \"Des mesures urgentes seront prises\"' data-link='https:\/\/www.nettali.com\/2023\/01\/08\/macky-sall-a-kaffrine-des-mesures-urgentes-seront-prises\/' class='whatsapp-button whatsapp-share'>WhatsApp<\/a><div class='clear '><\/div><\/div>","protected":false},"excerpt":{"rendered":"<p>NETTALI.COM - Le chef de l\u2019Etat, Macky Sall, s\u2019est rendu \u00e0 Kaffrine ce dimanche apr\u00e8s l\u2019accident tragique survenu \u00e0 Sikilo, dans la r\u00e9gion de Kaffrine et ayant co\u00fbt\u00e9 la vie de 39 personnes. Il a annonc\u00e9 que l\u2019Etat du S\u00e9n\u00e9gal apportera tout le soutien n\u00e9cessaire aux familles des victimes. \u00abAu moment o\u00f9 je vous parle, [&hellip;]<\/p>\n","protected":false},"author":4,"featured_media":101376,"comment_status":"open","ping_status":"open","sticky":false,"template":"","format":"standard","meta":{"_et_pb_use_builder":"","_et_pb_old_content":""},"categories":[3],"tags":[],"yoast_head":"<!-- This site is optimized with the Yoast SEO Premium plugin v17.8 (Yoast SEO v17.8) - https:\/\/yoast.com\/wordpress\/plugins\/seo\/ -->\n<title>MACKY SALL \u00c0 KAFFRINE - &quot;Des mesures urgentes seront prises&quot; | Nettali.com<\/title>\n<meta name=\"robots\" content=\"index, follow, max-snippet:-1, max-image-preview:large, max-video-preview:-1\" \/>\n<link rel=\"canonical\" href=\"https:\/\/www.nettali.com\/2023\/01\/08\/macky-sall-a-kaffrine-des-mesures-urgentes-seront-prises\/\" \/>\n<meta property=\"og:locale\" content=\"fr_FR\" \/>\n<meta property=\"og:type\" content=\"article\" \/>\n<meta property=\"og:title\" content=\"MACKY SALL \u00c0 KAFFRINE - &quot;Des mesures urgentes seront prises&quot;\" \/>\n<meta property=\"og:description\" content=\"NETTALI.COM - Le chef de l\u2019Etat, Macky Sall, s\u2019est rendu \u00e0 Kaffrine ce dimanche apr\u00e8s l\u2019accident tragique survenu \u00e0 Sikilo, dans la r\u00e9gion de Kaffrine et ayant co\u00fbt\u00e9 la vie de 39 personnes. Il a annonc\u00e9 que l\u2019Etat du S\u00e9n\u00e9gal apportera tout le soutien n\u00e9cessaire aux familles des victimes. \u00abAu moment o\u00f9 je vous parle, [&hellip;]\" \/>\n<meta property=\"og:url\" content=\"https:\/\/www.nettali.com\/2023\/01\/08\/macky-sall-a-kaffrine-des-mesures-urgentes-seront-prises\/\" \/>\n<meta property=\"og:site_name\" content=\"Nettali.com\" \/>\n<meta property=\"article:publisher\" content=\"https:\/\/www.facebook.com\/nettalicom\" \/>\n<meta property=\"article:published_time\" content=\"2023-01-08T19:31:19+00:00\" \/>\n<meta property=\"article:modified_time\" content=\"2023-01-10T07:46:44+00:00\" \/>\n<meta property=\"og:image\" content=\"https:\/\/www.nettali.com\/wp-content\/uploads\/2023\/01\/macky-1-1080x900-1.png\" \/>\n\t<meta property=\"og:image:width\" content=\"1080\" \/>\n\t<meta property=\"og:image:height\" content=\"900\" \/>\n<meta name=\"twitter:card\" content=\"summary_large_image\" \/>\n<meta name=\"twitter:label1\" content=\"\u00c9crit par\" \/>\n\t<meta name=\"twitter:data1\" content=\"Daouda\" \/>\n\t<meta name=\"twitter:label2\" content=\"Dur\u00e9e de lecture estim\u00e9e\" \/>\n\t<meta name=\"twitter:data2\" content=\"2 minutes\" \/>\n<script type=\"application\/ld+json\" class=\"yoast-schema-graph\">{\"@context\":\"https:\/\/schema.org\",\"@graph\":[{\"@type\":\"WebSite\",\"@id\":\"https:\/\/www.nettali.com\/#website\",\"url\":\"https:\/\/www.nettali.com\/\",\"name\":\"Nettali.com\",\"description\":\"Le rendez-vous critique du Net\",\"potentialAction\":[{\"@type\":\"SearchAction\",\"target\":{\"@type\":\"EntryPoint\",\"urlTemplate\":\"https:\/\/www.nettali.com\/?s={search_term_string}\"},\"query-input\":\"required name=search_term_string\"}],\"inLanguage\":\"fr-FR\"},{\"@type\":\"ImageObject\",\"@id\":\"https:\/\/www.nettali.com\/2023\/01\/08\/macky-sall-a-kaffrine-des-mesures-urgentes-seront-prises\/#primaryimage\",\"inLanguage\":\"fr-FR\",\"url\":\"https:\/\/www.nettali.com\/wp-content\/uploads\/2023\/01\/macky-1-1080x900-1.png\",\"contentUrl\":\"https:\/\/www.nettali.com\/wp-content\/uploads\/2023\/01\/macky-1-1080x900-1.png\",\"width\":1080,\"height\":900},{\"@type\":\"WebPage\",\"@id\":\"https:\/\/www.nettali.com\/2023\/01\/08\/macky-sall-a-kaffrine-des-mesures-urgentes-seront-prises\/#webpage\",\"url\":\"https:\/\/www.nettali.com\/2023\/01\/08\/macky-sall-a-kaffrine-des-mesures-urgentes-seront-prises\/\",\"name\":\"MACKY SALL \\u00c0 KAFFRINE - \\\"Des mesures urgentes seront prises\\\" | Nettali.com\",\"isPartOf\":{\"@id\":\"https:\/\/www.nettali.com\/#website\"},\"primaryImageOfPage\":{\"@id\":\"https:\/\/www.nettali.com\/2023\/01\/08\/macky-sall-a-kaffrine-des-mesures-urgentes-seront-prises\/#primaryimage\"},\"datePublished\":\"2023-01-08T19:31:19+00:00\",\"dateModified\":\"2023-01-10T07:46:44+00:00\",\"author\":{\"@id\":\"https:\/\/www.nettali.com\/#\/schema\/person\/3317e0bb3aa1da309fbf7b2780901bf4\"},\"breadcrumb\":{\"@id\":\"https:\/\/www.nettali.com\/2023\/01\/08\/macky-sall-a-kaffrine-des-mesures-urgentes-seront-prises\/#breadcrumb\"},\"inLanguage\":\"fr-FR\",\"potentialAction\":[{\"@type\":\"ReadAction\",\"target\":[\"https:\/\/www.nettali.com\/2023\/01\/08\/macky-sall-a-kaffrine-des-mesures-urgentes-seront-prises\/\"]}]},{\"@type\":\"BreadcrumbList\",\"@id\":\"https:\/\/www.nettali.com\/2023\/01\/08\/macky-sall-a-kaffrine-des-mesures-urgentes-seront-prises\/#breadcrumb\",\"itemListElement\":[{\"@type\":\"ListItem\",\"position\":1,\"name\":\"Accueil\",\"item\":\"https:\/\/www.nettali.com\/\"},{\"@type\":\"ListItem\",\"position\":2,\"name\":\"MACKY SALL \\u00c0 KAFFRINE - \\\"Des mesures urgentes seront prises\\\"\"}]},{\"@type\":\"Person\",\"@id\":\"https:\/\/www.nettali.com\/#\/schema\/person\/3317e0bb3aa1da309fbf7b2780901bf4\",\"name\":\"Daouda\",\"image\":{\"@type\":\"ImageObject\",\"@id\":\"https:\/\/www.nettali.com\/#personlogo\",\"inLanguage\":\"fr-FR\",\"url\":\"https:\/\/secure.gravatar.com\/avatar\/8d143b5a49345098ddcfee1c49c2f47c?s=96&d=mm&r=g\",\"contentUrl\":\"https:\/\/secure.gravatar.com\/avatar\/8d143b5a49345098ddcfee1c49c2f47c?s=96&d=mm&r=g\",\"caption\":\"Daouda\"},\"sameAs\":[\"https:\/\/www.nettali.com\"]}]}<\/script>\n<!-- \/ Yoast SEO Premium plugin. -->","yoast_head_json":{"title":"MACKY SALL \u00c0 KAFFRINE - \"Des mesures urgentes seront prises\" | Nettali.com","robots":{"index":"index","follow":"follow","max-snippet":"max-snippet:-1","max-image-preview":"max-image-preview:large","max-video-preview":"max-video-preview:-1"},"canonical":"https:\/\/www.nettali.com\/2023\/01\/08\/macky-sall-a-kaffrine-des-mesures-urgentes-seront-prises\/","og_locale":"fr_FR","og_type":"article","og_title":"MACKY SALL \u00c0 KAFFRINE - \"Des mesures urgentes seront prises\"","og_description":"NETTALI.COM - Le chef de l\u2019Etat, Macky Sall, s\u2019est rendu \u00e0 Kaffrine ce dimanche apr\u00e8s l\u2019accident tragique survenu \u00e0 Sikilo, dans la r\u00e9gion de Kaffrine et ayant co\u00fbt\u00e9 la vie de 39 personnes. Il a annonc\u00e9 que l\u2019Etat du S\u00e9n\u00e9gal apportera tout le soutien n\u00e9cessaire aux familles des victimes. \u00abAu moment o\u00f9 je vous parle, [&hellip;]","og_url":"https:\/\/www.nettali.com\/2023\/01\/08\/macky-sall-a-kaffrine-des-mesures-urgentes-seront-prises\/","og_site_name":"Nettali.com","article_publisher":"https:\/\/www.facebook.com\/nettalicom","article_published_time":"2023-01-08T19:31:19+00:00","article_modified_time":"2023-01-10T07:46:44+00:00","og_image":[{"width":1080,"height":900,"url":"https:\/\/www.nettali.com\/wp-content\/uploads\/2023\/01\/macky-1-1080x900-1.png","type":"image\/png"}],"twitter_card":"summary_large_image","twitter_misc":{"\u00c9crit par":"Daouda","Dur\u00e9e de lecture estim\u00e9e":"2 minutes"},"schema":{"@context":"https:\/\/schema.org","@graph":[{"@type":"WebSite","@id":"https:\/\/www.nettali.com\/#website","url":"https:\/\/www.nettali.com\/","name":"Nettali.com","description":"Le rendez-vous critique du Net","potentialAction":[{"@type":"SearchAction","target":{"@type":"EntryPoint","urlTemplate":"https:\/\/www.nettali.com\/?s={search_term_string}"},"query-input":"required name=search_term_string"}],"inLanguage":"fr-FR"},{"@type":"ImageObject","@id":"https:\/\/www.nettali.com\/2023\/01\/08\/macky-sall-a-kaffrine-des-mesures-urgentes-seront-prises\/#primaryimage","inLanguage":"fr-FR","url":"https:\/\/www.nettali.com\/wp-content\/uploads\/2023\/01\/macky-1-1080x900-1.png","contentUrl":"https:\/\/www.nettali.com\/wp-content\/uploads\/2023\/01\/macky-1-1080x900-1.png","width":1080,"height":900},{"@type":"WebPage","@id":"https:\/\/www.nettali.com\/2023\/01\/08\/macky-sall-a-kaffrine-des-mesures-urgentes-seront-prises\/#webpage","url":"https:\/\/www.nettali.com\/2023\/01\/08\/macky-sall-a-kaffrine-des-mesures-urgentes-seront-prises\/","name":"MACKY SALL \u00c0 KAFFRINE - \"Des mesures urgentes seront prises\" | Nettali.com","isPartOf":{"@id":"https:\/\/www.nettali.com\/#website"},"primaryImageOfPage":{"@id":"https:\/\/www.nettali.com\/2023\/01\/08\/macky-sall-a-kaffrine-des-mesures-urgentes-seront-prises\/#primaryimage"},"datePublished":"2023-01-08T19:31:19+00:00","dateModified":"2023-01-10T07:46:44+00:00","author":{"@id":"https:\/\/www.nettali.com\/#\/schema\/person\/3317e0bb3aa1da309fbf7b2780901bf4"},"breadcrumb":{"@id":"https:\/\/www.nettali.com\/2023\/01\/08\/macky-sall-a-kaffrine-des-mesures-urgentes-seront-prises\/#breadcrumb"},"inLanguage":"fr-FR","potentialAction":[{"@type":"ReadAction","target":["https:\/\/www.nettali.com\/2023\/01\/08\/macky-sall-a-kaffrine-des-mesures-urgentes-seront-prises\/"]}]},{"@type":"BreadcrumbList","@id":"https:\/\/www.nettali.com\/2023\/01\/08\/macky-sall-a-kaffrine-des-mesures-urgentes-seront-prises\/#breadcrumb","itemListElement":[{"@type":"ListItem","position":1,"name":"Accueil","item":"https:\/\/www.nettali.com\/"},{"@type":"ListItem","position":2,"name":"MACKY SALL \u00c0 KAFFRINE - \"Des mesures urgentes seront prises\""}]},{"@type":"Person","@id":"https:\/\/www.nettali.com\/#\/schema\/person\/3317e0bb3aa1da309fbf7b2780901bf4","name":"Daouda","image":{"@type":"ImageObject","@id":"https:\/\/www.nettali.com\/#personlogo","inLanguage":"fr-FR","url":"https:\/\/secure.gravatar.com\/avatar\/8d143b5a49345098ddcfee1c49c2f47c?s=96&d=mm&r=g","contentUrl":"https:\/\/secure.gravatar.com\/avatar\/8d143b5a49345098ddcfee1c49c2f47c?s=96&d=mm&r=g","caption":"Daouda"},"sameAs":["https:\/\/www.nettali.com"]}]}},"_links":{"self":[{"href":"https:\/\/www.nettali.com\/rest\/wp\/v2\/posts\/101375"}],"collection":[{"href":"https:\/\/www.nettali.com\/rest\/wp\/v2\/posts"}],"about":[{"href":"https:\/\/www.nettali.com\/rest\/wp\/v2\/types\/post"}],"author":[{"embeddable":true,"href":"https:\/\/www.nettali.com\/rest\/wp\/v2\/users\/4"}],"replies":[{"embeddable":true,"href":"https:\/\/www.nettali.com\/rest\/wp\/v2\/comments?post=101375"}],"version-history":[{"count":1,"href":"https:\/\/www.nettali.com\/rest\/wp\/v2\/posts\/101375\/revisions"}],"predecessor-version":[{"id":101377,"href":"https:\/\/www.nettali.com\/rest\/wp\/v2\/posts\/101375\/revisions\/101377"}],"wp:featuredmedia":[{"embeddable":true,"href":"https:\/\/www.nettali.com\/rest\/wp\/v2\/media\/101376"}],"wp:attachment":[{"href":"https:\/\/www.nettali.com\/rest\/wp\/v2\/media?parent=101375"}],"wp:term":[{"taxonomy":"category","embeddable":true,"href":"https:\/\/www.nettali.com\/rest\/wp\/v2\/categories?post=101375"},{"taxonomy":"post_tag","embeddable":true,"href":"https:\/\/www.nettali.com\/rest\/wp\/v2\/tags?post=101375"}],"curies":[{"name":"wp","href":"https:\/\/api.w.org\/{rel}","templated":true}]}}