{"id":101338,"date":"2023-01-08T11:08:29","date_gmt":"2023-01-08T11:08:29","guid":{"rendered":"https:\/\/www.nettali.com\/?p=101338"},"modified":"2023-01-08T11:08:29","modified_gmt":"2023-01-08T11:08:29","slug":"en-coulisses-macky-decrete-un-deuil-national-de-3-jours","status":"publish","type":"post","link":"https:\/\/www.nettali.com\/2023\/01\/08\/en-coulisses-macky-decrete-un-deuil-national-de-3-jours\/","title":{"rendered":"EN COULISSES - Macky d\u00e9cr\u00e8te un deuil national de 3 jours"},"content":{"rendered":"<p class=\"summary_label\">NETTALI.COM - Le Pr\u00e9sident de la R\u00e9publique Macky Sall a d\u00e9cr\u00e9t\u00e9 un deuil national de trois jours, \u00e0 compter du lundi 9 janvier, suite \u00e0 l'accident grave qui s'est produit dans la nuit de samedi \u00e0 dimanche \u00e0 Kaffrine (centre), faisant 40 morts , selon un premier bilan.<\/p>\n<div id=\"printable\" class=\"text_body\">\n<p><em>''Suite au grave accident de ce jour \u00e0 Gniby ayant caus\u00e9 40 morts, j\u2019ai d\u00e9cid\u00e9 d\u2019un deuil national de trois jours \u00e0 compter du 9 janvier. Un conseil interminist\u00e9riel se tiendra \u00e0 la m\u00eame date pour la prise de mesures fermes sur la s\u00e9curit\u00e9 routi\u00e8re et le transport public des voyageurs. Je suis profond\u00e9ment attrist\u00e9 par ce tragique accident routier et j\u2019adresse mes condol\u00e9ances \u00e9mues aux familles des victimes et souhaite prompt r\u00e9tablissement aux bless\u00e9s''<\/em>, a \u00e9crit le chef de l'Etat sur son compte twitter.<\/p>\n<\/div>\n<div class='share-to-whatsapp-wrapper'><div class='share-on-whsp'>PARTAGER SUR : <\/div><a data-text='EN COULISSES - Macky d\u00e9cr\u00e8te un deuil national de 3 jours' data-link='https:\/\/www.nettali.com\/2023\/01\/08\/en-coulisses-macky-decrete-un-deuil-national-de-3-jours\/' class='whatsapp-button whatsapp-share'>WhatsApp<\/a><div class='clear '><\/div><\/div>","protected":false},"excerpt":{"rendered":"<p>NETTALI.COM - Le Pr\u00e9sident de la R\u00e9publique Macky Sall a d\u00e9cr\u00e9t\u00e9 un deuil national de trois jours, \u00e0 compter du lundi 9 janvier, suite \u00e0 l'accident grave qui s'est produit dans la nuit de samedi \u00e0 dimanche \u00e0 Kaffrine (centre), faisant 40 morts , selon un premier bilan. ''Suite au grave accident de ce jour [&hellip;]<\/p>\n","protected":false},"author":4,"featured_media":2808,"comment_status":"open","ping_status":"open","sticky":false,"template":"","format":"standard","meta":{"_et_pb_use_builder":"","_et_pb_old_content":""},"categories":[34945],"tags":[],"yoast_head":"<!-- This site is optimized with the Yoast SEO Premium plugin v17.8 (Yoast SEO v17.8) - https:\/\/yoast.com\/wordpress\/plugins\/seo\/ -->\n<title>EN COULISSES - Macky d\u00e9cr\u00e8te un deuil national de 3 jours | Nettali.com<\/title>\n<meta name=\"robots\" content=\"index, follow, max-snippet:-1, max-image-preview:large, max-video-preview:-1\" \/>\n<link rel=\"canonical\" href=\"https:\/\/www.nettali.com\/2023\/01\/08\/en-coulisses-macky-decrete-un-deuil-national-de-3-jours\/\" \/>\n<meta property=\"og:locale\" content=\"fr_FR\" \/>\n<meta property=\"og:type\" content=\"article\" \/>\n<meta property=\"og:title\" content=\"EN COULISSES - Macky d\u00e9cr\u00e8te un deuil national de 3 jours\" \/>\n<meta property=\"og:description\" content=\"NETTALI.COM - Le Pr\u00e9sident de la R\u00e9publique Macky Sall a d\u00e9cr\u00e9t\u00e9 un deuil national de trois jours, \u00e0 compter du lundi 9 janvier, suite \u00e0 l&#039;accident grave qui s&#039;est produit dans la nuit de samedi \u00e0 dimanche \u00e0 Kaffrine (centre), faisant 40 morts , selon un premier bilan. &#039;&#039;Suite au grave accident de ce jour [&hellip;]\" \/>\n<meta property=\"og:url\" content=\"https:\/\/www.nettali.com\/2023\/01\/08\/en-coulisses-macky-decrete-un-deuil-national-de-3-jours\/\" \/>\n<meta property=\"og:site_name\" content=\"Nettali.com\" \/>\n<meta property=\"article:publisher\" content=\"https:\/\/www.facebook.com\/nettalicom\" \/>\n<meta property=\"article:published_time\" content=\"2023-01-08T11:08:29+00:00\" \/>\n<meta property=\"og:image\" content=\"https:\/\/www.nettali.com\/wp-content\/uploads\/2019\/03\/Macky.jpg\" \/>\n\t<meta property=\"og:image:width\" content=\"720\" \/>\n\t<meta property=\"og:image:height\" content=\"480\" \/>\n<meta name=\"twitter:card\" content=\"summary_large_image\" \/>\n<meta name=\"twitter:label1\" content=\"\u00c9crit par\" \/>\n\t<meta name=\"twitter:data1\" content=\"Daouda\" \/>\n\t<meta name=\"twitter:label2\" content=\"Dur\u00e9e de lecture estim\u00e9e\" \/>\n\t<meta name=\"twitter:data2\" content=\"1 minute\" \/>\n<script type=\"application\/ld+json\" class=\"yoast-schema-graph\">{\"@context\":\"https:\/\/schema.org\",\"@graph\":[{\"@type\":\"WebSite\",\"@id\":\"https:\/\/www.nettali.com\/#website\",\"url\":\"https:\/\/www.nettali.com\/\",\"name\":\"Nettali.com\",\"description\":\"Le rendez-vous critique du Net\",\"potentialAction\":[{\"@type\":\"SearchAction\",\"target\":{\"@type\":\"EntryPoint\",\"urlTemplate\":\"https:\/\/www.nettali.com\/?s={search_term_string}\"},\"query-input\":\"required name=search_term_string\"}],\"inLanguage\":\"fr-FR\"},{\"@type\":\"ImageObject\",\"@id\":\"https:\/\/www.nettali.com\/2023\/01\/08\/en-coulisses-macky-decrete-un-deuil-national-de-3-jours\/#primaryimage\",\"inLanguage\":\"fr-FR\",\"url\":\"https:\/\/www.nettali.com\/wp-content\/uploads\/2019\/03\/Macky.jpg\",\"contentUrl\":\"https:\/\/www.nettali.com\/wp-content\/uploads\/2019\/03\/Macky.jpg\",\"width\":720,\"height\":480},{\"@type\":\"WebPage\",\"@id\":\"https:\/\/www.nettali.com\/2023\/01\/08\/en-coulisses-macky-decrete-un-deuil-national-de-3-jours\/#webpage\",\"url\":\"https:\/\/www.nettali.com\/2023\/01\/08\/en-coulisses-macky-decrete-un-deuil-national-de-3-jours\/\",\"name\":\"EN COULISSES - Macky d\\u00e9cr\\u00e8te un deuil national de 3 jours | Nettali.com\",\"isPartOf\":{\"@id\":\"https:\/\/www.nettali.com\/#website\"},\"primaryImageOfPage\":{\"@id\":\"https:\/\/www.nettali.com\/2023\/01\/08\/en-coulisses-macky-decrete-un-deuil-national-de-3-jours\/#primaryimage\"},\"datePublished\":\"2023-01-08T11:08:29+00:00\",\"dateModified\":\"2023-01-08T11:08:29+00:00\",\"author\":{\"@id\":\"https:\/\/www.nettali.com\/#\/schema\/person\/3317e0bb3aa1da309fbf7b2780901bf4\"},\"breadcrumb\":{\"@id\":\"https:\/\/www.nettali.com\/2023\/01\/08\/en-coulisses-macky-decrete-un-deuil-national-de-3-jours\/#breadcrumb\"},\"inLanguage\":\"fr-FR\",\"potentialAction\":[{\"@type\":\"ReadAction\",\"target\":[\"https:\/\/www.nettali.com\/2023\/01\/08\/en-coulisses-macky-decrete-un-deuil-national-de-3-jours\/\"]}]},{\"@type\":\"BreadcrumbList\",\"@id\":\"https:\/\/www.nettali.com\/2023\/01\/08\/en-coulisses-macky-decrete-un-deuil-national-de-3-jours\/#breadcrumb\",\"itemListElement\":[{\"@type\":\"ListItem\",\"position\":1,\"name\":\"Accueil\",\"item\":\"https:\/\/www.nettali.com\/\"},{\"@type\":\"ListItem\",\"position\":2,\"name\":\"EN COULISSES - Macky d\\u00e9cr\\u00e8te un deuil national de 3 jours\"}]},{\"@type\":\"Person\",\"@id\":\"https:\/\/www.nettali.com\/#\/schema\/person\/3317e0bb3aa1da309fbf7b2780901bf4\",\"name\":\"Daouda\",\"image\":{\"@type\":\"ImageObject\",\"@id\":\"https:\/\/www.nettali.com\/#personlogo\",\"inLanguage\":\"fr-FR\",\"url\":\"https:\/\/secure.gravatar.com\/avatar\/8d143b5a49345098ddcfee1c49c2f47c?s=96&d=mm&r=g\",\"contentUrl\":\"https:\/\/secure.gravatar.com\/avatar\/8d143b5a49345098ddcfee1c49c2f47c?s=96&d=mm&r=g\",\"caption\":\"Daouda\"},\"sameAs\":[\"https:\/\/www.nettali.com\"]}]}<\/script>\n<!-- \/ Yoast SEO Premium plugin. -->","yoast_head_json":{"title":"EN COULISSES - Macky d\u00e9cr\u00e8te un deuil national de 3 jours | Nettali.com","robots":{"index":"index","follow":"follow","max-snippet":"max-snippet:-1","max-image-preview":"max-image-preview:large","max-video-preview":"max-video-preview:-1"},"canonical":"https:\/\/www.nettali.com\/2023\/01\/08\/en-coulisses-macky-decrete-un-deuil-national-de-3-jours\/","og_locale":"fr_FR","og_type":"article","og_title":"EN COULISSES - Macky d\u00e9cr\u00e8te un deuil national de 3 jours","og_description":"NETTALI.COM - Le Pr\u00e9sident de la R\u00e9publique Macky Sall a d\u00e9cr\u00e9t\u00e9 un deuil national de trois jours, \u00e0 compter du lundi 9 janvier, suite \u00e0 l'accident grave qui s'est produit dans la nuit de samedi \u00e0 dimanche \u00e0 Kaffrine (centre), faisant 40 morts , selon un premier bilan. ''Suite au grave accident de ce jour [&hellip;]","og_url":"https:\/\/www.nettali.com\/2023\/01\/08\/en-coulisses-macky-decrete-un-deuil-national-de-3-jours\/","og_site_name":"Nettali.com","article_publisher":"https:\/\/www.facebook.com\/nettalicom","article_published_time":"2023-01-08T11:08:29+00:00","og_image":[{"width":720,"height":480,"url":"https:\/\/www.nettali.com\/wp-content\/uploads\/2019\/03\/Macky.jpg","type":"image\/jpeg"}],"twitter_card":"summary_large_image","twitter_misc":{"\u00c9crit par":"Daouda","Dur\u00e9e de lecture estim\u00e9e":"1 minute"},"schema":{"@context":"https:\/\/schema.org","@graph":[{"@type":"WebSite","@id":"https:\/\/www.nettali.com\/#website","url":"https:\/\/www.nettali.com\/","name":"Nettali.com","description":"Le rendez-vous critique du Net","potentialAction":[{"@type":"SearchAction","target":{"@type":"EntryPoint","urlTemplate":"https:\/\/www.nettali.com\/?s={search_term_string}"},"query-input":"required name=search_term_string"}],"inLanguage":"fr-FR"},{"@type":"ImageObject","@id":"https:\/\/www.nettali.com\/2023\/01\/08\/en-coulisses-macky-decrete-un-deuil-national-de-3-jours\/#primaryimage","inLanguage":"fr-FR","url":"https:\/\/www.nettali.com\/wp-content\/uploads\/2019\/03\/Macky.jpg","contentUrl":"https:\/\/www.nettali.com\/wp-content\/uploads\/2019\/03\/Macky.jpg","width":720,"height":480},{"@type":"WebPage","@id":"https:\/\/www.nettali.com\/2023\/01\/08\/en-coulisses-macky-decrete-un-deuil-national-de-3-jours\/#webpage","url":"https:\/\/www.nettali.com\/2023\/01\/08\/en-coulisses-macky-decrete-un-deuil-national-de-3-jours\/","name":"EN COULISSES - Macky d\u00e9cr\u00e8te un deuil national de 3 jours | Nettali.com","isPartOf":{"@id":"https:\/\/www.nettali.com\/#website"},"primaryImageOfPage":{"@id":"https:\/\/www.nettali.com\/2023\/01\/08\/en-coulisses-macky-decrete-un-deuil-national-de-3-jours\/#primaryimage"},"datePublished":"2023-01-08T11:08:29+00:00","dateModified":"2023-01-08T11:08:29+00:00","author":{"@id":"https:\/\/www.nettali.com\/#\/schema\/person\/3317e0bb3aa1da309fbf7b2780901bf4"},"breadcrumb":{"@id":"https:\/\/www.nettali.com\/2023\/01\/08\/en-coulisses-macky-decrete-un-deuil-national-de-3-jours\/#breadcrumb"},"inLanguage":"fr-FR","potentialAction":[{"@type":"ReadAction","target":["https:\/\/www.nettali.com\/2023\/01\/08\/en-coulisses-macky-decrete-un-deuil-national-de-3-jours\/"]}]},{"@type":"BreadcrumbList","@id":"https:\/\/www.nettali.com\/2023\/01\/08\/en-coulisses-macky-decrete-un-deuil-national-de-3-jours\/#breadcrumb","itemListElement":[{"@type":"ListItem","position":1,"name":"Accueil","item":"https:\/\/www.nettali.com\/"},{"@type":"ListItem","position":2,"name":"EN COULISSES - Macky d\u00e9cr\u00e8te un deuil national de 3 jours"}]},{"@type":"Person","@id":"https:\/\/www.nettali.com\/#\/schema\/person\/3317e0bb3aa1da309fbf7b2780901bf4","name":"Daouda","image":{"@type":"ImageObject","@id":"https:\/\/www.nettali.com\/#personlogo","inLanguage":"fr-FR","url":"https:\/\/secure.gravatar.com\/avatar\/8d143b5a49345098ddcfee1c49c2f47c?s=96&d=mm&r=g","contentUrl":"https:\/\/secure.gravatar.com\/avatar\/8d143b5a49345098ddcfee1c49c2f47c?s=96&d=mm&r=g","caption":"Daouda"},"sameAs":["https:\/\/www.nettali.com"]}]}},"_links":{"self":[{"href":"https:\/\/www.nettali.com\/rest\/wp\/v2\/posts\/101338"}],"collection":[{"href":"https:\/\/www.nettali.com\/rest\/wp\/v2\/posts"}],"about":[{"href":"https:\/\/www.nettali.com\/rest\/wp\/v2\/types\/post"}],"author":[{"embeddable":true,"href":"https:\/\/www.nettali.com\/rest\/wp\/v2\/users\/4"}],"replies":[{"embeddable":true,"href":"https:\/\/www.nettali.com\/rest\/wp\/v2\/comments?post=101338"}],"version-history":[{"count":1,"href":"https:\/\/www.nettali.com\/rest\/wp\/v2\/posts\/101338\/revisions"}],"predecessor-version":[{"id":101340,"href":"https:\/\/www.nettali.com\/rest\/wp\/v2\/posts\/101338\/revisions\/101340"}],"wp:featuredmedia":[{"embeddable":true,"href":"https:\/\/www.nettali.com\/rest\/wp\/v2\/media\/2808"}],"wp:attachment":[{"href":"https:\/\/www.nettali.com\/rest\/wp\/v2\/media?parent=101338"}],"wp:term":[{"taxonomy":"category","embeddable":true,"href":"https:\/\/www.nettali.com\/rest\/wp\/v2\/categories?post=101338"},{"taxonomy":"post_tag","embeddable":true,"href":"https:\/\/www.nettali.com\/rest\/wp\/v2\/tags?post=101338"}],"curies":[{"name":"wp","href":"https:\/\/api.w.org\/{rel}","templated":true}]}}