{"id":101333,"date":"2023-01-08T11:03:47","date_gmt":"2023-01-08T11:03:47","guid":{"rendered":"https:\/\/www.nettali.com\/?p=101333"},"modified":"2023-01-08T11:03:47","modified_gmt":"2023-01-08T11:03:47","slug":"accident-tragique-a-kaffrine-le-communique-du-procureur","status":"publish","type":"post","link":"https:\/\/www.nettali.com\/2023\/01\/08\/accident-tragique-a-kaffrine-le-communique-du-procureur\/","title":{"rendered":"ACCIDENT TRAGIQUE A KAFFRINE - Le communiqu\u00e9 du Procureur"},"content":{"rendered":"<div align=\"justify\"><span style=\"font-size: 16px;\"><b>NETTALI.COM -\u00a0 L'accident tragique qui a occasionn\u00e9 la mort de 38 personnes \u00e0 Kaffrine a fait sortir le procureur de la R\u00e9publique pr\u00e8s le Tribunal de Grande Instance de Kaolack de son mutisme. Dans un\u00a0 communiqu\u00e9, Cheikh Dieng livre le bilan provisoire.\u00a0<\/b><\/p>\n<p><em>\"Ce jour, dimanche 8 janvier 2023 aux environs de 3 heures 30, un grave accident de la circulation routi\u00e8re s'est produit sur la route nationale N\u00b01 \u00e0 hauteur de la localit\u00e9 de Sikilo, dans le d\u00e9partement de Kaffrine. Selon les premiers \u00e9l\u00e9ments de l'enqu\u00eate de police judiciaire, un bus affect\u00e9 au transport public de voyageurs, \u00e0 la suite de l'\u00e9clatement d'un pneu, a quitt\u00e9 sa trajectoire avant de heurter frontalement un autre bus venant en sens inverse. Le tragique choc a occasionn\u00e9 un bilan provisoire de 38 morts d\u00e9nombr\u00e9s et 78 bless\u00e9s pris en charge, dont des cas graves.<\/em><\/p>\n<p><em>Le Capitaine, Commandant la Compagnie de Gendarmerie de Kaffrine, le Commandant de la Brigade ainsi que les services de secours se sont d\u00e9plac\u00e9s sur les lieux d\u00e8s la survenance de l'accident.<\/em><\/p>\n<p><em>L'Autorit\u00e9 judiciaire s'incline devant la m\u00e9moire des personnes d\u00e9c\u00e9d\u00e9es et se tient pr\u00eate \u00e0 faciliter aux parents et proches des victimes, toutes les formalit\u00e9s d'usage\"<\/em>, lit-on dans le communiqu\u00e9 sign\u00e9 par le chef du parquet de Kaolack\u00a0 le 8 janvier 2023.<\/span><\/div>\n<div align=\"justify\"><img loading=\"lazy\" class=\"alignnone size-large wp-image-101335\" src=\"https:\/\/www.nettali.com\/wp-content\/uploads\/2023\/01\/procureur-955x1024.jpeg\" alt=\"\" width=\"955\" height=\"1024\" srcset=\"https:\/\/www.nettali.com\/wp-content\/uploads\/2023\/01\/procureur-955x1024.jpeg 955w, https:\/\/www.nettali.com\/wp-content\/uploads\/2023\/01\/procureur-280x300.jpeg 280w, https:\/\/www.nettali.com\/wp-content\/uploads\/2023\/01\/procureur-768x823.jpeg 768w, https:\/\/www.nettali.com\/wp-content\/uploads\/2023\/01\/procureur.jpeg 1080w\" sizes=\"(max-width: 955px) 100vw, 955px\" \/><\/div>\n<div class='share-to-whatsapp-wrapper'><div class='share-on-whsp'>PARTAGER SUR : <\/div><a data-text='ACCIDENT TRAGIQUE A KAFFRINE - Le communiqu\u00e9 du Procureur' data-link='https:\/\/www.nettali.com\/2023\/01\/08\/accident-tragique-a-kaffrine-le-communique-du-procureur\/' class='whatsapp-button whatsapp-share'>WhatsApp<\/a><div class='clear '><\/div><\/div>","protected":false},"excerpt":{"rendered":"<p>NETTALI.COM -\u00a0 L'accident tragique qui a occasionn\u00e9 la mort de 38 personnes \u00e0 Kaffrine a fait sortir le procureur de la R\u00e9publique pr\u00e8s le Tribunal de Grande Instance de Kaolack de son mutisme. Dans un\u00a0 communiqu\u00e9, Cheikh Dieng livre le bilan provisoire.\u00a0 \"Ce jour, dimanche 8 janvier 2023 aux environs de 3 heures 30, un [&hellip;]<\/p>\n","protected":false},"author":4,"featured_media":101335,"comment_status":"open","ping_status":"open","sticky":false,"template":"","format":"standard","meta":{"_et_pb_use_builder":"","_et_pb_old_content":""},"categories":[3],"tags":[],"yoast_head":"<!-- This site is optimized with the Yoast SEO Premium plugin v17.8 (Yoast SEO v17.8) - https:\/\/yoast.com\/wordpress\/plugins\/seo\/ -->\n<title>ACCIDENT TRAGIQUE A KAFFRINE - Le communiqu\u00e9 du Procureur | Nettali.com<\/title>\n<meta name=\"robots\" content=\"index, follow, max-snippet:-1, max-image-preview:large, max-video-preview:-1\" \/>\n<link rel=\"canonical\" href=\"https:\/\/www.nettali.com\/2023\/01\/08\/accident-tragique-a-kaffrine-le-communique-du-procureur\/\" \/>\n<meta property=\"og:locale\" content=\"fr_FR\" \/>\n<meta property=\"og:type\" content=\"article\" \/>\n<meta property=\"og:title\" content=\"ACCIDENT TRAGIQUE A KAFFRINE - Le communiqu\u00e9 du Procureur\" \/>\n<meta property=\"og:description\" content=\"NETTALI.COM -\u00a0 L&#039;accident tragique qui a occasionn\u00e9 la mort de 38 personnes \u00e0 Kaffrine a fait sortir le procureur de la R\u00e9publique pr\u00e8s le Tribunal de Grande Instance de Kaolack de son mutisme. Dans un\u00a0 communiqu\u00e9, Cheikh Dieng livre le bilan provisoire.\u00a0 &quot;Ce jour, dimanche 8 janvier 2023 aux environs de 3 heures 30, un [&hellip;]\" \/>\n<meta property=\"og:url\" content=\"https:\/\/www.nettali.com\/2023\/01\/08\/accident-tragique-a-kaffrine-le-communique-du-procureur\/\" \/>\n<meta property=\"og:site_name\" content=\"Nettali.com\" \/>\n<meta property=\"article:publisher\" content=\"https:\/\/www.facebook.com\/nettalicom\" \/>\n<meta property=\"article:published_time\" content=\"2023-01-08T11:03:47+00:00\" \/>\n<meta property=\"og:image\" content=\"https:\/\/www.nettali.com\/wp-content\/uploads\/2023\/01\/procureur.jpeg\" \/>\n\t<meta property=\"og:image:width\" content=\"1080\" \/>\n\t<meta property=\"og:image:height\" content=\"1158\" \/>\n<meta name=\"twitter:card\" content=\"summary_large_image\" \/>\n<meta name=\"twitter:label1\" content=\"\u00c9crit par\" \/>\n\t<meta name=\"twitter:data1\" content=\"Daouda\" \/>\n\t<meta name=\"twitter:label2\" content=\"Dur\u00e9e de lecture estim\u00e9e\" \/>\n\t<meta name=\"twitter:data2\" content=\"2 minutes\" \/>\n<script type=\"application\/ld+json\" class=\"yoast-schema-graph\">{\"@context\":\"https:\/\/schema.org\",\"@graph\":[{\"@type\":\"WebSite\",\"@id\":\"https:\/\/www.nettali.com\/#website\",\"url\":\"https:\/\/www.nettali.com\/\",\"name\":\"Nettali.com\",\"description\":\"Le rendez-vous critique du Net\",\"potentialAction\":[{\"@type\":\"SearchAction\",\"target\":{\"@type\":\"EntryPoint\",\"urlTemplate\":\"https:\/\/www.nettali.com\/?s={search_term_string}\"},\"query-input\":\"required name=search_term_string\"}],\"inLanguage\":\"fr-FR\"},{\"@type\":\"ImageObject\",\"@id\":\"https:\/\/www.nettali.com\/2023\/01\/08\/accident-tragique-a-kaffrine-le-communique-du-procureur\/#primaryimage\",\"inLanguage\":\"fr-FR\",\"url\":\"https:\/\/www.nettali.com\/wp-content\/uploads\/2023\/01\/procureur.jpeg\",\"contentUrl\":\"https:\/\/www.nettali.com\/wp-content\/uploads\/2023\/01\/procureur.jpeg\",\"width\":1080,\"height\":1158},{\"@type\":\"WebPage\",\"@id\":\"https:\/\/www.nettali.com\/2023\/01\/08\/accident-tragique-a-kaffrine-le-communique-du-procureur\/#webpage\",\"url\":\"https:\/\/www.nettali.com\/2023\/01\/08\/accident-tragique-a-kaffrine-le-communique-du-procureur\/\",\"name\":\"ACCIDENT TRAGIQUE A KAFFRINE - Le communiqu\\u00e9 du Procureur | Nettali.com\",\"isPartOf\":{\"@id\":\"https:\/\/www.nettali.com\/#website\"},\"primaryImageOfPage\":{\"@id\":\"https:\/\/www.nettali.com\/2023\/01\/08\/accident-tragique-a-kaffrine-le-communique-du-procureur\/#primaryimage\"},\"datePublished\":\"2023-01-08T11:03:47+00:00\",\"dateModified\":\"2023-01-08T11:03:47+00:00\",\"author\":{\"@id\":\"https:\/\/www.nettali.com\/#\/schema\/person\/3317e0bb3aa1da309fbf7b2780901bf4\"},\"breadcrumb\":{\"@id\":\"https:\/\/www.nettali.com\/2023\/01\/08\/accident-tragique-a-kaffrine-le-communique-du-procureur\/#breadcrumb\"},\"inLanguage\":\"fr-FR\",\"potentialAction\":[{\"@type\":\"ReadAction\",\"target\":[\"https:\/\/www.nettali.com\/2023\/01\/08\/accident-tragique-a-kaffrine-le-communique-du-procureur\/\"]}]},{\"@type\":\"BreadcrumbList\",\"@id\":\"https:\/\/www.nettali.com\/2023\/01\/08\/accident-tragique-a-kaffrine-le-communique-du-procureur\/#breadcrumb\",\"itemListElement\":[{\"@type\":\"ListItem\",\"position\":1,\"name\":\"Accueil\",\"item\":\"https:\/\/www.nettali.com\/\"},{\"@type\":\"ListItem\",\"position\":2,\"name\":\"ACCIDENT TRAGIQUE A KAFFRINE - Le communiqu\\u00e9 du Procureur\"}]},{\"@type\":\"Person\",\"@id\":\"https:\/\/www.nettali.com\/#\/schema\/person\/3317e0bb3aa1da309fbf7b2780901bf4\",\"name\":\"Daouda\",\"image\":{\"@type\":\"ImageObject\",\"@id\":\"https:\/\/www.nettali.com\/#personlogo\",\"inLanguage\":\"fr-FR\",\"url\":\"https:\/\/secure.gravatar.com\/avatar\/8d143b5a49345098ddcfee1c49c2f47c?s=96&d=mm&r=g\",\"contentUrl\":\"https:\/\/secure.gravatar.com\/avatar\/8d143b5a49345098ddcfee1c49c2f47c?s=96&d=mm&r=g\",\"caption\":\"Daouda\"},\"sameAs\":[\"https:\/\/www.nettali.com\"]}]}<\/script>\n<!-- \/ Yoast SEO Premium plugin. -->","yoast_head_json":{"title":"ACCIDENT TRAGIQUE A KAFFRINE - Le communiqu\u00e9 du Procureur | Nettali.com","robots":{"index":"index","follow":"follow","max-snippet":"max-snippet:-1","max-image-preview":"max-image-preview:large","max-video-preview":"max-video-preview:-1"},"canonical":"https:\/\/www.nettali.com\/2023\/01\/08\/accident-tragique-a-kaffrine-le-communique-du-procureur\/","og_locale":"fr_FR","og_type":"article","og_title":"ACCIDENT TRAGIQUE A KAFFRINE - Le communiqu\u00e9 du Procureur","og_description":"NETTALI.COM -\u00a0 L'accident tragique qui a occasionn\u00e9 la mort de 38 personnes \u00e0 Kaffrine a fait sortir le procureur de la R\u00e9publique pr\u00e8s le Tribunal de Grande Instance de Kaolack de son mutisme. Dans un\u00a0 communiqu\u00e9, Cheikh Dieng livre le bilan provisoire.\u00a0 \"Ce jour, dimanche 8 janvier 2023 aux environs de 3 heures 30, un [&hellip;]","og_url":"https:\/\/www.nettali.com\/2023\/01\/08\/accident-tragique-a-kaffrine-le-communique-du-procureur\/","og_site_name":"Nettali.com","article_publisher":"https:\/\/www.facebook.com\/nettalicom","article_published_time":"2023-01-08T11:03:47+00:00","og_image":[{"width":1080,"height":1158,"url":"https:\/\/www.nettali.com\/wp-content\/uploads\/2023\/01\/procureur.jpeg","type":"image\/jpeg"}],"twitter_card":"summary_large_image","twitter_misc":{"\u00c9crit par":"Daouda","Dur\u00e9e de lecture estim\u00e9e":"2 minutes"},"schema":{"@context":"https:\/\/schema.org","@graph":[{"@type":"WebSite","@id":"https:\/\/www.nettali.com\/#website","url":"https:\/\/www.nettali.com\/","name":"Nettali.com","description":"Le rendez-vous critique du Net","potentialAction":[{"@type":"SearchAction","target":{"@type":"EntryPoint","urlTemplate":"https:\/\/www.nettali.com\/?s={search_term_string}"},"query-input":"required name=search_term_string"}],"inLanguage":"fr-FR"},{"@type":"ImageObject","@id":"https:\/\/www.nettali.com\/2023\/01\/08\/accident-tragique-a-kaffrine-le-communique-du-procureur\/#primaryimage","inLanguage":"fr-FR","url":"https:\/\/www.nettali.com\/wp-content\/uploads\/2023\/01\/procureur.jpeg","contentUrl":"https:\/\/www.nettali.com\/wp-content\/uploads\/2023\/01\/procureur.jpeg","width":1080,"height":1158},{"@type":"WebPage","@id":"https:\/\/www.nettali.com\/2023\/01\/08\/accident-tragique-a-kaffrine-le-communique-du-procureur\/#webpage","url":"https:\/\/www.nettali.com\/2023\/01\/08\/accident-tragique-a-kaffrine-le-communique-du-procureur\/","name":"ACCIDENT TRAGIQUE A KAFFRINE - Le communiqu\u00e9 du Procureur | Nettali.com","isPartOf":{"@id":"https:\/\/www.nettali.com\/#website"},"primaryImageOfPage":{"@id":"https:\/\/www.nettali.com\/2023\/01\/08\/accident-tragique-a-kaffrine-le-communique-du-procureur\/#primaryimage"},"datePublished":"2023-01-08T11:03:47+00:00","dateModified":"2023-01-08T11:03:47+00:00","author":{"@id":"https:\/\/www.nettali.com\/#\/schema\/person\/3317e0bb3aa1da309fbf7b2780901bf4"},"breadcrumb":{"@id":"https:\/\/www.nettali.com\/2023\/01\/08\/accident-tragique-a-kaffrine-le-communique-du-procureur\/#breadcrumb"},"inLanguage":"fr-FR","potentialAction":[{"@type":"ReadAction","target":["https:\/\/www.nettali.com\/2023\/01\/08\/accident-tragique-a-kaffrine-le-communique-du-procureur\/"]}]},{"@type":"BreadcrumbList","@id":"https:\/\/www.nettali.com\/2023\/01\/08\/accident-tragique-a-kaffrine-le-communique-du-procureur\/#breadcrumb","itemListElement":[{"@type":"ListItem","position":1,"name":"Accueil","item":"https:\/\/www.nettali.com\/"},{"@type":"ListItem","position":2,"name":"ACCIDENT TRAGIQUE A KAFFRINE - Le communiqu\u00e9 du Procureur"}]},{"@type":"Person","@id":"https:\/\/www.nettali.com\/#\/schema\/person\/3317e0bb3aa1da309fbf7b2780901bf4","name":"Daouda","image":{"@type":"ImageObject","@id":"https:\/\/www.nettali.com\/#personlogo","inLanguage":"fr-FR","url":"https:\/\/secure.gravatar.com\/avatar\/8d143b5a49345098ddcfee1c49c2f47c?s=96&d=mm&r=g","contentUrl":"https:\/\/secure.gravatar.com\/avatar\/8d143b5a49345098ddcfee1c49c2f47c?s=96&d=mm&r=g","caption":"Daouda"},"sameAs":["https:\/\/www.nettali.com"]}]}},"_links":{"self":[{"href":"https:\/\/www.nettali.com\/rest\/wp\/v2\/posts\/101333"}],"collection":[{"href":"https:\/\/www.nettali.com\/rest\/wp\/v2\/posts"}],"about":[{"href":"https:\/\/www.nettali.com\/rest\/wp\/v2\/types\/post"}],"author":[{"embeddable":true,"href":"https:\/\/www.nettali.com\/rest\/wp\/v2\/users\/4"}],"replies":[{"embeddable":true,"href":"https:\/\/www.nettali.com\/rest\/wp\/v2\/comments?post=101333"}],"version-history":[{"count":1,"href":"https:\/\/www.nettali.com\/rest\/wp\/v2\/posts\/101333\/revisions"}],"predecessor-version":[{"id":101336,"href":"https:\/\/www.nettali.com\/rest\/wp\/v2\/posts\/101333\/revisions\/101336"}],"wp:featuredmedia":[{"embeddable":true,"href":"https:\/\/www.nettali.com\/rest\/wp\/v2\/media\/101335"}],"wp:attachment":[{"href":"https:\/\/www.nettali.com\/rest\/wp\/v2\/media?parent=101333"}],"wp:term":[{"taxonomy":"category","embeddable":true,"href":"https:\/\/www.nettali.com\/rest\/wp\/v2\/categories?post=101333"},{"taxonomy":"post_tag","embeddable":true,"href":"https:\/\/www.nettali.com\/rest\/wp\/v2\/tags?post=101333"}],"curies":[{"name":"wp","href":"https:\/\/api.w.org\/{rel}","templated":true}]}}