{"id":101263,"date":"2023-01-06T15:24:31","date_gmt":"2023-01-06T15:24:31","guid":{"rendered":"https:\/\/www.nettali.com\/?p=101263"},"modified":"2023-01-06T15:26:16","modified_gmt":"2023-01-06T15:26:16","slug":"ousmane-sonko-sur-france-24-nous-navons-rien-contre-la-france","status":"publish","type":"post","link":"https:\/\/www.nettali.com\/2023\/01\/06\/ousmane-sonko-sur-france-24-nous-navons-rien-contre-la-france\/","title":{"rendered":"OUSMANE SONKO SUR FRANCE 24 - \"Nous n\u2019avons rien contre la France\""},"content":{"rendered":"<p class=\"t-content__chapo\"><strong>NETTALI.COM - L\u2019opposant s\u00e9n\u00e9galais Ousmane Sonko a accord\u00e9 un entretien \u00e0 France 24 et RFI. Candidat \u00e0 l\u2019\u00e9lection pr\u00e9sidentielle de 2024, il estime que \"tous les S\u00e9n\u00e9galais ont tourn\u00e9 le dos au pr\u00e9sident\" Macky Sall, sanctionnant sa gouvernance \"calamiteuse\". Il a regrett\u00e9 que ce dernier parvienne toutefois \u00e0 pr\u00e9senter l\u2019opposition comme \"oppos\u00e9e aux int\u00e9r\u00eats occidentaux\". \"Nous n'avons rien contre la France\", a-t-il rench\u00e9ri, appelant Paris \u00e0 \"revoir sa position\" vis-\u00e0-vis de l'opposition s\u00e9n\u00e9galaise.\u00a0<\/strong><\/p>\n<div class=\"t-content__body u-clearfix\" data-empty-p=\"false\">\n<p>Sur RFI et France 24,\u00a0Ousmane Sonko\u00a0a fermement\u00a0d\u00e9menti les\u00a0accusations de viol\u00a0pour lesquelles il a \u00e9t\u00e9 inculp\u00e9 apr\u00e8s\u00a0une plainte d\u00e9pos\u00e9e en f\u00e9vrier 2021. Plac\u00e9 sous contr\u00f4le judiciaire en mars 2021, il se\u00a0dit victime\u00a0\"d'un\u00a0complot d\u2019\u00c9tat\" initi\u00e9 par des proches du pr\u00e9sident s\u00e9n\u00e9galais. \"Il n\u2019a jamais \u00e9t\u00e9 question de viol et il ne sera jamais question de viol me concernant\", a r\u00e9p\u00e9t\u00e9 l'opposant, qui a refus\u00e9 de se soumettre \u00e0 un test ADN.<\/p>\n<p>Ousmane Sonko a jug\u00e9 \"malsaine\"\u00a0l'\u00e9ventualit\u00e9 de voir Macky Sall briguer un troisi\u00e8me mandat. Il a estim\u00e9 que\u00a0le pr\u00e9sident\u00a0\"cracherait\" ainsi sur la Constitution, celle-ci stipulant que nul ne peut effectuer deux mandats successifs au sommet de l'\u00c9tat.<\/p>\n<p>Pour Ousmane Sonko, la strat\u00e9gie de Macky Sall\u00a0consiste \u00e0 se promouvoir sur la sc\u00e8ne internationale comme le seul \u00e0 pouvoir assurer la stabilit\u00e9, instrumentalisant le \"contexte r\u00e9gional extr\u00eamement\u00a0perturb\u00e9\", et pr\u00e9sentant son opposition comme \"irresponsable\" et\u00a0\"terroriste\".<\/p>\n<p>Abordant l'influence grandissante du groupe russe Wagner, aux d\u00e9pens de la France, dans plusieurs pays voisins, comme le Mali Ousmane Sonko a regrett\u00e9 de les voir\u00a0c\u00e9l\u00e9brer \"une\u00a0logique de \"remplacement\u00a0plut\u00f4t que de souverainet\u00e9\" : pour le principal opposant s\u00e9n\u00e9galais, il n\u2019est pas question de \"remplacer un partenariat que l'on consid\u00e9rait d\u00e9favorable par un nouveau qui peut l\u2019\u00eatre beaucoup plus\".<\/p>\n<p><iframe loading=\"lazy\" title=\"&quot;Nous n\u2019avons rien contre la France&quot; assure l\u2019opposant s\u00e9n\u00e9galais Ousmane Sonko \u2022 FRANCE 24\" width=\"1080\" height=\"608\" src=\"https:\/\/www.youtube.com\/embed\/6gUW6LPJTJw?feature=oembed\" frameborder=\"0\" allow=\"accelerometer; autoplay; clipboard-write; encrypted-media; gyroscope; picture-in-picture; web-share\" allowfullscreen><\/iframe><\/p>\n<div class=\"tms-ad m-inread-ad\" data-tms-ad-type=\"inread\" data-tms-ad-provider=\"gam\" data-tms-ad-owner=\"fmm\" data-tms-ad-pos=\"1\" data-tms-ad-status=\"resized\" data-tms-ad-inread-provider-exclusions=\"invibes,teads\"><\/div>\n<p>&nbsp;<\/p>\n<\/div>\n<div class='share-to-whatsapp-wrapper'><div class='share-on-whsp'>PARTAGER SUR : <\/div><a data-text='OUSMANE SONKO SUR FRANCE 24 - \"Nous n\u2019avons rien contre la France\"' data-link='https:\/\/www.nettali.com\/2023\/01\/06\/ousmane-sonko-sur-france-24-nous-navons-rien-contre-la-france\/' class='whatsapp-button whatsapp-share'>WhatsApp<\/a><div class='clear '><\/div><\/div>","protected":false},"excerpt":{"rendered":"<p>NETTALI.COM - L\u2019opposant s\u00e9n\u00e9galais Ousmane Sonko a accord\u00e9 un entretien \u00e0 France 24 et RFI. Candidat \u00e0 l\u2019\u00e9lection pr\u00e9sidentielle de 2024, il estime que \"tous les S\u00e9n\u00e9galais ont tourn\u00e9 le dos au pr\u00e9sident\" Macky Sall, sanctionnant sa gouvernance \"calamiteuse\". Il a regrett\u00e9 que ce dernier parvienne toutefois \u00e0 pr\u00e9senter l\u2019opposition comme \"oppos\u00e9e aux int\u00e9r\u00eats occidentaux\". [&hellip;]<\/p>\n","protected":false},"author":4,"featured_media":101264,"comment_status":"open","ping_status":"open","sticky":false,"template":"","format":"standard","meta":{"_et_pb_use_builder":"","_et_pb_old_content":""},"categories":[2,15],"tags":[],"yoast_head":"<!-- This site is optimized with the Yoast SEO Premium plugin v17.8 (Yoast SEO v17.8) - https:\/\/yoast.com\/wordpress\/plugins\/seo\/ -->\n<title>OUSMANE SONKO SUR FRANCE 24 - &quot;Nous n\u2019avons rien contre la France&quot; | Nettali.com<\/title>\n<meta name=\"robots\" content=\"index, follow, max-snippet:-1, max-image-preview:large, max-video-preview:-1\" \/>\n<link rel=\"canonical\" href=\"https:\/\/www.nettali.com\/2023\/01\/06\/ousmane-sonko-sur-france-24-nous-navons-rien-contre-la-france\/\" \/>\n<meta property=\"og:locale\" content=\"fr_FR\" \/>\n<meta property=\"og:type\" content=\"article\" \/>\n<meta property=\"og:title\" content=\"OUSMANE SONKO SUR FRANCE 24 - &quot;Nous n\u2019avons rien contre la France&quot;\" \/>\n<meta property=\"og:description\" content=\"NETTALI.COM - L\u2019opposant s\u00e9n\u00e9galais Ousmane Sonko a accord\u00e9 un entretien \u00e0 France 24 et RFI. Candidat \u00e0 l\u2019\u00e9lection pr\u00e9sidentielle de 2024, il estime que &quot;tous les S\u00e9n\u00e9galais ont tourn\u00e9 le dos au pr\u00e9sident&quot; Macky Sall, sanctionnant sa gouvernance &quot;calamiteuse&quot;. Il a regrett\u00e9 que ce dernier parvienne toutefois \u00e0 pr\u00e9senter l\u2019opposition comme &quot;oppos\u00e9e aux int\u00e9r\u00eats occidentaux&quot;. [&hellip;]\" \/>\n<meta property=\"og:url\" content=\"https:\/\/www.nettali.com\/2023\/01\/06\/ousmane-sonko-sur-france-24-nous-navons-rien-contre-la-france\/\" \/>\n<meta property=\"og:site_name\" content=\"Nettali.com\" \/>\n<meta property=\"article:publisher\" content=\"https:\/\/www.facebook.com\/nettalicom\" \/>\n<meta property=\"article:published_time\" content=\"2023-01-06T15:24:31+00:00\" \/>\n<meta property=\"article:modified_time\" content=\"2023-01-06T15:26:16+00:00\" \/>\n<meta property=\"og:image\" content=\"https:\/\/www.nettali.com\/wp-content\/uploads\/2023\/01\/Capture-de\u0301cran-2023-01-06-a\u0300-15.24.04.png\" \/>\n\t<meta property=\"og:image:width\" content=\"955\" \/>\n\t<meta property=\"og:image:height\" content=\"513\" \/>\n<meta name=\"twitter:card\" content=\"summary_large_image\" \/>\n<meta name=\"twitter:label1\" content=\"\u00c9crit par\" \/>\n\t<meta name=\"twitter:data1\" content=\"Daouda\" \/>\n\t<meta name=\"twitter:label2\" content=\"Dur\u00e9e de lecture estim\u00e9e\" \/>\n\t<meta name=\"twitter:data2\" content=\"2 minutes\" \/>\n<script type=\"application\/ld+json\" class=\"yoast-schema-graph\">{\"@context\":\"https:\/\/schema.org\",\"@graph\":[{\"@type\":\"WebSite\",\"@id\":\"https:\/\/www.nettali.com\/#website\",\"url\":\"https:\/\/www.nettali.com\/\",\"name\":\"Nettali.com\",\"description\":\"Le rendez-vous critique du Net\",\"potentialAction\":[{\"@type\":\"SearchAction\",\"target\":{\"@type\":\"EntryPoint\",\"urlTemplate\":\"https:\/\/www.nettali.com\/?s={search_term_string}\"},\"query-input\":\"required name=search_term_string\"}],\"inLanguage\":\"fr-FR\"},{\"@type\":\"ImageObject\",\"@id\":\"https:\/\/www.nettali.com\/2023\/01\/06\/ousmane-sonko-sur-france-24-nous-navons-rien-contre-la-france\/#primaryimage\",\"inLanguage\":\"fr-FR\",\"url\":\"https:\/\/www.nettali.com\/wp-content\/uploads\/2023\/01\/Capture-de\\u0301cran-2023-01-06-a\\u0300-15.24.04.png\",\"contentUrl\":\"https:\/\/www.nettali.com\/wp-content\/uploads\/2023\/01\/Capture-de\\u0301cran-2023-01-06-a\\u0300-15.24.04.png\",\"width\":955,\"height\":513},{\"@type\":\"WebPage\",\"@id\":\"https:\/\/www.nettali.com\/2023\/01\/06\/ousmane-sonko-sur-france-24-nous-navons-rien-contre-la-france\/#webpage\",\"url\":\"https:\/\/www.nettali.com\/2023\/01\/06\/ousmane-sonko-sur-france-24-nous-navons-rien-contre-la-france\/\",\"name\":\"OUSMANE SONKO SUR FRANCE 24 - \\\"Nous n\\u2019avons rien contre la France\\\" | Nettali.com\",\"isPartOf\":{\"@id\":\"https:\/\/www.nettali.com\/#website\"},\"primaryImageOfPage\":{\"@id\":\"https:\/\/www.nettali.com\/2023\/01\/06\/ousmane-sonko-sur-france-24-nous-navons-rien-contre-la-france\/#primaryimage\"},\"datePublished\":\"2023-01-06T15:24:31+00:00\",\"dateModified\":\"2023-01-06T15:26:16+00:00\",\"author\":{\"@id\":\"https:\/\/www.nettali.com\/#\/schema\/person\/3317e0bb3aa1da309fbf7b2780901bf4\"},\"breadcrumb\":{\"@id\":\"https:\/\/www.nettali.com\/2023\/01\/06\/ousmane-sonko-sur-france-24-nous-navons-rien-contre-la-france\/#breadcrumb\"},\"inLanguage\":\"fr-FR\",\"potentialAction\":[{\"@type\":\"ReadAction\",\"target\":[\"https:\/\/www.nettali.com\/2023\/01\/06\/ousmane-sonko-sur-france-24-nous-navons-rien-contre-la-france\/\"]}]},{\"@type\":\"BreadcrumbList\",\"@id\":\"https:\/\/www.nettali.com\/2023\/01\/06\/ousmane-sonko-sur-france-24-nous-navons-rien-contre-la-france\/#breadcrumb\",\"itemListElement\":[{\"@type\":\"ListItem\",\"position\":1,\"name\":\"Accueil\",\"item\":\"https:\/\/www.nettali.com\/\"},{\"@type\":\"ListItem\",\"position\":2,\"name\":\"OUSMANE SONKO SUR FRANCE 24 - \\\"Nous n\\u2019avons rien contre la France\\\"\"}]},{\"@type\":\"Person\",\"@id\":\"https:\/\/www.nettali.com\/#\/schema\/person\/3317e0bb3aa1da309fbf7b2780901bf4\",\"name\":\"Daouda\",\"image\":{\"@type\":\"ImageObject\",\"@id\":\"https:\/\/www.nettali.com\/#personlogo\",\"inLanguage\":\"fr-FR\",\"url\":\"https:\/\/secure.gravatar.com\/avatar\/8d143b5a49345098ddcfee1c49c2f47c?s=96&d=mm&r=g\",\"contentUrl\":\"https:\/\/secure.gravatar.com\/avatar\/8d143b5a49345098ddcfee1c49c2f47c?s=96&d=mm&r=g\",\"caption\":\"Daouda\"},\"sameAs\":[\"https:\/\/www.nettali.com\"]}]}<\/script>\n<!-- \/ Yoast SEO Premium plugin. -->","yoast_head_json":{"title":"OUSMANE SONKO SUR FRANCE 24 - \"Nous n\u2019avons rien contre la France\" | Nettali.com","robots":{"index":"index","follow":"follow","max-snippet":"max-snippet:-1","max-image-preview":"max-image-preview:large","max-video-preview":"max-video-preview:-1"},"canonical":"https:\/\/www.nettali.com\/2023\/01\/06\/ousmane-sonko-sur-france-24-nous-navons-rien-contre-la-france\/","og_locale":"fr_FR","og_type":"article","og_title":"OUSMANE SONKO SUR FRANCE 24 - \"Nous n\u2019avons rien contre la France\"","og_description":"NETTALI.COM - L\u2019opposant s\u00e9n\u00e9galais Ousmane Sonko a accord\u00e9 un entretien \u00e0 France 24 et RFI. Candidat \u00e0 l\u2019\u00e9lection pr\u00e9sidentielle de 2024, il estime que \"tous les S\u00e9n\u00e9galais ont tourn\u00e9 le dos au pr\u00e9sident\" Macky Sall, sanctionnant sa gouvernance \"calamiteuse\". Il a regrett\u00e9 que ce dernier parvienne toutefois \u00e0 pr\u00e9senter l\u2019opposition comme \"oppos\u00e9e aux int\u00e9r\u00eats occidentaux\". [&hellip;]","og_url":"https:\/\/www.nettali.com\/2023\/01\/06\/ousmane-sonko-sur-france-24-nous-navons-rien-contre-la-france\/","og_site_name":"Nettali.com","article_publisher":"https:\/\/www.facebook.com\/nettalicom","article_published_time":"2023-01-06T15:24:31+00:00","article_modified_time":"2023-01-06T15:26:16+00:00","og_image":[{"width":955,"height":513,"url":"https:\/\/www.nettali.com\/wp-content\/uploads\/2023\/01\/Capture-de\u0301cran-2023-01-06-a\u0300-15.24.04.png","type":"image\/png"}],"twitter_card":"summary_large_image","twitter_misc":{"\u00c9crit par":"Daouda","Dur\u00e9e de lecture estim\u00e9e":"2 minutes"},"schema":{"@context":"https:\/\/schema.org","@graph":[{"@type":"WebSite","@id":"https:\/\/www.nettali.com\/#website","url":"https:\/\/www.nettali.com\/","name":"Nettali.com","description":"Le rendez-vous critique du Net","potentialAction":[{"@type":"SearchAction","target":{"@type":"EntryPoint","urlTemplate":"https:\/\/www.nettali.com\/?s={search_term_string}"},"query-input":"required name=search_term_string"}],"inLanguage":"fr-FR"},{"@type":"ImageObject","@id":"https:\/\/www.nettali.com\/2023\/01\/06\/ousmane-sonko-sur-france-24-nous-navons-rien-contre-la-france\/#primaryimage","inLanguage":"fr-FR","url":"https:\/\/www.nettali.com\/wp-content\/uploads\/2023\/01\/Capture-de\u0301cran-2023-01-06-a\u0300-15.24.04.png","contentUrl":"https:\/\/www.nettali.com\/wp-content\/uploads\/2023\/01\/Capture-de\u0301cran-2023-01-06-a\u0300-15.24.04.png","width":955,"height":513},{"@type":"WebPage","@id":"https:\/\/www.nettali.com\/2023\/01\/06\/ousmane-sonko-sur-france-24-nous-navons-rien-contre-la-france\/#webpage","url":"https:\/\/www.nettali.com\/2023\/01\/06\/ousmane-sonko-sur-france-24-nous-navons-rien-contre-la-france\/","name":"OUSMANE SONKO SUR FRANCE 24 - \"Nous n\u2019avons rien contre la France\" | Nettali.com","isPartOf":{"@id":"https:\/\/www.nettali.com\/#website"},"primaryImageOfPage":{"@id":"https:\/\/www.nettali.com\/2023\/01\/06\/ousmane-sonko-sur-france-24-nous-navons-rien-contre-la-france\/#primaryimage"},"datePublished":"2023-01-06T15:24:31+00:00","dateModified":"2023-01-06T15:26:16+00:00","author":{"@id":"https:\/\/www.nettali.com\/#\/schema\/person\/3317e0bb3aa1da309fbf7b2780901bf4"},"breadcrumb":{"@id":"https:\/\/www.nettali.com\/2023\/01\/06\/ousmane-sonko-sur-france-24-nous-navons-rien-contre-la-france\/#breadcrumb"},"inLanguage":"fr-FR","potentialAction":[{"@type":"ReadAction","target":["https:\/\/www.nettali.com\/2023\/01\/06\/ousmane-sonko-sur-france-24-nous-navons-rien-contre-la-france\/"]}]},{"@type":"BreadcrumbList","@id":"https:\/\/www.nettali.com\/2023\/01\/06\/ousmane-sonko-sur-france-24-nous-navons-rien-contre-la-france\/#breadcrumb","itemListElement":[{"@type":"ListItem","position":1,"name":"Accueil","item":"https:\/\/www.nettali.com\/"},{"@type":"ListItem","position":2,"name":"OUSMANE SONKO SUR FRANCE 24 - \"Nous n\u2019avons rien contre la France\""}]},{"@type":"Person","@id":"https:\/\/www.nettali.com\/#\/schema\/person\/3317e0bb3aa1da309fbf7b2780901bf4","name":"Daouda","image":{"@type":"ImageObject","@id":"https:\/\/www.nettali.com\/#personlogo","inLanguage":"fr-FR","url":"https:\/\/secure.gravatar.com\/avatar\/8d143b5a49345098ddcfee1c49c2f47c?s=96&d=mm&r=g","contentUrl":"https:\/\/secure.gravatar.com\/avatar\/8d143b5a49345098ddcfee1c49c2f47c?s=96&d=mm&r=g","caption":"Daouda"},"sameAs":["https:\/\/www.nettali.com"]}]}},"_links":{"self":[{"href":"https:\/\/www.nettali.com\/rest\/wp\/v2\/posts\/101263"}],"collection":[{"href":"https:\/\/www.nettali.com\/rest\/wp\/v2\/posts"}],"about":[{"href":"https:\/\/www.nettali.com\/rest\/wp\/v2\/types\/post"}],"author":[{"embeddable":true,"href":"https:\/\/www.nettali.com\/rest\/wp\/v2\/users\/4"}],"replies":[{"embeddable":true,"href":"https:\/\/www.nettali.com\/rest\/wp\/v2\/comments?post=101263"}],"version-history":[{"count":3,"href":"https:\/\/www.nettali.com\/rest\/wp\/v2\/posts\/101263\/revisions"}],"predecessor-version":[{"id":101267,"href":"https:\/\/www.nettali.com\/rest\/wp\/v2\/posts\/101263\/revisions\/101267"}],"wp:featuredmedia":[{"embeddable":true,"href":"https:\/\/www.nettali.com\/rest\/wp\/v2\/media\/101264"}],"wp:attachment":[{"href":"https:\/\/www.nettali.com\/rest\/wp\/v2\/media?parent=101263"}],"wp:term":[{"taxonomy":"category","embeddable":true,"href":"https:\/\/www.nettali.com\/rest\/wp\/v2\/categories?post=101263"},{"taxonomy":"post_tag","embeddable":true,"href":"https:\/\/www.nettali.com\/rest\/wp\/v2\/tags?post=101263"}],"curies":[{"name":"wp","href":"https:\/\/api.w.org\/{rel}","templated":true}]}}