{"id":101257,"date":"2023-01-06T14:46:23","date_gmt":"2023-01-06T14:46:23","guid":{"rendered":"https:\/\/www.nettali.com\/?p=101257"},"modified":"2023-01-06T14:47:21","modified_gmt":"2023-01-06T14:47:21","slug":"presentation-de-voeux-au-palais-les-deputes-de-yewi-boycottent","status":"publish","type":"post","link":"https:\/\/www.nettali.com\/2023\/01\/06\/presentation-de-voeux-au-palais-les-deputes-de-yewi-boycottent\/","title":{"rendered":"PRESENTATION DE VOEUX AU PALAIS - Les d\u00e9put\u00e9s de Yewwi boycottent"},"content":{"rendered":"<div><strong><span style=\"font-size: large;\">NETTALI.COM - Les d\u00e9put\u00e9s du groupe parlementaire Yewwi Askan Wi (Yaw) ne participeront pas \u00e0 la c\u00e9r\u00e9monie de pr\u00e9sentation des v\u0153ux du Nouvel An au palais pr\u00e9sidentiel. Dans un communiqu\u00e9, ils annoncent qu'ils ont d\u00e9cid\u00e9 de boycotter et expliquent leurs raisons.<\/span><\/strong><\/div>\n<div><span style=\"font-size: large;\">\u00a0<\/span><\/div>\n<div><span style=\"font-size: large;\">Birame Soul\u00e8ye Diop et Cie ont d\u00e9cid\u00e9 de boycotter la c\u00e9r\u00e9monie de pr\u00e9sentation des v\u0153ux du Nouvel An au palais pr\u00e9sidentiel. Ils\u00a0 justifient leur refus par\u00a0 <em>\"les nombreux actes hostiles \u00e0 l'encontre de l'opposition parlementaire cautionn\u00e9s par le pr\u00e9sident de la R\u00e9publique, en particulier lors de l'installation manu militari, par la gendarmerie, du pr\u00e9sident de l'Assembl\u00e9e nationale\".<\/em><\/span><\/div>\n<div><span style=\"font-size: large;\">\u00a0<\/span><\/div>\n<div><span style=\"font-size: large;\">Dans un communiqu\u00e9, ils font remarquer que\u00a0 le groupe parlementaire Yaw <em>\"a d\u00e9j\u00e0 re\u00e7u les v\u0153ux de pr\u00e9sident de la R\u00e9publique en d\u00e9but d\u2019ann\u00e9e, avec l\u2019embastillement des d\u00e9put\u00e9s Massata Samb et Mamadou Niang, ce alors qu\u2019une r\u00e9solution motiv\u00e9e de suspension des poursuites avait \u00e9t\u00e9 d\u00e9pos\u00e9e sans suite aupr\u00e8s du pr\u00e9sident de l\u2019Assembl\u00e9e nationale depuis le 12 d\u00e9cembre 2022\".<\/em><\/span><\/div>\n<div><span style=\"font-size: large;\">\u00a0<\/span><\/div>\n<div><span style=\"font-size: large;\">Les membres du bureau de l'Assembl\u00e9e nationale ont \u00e9t\u00e9 inform\u00e9s que le pr\u00e9sident de la R\u00e9publique, Macky Sall, recevra les v\u0153ux du Nouvel An des corps constitu\u00e9s au palais de la R\u00e9publique ce vendredi 6 janvier 2023.<\/span><\/div>\n<div class='share-to-whatsapp-wrapper'><div class='share-on-whsp'>PARTAGER SUR : <\/div><a data-text='PRESENTATION DE VOEUX AU PALAIS - Les d\u00e9put\u00e9s de Yewwi boycottent' data-link='https:\/\/www.nettali.com\/2023\/01\/06\/presentation-de-voeux-au-palais-les-deputes-de-yewi-boycottent\/' class='whatsapp-button whatsapp-share'>WhatsApp<\/a><div class='clear '><\/div><\/div>","protected":false},"excerpt":{"rendered":"<p>NETTALI.COM - Les d\u00e9put\u00e9s du groupe parlementaire Yewwi Askan Wi (Yaw) ne participeront pas \u00e0 la c\u00e9r\u00e9monie de pr\u00e9sentation des v\u0153ux du Nouvel An au palais pr\u00e9sidentiel. Dans un communiqu\u00e9, ils annoncent qu'ils ont d\u00e9cid\u00e9 de boycotter et expliquent leurs raisons. \u00a0 Birame Soul\u00e8ye Diop et Cie ont d\u00e9cid\u00e9 de boycotter la c\u00e9r\u00e9monie de pr\u00e9sentation [&hellip;]<\/p>\n","protected":false},"author":4,"featured_media":101258,"comment_status":"open","ping_status":"open","sticky":false,"template":"","format":"standard","meta":{"_et_pb_use_builder":"","_et_pb_old_content":""},"categories":[2],"tags":[],"yoast_head":"<!-- This site is optimized with the Yoast SEO Premium plugin v17.8 (Yoast SEO v17.8) - https:\/\/yoast.com\/wordpress\/plugins\/seo\/ -->\n<title>PRESENTATION DE VOEUX AU PALAIS - Les d\u00e9put\u00e9s de Yewwi boycottent | Nettali.com<\/title>\n<meta name=\"robots\" content=\"index, follow, max-snippet:-1, max-image-preview:large, max-video-preview:-1\" \/>\n<link rel=\"canonical\" href=\"https:\/\/www.nettali.com\/2023\/01\/06\/presentation-de-voeux-au-palais-les-deputes-de-yewi-boycottent\/\" \/>\n<meta property=\"og:locale\" content=\"fr_FR\" \/>\n<meta property=\"og:type\" content=\"article\" \/>\n<meta property=\"og:title\" content=\"PRESENTATION DE VOEUX AU PALAIS - Les d\u00e9put\u00e9s de Yewwi boycottent\" \/>\n<meta property=\"og:description\" content=\"NETTALI.COM - Les d\u00e9put\u00e9s du groupe parlementaire Yewwi Askan Wi (Yaw) ne participeront pas \u00e0 la c\u00e9r\u00e9monie de pr\u00e9sentation des v\u0153ux du Nouvel An au palais pr\u00e9sidentiel. Dans un communiqu\u00e9, ils annoncent qu&#039;ils ont d\u00e9cid\u00e9 de boycotter et expliquent leurs raisons. \u00a0 Birame Soul\u00e8ye Diop et Cie ont d\u00e9cid\u00e9 de boycotter la c\u00e9r\u00e9monie de pr\u00e9sentation [&hellip;]\" \/>\n<meta property=\"og:url\" content=\"https:\/\/www.nettali.com\/2023\/01\/06\/presentation-de-voeux-au-palais-les-deputes-de-yewi-boycottent\/\" \/>\n<meta property=\"og:site_name\" content=\"Nettali.com\" \/>\n<meta property=\"article:publisher\" content=\"https:\/\/www.facebook.com\/nettalicom\" \/>\n<meta property=\"article:published_time\" content=\"2023-01-06T14:46:23+00:00\" \/>\n<meta property=\"article:modified_time\" content=\"2023-01-06T14:47:21+00:00\" \/>\n<meta property=\"og:image\" content=\"https:\/\/www.nettali.com\/wp-content\/uploads\/2023\/01\/Birame-Souley-Assemblee.png\" \/>\n\t<meta property=\"og:image:width\" content=\"768\" \/>\n\t<meta property=\"og:image:height\" content=\"426\" \/>\n<meta name=\"twitter:card\" content=\"summary_large_image\" \/>\n<meta name=\"twitter:label1\" content=\"\u00c9crit par\" \/>\n\t<meta name=\"twitter:data1\" content=\"Daouda\" \/>\n\t<meta name=\"twitter:label2\" content=\"Dur\u00e9e de lecture estim\u00e9e\" \/>\n\t<meta name=\"twitter:data2\" content=\"1 minute\" \/>\n<script type=\"application\/ld+json\" class=\"yoast-schema-graph\">{\"@context\":\"https:\/\/schema.org\",\"@graph\":[{\"@type\":\"WebSite\",\"@id\":\"https:\/\/www.nettali.com\/#website\",\"url\":\"https:\/\/www.nettali.com\/\",\"name\":\"Nettali.com\",\"description\":\"Le rendez-vous critique du Net\",\"potentialAction\":[{\"@type\":\"SearchAction\",\"target\":{\"@type\":\"EntryPoint\",\"urlTemplate\":\"https:\/\/www.nettali.com\/?s={search_term_string}\"},\"query-input\":\"required name=search_term_string\"}],\"inLanguage\":\"fr-FR\"},{\"@type\":\"ImageObject\",\"@id\":\"https:\/\/www.nettali.com\/2023\/01\/06\/presentation-de-voeux-au-palais-les-deputes-de-yewi-boycottent\/#primaryimage\",\"inLanguage\":\"fr-FR\",\"url\":\"https:\/\/www.nettali.com\/wp-content\/uploads\/2023\/01\/Birame-Souley-Assemblee.png\",\"contentUrl\":\"https:\/\/www.nettali.com\/wp-content\/uploads\/2023\/01\/Birame-Souley-Assemblee.png\",\"width\":768,\"height\":426},{\"@type\":\"WebPage\",\"@id\":\"https:\/\/www.nettali.com\/2023\/01\/06\/presentation-de-voeux-au-palais-les-deputes-de-yewi-boycottent\/#webpage\",\"url\":\"https:\/\/www.nettali.com\/2023\/01\/06\/presentation-de-voeux-au-palais-les-deputes-de-yewi-boycottent\/\",\"name\":\"PRESENTATION DE VOEUX AU PALAIS - Les d\\u00e9put\\u00e9s de Yewwi boycottent | Nettali.com\",\"isPartOf\":{\"@id\":\"https:\/\/www.nettali.com\/#website\"},\"primaryImageOfPage\":{\"@id\":\"https:\/\/www.nettali.com\/2023\/01\/06\/presentation-de-voeux-au-palais-les-deputes-de-yewi-boycottent\/#primaryimage\"},\"datePublished\":\"2023-01-06T14:46:23+00:00\",\"dateModified\":\"2023-01-06T14:47:21+00:00\",\"author\":{\"@id\":\"https:\/\/www.nettali.com\/#\/schema\/person\/3317e0bb3aa1da309fbf7b2780901bf4\"},\"breadcrumb\":{\"@id\":\"https:\/\/www.nettali.com\/2023\/01\/06\/presentation-de-voeux-au-palais-les-deputes-de-yewi-boycottent\/#breadcrumb\"},\"inLanguage\":\"fr-FR\",\"potentialAction\":[{\"@type\":\"ReadAction\",\"target\":[\"https:\/\/www.nettali.com\/2023\/01\/06\/presentation-de-voeux-au-palais-les-deputes-de-yewi-boycottent\/\"]}]},{\"@type\":\"BreadcrumbList\",\"@id\":\"https:\/\/www.nettali.com\/2023\/01\/06\/presentation-de-voeux-au-palais-les-deputes-de-yewi-boycottent\/#breadcrumb\",\"itemListElement\":[{\"@type\":\"ListItem\",\"position\":1,\"name\":\"Accueil\",\"item\":\"https:\/\/www.nettali.com\/\"},{\"@type\":\"ListItem\",\"position\":2,\"name\":\"PRESENTATION DE VOEUX AU PALAIS - Les d\\u00e9put\\u00e9s de Yewwi boycottent\"}]},{\"@type\":\"Person\",\"@id\":\"https:\/\/www.nettali.com\/#\/schema\/person\/3317e0bb3aa1da309fbf7b2780901bf4\",\"name\":\"Daouda\",\"image\":{\"@type\":\"ImageObject\",\"@id\":\"https:\/\/www.nettali.com\/#personlogo\",\"inLanguage\":\"fr-FR\",\"url\":\"https:\/\/secure.gravatar.com\/avatar\/8d143b5a49345098ddcfee1c49c2f47c?s=96&d=mm&r=g\",\"contentUrl\":\"https:\/\/secure.gravatar.com\/avatar\/8d143b5a49345098ddcfee1c49c2f47c?s=96&d=mm&r=g\",\"caption\":\"Daouda\"},\"sameAs\":[\"https:\/\/www.nettali.com\"]}]}<\/script>\n<!-- \/ Yoast SEO Premium plugin. -->","yoast_head_json":{"title":"PRESENTATION DE VOEUX AU PALAIS - Les d\u00e9put\u00e9s de Yewwi boycottent | Nettali.com","robots":{"index":"index","follow":"follow","max-snippet":"max-snippet:-1","max-image-preview":"max-image-preview:large","max-video-preview":"max-video-preview:-1"},"canonical":"https:\/\/www.nettali.com\/2023\/01\/06\/presentation-de-voeux-au-palais-les-deputes-de-yewi-boycottent\/","og_locale":"fr_FR","og_type":"article","og_title":"PRESENTATION DE VOEUX AU PALAIS - Les d\u00e9put\u00e9s de Yewwi boycottent","og_description":"NETTALI.COM - Les d\u00e9put\u00e9s du groupe parlementaire Yewwi Askan Wi (Yaw) ne participeront pas \u00e0 la c\u00e9r\u00e9monie de pr\u00e9sentation des v\u0153ux du Nouvel An au palais pr\u00e9sidentiel. Dans un communiqu\u00e9, ils annoncent qu'ils ont d\u00e9cid\u00e9 de boycotter et expliquent leurs raisons. \u00a0 Birame Soul\u00e8ye Diop et Cie ont d\u00e9cid\u00e9 de boycotter la c\u00e9r\u00e9monie de pr\u00e9sentation [&hellip;]","og_url":"https:\/\/www.nettali.com\/2023\/01\/06\/presentation-de-voeux-au-palais-les-deputes-de-yewi-boycottent\/","og_site_name":"Nettali.com","article_publisher":"https:\/\/www.facebook.com\/nettalicom","article_published_time":"2023-01-06T14:46:23+00:00","article_modified_time":"2023-01-06T14:47:21+00:00","og_image":[{"width":768,"height":426,"url":"https:\/\/www.nettali.com\/wp-content\/uploads\/2023\/01\/Birame-Souley-Assemblee.png","type":"image\/png"}],"twitter_card":"summary_large_image","twitter_misc":{"\u00c9crit par":"Daouda","Dur\u00e9e de lecture estim\u00e9e":"1 minute"},"schema":{"@context":"https:\/\/schema.org","@graph":[{"@type":"WebSite","@id":"https:\/\/www.nettali.com\/#website","url":"https:\/\/www.nettali.com\/","name":"Nettali.com","description":"Le rendez-vous critique du Net","potentialAction":[{"@type":"SearchAction","target":{"@type":"EntryPoint","urlTemplate":"https:\/\/www.nettali.com\/?s={search_term_string}"},"query-input":"required name=search_term_string"}],"inLanguage":"fr-FR"},{"@type":"ImageObject","@id":"https:\/\/www.nettali.com\/2023\/01\/06\/presentation-de-voeux-au-palais-les-deputes-de-yewi-boycottent\/#primaryimage","inLanguage":"fr-FR","url":"https:\/\/www.nettali.com\/wp-content\/uploads\/2023\/01\/Birame-Souley-Assemblee.png","contentUrl":"https:\/\/www.nettali.com\/wp-content\/uploads\/2023\/01\/Birame-Souley-Assemblee.png","width":768,"height":426},{"@type":"WebPage","@id":"https:\/\/www.nettali.com\/2023\/01\/06\/presentation-de-voeux-au-palais-les-deputes-de-yewi-boycottent\/#webpage","url":"https:\/\/www.nettali.com\/2023\/01\/06\/presentation-de-voeux-au-palais-les-deputes-de-yewi-boycottent\/","name":"PRESENTATION DE VOEUX AU PALAIS - Les d\u00e9put\u00e9s de Yewwi boycottent | Nettali.com","isPartOf":{"@id":"https:\/\/www.nettali.com\/#website"},"primaryImageOfPage":{"@id":"https:\/\/www.nettali.com\/2023\/01\/06\/presentation-de-voeux-au-palais-les-deputes-de-yewi-boycottent\/#primaryimage"},"datePublished":"2023-01-06T14:46:23+00:00","dateModified":"2023-01-06T14:47:21+00:00","author":{"@id":"https:\/\/www.nettali.com\/#\/schema\/person\/3317e0bb3aa1da309fbf7b2780901bf4"},"breadcrumb":{"@id":"https:\/\/www.nettali.com\/2023\/01\/06\/presentation-de-voeux-au-palais-les-deputes-de-yewi-boycottent\/#breadcrumb"},"inLanguage":"fr-FR","potentialAction":[{"@type":"ReadAction","target":["https:\/\/www.nettali.com\/2023\/01\/06\/presentation-de-voeux-au-palais-les-deputes-de-yewi-boycottent\/"]}]},{"@type":"BreadcrumbList","@id":"https:\/\/www.nettali.com\/2023\/01\/06\/presentation-de-voeux-au-palais-les-deputes-de-yewi-boycottent\/#breadcrumb","itemListElement":[{"@type":"ListItem","position":1,"name":"Accueil","item":"https:\/\/www.nettali.com\/"},{"@type":"ListItem","position":2,"name":"PRESENTATION DE VOEUX AU PALAIS - Les d\u00e9put\u00e9s de Yewwi boycottent"}]},{"@type":"Person","@id":"https:\/\/www.nettali.com\/#\/schema\/person\/3317e0bb3aa1da309fbf7b2780901bf4","name":"Daouda","image":{"@type":"ImageObject","@id":"https:\/\/www.nettali.com\/#personlogo","inLanguage":"fr-FR","url":"https:\/\/secure.gravatar.com\/avatar\/8d143b5a49345098ddcfee1c49c2f47c?s=96&d=mm&r=g","contentUrl":"https:\/\/secure.gravatar.com\/avatar\/8d143b5a49345098ddcfee1c49c2f47c?s=96&d=mm&r=g","caption":"Daouda"},"sameAs":["https:\/\/www.nettali.com"]}]}},"_links":{"self":[{"href":"https:\/\/www.nettali.com\/rest\/wp\/v2\/posts\/101257"}],"collection":[{"href":"https:\/\/www.nettali.com\/rest\/wp\/v2\/posts"}],"about":[{"href":"https:\/\/www.nettali.com\/rest\/wp\/v2\/types\/post"}],"author":[{"embeddable":true,"href":"https:\/\/www.nettali.com\/rest\/wp\/v2\/users\/4"}],"replies":[{"embeddable":true,"href":"https:\/\/www.nettali.com\/rest\/wp\/v2\/comments?post=101257"}],"version-history":[{"count":2,"href":"https:\/\/www.nettali.com\/rest\/wp\/v2\/posts\/101257\/revisions"}],"predecessor-version":[{"id":101262,"href":"https:\/\/www.nettali.com\/rest\/wp\/v2\/posts\/101257\/revisions\/101262"}],"wp:featuredmedia":[{"embeddable":true,"href":"https:\/\/www.nettali.com\/rest\/wp\/v2\/media\/101258"}],"wp:attachment":[{"href":"https:\/\/www.nettali.com\/rest\/wp\/v2\/media?parent=101257"}],"wp:term":[{"taxonomy":"category","embeddable":true,"href":"https:\/\/www.nettali.com\/rest\/wp\/v2\/categories?post=101257"},{"taxonomy":"post_tag","embeddable":true,"href":"https:\/\/www.nettali.com\/rest\/wp\/v2\/tags?post=101257"}],"curies":[{"name":"wp","href":"https:\/\/api.w.org\/{rel}","templated":true}]}}