{"id":101160,"date":"2023-01-05T08:45:34","date_gmt":"2023-01-05T08:45:34","guid":{"rendered":"https:\/\/www.nettali.com\/?p=101160"},"modified":"2023-01-05T08:51:32","modified_gmt":"2023-01-05T08:51:32","slug":"en-coulisses-mimi-et-les-accusations-graves-de-lige","status":"publish","type":"post","link":"https:\/\/www.nettali.com\/2023\/01\/05\/en-coulisses-mimi-et-les-accusations-graves-de-lige\/","title":{"rendered":"EN COULISSES - Mimi et les graves accusations de l'IGE"},"content":{"rendered":"<p><strong>NETTALI.COM -<\/strong> Mimi Tour\u00e9 a bien int\u00e9r\u00eat \u00e0 surveiller ses arri\u00e8res. Des accusations gravissimes de malversations financi\u00e8res ont \u00e9t\u00e9 formul\u00e9es \u00e0 son encontre, elle qui a \u00e9t\u00e9 au coeur de la traque des biens mal acquis.<\/p>\n<p>D\u2019apr\u00e8s une note adress\u00e9e au Pr\u00e9sident de la R\u00e9publique, l\u2019Inspection g\u00e9n\u00e9rale d\u2019\u00c9tat (IGE), qui a proc\u00e9d\u00e9 \u00e0 la v\u00e9rification administrative et financi\u00e8re de la gestion du Cese, a <em>\"d\u00e9cel\u00e9 que la somme de 2 136 548 818 F CFA a \u00e9t\u00e9 budg\u00e9tis\u00e9e et ex\u00e9cut\u00e9e dans les conditions non conformes \u00e0 la r\u00e9glementation et orient\u00e9e vers des destinations inconnues\u2019\u2019.<\/em><\/p>\n<p><em>\u2018\u2019Sur ces 2 136 548 818 F CFA, renseigne-t-on, les v\u00e9rificateurs soulignent que la somme de 1 481 000 000 F CFA a \u00e9t\u00e9 retir\u00e9e en liquide et remise directement \u00e0 la pr\u00e9sidente du Cese par le biais de l\u2019agent comptable qui a d\u00e9clar\u00e9 aux v\u00e9rificateurs que \u00abla destination de l\u2019argent \u00e9tait laiss\u00e9e \u00e0 l\u2019appr\u00e9ciation exclusive de la pr\u00e9sidente\u00bb et du Daf qui ajoutera que \u00abl\u2019argent \u00e9tait remis \u00e0 la pr\u00e9sidente sans aucune d\u00e9charge\u00bb<\/em>.<\/p>\n<p>Dans le d\u00e9tail, cite le document, \u00e0 titre d\u2019exemple : 100 000 000 F CFA ont \u00e9t\u00e9 retir\u00e9s le 31 janvier 2020, 60 000 000 F CFA le 28 f\u00e9vrier 2020, 120 000 000 F CFA le 7 avril 2020, 120 000 000 F CFA le 25 mai 2020. Des faits gravissimes qui ont justifi\u00e9 la missive adress\u00e9e au chef de l'Etat, alors m\u00eame que la mission \u00e9tait encore en cours.<\/p>\n<p>Avec ces accusations, Mimi Tour\u00e9 a du pain sur la planche. Il lui faudra batailler ferme avec des arguments solides si elle ne veut pas subir le m\u00eame sort que Karim Wade et Khalifa Sall.<\/p>\n<div class='share-to-whatsapp-wrapper'><div class='share-on-whsp'>PARTAGER SUR : <\/div><a data-text='EN COULISSES - Mimi et les graves accusations de l'IGE' data-link='https:\/\/www.nettali.com\/2023\/01\/05\/en-coulisses-mimi-et-les-accusations-graves-de-lige\/' class='whatsapp-button whatsapp-share'>WhatsApp<\/a><div class='clear '><\/div><\/div>","protected":false},"excerpt":{"rendered":"<p>NETTALI.COM - Mimi Tour\u00e9 a bien int\u00e9r\u00eat \u00e0 surveiller ses arri\u00e8res. Des accusations gravissimes de malversations financi\u00e8res ont \u00e9t\u00e9 formul\u00e9es \u00e0 son encontre, elle qui a \u00e9t\u00e9 au coeur de la traque des biens mal acquis. D\u2019apr\u00e8s une note adress\u00e9e au Pr\u00e9sident de la R\u00e9publique, l\u2019Inspection g\u00e9n\u00e9rale d\u2019\u00c9tat (IGE), qui a proc\u00e9d\u00e9 \u00e0 la v\u00e9rification [&hellip;]<\/p>\n","protected":false},"author":4,"featured_media":93985,"comment_status":"open","ping_status":"open","sticky":false,"template":"","format":"standard","meta":{"_et_pb_use_builder":"","_et_pb_old_content":""},"categories":[34945],"tags":[],"yoast_head":"<!-- This site is optimized with the Yoast SEO Premium plugin v17.8 (Yoast SEO v17.8) - https:\/\/yoast.com\/wordpress\/plugins\/seo\/ -->\n<title>EN COULISSES - Mimi et les graves accusations de l&#039;IGE | Nettali.com<\/title>\n<meta name=\"robots\" content=\"index, follow, max-snippet:-1, max-image-preview:large, max-video-preview:-1\" \/>\n<link rel=\"canonical\" href=\"https:\/\/www.nettali.com\/2023\/01\/05\/en-coulisses-mimi-et-les-accusations-graves-de-lige\/\" \/>\n<meta property=\"og:locale\" content=\"fr_FR\" \/>\n<meta property=\"og:type\" content=\"article\" \/>\n<meta property=\"og:title\" content=\"EN COULISSES - Mimi et les graves accusations de l&#039;IGE\" \/>\n<meta property=\"og:description\" content=\"NETTALI.COM - Mimi Tour\u00e9 a bien int\u00e9r\u00eat \u00e0 surveiller ses arri\u00e8res. Des accusations gravissimes de malversations financi\u00e8res ont \u00e9t\u00e9 formul\u00e9es \u00e0 son encontre, elle qui a \u00e9t\u00e9 au coeur de la traque des biens mal acquis. D\u2019apr\u00e8s une note adress\u00e9e au Pr\u00e9sident de la R\u00e9publique, l\u2019Inspection g\u00e9n\u00e9rale d\u2019\u00c9tat (IGE), qui a proc\u00e9d\u00e9 \u00e0 la v\u00e9rification [&hellip;]\" \/>\n<meta property=\"og:url\" content=\"https:\/\/www.nettali.com\/2023\/01\/05\/en-coulisses-mimi-et-les-accusations-graves-de-lige\/\" \/>\n<meta property=\"og:site_name\" content=\"Nettali.com\" \/>\n<meta property=\"article:publisher\" content=\"https:\/\/www.facebook.com\/nettalicom\" \/>\n<meta property=\"article:published_time\" content=\"2023-01-05T08:45:34+00:00\" \/>\n<meta property=\"article:modified_time\" content=\"2023-01-05T08:51:32+00:00\" \/>\n<meta property=\"og:image\" content=\"https:\/\/www.nettali.com\/wp-content\/uploads\/2022\/09\/achats-des-vehicules-administratifs-macky-sall-en-colere-contre-mimi-toure.jpg\" \/>\n\t<meta property=\"og:image:width\" content=\"664\" \/>\n\t<meta property=\"og:image:height\" content=\"372\" \/>\n<meta name=\"twitter:card\" content=\"summary_large_image\" \/>\n<meta name=\"twitter:label1\" content=\"\u00c9crit par\" \/>\n\t<meta name=\"twitter:data1\" content=\"Daouda\" \/>\n\t<meta name=\"twitter:label2\" content=\"Dur\u00e9e de lecture estim\u00e9e\" \/>\n\t<meta name=\"twitter:data2\" content=\"2 minutes\" \/>\n<script type=\"application\/ld+json\" class=\"yoast-schema-graph\">{\"@context\":\"https:\/\/schema.org\",\"@graph\":[{\"@type\":\"WebSite\",\"@id\":\"https:\/\/www.nettali.com\/#website\",\"url\":\"https:\/\/www.nettali.com\/\",\"name\":\"Nettali.com\",\"description\":\"Le rendez-vous critique du Net\",\"potentialAction\":[{\"@type\":\"SearchAction\",\"target\":{\"@type\":\"EntryPoint\",\"urlTemplate\":\"https:\/\/www.nettali.com\/?s={search_term_string}\"},\"query-input\":\"required name=search_term_string\"}],\"inLanguage\":\"fr-FR\"},{\"@type\":\"ImageObject\",\"@id\":\"https:\/\/www.nettali.com\/2023\/01\/05\/en-coulisses-mimi-et-les-accusations-graves-de-lige\/#primaryimage\",\"inLanguage\":\"fr-FR\",\"url\":\"https:\/\/www.nettali.com\/wp-content\/uploads\/2022\/09\/achats-des-vehicules-administratifs-macky-sall-en-colere-contre-mimi-toure.jpg\",\"contentUrl\":\"https:\/\/www.nettali.com\/wp-content\/uploads\/2022\/09\/achats-des-vehicules-administratifs-macky-sall-en-colere-contre-mimi-toure.jpg\",\"width\":664,\"height\":372},{\"@type\":\"WebPage\",\"@id\":\"https:\/\/www.nettali.com\/2023\/01\/05\/en-coulisses-mimi-et-les-accusations-graves-de-lige\/#webpage\",\"url\":\"https:\/\/www.nettali.com\/2023\/01\/05\/en-coulisses-mimi-et-les-accusations-graves-de-lige\/\",\"name\":\"EN COULISSES - Mimi et les graves accusations de l'IGE | Nettali.com\",\"isPartOf\":{\"@id\":\"https:\/\/www.nettali.com\/#website\"},\"primaryImageOfPage\":{\"@id\":\"https:\/\/www.nettali.com\/2023\/01\/05\/en-coulisses-mimi-et-les-accusations-graves-de-lige\/#primaryimage\"},\"datePublished\":\"2023-01-05T08:45:34+00:00\",\"dateModified\":\"2023-01-05T08:51:32+00:00\",\"author\":{\"@id\":\"https:\/\/www.nettali.com\/#\/schema\/person\/3317e0bb3aa1da309fbf7b2780901bf4\"},\"breadcrumb\":{\"@id\":\"https:\/\/www.nettali.com\/2023\/01\/05\/en-coulisses-mimi-et-les-accusations-graves-de-lige\/#breadcrumb\"},\"inLanguage\":\"fr-FR\",\"potentialAction\":[{\"@type\":\"ReadAction\",\"target\":[\"https:\/\/www.nettali.com\/2023\/01\/05\/en-coulisses-mimi-et-les-accusations-graves-de-lige\/\"]}]},{\"@type\":\"BreadcrumbList\",\"@id\":\"https:\/\/www.nettali.com\/2023\/01\/05\/en-coulisses-mimi-et-les-accusations-graves-de-lige\/#breadcrumb\",\"itemListElement\":[{\"@type\":\"ListItem\",\"position\":1,\"name\":\"Accueil\",\"item\":\"https:\/\/www.nettali.com\/\"},{\"@type\":\"ListItem\",\"position\":2,\"name\":\"EN COULISSES - Mimi et les graves accusations de l'IGE\"}]},{\"@type\":\"Person\",\"@id\":\"https:\/\/www.nettali.com\/#\/schema\/person\/3317e0bb3aa1da309fbf7b2780901bf4\",\"name\":\"Daouda\",\"image\":{\"@type\":\"ImageObject\",\"@id\":\"https:\/\/www.nettali.com\/#personlogo\",\"inLanguage\":\"fr-FR\",\"url\":\"https:\/\/secure.gravatar.com\/avatar\/8d143b5a49345098ddcfee1c49c2f47c?s=96&d=mm&r=g\",\"contentUrl\":\"https:\/\/secure.gravatar.com\/avatar\/8d143b5a49345098ddcfee1c49c2f47c?s=96&d=mm&r=g\",\"caption\":\"Daouda\"},\"sameAs\":[\"https:\/\/www.nettali.com\"]}]}<\/script>\n<!-- \/ Yoast SEO Premium plugin. -->","yoast_head_json":{"title":"EN COULISSES - Mimi et les graves accusations de l'IGE | Nettali.com","robots":{"index":"index","follow":"follow","max-snippet":"max-snippet:-1","max-image-preview":"max-image-preview:large","max-video-preview":"max-video-preview:-1"},"canonical":"https:\/\/www.nettali.com\/2023\/01\/05\/en-coulisses-mimi-et-les-accusations-graves-de-lige\/","og_locale":"fr_FR","og_type":"article","og_title":"EN COULISSES - Mimi et les graves accusations de l'IGE","og_description":"NETTALI.COM - Mimi Tour\u00e9 a bien int\u00e9r\u00eat \u00e0 surveiller ses arri\u00e8res. Des accusations gravissimes de malversations financi\u00e8res ont \u00e9t\u00e9 formul\u00e9es \u00e0 son encontre, elle qui a \u00e9t\u00e9 au coeur de la traque des biens mal acquis. D\u2019apr\u00e8s une note adress\u00e9e au Pr\u00e9sident de la R\u00e9publique, l\u2019Inspection g\u00e9n\u00e9rale d\u2019\u00c9tat (IGE), qui a proc\u00e9d\u00e9 \u00e0 la v\u00e9rification [&hellip;]","og_url":"https:\/\/www.nettali.com\/2023\/01\/05\/en-coulisses-mimi-et-les-accusations-graves-de-lige\/","og_site_name":"Nettali.com","article_publisher":"https:\/\/www.facebook.com\/nettalicom","article_published_time":"2023-01-05T08:45:34+00:00","article_modified_time":"2023-01-05T08:51:32+00:00","og_image":[{"width":664,"height":372,"url":"https:\/\/www.nettali.com\/wp-content\/uploads\/2022\/09\/achats-des-vehicules-administratifs-macky-sall-en-colere-contre-mimi-toure.jpg","type":"image\/jpeg"}],"twitter_card":"summary_large_image","twitter_misc":{"\u00c9crit par":"Daouda","Dur\u00e9e de lecture estim\u00e9e":"2 minutes"},"schema":{"@context":"https:\/\/schema.org","@graph":[{"@type":"WebSite","@id":"https:\/\/www.nettali.com\/#website","url":"https:\/\/www.nettali.com\/","name":"Nettali.com","description":"Le rendez-vous critique du Net","potentialAction":[{"@type":"SearchAction","target":{"@type":"EntryPoint","urlTemplate":"https:\/\/www.nettali.com\/?s={search_term_string}"},"query-input":"required name=search_term_string"}],"inLanguage":"fr-FR"},{"@type":"ImageObject","@id":"https:\/\/www.nettali.com\/2023\/01\/05\/en-coulisses-mimi-et-les-accusations-graves-de-lige\/#primaryimage","inLanguage":"fr-FR","url":"https:\/\/www.nettali.com\/wp-content\/uploads\/2022\/09\/achats-des-vehicules-administratifs-macky-sall-en-colere-contre-mimi-toure.jpg","contentUrl":"https:\/\/www.nettali.com\/wp-content\/uploads\/2022\/09\/achats-des-vehicules-administratifs-macky-sall-en-colere-contre-mimi-toure.jpg","width":664,"height":372},{"@type":"WebPage","@id":"https:\/\/www.nettali.com\/2023\/01\/05\/en-coulisses-mimi-et-les-accusations-graves-de-lige\/#webpage","url":"https:\/\/www.nettali.com\/2023\/01\/05\/en-coulisses-mimi-et-les-accusations-graves-de-lige\/","name":"EN COULISSES - Mimi et les graves accusations de l'IGE | Nettali.com","isPartOf":{"@id":"https:\/\/www.nettali.com\/#website"},"primaryImageOfPage":{"@id":"https:\/\/www.nettali.com\/2023\/01\/05\/en-coulisses-mimi-et-les-accusations-graves-de-lige\/#primaryimage"},"datePublished":"2023-01-05T08:45:34+00:00","dateModified":"2023-01-05T08:51:32+00:00","author":{"@id":"https:\/\/www.nettali.com\/#\/schema\/person\/3317e0bb3aa1da309fbf7b2780901bf4"},"breadcrumb":{"@id":"https:\/\/www.nettali.com\/2023\/01\/05\/en-coulisses-mimi-et-les-accusations-graves-de-lige\/#breadcrumb"},"inLanguage":"fr-FR","potentialAction":[{"@type":"ReadAction","target":["https:\/\/www.nettali.com\/2023\/01\/05\/en-coulisses-mimi-et-les-accusations-graves-de-lige\/"]}]},{"@type":"BreadcrumbList","@id":"https:\/\/www.nettali.com\/2023\/01\/05\/en-coulisses-mimi-et-les-accusations-graves-de-lige\/#breadcrumb","itemListElement":[{"@type":"ListItem","position":1,"name":"Accueil","item":"https:\/\/www.nettali.com\/"},{"@type":"ListItem","position":2,"name":"EN COULISSES - Mimi et les graves accusations de l'IGE"}]},{"@type":"Person","@id":"https:\/\/www.nettali.com\/#\/schema\/person\/3317e0bb3aa1da309fbf7b2780901bf4","name":"Daouda","image":{"@type":"ImageObject","@id":"https:\/\/www.nettali.com\/#personlogo","inLanguage":"fr-FR","url":"https:\/\/secure.gravatar.com\/avatar\/8d143b5a49345098ddcfee1c49c2f47c?s=96&d=mm&r=g","contentUrl":"https:\/\/secure.gravatar.com\/avatar\/8d143b5a49345098ddcfee1c49c2f47c?s=96&d=mm&r=g","caption":"Daouda"},"sameAs":["https:\/\/www.nettali.com"]}]}},"_links":{"self":[{"href":"https:\/\/www.nettali.com\/rest\/wp\/v2\/posts\/101160"}],"collection":[{"href":"https:\/\/www.nettali.com\/rest\/wp\/v2\/posts"}],"about":[{"href":"https:\/\/www.nettali.com\/rest\/wp\/v2\/types\/post"}],"author":[{"embeddable":true,"href":"https:\/\/www.nettali.com\/rest\/wp\/v2\/users\/4"}],"replies":[{"embeddable":true,"href":"https:\/\/www.nettali.com\/rest\/wp\/v2\/comments?post=101160"}],"version-history":[{"count":3,"href":"https:\/\/www.nettali.com\/rest\/wp\/v2\/posts\/101160\/revisions"}],"predecessor-version":[{"id":101166,"href":"https:\/\/www.nettali.com\/rest\/wp\/v2\/posts\/101160\/revisions\/101166"}],"wp:featuredmedia":[{"embeddable":true,"href":"https:\/\/www.nettali.com\/rest\/wp\/v2\/media\/93985"}],"wp:attachment":[{"href":"https:\/\/www.nettali.com\/rest\/wp\/v2\/media?parent=101160"}],"wp:term":[{"taxonomy":"category","embeddable":true,"href":"https:\/\/www.nettali.com\/rest\/wp\/v2\/categories?post=101160"},{"taxonomy":"post_tag","embeddable":true,"href":"https:\/\/www.nettali.com\/rest\/wp\/v2\/tags?post=101160"}],"curies":[{"name":"wp","href":"https:\/\/api.w.org\/{rel}","templated":true}]}}