{"id":101152,"date":"2023-01-05T08:28:33","date_gmt":"2023-01-05T08:28:33","guid":{"rendered":"https:\/\/www.nettali.com\/?p=101152"},"modified":"2023-01-05T08:29:52","modified_gmt":"2023-01-05T08:29:52","slug":"italie-samuel-umtiti-victime-de-chants-racistes","status":"publish","type":"post","link":"https:\/\/www.nettali.com\/2023\/01\/05\/italie-samuel-umtiti-victime-de-chants-racistes\/","title":{"rendered":"ITALIE - Samuel Umtiti victime de chants racistes"},"content":{"rendered":"<p><strong>NETTALI.COM - Encore un match europ\u00e9en perturb\u00e9 par le racisme. Ce mercredi 4 janvier, Samuel Umtiti a \u00e9t\u00e9 victime de chants racistes lors de la victoire Lecce devant la Lazio. De mauvaises conduites qui ont conduit \u00e0 l\u2019arr\u00eat momentan\u00e9 de la partie, comme rapport\u00e9 par la Gazzetta dello Sport.<\/strong><\/p>\n<p>Le fl\u00e9au du racisme en Italie ne sera pas vaincu de sit\u00f4t, l\u2019ignorance et la b\u00eatise ont encore fait souffrir deux footballeurs de Lecce, l\u2019attaquant zambien Lameck Banda et le Fran\u00e7ais\u00a0Samuel Umtiti, pris \u00e0 partie par les supporters de la\u00a0Lazio\u00a0pour leur couleur de peau. Le speaker a d\u00fb interrompre la rencontre une poign\u00e9e de minutes le temps de faire une annonce en raison de hurlements racistes provenant du parcage ext\u00e9rieur occup\u00e9 par les supporters de la Lazio, rapporte la presse italienne.<\/p>\n<p><em><strong>\"Il a r\u00e9agi comme un vrai champion\"<\/strong><\/em><\/p>\n<p>Samuel Umtiti a fondu en larmes en fin de match, alors que les supporters des Giallorossi r\u00e9pondaient aux fans de la Lazio en scandant le nom de Samuel Umtiti auquel ils ont aussi r\u00e9serv\u00e9 une standing ovation lors de sa sortie du terrain. \"<em>Les chants racistes ont \u00e9t\u00e9 noy\u00e9s par ceux d'encouragement ; tous les Giallorossi ont commenc\u00e9 \u00e0 crier un nom: Umtiti<\/em>\", se r\u00e9jouit le club de Lecce sur Twitter. Son pr\u00e9sident Saverio Sticchi l\u2019a ensuite serr\u00e9 contre lui, appr\u00e9ciant la r\u00e9action du stade Via del Mare. \"<em>C'\u00e9tait agr\u00e9able de voir nos fans chanter le nom d'Umtiti et \u00e9touffer ces horribles hurlements. C'\u00e9tait une r\u00e9ponse civile et intelligente<\/em>\", a r\u00e9agi Sticchi.<\/p>\n<p>\"<em>J'ai pris Samuel dans mes bras, comme je le fais avec tous ses co\u00e9quipiers, a-t-il ajout\u00e9. Apr\u00e8s chaque match, quel que soit le r\u00e9sultat, je veux saluer les gar\u00e7ons et le staff. Lorsque l'arbitre a arr\u00eat\u00e9 le match, en attendant que le speaker demande la fin des chants racistes, Umtiti a demand\u00e9 que le match reprenne, car il voulait r\u00e9pondre sur le terrain aux insultes qu'il avait re\u00e7ues. Il a r\u00e9agi comme un vrai champion<\/em>.\"<\/p>\n<p>Rappelons que la semaine derni\u00e8re, le Br\u00e9silien Vinicius Junior a \u00e9t\u00e9 victime de chants racistes en Espagne lors du match Valladolid vs Real Madrid. L'attaquant de la Sele\u00e7ao s'en est m\u00eame pris \u00e0 la Liga qu'il accuse de \"<em>continuer \u00e0 ne rien faire<\/em>\" dans la lutte contre le racisme.<\/p>\n<div class='share-to-whatsapp-wrapper'><div class='share-on-whsp'>PARTAGER SUR : <\/div><a data-text='ITALIE - Samuel Umtiti victime de chants racistes' data-link='https:\/\/www.nettali.com\/2023\/01\/05\/italie-samuel-umtiti-victime-de-chants-racistes\/' class='whatsapp-button whatsapp-share'>WhatsApp<\/a><div class='clear '><\/div><\/div>","protected":false},"excerpt":{"rendered":"<p>NETTALI.COM - Encore un match europ\u00e9en perturb\u00e9 par le racisme. Ce mercredi 4 janvier, Samuel Umtiti a \u00e9t\u00e9 victime de chants racistes lors de la victoire Lecce devant la Lazio. De mauvaises conduites qui ont conduit \u00e0 l\u2019arr\u00eat momentan\u00e9 de la partie, comme rapport\u00e9 par la Gazzetta dello Sport. Le fl\u00e9au du racisme en Italie [&hellip;]<\/p>\n","protected":false},"author":5,"featured_media":101155,"comment_status":"open","ping_status":"open","sticky":false,"template":"","format":"standard","meta":{"_et_pb_use_builder":"","_et_pb_old_content":""},"categories":[6],"tags":[],"yoast_head":"<!-- This site is optimized with the Yoast SEO Premium plugin v17.8 (Yoast SEO v17.8) - https:\/\/yoast.com\/wordpress\/plugins\/seo\/ -->\n<title>ITALIE - Samuel Umtiti victime de chants racistes | Nettali.com<\/title>\n<meta name=\"robots\" content=\"index, follow, max-snippet:-1, max-image-preview:large, max-video-preview:-1\" \/>\n<link rel=\"canonical\" href=\"https:\/\/www.nettali.com\/2023\/01\/05\/italie-samuel-umtiti-victime-de-chants-racistes\/\" \/>\n<meta property=\"og:locale\" content=\"fr_FR\" \/>\n<meta property=\"og:type\" content=\"article\" \/>\n<meta property=\"og:title\" content=\"ITALIE - Samuel Umtiti victime de chants racistes\" \/>\n<meta property=\"og:description\" content=\"NETTALI.COM - Encore un match europ\u00e9en perturb\u00e9 par le racisme. Ce mercredi 4 janvier, Samuel Umtiti a \u00e9t\u00e9 victime de chants racistes lors de la victoire Lecce devant la Lazio. De mauvaises conduites qui ont conduit \u00e0 l\u2019arr\u00eat momentan\u00e9 de la partie, comme rapport\u00e9 par la Gazzetta dello Sport. Le fl\u00e9au du racisme en Italie [&hellip;]\" \/>\n<meta property=\"og:url\" content=\"https:\/\/www.nettali.com\/2023\/01\/05\/italie-samuel-umtiti-victime-de-chants-racistes\/\" \/>\n<meta property=\"og:site_name\" content=\"Nettali.com\" \/>\n<meta property=\"article:publisher\" content=\"https:\/\/www.facebook.com\/nettalicom\" \/>\n<meta property=\"article:published_time\" content=\"2023-01-05T08:28:33+00:00\" \/>\n<meta property=\"article:modified_time\" content=\"2023-01-05T08:29:52+00:00\" \/>\n<meta property=\"og:image\" content=\"https:\/\/www.nettali.com\/wp-content\/uploads\/2023\/01\/3518958-71726328-2560-1440.jpg\" \/>\n\t<meta property=\"og:image:width\" content=\"1200\" \/>\n\t<meta property=\"og:image:height\" content=\"675\" \/>\n<meta name=\"twitter:card\" content=\"summary_large_image\" \/>\n<meta name=\"twitter:label1\" content=\"\u00c9crit par\" \/>\n\t<meta name=\"twitter:data1\" content=\"Ibrahima\" \/>\n\t<meta name=\"twitter:label2\" content=\"Dur\u00e9e de lecture estim\u00e9e\" \/>\n\t<meta name=\"twitter:data2\" content=\"2 minutes\" \/>\n<script type=\"application\/ld+json\" class=\"yoast-schema-graph\">{\"@context\":\"https:\/\/schema.org\",\"@graph\":[{\"@type\":\"WebSite\",\"@id\":\"https:\/\/www.nettali.com\/#website\",\"url\":\"https:\/\/www.nettali.com\/\",\"name\":\"Nettali.com\",\"description\":\"Le rendez-vous critique du Net\",\"potentialAction\":[{\"@type\":\"SearchAction\",\"target\":{\"@type\":\"EntryPoint\",\"urlTemplate\":\"https:\/\/www.nettali.com\/?s={search_term_string}\"},\"query-input\":\"required name=search_term_string\"}],\"inLanguage\":\"fr-FR\"},{\"@type\":\"ImageObject\",\"@id\":\"https:\/\/www.nettali.com\/2023\/01\/05\/italie-samuel-umtiti-victime-de-chants-racistes\/#primaryimage\",\"inLanguage\":\"fr-FR\",\"url\":\"https:\/\/www.nettali.com\/wp-content\/uploads\/2023\/01\/3518958-71726328-2560-1440.jpg\",\"contentUrl\":\"https:\/\/www.nettali.com\/wp-content\/uploads\/2023\/01\/3518958-71726328-2560-1440.jpg\",\"width\":1200,\"height\":675},{\"@type\":\"WebPage\",\"@id\":\"https:\/\/www.nettali.com\/2023\/01\/05\/italie-samuel-umtiti-victime-de-chants-racistes\/#webpage\",\"url\":\"https:\/\/www.nettali.com\/2023\/01\/05\/italie-samuel-umtiti-victime-de-chants-racistes\/\",\"name\":\"ITALIE - Samuel Umtiti victime de chants racistes | Nettali.com\",\"isPartOf\":{\"@id\":\"https:\/\/www.nettali.com\/#website\"},\"primaryImageOfPage\":{\"@id\":\"https:\/\/www.nettali.com\/2023\/01\/05\/italie-samuel-umtiti-victime-de-chants-racistes\/#primaryimage\"},\"datePublished\":\"2023-01-05T08:28:33+00:00\",\"dateModified\":\"2023-01-05T08:29:52+00:00\",\"author\":{\"@id\":\"https:\/\/www.nettali.com\/#\/schema\/person\/bb147657c2986240405a608162b9bb23\"},\"breadcrumb\":{\"@id\":\"https:\/\/www.nettali.com\/2023\/01\/05\/italie-samuel-umtiti-victime-de-chants-racistes\/#breadcrumb\"},\"inLanguage\":\"fr-FR\",\"potentialAction\":[{\"@type\":\"ReadAction\",\"target\":[\"https:\/\/www.nettali.com\/2023\/01\/05\/italie-samuel-umtiti-victime-de-chants-racistes\/\"]}]},{\"@type\":\"BreadcrumbList\",\"@id\":\"https:\/\/www.nettali.com\/2023\/01\/05\/italie-samuel-umtiti-victime-de-chants-racistes\/#breadcrumb\",\"itemListElement\":[{\"@type\":\"ListItem\",\"position\":1,\"name\":\"Accueil\",\"item\":\"https:\/\/www.nettali.com\/\"},{\"@type\":\"ListItem\",\"position\":2,\"name\":\"ITALIE - Samuel Umtiti victime de chants racistes\"}]},{\"@type\":\"Person\",\"@id\":\"https:\/\/www.nettali.com\/#\/schema\/person\/bb147657c2986240405a608162b9bb23\",\"name\":\"Ibrahima\",\"image\":{\"@type\":\"ImageObject\",\"@id\":\"https:\/\/www.nettali.com\/#personlogo\",\"inLanguage\":\"fr-FR\",\"url\":\"https:\/\/secure.gravatar.com\/avatar\/26a8a81f09f0dd7624c9d5c36c9ba3a2?s=96&d=mm&r=g\",\"contentUrl\":\"https:\/\/secure.gravatar.com\/avatar\/26a8a81f09f0dd7624c9d5c36c9ba3a2?s=96&d=mm&r=g\",\"caption\":\"Ibrahima\"},\"sameAs\":[\"https:\/\/www.nettali.com\"]}]}<\/script>\n<!-- \/ Yoast SEO Premium plugin. -->","yoast_head_json":{"title":"ITALIE - Samuel Umtiti victime de chants racistes | Nettali.com","robots":{"index":"index","follow":"follow","max-snippet":"max-snippet:-1","max-image-preview":"max-image-preview:large","max-video-preview":"max-video-preview:-1"},"canonical":"https:\/\/www.nettali.com\/2023\/01\/05\/italie-samuel-umtiti-victime-de-chants-racistes\/","og_locale":"fr_FR","og_type":"article","og_title":"ITALIE - Samuel Umtiti victime de chants racistes","og_description":"NETTALI.COM - Encore un match europ\u00e9en perturb\u00e9 par le racisme. Ce mercredi 4 janvier, Samuel Umtiti a \u00e9t\u00e9 victime de chants racistes lors de la victoire Lecce devant la Lazio. De mauvaises conduites qui ont conduit \u00e0 l\u2019arr\u00eat momentan\u00e9 de la partie, comme rapport\u00e9 par la Gazzetta dello Sport. Le fl\u00e9au du racisme en Italie [&hellip;]","og_url":"https:\/\/www.nettali.com\/2023\/01\/05\/italie-samuel-umtiti-victime-de-chants-racistes\/","og_site_name":"Nettali.com","article_publisher":"https:\/\/www.facebook.com\/nettalicom","article_published_time":"2023-01-05T08:28:33+00:00","article_modified_time":"2023-01-05T08:29:52+00:00","og_image":[{"width":1200,"height":675,"url":"https:\/\/www.nettali.com\/wp-content\/uploads\/2023\/01\/3518958-71726328-2560-1440.jpg","type":"image\/jpeg"}],"twitter_card":"summary_large_image","twitter_misc":{"\u00c9crit par":"Ibrahima","Dur\u00e9e de lecture estim\u00e9e":"2 minutes"},"schema":{"@context":"https:\/\/schema.org","@graph":[{"@type":"WebSite","@id":"https:\/\/www.nettali.com\/#website","url":"https:\/\/www.nettali.com\/","name":"Nettali.com","description":"Le rendez-vous critique du Net","potentialAction":[{"@type":"SearchAction","target":{"@type":"EntryPoint","urlTemplate":"https:\/\/www.nettali.com\/?s={search_term_string}"},"query-input":"required name=search_term_string"}],"inLanguage":"fr-FR"},{"@type":"ImageObject","@id":"https:\/\/www.nettali.com\/2023\/01\/05\/italie-samuel-umtiti-victime-de-chants-racistes\/#primaryimage","inLanguage":"fr-FR","url":"https:\/\/www.nettali.com\/wp-content\/uploads\/2023\/01\/3518958-71726328-2560-1440.jpg","contentUrl":"https:\/\/www.nettali.com\/wp-content\/uploads\/2023\/01\/3518958-71726328-2560-1440.jpg","width":1200,"height":675},{"@type":"WebPage","@id":"https:\/\/www.nettali.com\/2023\/01\/05\/italie-samuel-umtiti-victime-de-chants-racistes\/#webpage","url":"https:\/\/www.nettali.com\/2023\/01\/05\/italie-samuel-umtiti-victime-de-chants-racistes\/","name":"ITALIE - Samuel Umtiti victime de chants racistes | Nettali.com","isPartOf":{"@id":"https:\/\/www.nettali.com\/#website"},"primaryImageOfPage":{"@id":"https:\/\/www.nettali.com\/2023\/01\/05\/italie-samuel-umtiti-victime-de-chants-racistes\/#primaryimage"},"datePublished":"2023-01-05T08:28:33+00:00","dateModified":"2023-01-05T08:29:52+00:00","author":{"@id":"https:\/\/www.nettali.com\/#\/schema\/person\/bb147657c2986240405a608162b9bb23"},"breadcrumb":{"@id":"https:\/\/www.nettali.com\/2023\/01\/05\/italie-samuel-umtiti-victime-de-chants-racistes\/#breadcrumb"},"inLanguage":"fr-FR","potentialAction":[{"@type":"ReadAction","target":["https:\/\/www.nettali.com\/2023\/01\/05\/italie-samuel-umtiti-victime-de-chants-racistes\/"]}]},{"@type":"BreadcrumbList","@id":"https:\/\/www.nettali.com\/2023\/01\/05\/italie-samuel-umtiti-victime-de-chants-racistes\/#breadcrumb","itemListElement":[{"@type":"ListItem","position":1,"name":"Accueil","item":"https:\/\/www.nettali.com\/"},{"@type":"ListItem","position":2,"name":"ITALIE - Samuel Umtiti victime de chants racistes"}]},{"@type":"Person","@id":"https:\/\/www.nettali.com\/#\/schema\/person\/bb147657c2986240405a608162b9bb23","name":"Ibrahima","image":{"@type":"ImageObject","@id":"https:\/\/www.nettali.com\/#personlogo","inLanguage":"fr-FR","url":"https:\/\/secure.gravatar.com\/avatar\/26a8a81f09f0dd7624c9d5c36c9ba3a2?s=96&d=mm&r=g","contentUrl":"https:\/\/secure.gravatar.com\/avatar\/26a8a81f09f0dd7624c9d5c36c9ba3a2?s=96&d=mm&r=g","caption":"Ibrahima"},"sameAs":["https:\/\/www.nettali.com"]}]}},"_links":{"self":[{"href":"https:\/\/www.nettali.com\/rest\/wp\/v2\/posts\/101152"}],"collection":[{"href":"https:\/\/www.nettali.com\/rest\/wp\/v2\/posts"}],"about":[{"href":"https:\/\/www.nettali.com\/rest\/wp\/v2\/types\/post"}],"author":[{"embeddable":true,"href":"https:\/\/www.nettali.com\/rest\/wp\/v2\/users\/5"}],"replies":[{"embeddable":true,"href":"https:\/\/www.nettali.com\/rest\/wp\/v2\/comments?post=101152"}],"version-history":[{"count":1,"href":"https:\/\/www.nettali.com\/rest\/wp\/v2\/posts\/101152\/revisions"}],"predecessor-version":[{"id":101156,"href":"https:\/\/www.nettali.com\/rest\/wp\/v2\/posts\/101152\/revisions\/101156"}],"wp:featuredmedia":[{"embeddable":true,"href":"https:\/\/www.nettali.com\/rest\/wp\/v2\/media\/101155"}],"wp:attachment":[{"href":"https:\/\/www.nettali.com\/rest\/wp\/v2\/media?parent=101152"}],"wp:term":[{"taxonomy":"category","embeddable":true,"href":"https:\/\/www.nettali.com\/rest\/wp\/v2\/categories?post=101152"},{"taxonomy":"post_tag","embeddable":true,"href":"https:\/\/www.nettali.com\/rest\/wp\/v2\/tags?post=101152"}],"curies":[{"name":"wp","href":"https:\/\/api.w.org\/{rel}","templated":true}]}}