{"id":101143,"date":"2023-01-05T08:09:21","date_gmt":"2023-01-05T08:09:21","guid":{"rendered":"https:\/\/www.nettali.com\/?p=101143"},"modified":"2023-01-05T08:23:47","modified_gmt":"2023-01-05T08:23:47","slug":"en-coulisses-veillee-en-faveur-de-pape-ale-niang-vendredi","status":"publish","type":"post","link":"https:\/\/www.nettali.com\/2023\/01\/05\/en-coulisses-veillee-en-faveur-de-pape-ale-niang-vendredi\/","title":{"rendered":"EN COULISSES - Veill\u00e9e pour Pape Al\u00e9 Niang, vendredi"},"content":{"rendered":"<p><strong>NETTALI.COM -<\/strong> La mobilisation ne faiblit pas pour la lib\u00e9ration du journaliste Pape Al\u00e9 Niang. En effet, apr\u00e8s une rencontre avec les directeurs de publication de la presse, les membres de la Coordination des associations de presse (Cap) qui sont lanc\u00e9s \u00e0 fond dans ce combat, ont tenu un conseil des m\u00e9dias \u00e0 la Maison de la presse ce mercredi 4 janvier pour \u00e0 nouveau exiger la lib\u00e9ration de PAN.<\/p>\n<p>Ils ont ainsi annonc\u00e9, au cours de la rencontre, la tenue d\u2019une veill\u00e9e vendredi soir\u00a0 6 janvier \u00e0 la Maison de la presse avant de se rendre samedi matin \u00e0 l\u2019h\u00f4pital Principal pour exiger la lib\u00e9ration de leur confr\u00e8re.<\/p>\n<p>Inculp\u00e9 pour \"divulgation d'informations non rendues publiques par l'autorit\u00e9 comp\u00e9tente de nature \u00e0 nuire \u00e0 la d\u00e9fense nationale\", \"recel de documents administratifs et militaires\" et \"diffusion de fausses nouvelles de nature \u00e0 jeter le discr\u00e9dit sur les institutions publiques\", Pape Al\u00e9 Niang a obtenu une premi\u00e8re libert\u00e9 provisoire avant de retourner en prison le 20 d\u00e9cembre dernier, sur demande du procureur de la R\u00e9publique.<\/p>\n<div class='share-to-whatsapp-wrapper'><div class='share-on-whsp'>PARTAGER SUR : <\/div><a data-text='EN COULISSES - Veill\u00e9e pour Pape Al\u00e9 Niang, vendredi' data-link='https:\/\/www.nettali.com\/2023\/01\/05\/en-coulisses-veillee-en-faveur-de-pape-ale-niang-vendredi\/' class='whatsapp-button whatsapp-share'>WhatsApp<\/a><div class='clear '><\/div><\/div>","protected":false},"excerpt":{"rendered":"<p>NETTALI.COM - La mobilisation ne faiblit pas pour la lib\u00e9ration du journaliste Pape Al\u00e9 Niang. En effet, apr\u00e8s une rencontre avec les directeurs de publication de la presse, les membres de la Coordination des associations de presse (Cap) qui sont lanc\u00e9s \u00e0 fond dans ce combat, ont tenu un conseil des m\u00e9dias \u00e0 la Maison [&hellip;]<\/p>\n","protected":false},"author":4,"featured_media":100438,"comment_status":"open","ping_status":"open","sticky":false,"template":"","format":"standard","meta":{"_et_pb_use_builder":"","_et_pb_old_content":""},"categories":[34945],"tags":[],"yoast_head":"<!-- This site is optimized with the Yoast SEO Premium plugin v17.8 (Yoast SEO v17.8) - https:\/\/yoast.com\/wordpress\/plugins\/seo\/ -->\n<title>EN COULISSES - Veill\u00e9e pour Pape Al\u00e9 Niang, vendredi | Nettali.com<\/title>\n<meta name=\"robots\" content=\"index, follow, max-snippet:-1, max-image-preview:large, max-video-preview:-1\" \/>\n<link rel=\"canonical\" href=\"https:\/\/www.nettali.com\/2023\/01\/05\/en-coulisses-veillee-en-faveur-de-pape-ale-niang-vendredi\/\" \/>\n<meta property=\"og:locale\" content=\"fr_FR\" \/>\n<meta property=\"og:type\" content=\"article\" \/>\n<meta property=\"og:title\" content=\"EN COULISSES - Veill\u00e9e pour Pape Al\u00e9 Niang, vendredi\" \/>\n<meta property=\"og:description\" content=\"NETTALI.COM - La mobilisation ne faiblit pas pour la lib\u00e9ration du journaliste Pape Al\u00e9 Niang. En effet, apr\u00e8s une rencontre avec les directeurs de publication de la presse, les membres de la Coordination des associations de presse (Cap) qui sont lanc\u00e9s \u00e0 fond dans ce combat, ont tenu un conseil des m\u00e9dias \u00e0 la Maison [&hellip;]\" \/>\n<meta property=\"og:url\" content=\"https:\/\/www.nettali.com\/2023\/01\/05\/en-coulisses-veillee-en-faveur-de-pape-ale-niang-vendredi\/\" \/>\n<meta property=\"og:site_name\" content=\"Nettali.com\" \/>\n<meta property=\"article:publisher\" content=\"https:\/\/www.facebook.com\/nettalicom\" \/>\n<meta property=\"article:published_time\" content=\"2023-01-05T08:09:21+00:00\" \/>\n<meta property=\"article:modified_time\" content=\"2023-01-05T08:23:47+00:00\" \/>\n<meta property=\"og:image\" content=\"https:\/\/www.nettali.com\/wp-content\/uploads\/2022\/12\/pape-ale-niang-696x339-1.jpg\" \/>\n\t<meta property=\"og:image:width\" content=\"696\" \/>\n\t<meta property=\"og:image:height\" content=\"339\" \/>\n<meta name=\"twitter:card\" content=\"summary_large_image\" \/>\n<meta name=\"twitter:label1\" content=\"\u00c9crit par\" \/>\n\t<meta name=\"twitter:data1\" content=\"Daouda\" \/>\n\t<meta name=\"twitter:label2\" content=\"Dur\u00e9e de lecture estim\u00e9e\" \/>\n\t<meta name=\"twitter:data2\" content=\"1 minute\" \/>\n<script type=\"application\/ld+json\" class=\"yoast-schema-graph\">{\"@context\":\"https:\/\/schema.org\",\"@graph\":[{\"@type\":\"WebSite\",\"@id\":\"https:\/\/www.nettali.com\/#website\",\"url\":\"https:\/\/www.nettali.com\/\",\"name\":\"Nettali.com\",\"description\":\"Le rendez-vous critique du Net\",\"potentialAction\":[{\"@type\":\"SearchAction\",\"target\":{\"@type\":\"EntryPoint\",\"urlTemplate\":\"https:\/\/www.nettali.com\/?s={search_term_string}\"},\"query-input\":\"required name=search_term_string\"}],\"inLanguage\":\"fr-FR\"},{\"@type\":\"ImageObject\",\"@id\":\"https:\/\/www.nettali.com\/2023\/01\/05\/en-coulisses-veillee-en-faveur-de-pape-ale-niang-vendredi\/#primaryimage\",\"inLanguage\":\"fr-FR\",\"url\":\"https:\/\/www.nettali.com\/wp-content\/uploads\/2022\/12\/pape-ale-niang-696x339-1.jpg\",\"contentUrl\":\"https:\/\/www.nettali.com\/wp-content\/uploads\/2022\/12\/pape-ale-niang-696x339-1.jpg\",\"width\":696,\"height\":339},{\"@type\":\"WebPage\",\"@id\":\"https:\/\/www.nettali.com\/2023\/01\/05\/en-coulisses-veillee-en-faveur-de-pape-ale-niang-vendredi\/#webpage\",\"url\":\"https:\/\/www.nettali.com\/2023\/01\/05\/en-coulisses-veillee-en-faveur-de-pape-ale-niang-vendredi\/\",\"name\":\"EN COULISSES - Veill\\u00e9e pour Pape Al\\u00e9 Niang, vendredi | Nettali.com\",\"isPartOf\":{\"@id\":\"https:\/\/www.nettali.com\/#website\"},\"primaryImageOfPage\":{\"@id\":\"https:\/\/www.nettali.com\/2023\/01\/05\/en-coulisses-veillee-en-faveur-de-pape-ale-niang-vendredi\/#primaryimage\"},\"datePublished\":\"2023-01-05T08:09:21+00:00\",\"dateModified\":\"2023-01-05T08:23:47+00:00\",\"author\":{\"@id\":\"https:\/\/www.nettali.com\/#\/schema\/person\/3317e0bb3aa1da309fbf7b2780901bf4\"},\"breadcrumb\":{\"@id\":\"https:\/\/www.nettali.com\/2023\/01\/05\/en-coulisses-veillee-en-faveur-de-pape-ale-niang-vendredi\/#breadcrumb\"},\"inLanguage\":\"fr-FR\",\"potentialAction\":[{\"@type\":\"ReadAction\",\"target\":[\"https:\/\/www.nettali.com\/2023\/01\/05\/en-coulisses-veillee-en-faveur-de-pape-ale-niang-vendredi\/\"]}]},{\"@type\":\"BreadcrumbList\",\"@id\":\"https:\/\/www.nettali.com\/2023\/01\/05\/en-coulisses-veillee-en-faveur-de-pape-ale-niang-vendredi\/#breadcrumb\",\"itemListElement\":[{\"@type\":\"ListItem\",\"position\":1,\"name\":\"Accueil\",\"item\":\"https:\/\/www.nettali.com\/\"},{\"@type\":\"ListItem\",\"position\":2,\"name\":\"EN COULISSES - Veill\\u00e9e pour Pape Al\\u00e9 Niang, vendredi\"}]},{\"@type\":\"Person\",\"@id\":\"https:\/\/www.nettali.com\/#\/schema\/person\/3317e0bb3aa1da309fbf7b2780901bf4\",\"name\":\"Daouda\",\"image\":{\"@type\":\"ImageObject\",\"@id\":\"https:\/\/www.nettali.com\/#personlogo\",\"inLanguage\":\"fr-FR\",\"url\":\"https:\/\/secure.gravatar.com\/avatar\/8d143b5a49345098ddcfee1c49c2f47c?s=96&d=mm&r=g\",\"contentUrl\":\"https:\/\/secure.gravatar.com\/avatar\/8d143b5a49345098ddcfee1c49c2f47c?s=96&d=mm&r=g\",\"caption\":\"Daouda\"},\"sameAs\":[\"https:\/\/www.nettali.com\"]}]}<\/script>\n<!-- \/ Yoast SEO Premium plugin. -->","yoast_head_json":{"title":"EN COULISSES - Veill\u00e9e pour Pape Al\u00e9 Niang, vendredi | Nettali.com","robots":{"index":"index","follow":"follow","max-snippet":"max-snippet:-1","max-image-preview":"max-image-preview:large","max-video-preview":"max-video-preview:-1"},"canonical":"https:\/\/www.nettali.com\/2023\/01\/05\/en-coulisses-veillee-en-faveur-de-pape-ale-niang-vendredi\/","og_locale":"fr_FR","og_type":"article","og_title":"EN COULISSES - Veill\u00e9e pour Pape Al\u00e9 Niang, vendredi","og_description":"NETTALI.COM - La mobilisation ne faiblit pas pour la lib\u00e9ration du journaliste Pape Al\u00e9 Niang. En effet, apr\u00e8s une rencontre avec les directeurs de publication de la presse, les membres de la Coordination des associations de presse (Cap) qui sont lanc\u00e9s \u00e0 fond dans ce combat, ont tenu un conseil des m\u00e9dias \u00e0 la Maison [&hellip;]","og_url":"https:\/\/www.nettali.com\/2023\/01\/05\/en-coulisses-veillee-en-faveur-de-pape-ale-niang-vendredi\/","og_site_name":"Nettali.com","article_publisher":"https:\/\/www.facebook.com\/nettalicom","article_published_time":"2023-01-05T08:09:21+00:00","article_modified_time":"2023-01-05T08:23:47+00:00","og_image":[{"width":696,"height":339,"url":"https:\/\/www.nettali.com\/wp-content\/uploads\/2022\/12\/pape-ale-niang-696x339-1.jpg","type":"image\/jpeg"}],"twitter_card":"summary_large_image","twitter_misc":{"\u00c9crit par":"Daouda","Dur\u00e9e de lecture estim\u00e9e":"1 minute"},"schema":{"@context":"https:\/\/schema.org","@graph":[{"@type":"WebSite","@id":"https:\/\/www.nettali.com\/#website","url":"https:\/\/www.nettali.com\/","name":"Nettali.com","description":"Le rendez-vous critique du Net","potentialAction":[{"@type":"SearchAction","target":{"@type":"EntryPoint","urlTemplate":"https:\/\/www.nettali.com\/?s={search_term_string}"},"query-input":"required name=search_term_string"}],"inLanguage":"fr-FR"},{"@type":"ImageObject","@id":"https:\/\/www.nettali.com\/2023\/01\/05\/en-coulisses-veillee-en-faveur-de-pape-ale-niang-vendredi\/#primaryimage","inLanguage":"fr-FR","url":"https:\/\/www.nettali.com\/wp-content\/uploads\/2022\/12\/pape-ale-niang-696x339-1.jpg","contentUrl":"https:\/\/www.nettali.com\/wp-content\/uploads\/2022\/12\/pape-ale-niang-696x339-1.jpg","width":696,"height":339},{"@type":"WebPage","@id":"https:\/\/www.nettali.com\/2023\/01\/05\/en-coulisses-veillee-en-faveur-de-pape-ale-niang-vendredi\/#webpage","url":"https:\/\/www.nettali.com\/2023\/01\/05\/en-coulisses-veillee-en-faveur-de-pape-ale-niang-vendredi\/","name":"EN COULISSES - Veill\u00e9e pour Pape Al\u00e9 Niang, vendredi | Nettali.com","isPartOf":{"@id":"https:\/\/www.nettali.com\/#website"},"primaryImageOfPage":{"@id":"https:\/\/www.nettali.com\/2023\/01\/05\/en-coulisses-veillee-en-faveur-de-pape-ale-niang-vendredi\/#primaryimage"},"datePublished":"2023-01-05T08:09:21+00:00","dateModified":"2023-01-05T08:23:47+00:00","author":{"@id":"https:\/\/www.nettali.com\/#\/schema\/person\/3317e0bb3aa1da309fbf7b2780901bf4"},"breadcrumb":{"@id":"https:\/\/www.nettali.com\/2023\/01\/05\/en-coulisses-veillee-en-faveur-de-pape-ale-niang-vendredi\/#breadcrumb"},"inLanguage":"fr-FR","potentialAction":[{"@type":"ReadAction","target":["https:\/\/www.nettali.com\/2023\/01\/05\/en-coulisses-veillee-en-faveur-de-pape-ale-niang-vendredi\/"]}]},{"@type":"BreadcrumbList","@id":"https:\/\/www.nettali.com\/2023\/01\/05\/en-coulisses-veillee-en-faveur-de-pape-ale-niang-vendredi\/#breadcrumb","itemListElement":[{"@type":"ListItem","position":1,"name":"Accueil","item":"https:\/\/www.nettali.com\/"},{"@type":"ListItem","position":2,"name":"EN COULISSES - Veill\u00e9e pour Pape Al\u00e9 Niang, vendredi"}]},{"@type":"Person","@id":"https:\/\/www.nettali.com\/#\/schema\/person\/3317e0bb3aa1da309fbf7b2780901bf4","name":"Daouda","image":{"@type":"ImageObject","@id":"https:\/\/www.nettali.com\/#personlogo","inLanguage":"fr-FR","url":"https:\/\/secure.gravatar.com\/avatar\/8d143b5a49345098ddcfee1c49c2f47c?s=96&d=mm&r=g","contentUrl":"https:\/\/secure.gravatar.com\/avatar\/8d143b5a49345098ddcfee1c49c2f47c?s=96&d=mm&r=g","caption":"Daouda"},"sameAs":["https:\/\/www.nettali.com"]}]}},"_links":{"self":[{"href":"https:\/\/www.nettali.com\/rest\/wp\/v2\/posts\/101143"}],"collection":[{"href":"https:\/\/www.nettali.com\/rest\/wp\/v2\/posts"}],"about":[{"href":"https:\/\/www.nettali.com\/rest\/wp\/v2\/types\/post"}],"author":[{"embeddable":true,"href":"https:\/\/www.nettali.com\/rest\/wp\/v2\/users\/4"}],"replies":[{"embeddable":true,"href":"https:\/\/www.nettali.com\/rest\/wp\/v2\/comments?post=101143"}],"version-history":[{"count":3,"href":"https:\/\/www.nettali.com\/rest\/wp\/v2\/posts\/101143\/revisions"}],"predecessor-version":[{"id":101149,"href":"https:\/\/www.nettali.com\/rest\/wp\/v2\/posts\/101143\/revisions\/101149"}],"wp:featuredmedia":[{"embeddable":true,"href":"https:\/\/www.nettali.com\/rest\/wp\/v2\/media\/100438"}],"wp:attachment":[{"href":"https:\/\/www.nettali.com\/rest\/wp\/v2\/media?parent=101143"}],"wp:term":[{"taxonomy":"category","embeddable":true,"href":"https:\/\/www.nettali.com\/rest\/wp\/v2\/categories?post=101143"},{"taxonomy":"post_tag","embeddable":true,"href":"https:\/\/www.nettali.com\/rest\/wp\/v2\/tags?post=101143"}],"curies":[{"name":"wp","href":"https:\/\/api.w.org\/{rel}","templated":true}]}}