{"id":101142,"date":"2023-01-05T08:31:13","date_gmt":"2023-01-05T08:31:13","guid":{"rendered":"https:\/\/www.nettali.com\/?p=101142"},"modified":"2023-01-05T08:31:13","modified_gmt":"2023-01-05T08:31:13","slug":"vol-en-reunion-moussa-traore-risque-15-ans-pour-avoir-arrache-une-sacoche-contenant-15-millions","status":"publish","type":"post","link":"https:\/\/www.nettali.com\/2023\/01\/05\/vol-en-reunion-moussa-traore-risque-15-ans-pour-avoir-arrache-une-sacoche-contenant-15-millions\/","title":{"rendered":"VOL EN R\u00c9UNION - Moussa Traor\u00e9 risque 15 ans pour avoir arrach\u00e9 une sacoche contenant 15 millions\u00a0"},"content":{"rendered":"<p><strong>NETTALI.COM - 15 ans de r\u00e9clusion criminelle, c\u2019est la peine que le parquet a requise contre Moussa Traor\u00e9, attrait pour association de malfaiteurs et vol en r\u00e9union. Il sera fix\u00e9 sur son sort le 18 janvier prochain.<\/strong><\/p>\n<p>Moussa Traor\u00e9 et Emmanuel Attakora ont comparu \u00e0 la barre de la Chambre criminelle de Dakar pour association de malfaiteurs, vol en r\u00e9union commis avec violence et avec moyen de locomotion. Ces deux accus\u00e9s, \u00e2g\u00e9s au moment des faits, en 2017, de 19 ans et de 16 ans, avaient vol\u00e9 les 15 millions du vieux Oumar Ba avant de s\u2019enfuir \u00e0 bord d\u2019une moto.<\/p>\n<p>Ces deux ont, devant le pr\u00e9toire, soutenu qu\u2019ils ne savaient pas que le sachet vol\u00e9 contenait de l\u2019argent. A les croire, ils pensaient que le sachet contenait un tissu bazin et ils l\u2019ont pris sans violence. Ils ont voulu vendre le tissu pour avoir de quoi mettre dans leurs poches pour les f\u00eates de la tabaski. Ils ont trouv\u00e9 l'argent qu'ils se sont partag\u00e9s avant de se r\u00e9fugier en Gambie, o\u00f9 vit Awa Mendy, \u00e9pouse du p\u00e8re de Moussa Traor\u00e9.<\/p>\n<p>A l'enqu\u00eate, les accus\u00e9s ont soutenu que le partage du butin a \u00e9t\u00e9 effectu\u00e9 \u00e0 la cit\u00e9 Mixta. Mieux, ils ont soutenu qu'ils ont \u00e9t\u00e9 inform\u00e9s par des personnes qui, \u00e0 leur tour, ont re\u00e7u 5.000.000 FCFA et ils se sont partag\u00e9s les 10.000.000 FCFA. Une somme remise \u00e0 Awa Mendy, charg\u00e9e de leur trouver des visas Schengen.<\/p>\n<p>Face aux juges de la chambre criminelle de Dakar, la dame attraite pour recel, a contest\u00e9 le montant avanc\u00e9 par les deux accus\u00e9s. Elle dit avoir re\u00e7u 5 millions et qu\u2019elle ne savait pas que ces jeunes avaient vol\u00e9 l\u2019argent. Ce, parce que son beau-fils lui avait dit que les sous provenaient de ses \u00e9conomies, issues de son commerce de moto.<\/p>\n<p>Pour sa part, Mbagnick Gaye, comparaissant libre, dit avoir re\u00e7u la somme de 300 mille francs CFA qu\u2019il a partag\u00e9 \u00e0 deux copines de son co-accus\u00e9.<\/p>\n<p>Cependant, \u00e0 la barre, la partie civile a soutenu qu\u2019il a \u00e9t\u00e9 signal\u00e9e. Contrairement aux explications des deux accus\u00e9s, il a d\u00e9clar\u00e9 avoir \u00e9t\u00e9 agress\u00e9 par deux individus qui se sont empar\u00e9s du sac avant de s'enfuir en moto. Devant le pr\u00e9toire, il a m\u00eame soutenu avoir reconnu M. Traor\u00e9 parmi les laveurs de v\u00e9hicules qui \u00e9taient aux alentours de la banque. Sa th\u00e8se est appuy\u00e9e par son avocat M. Arona Basse, convaincu que le vieux a \u00e9t\u00e9 trahi. L\u2019avocat, dans sa plaidoirie, a rappel\u00e9 que les deux accus\u00e9s avaient, \u00e0 l\u2019enqu\u00eate pr\u00e9liminaire, confi\u00e9 avoir \u00e9t\u00e9 aid\u00e9s par Modou et Babacar. Ils les ont renseign\u00e9s sur l'identit\u00e9 de la victime ainsi que sur la somme retir\u00e9e. Le conseil de la partie civile a r\u00e9clam\u00e9 la restitution des 7.000.000 FCFA consign\u00e9s et le paiement de 30.000.000 FCFA de dommages et int\u00e9r\u00eats.<\/p>\n<p>Faisant son r\u00e9quisitoire, le parquet a demand\u00e9 l\u2019acquittement pour Mb. Gaye. Comme E. Attakora \u00e9tait mineur au moment des faits, le ma\u00eetre des poursuites a demand\u00e9 \u00e0 la chambre de se d\u00e9clarer incomp\u00e9tente en faveur de ce dernier. Il a requis 15 ans de r\u00e9clusion criminelle contre M.Traor\u00e9 et 5 ans contre Awa Mendy.<\/p>\n<p>Les avocats de E. Attakora et de Aw Mendy ont plaid\u00e9 l\u2019acquittement tandis que les conseils de Moussa Traor\u00e9 ont sollicit\u00e9 la cl\u00e9mence.<\/p>\n<p>L\u2019affaire est mise en d\u00e9lib\u00e9r\u00e9 pour jugement qui sera rendu le 18 janvier prochain.<\/p>\n<div class='share-to-whatsapp-wrapper'><div class='share-on-whsp'>PARTAGER SUR : <\/div><a data-text='VOL EN R\u00c9UNION - Moussa Traor\u00e9 risque 15 ans pour avoir arrach\u00e9 une sacoche contenant 15 millions\u00a0' data-link='https:\/\/www.nettali.com\/2023\/01\/05\/vol-en-reunion-moussa-traore-risque-15-ans-pour-avoir-arrache-une-sacoche-contenant-15-millions\/' class='whatsapp-button whatsapp-share'>WhatsApp<\/a><div class='clear '><\/div><\/div>","protected":false},"excerpt":{"rendered":"<p>NETTALI.COM - 15 ans de r\u00e9clusion criminelle, c\u2019est la peine que le parquet a requise contre Moussa Traor\u00e9, attrait pour association de malfaiteurs et vol en r\u00e9union. Il sera fix\u00e9 sur son sort le 18 janvier prochain. Moussa Traor\u00e9 et Emmanuel Attakora ont comparu \u00e0 la barre de la Chambre criminelle de Dakar pour association [&hellip;]<\/p>\n","protected":false},"author":6,"featured_media":87493,"comment_status":"open","ping_status":"open","sticky":false,"template":"","format":"standard","meta":{"_et_pb_use_builder":"","_et_pb_old_content":""},"categories":[3],"tags":[],"yoast_head":"<!-- This site is optimized with the Yoast SEO Premium plugin v17.8 (Yoast SEO v17.8) - https:\/\/yoast.com\/wordpress\/plugins\/seo\/ -->\n<title>VOL EN R\u00c9UNION - Moussa Traor\u00e9 risque 15 ans pour avoir arrach\u00e9 une sacoche contenant 15 millions\u00a0 | Nettali.com<\/title>\n<meta name=\"robots\" content=\"index, follow, max-snippet:-1, max-image-preview:large, max-video-preview:-1\" \/>\n<link rel=\"canonical\" href=\"https:\/\/www.nettali.com\/2023\/01\/05\/vol-en-reunion-moussa-traore-risque-15-ans-pour-avoir-arrache-une-sacoche-contenant-15-millions\/\" \/>\n<meta property=\"og:locale\" content=\"fr_FR\" \/>\n<meta property=\"og:type\" content=\"article\" \/>\n<meta property=\"og:title\" content=\"VOL EN R\u00c9UNION - Moussa Traor\u00e9 risque 15 ans pour avoir arrach\u00e9 une sacoche contenant 15 millions\u00a0\" \/>\n<meta property=\"og:description\" content=\"NETTALI.COM - 15 ans de r\u00e9clusion criminelle, c\u2019est la peine que le parquet a requise contre Moussa Traor\u00e9, attrait pour association de malfaiteurs et vol en r\u00e9union. Il sera fix\u00e9 sur son sort le 18 janvier prochain. Moussa Traor\u00e9 et Emmanuel Attakora ont comparu \u00e0 la barre de la Chambre criminelle de Dakar pour association [&hellip;]\" \/>\n<meta property=\"og:url\" content=\"https:\/\/www.nettali.com\/2023\/01\/05\/vol-en-reunion-moussa-traore-risque-15-ans-pour-avoir-arrache-une-sacoche-contenant-15-millions\/\" \/>\n<meta property=\"og:site_name\" content=\"Nettali.com\" \/>\n<meta property=\"article:publisher\" content=\"https:\/\/www.facebook.com\/nettalicom\" \/>\n<meta property=\"article:published_time\" content=\"2023-01-05T08:31:13+00:00\" \/>\n<meta property=\"og:image\" content=\"https:\/\/www.nettali.com\/wp-content\/uploads\/2022\/06\/Tribunal-Cour-dassises-Palais-de-justice-de-Dakar.jpeg\" \/>\n\t<meta property=\"og:image:width\" content=\"692\" \/>\n\t<meta property=\"og:image:height\" content=\"352\" \/>\n<meta name=\"twitter:card\" content=\"summary_large_image\" \/>\n<meta name=\"twitter:label1\" content=\"\u00c9crit par\" \/>\n\t<meta name=\"twitter:data1\" content=\"Fatou\" \/>\n\t<meta name=\"twitter:label2\" content=\"Dur\u00e9e de lecture estim\u00e9e\" \/>\n\t<meta name=\"twitter:data2\" content=\"3 minutes\" \/>\n<script type=\"application\/ld+json\" class=\"yoast-schema-graph\">{\"@context\":\"https:\/\/schema.org\",\"@graph\":[{\"@type\":\"WebSite\",\"@id\":\"https:\/\/www.nettali.com\/#website\",\"url\":\"https:\/\/www.nettali.com\/\",\"name\":\"Nettali.com\",\"description\":\"Le rendez-vous critique du Net\",\"potentialAction\":[{\"@type\":\"SearchAction\",\"target\":{\"@type\":\"EntryPoint\",\"urlTemplate\":\"https:\/\/www.nettali.com\/?s={search_term_string}\"},\"query-input\":\"required name=search_term_string\"}],\"inLanguage\":\"fr-FR\"},{\"@type\":\"ImageObject\",\"@id\":\"https:\/\/www.nettali.com\/2023\/01\/05\/vol-en-reunion-moussa-traore-risque-15-ans-pour-avoir-arrache-une-sacoche-contenant-15-millions\/#primaryimage\",\"inLanguage\":\"fr-FR\",\"url\":\"https:\/\/www.nettali.com\/wp-content\/uploads\/2022\/06\/Tribunal-Cour-dassises-Palais-de-justice-de-Dakar.jpeg\",\"contentUrl\":\"https:\/\/www.nettali.com\/wp-content\/uploads\/2022\/06\/Tribunal-Cour-dassises-Palais-de-justice-de-Dakar.jpeg\",\"width\":692,\"height\":352},{\"@type\":\"WebPage\",\"@id\":\"https:\/\/www.nettali.com\/2023\/01\/05\/vol-en-reunion-moussa-traore-risque-15-ans-pour-avoir-arrache-une-sacoche-contenant-15-millions\/#webpage\",\"url\":\"https:\/\/www.nettali.com\/2023\/01\/05\/vol-en-reunion-moussa-traore-risque-15-ans-pour-avoir-arrache-une-sacoche-contenant-15-millions\/\",\"name\":\"VOL EN R\\u00c9UNION - Moussa Traor\\u00e9 risque 15 ans pour avoir arrach\\u00e9 une sacoche contenant 15 millions\\u00a0 | Nettali.com\",\"isPartOf\":{\"@id\":\"https:\/\/www.nettali.com\/#website\"},\"primaryImageOfPage\":{\"@id\":\"https:\/\/www.nettali.com\/2023\/01\/05\/vol-en-reunion-moussa-traore-risque-15-ans-pour-avoir-arrache-une-sacoche-contenant-15-millions\/#primaryimage\"},\"datePublished\":\"2023-01-05T08:31:13+00:00\",\"dateModified\":\"2023-01-05T08:31:13+00:00\",\"author\":{\"@id\":\"https:\/\/www.nettali.com\/#\/schema\/person\/418274a86bdf87caff7a3ef476bd0bbf\"},\"breadcrumb\":{\"@id\":\"https:\/\/www.nettali.com\/2023\/01\/05\/vol-en-reunion-moussa-traore-risque-15-ans-pour-avoir-arrache-une-sacoche-contenant-15-millions\/#breadcrumb\"},\"inLanguage\":\"fr-FR\",\"potentialAction\":[{\"@type\":\"ReadAction\",\"target\":[\"https:\/\/www.nettali.com\/2023\/01\/05\/vol-en-reunion-moussa-traore-risque-15-ans-pour-avoir-arrache-une-sacoche-contenant-15-millions\/\"]}]},{\"@type\":\"BreadcrumbList\",\"@id\":\"https:\/\/www.nettali.com\/2023\/01\/05\/vol-en-reunion-moussa-traore-risque-15-ans-pour-avoir-arrache-une-sacoche-contenant-15-millions\/#breadcrumb\",\"itemListElement\":[{\"@type\":\"ListItem\",\"position\":1,\"name\":\"Accueil\",\"item\":\"https:\/\/www.nettali.com\/\"},{\"@type\":\"ListItem\",\"position\":2,\"name\":\"VOL EN R\\u00c9UNION - Moussa Traor\\u00e9 risque 15 ans pour avoir arrach\\u00e9 une sacoche contenant 15 millions\\u00a0\"}]},{\"@type\":\"Person\",\"@id\":\"https:\/\/www.nettali.com\/#\/schema\/person\/418274a86bdf87caff7a3ef476bd0bbf\",\"name\":\"Fatou\",\"image\":{\"@type\":\"ImageObject\",\"@id\":\"https:\/\/www.nettali.com\/#personlogo\",\"inLanguage\":\"fr-FR\",\"url\":\"https:\/\/secure.gravatar.com\/avatar\/5a9442a2bee7b4dcf167cab035858e9a?s=96&d=mm&r=g\",\"contentUrl\":\"https:\/\/secure.gravatar.com\/avatar\/5a9442a2bee7b4dcf167cab035858e9a?s=96&d=mm&r=g\",\"caption\":\"Fatou\"},\"sameAs\":[\"https:\/\/www.nettali.com\"]}]}<\/script>\n<!-- \/ Yoast SEO Premium plugin. -->","yoast_head_json":{"title":"VOL EN R\u00c9UNION - Moussa Traor\u00e9 risque 15 ans pour avoir arrach\u00e9 une sacoche contenant 15 millions\u00a0 | Nettali.com","robots":{"index":"index","follow":"follow","max-snippet":"max-snippet:-1","max-image-preview":"max-image-preview:large","max-video-preview":"max-video-preview:-1"},"canonical":"https:\/\/www.nettali.com\/2023\/01\/05\/vol-en-reunion-moussa-traore-risque-15-ans-pour-avoir-arrache-une-sacoche-contenant-15-millions\/","og_locale":"fr_FR","og_type":"article","og_title":"VOL EN R\u00c9UNION - Moussa Traor\u00e9 risque 15 ans pour avoir arrach\u00e9 une sacoche contenant 15 millions\u00a0","og_description":"NETTALI.COM - 15 ans de r\u00e9clusion criminelle, c\u2019est la peine que le parquet a requise contre Moussa Traor\u00e9, attrait pour association de malfaiteurs et vol en r\u00e9union. Il sera fix\u00e9 sur son sort le 18 janvier prochain. Moussa Traor\u00e9 et Emmanuel Attakora ont comparu \u00e0 la barre de la Chambre criminelle de Dakar pour association [&hellip;]","og_url":"https:\/\/www.nettali.com\/2023\/01\/05\/vol-en-reunion-moussa-traore-risque-15-ans-pour-avoir-arrache-une-sacoche-contenant-15-millions\/","og_site_name":"Nettali.com","article_publisher":"https:\/\/www.facebook.com\/nettalicom","article_published_time":"2023-01-05T08:31:13+00:00","og_image":[{"width":692,"height":352,"url":"https:\/\/www.nettali.com\/wp-content\/uploads\/2022\/06\/Tribunal-Cour-dassises-Palais-de-justice-de-Dakar.jpeg","type":"image\/jpeg"}],"twitter_card":"summary_large_image","twitter_misc":{"\u00c9crit par":"Fatou","Dur\u00e9e de lecture estim\u00e9e":"3 minutes"},"schema":{"@context":"https:\/\/schema.org","@graph":[{"@type":"WebSite","@id":"https:\/\/www.nettali.com\/#website","url":"https:\/\/www.nettali.com\/","name":"Nettali.com","description":"Le rendez-vous critique du Net","potentialAction":[{"@type":"SearchAction","target":{"@type":"EntryPoint","urlTemplate":"https:\/\/www.nettali.com\/?s={search_term_string}"},"query-input":"required name=search_term_string"}],"inLanguage":"fr-FR"},{"@type":"ImageObject","@id":"https:\/\/www.nettali.com\/2023\/01\/05\/vol-en-reunion-moussa-traore-risque-15-ans-pour-avoir-arrache-une-sacoche-contenant-15-millions\/#primaryimage","inLanguage":"fr-FR","url":"https:\/\/www.nettali.com\/wp-content\/uploads\/2022\/06\/Tribunal-Cour-dassises-Palais-de-justice-de-Dakar.jpeg","contentUrl":"https:\/\/www.nettali.com\/wp-content\/uploads\/2022\/06\/Tribunal-Cour-dassises-Palais-de-justice-de-Dakar.jpeg","width":692,"height":352},{"@type":"WebPage","@id":"https:\/\/www.nettali.com\/2023\/01\/05\/vol-en-reunion-moussa-traore-risque-15-ans-pour-avoir-arrache-une-sacoche-contenant-15-millions\/#webpage","url":"https:\/\/www.nettali.com\/2023\/01\/05\/vol-en-reunion-moussa-traore-risque-15-ans-pour-avoir-arrache-une-sacoche-contenant-15-millions\/","name":"VOL EN R\u00c9UNION - Moussa Traor\u00e9 risque 15 ans pour avoir arrach\u00e9 une sacoche contenant 15 millions\u00a0 | Nettali.com","isPartOf":{"@id":"https:\/\/www.nettali.com\/#website"},"primaryImageOfPage":{"@id":"https:\/\/www.nettali.com\/2023\/01\/05\/vol-en-reunion-moussa-traore-risque-15-ans-pour-avoir-arrache-une-sacoche-contenant-15-millions\/#primaryimage"},"datePublished":"2023-01-05T08:31:13+00:00","dateModified":"2023-01-05T08:31:13+00:00","author":{"@id":"https:\/\/www.nettali.com\/#\/schema\/person\/418274a86bdf87caff7a3ef476bd0bbf"},"breadcrumb":{"@id":"https:\/\/www.nettali.com\/2023\/01\/05\/vol-en-reunion-moussa-traore-risque-15-ans-pour-avoir-arrache-une-sacoche-contenant-15-millions\/#breadcrumb"},"inLanguage":"fr-FR","potentialAction":[{"@type":"ReadAction","target":["https:\/\/www.nettali.com\/2023\/01\/05\/vol-en-reunion-moussa-traore-risque-15-ans-pour-avoir-arrache-une-sacoche-contenant-15-millions\/"]}]},{"@type":"BreadcrumbList","@id":"https:\/\/www.nettali.com\/2023\/01\/05\/vol-en-reunion-moussa-traore-risque-15-ans-pour-avoir-arrache-une-sacoche-contenant-15-millions\/#breadcrumb","itemListElement":[{"@type":"ListItem","position":1,"name":"Accueil","item":"https:\/\/www.nettali.com\/"},{"@type":"ListItem","position":2,"name":"VOL EN R\u00c9UNION - Moussa Traor\u00e9 risque 15 ans pour avoir arrach\u00e9 une sacoche contenant 15 millions\u00a0"}]},{"@type":"Person","@id":"https:\/\/www.nettali.com\/#\/schema\/person\/418274a86bdf87caff7a3ef476bd0bbf","name":"Fatou","image":{"@type":"ImageObject","@id":"https:\/\/www.nettali.com\/#personlogo","inLanguage":"fr-FR","url":"https:\/\/secure.gravatar.com\/avatar\/5a9442a2bee7b4dcf167cab035858e9a?s=96&d=mm&r=g","contentUrl":"https:\/\/secure.gravatar.com\/avatar\/5a9442a2bee7b4dcf167cab035858e9a?s=96&d=mm&r=g","caption":"Fatou"},"sameAs":["https:\/\/www.nettali.com"]}]}},"_links":{"self":[{"href":"https:\/\/www.nettali.com\/rest\/wp\/v2\/posts\/101142"}],"collection":[{"href":"https:\/\/www.nettali.com\/rest\/wp\/v2\/posts"}],"about":[{"href":"https:\/\/www.nettali.com\/rest\/wp\/v2\/types\/post"}],"author":[{"embeddable":true,"href":"https:\/\/www.nettali.com\/rest\/wp\/v2\/users\/6"}],"replies":[{"embeddable":true,"href":"https:\/\/www.nettali.com\/rest\/wp\/v2\/comments?post=101142"}],"version-history":[{"count":3,"href":"https:\/\/www.nettali.com\/rest\/wp\/v2\/posts\/101142\/revisions"}],"predecessor-version":[{"id":101158,"href":"https:\/\/www.nettali.com\/rest\/wp\/v2\/posts\/101142\/revisions\/101158"}],"wp:featuredmedia":[{"embeddable":true,"href":"https:\/\/www.nettali.com\/rest\/wp\/v2\/media\/87493"}],"wp:attachment":[{"href":"https:\/\/www.nettali.com\/rest\/wp\/v2\/media?parent=101142"}],"wp:term":[{"taxonomy":"category","embeddable":true,"href":"https:\/\/www.nettali.com\/rest\/wp\/v2\/categories?post=101142"},{"taxonomy":"post_tag","embeddable":true,"href":"https:\/\/www.nettali.com\/rest\/wp\/v2\/tags?post=101142"}],"curies":[{"name":"wp","href":"https:\/\/api.w.org\/{rel}","templated":true}]}}