{"id":101133,"date":"2023-01-05T01:37:07","date_gmt":"2023-01-05T01:37:07","guid":{"rendered":"https:\/\/www.nettali.com\/?p=101133"},"modified":"2023-01-09T07:18:12","modified_gmt":"2023-01-09T07:18:12","slug":"pan-sonko-adji-sarr-3e-mandat-2023-de-toutes-les-incertitudes","status":"publish","type":"post","link":"https:\/\/www.nettali.com\/2023\/01\/05\/pan-sonko-adji-sarr-3e-mandat-2023-de-toutes-les-incertitudes\/","title":{"rendered":"PAN, SONKO-ADJI SARR, 3e MANDAT... - 2023 de toutes les incertitudes"},"content":{"rendered":"<p><strong>NETTALI.COM - L'ann\u00e9e 2023 qui commence sera, \u00e0 coup s\u00fbr, celle de toutes incertitudes pour le S\u00e9n\u00e9gal. Les S\u00e9n\u00e9galais risquent de passer les prochains mois, la peur au ventre. Et pour cause, plusieurs dossiers chauds devront \u00eatre tranch\u00e9s. Le risque est donc r\u00e9el de voir le S\u00e9n\u00e9gal plonger dans un cycle de violences comme en 2011.\u00a0<\/strong><\/p>\n<p>\"<em>2023 sera le clone de 2011<\/em>\", a ironis\u00e9 Khalifa Ababacar Sall. Le pr\u00e9sident de la Conf\u00e9rence des leaders de Yewwi askan wi \u00e9tait dimanche dernier \"l'invit\u00e9 Grand format\" de la cha\u00eene de t\u00e9l\u00e9vision priv\u00e9e <em>Walf Tv<\/em>. Ces propos de l'ancien maire de Dakar rappellent les p\u00e9riodes douloureuses v\u00e9cues par les S\u00e9n\u00e9galais pendant les mois qui ont pr\u00e9c\u00e9d\u00e9 la pr\u00e9sidentielle de 2012. En ce d\u00e9but d'ann\u00e9e 2023, c'est-\u00e0-dire \u00e0 un peu plus d'un an de la pr\u00e9sidentielle de 2024, tous les ingr\u00e9dients semblent r\u00e9unis par le S\u00e9n\u00e9gal revive les m\u00eames soubresauts.<\/p>\n<p>En fait, si le S\u00e9n\u00e9gal a v\u00e9cu les violences qui ont fait plus d'une dizaine de morts en 2011-2012, c'est principalement \u00e0 cause de l'obsession d'alors du Pr\u00e9sident Abdoulaye Wade. Faisant \u00e0 l'\u00e9poque fi de la parole donn\u00e9e, mais aussi de la Constitution limitant le nombre de mandats \u00e0 deux, le vieux pr\u00e9sident avait d\u00e9cid\u00e9 de briguer un troisi\u00e8me bail \u00e0 la t\u00eate de l'Etat. R\u00e9sultat: des milliers de S\u00e9n\u00e9galais s'\u00e9taient mobilis\u00e9s pour lui dire non. Le pays v\u00e9cut alors des mois de manifestations violentes avec au moins une dizaine de morts. 12 ans apr\u00e8s, c'est le m\u00eame proc\u00e9d\u00e9 qu'utilise le Pr\u00e9sident Sall, c'est-\u00e0-dire, rappelle l'\u00e9crivain Felwine Sarr, \"<em>nommer des juges acquis \u00e0 sa cause au Conseil constitutionnel, l\u00e2cher ses propagandistes dans les m\u00e9dias et ses juristes qui tentent par une sophistique juridiciste<\/em> (...) <em>de rendre acceptable une lecture de l'article 27 de la Constitution qui, s\u00e9mantiquement, \u00e9thiquement, politiquement et juridiquement ne l'est pas et fouler ainsi au sol le texte fondamental qui nous lie et qui fixe les r\u00e8gles qui gouvernent notre vivre-ensemble<\/em>\". Rappel d'autant plus important que c'est les m\u00eames arguments de 2011 qu'utilisent les th\u00e9oriciens qui \"<em>deuxi\u00e8me quinquennat<\/em>\" de Macky Sall. Ce dernier, comme Wade avec son fameux <em>wax waxeet,<\/em> en 2011, ne veut plus qu'on lui rappelle ses engagements, notamment celui clairement \u00e9crit \u00e0 la page 165 de son livre \"<em>Le S\u00e9n\u00e9gal au coeur\"<\/em> publi\u00e9 en 2019 quand il lance \u00e0 ses concitoyens : \"<em>Et me voici de nouveau devant vous en vue de solliciter votre confiance pour un second et dernier mandat.<\/em>\" 2023 \u00e9tant <em>\"le clown de 2011\",<\/em> nul doute qu'une d\u00e9claration de candidature de Macky Sall va plonger le S\u00e9n\u00e9gal dans une s\u00e9rie de violences. Le chef de l'Alliance pour la r\u00e9publique (Apr) en est tellement conscient qu'il gardera son \"<em>ni oui ni non<\/em>\" le plus longtemps possible.<\/p>\n<p>Mais en 2023, il n'y a pas que la question du 3e mandat qui va susciter pol\u00e9miques, d\u00e9bats et passions. Le pouvoir de Macky Sall a bien d'autres dossiers chauds \u00e0 trancher. C'est le cas de l'affaire du journaliste Pape Al\u00e9 Niang. En prison depuis de nombreuses semaines, le journaliste observe une gr\u00e8ve de la faim pour d\u00e9noncer ce qu'il qualifie d'acharnement du pouvoir contre sa personne. Son cas suscite une vive \u00e9motion au sein de la soci\u00e9t\u00e9 s\u00e9n\u00e9galaise. Mieux, en plus de la mobilisation de ses confr\u00e8res, mais aussi de membres de la soci\u00e9t\u00e9 civile, des d\u00e9fenseurs des droits de l'homme de diff\u00e9rentes parties du monde demandent sa lib\u00e9ration. Une patate chaude qu'il va falloir vite refroidir. A ce lot de personnes <em>\"injustement\"<\/em> d\u00e9tenues, il faut ajouter les activistes Cheikh Oumar Diagne et Abdou Karim Gueye, mais aussi plus d'une quinzaine de jeunes membres du parti Pastef.<\/p>\n<p>Le parti d'Ousmane Sonko aff\u00fbte d'ailleurs ses armes. Car, en plus de la traque contre ses jeunes militants, Pastef attend le d\u00e9nouement de l'affaire Sweet Beauty. La dame Adji Sarr continue d'accuser Ousmane Sonko de viol. Ce, malgr\u00e9 la diffusion sur les r\u00e9seaux sociaux d'enregistrements audios o\u00f9 on l'entend confier \u00e0 son marabout que ses accusations ne sont que le fruit d'un complot mal mont\u00e9 par des adversaires du maire de Ziguinchor. D'ailleurs, les avocats et les partisans du leader de Pastef bottent en touche toutes les accusations de la jeune dame et d\u00e9noncent un dossier compl\u00e8tement vide. Et tous attendent la d\u00e9cision du doyen des juges Maham Diallo. Si le pouvoir esp\u00e8re un proc\u00e8s afin de \"d\u00e9shabiller\" un adversaire redoutable (\u00e0 d\u00e9faut d'obtenir une condamnation pour viol), il est quasi certain que les \"Patriotes\" ne croiseront pas les bras et regarder le pouvoir de Macky Sall conduire leur leader \u00e0 l'abattoir. Autant dire alors que 2023 est bien l'ann\u00e9e de tous les risques pour le S\u00e9n\u00e9gal.<\/p>\n<div class='share-to-whatsapp-wrapper'><div class='share-on-whsp'>PARTAGER SUR : <\/div><a data-text='PAN, SONKO-ADJI SARR, 3e MANDAT... - 2023 de toutes les incertitudes' data-link='https:\/\/www.nettali.com\/2023\/01\/05\/pan-sonko-adji-sarr-3e-mandat-2023-de-toutes-les-incertitudes\/' class='whatsapp-button whatsapp-share'>WhatsApp<\/a><div class='clear '><\/div><\/div>","protected":false},"excerpt":{"rendered":"<p>NETTALI.COM - L'ann\u00e9e 2023 qui commence sera, \u00e0 coup s\u00fbr, celle de toutes incertitudes pour le S\u00e9n\u00e9gal. Les S\u00e9n\u00e9galais risquent de passer les prochains mois, la peur au ventre. Et pour cause, plusieurs dossiers chauds devront \u00eatre tranch\u00e9s. Le risque est donc r\u00e9el de voir le S\u00e9n\u00e9gal plonger dans un cycle de violences comme en [&hellip;]<\/p>\n","protected":false},"author":3,"featured_media":101135,"comment_status":"open","ping_status":"open","sticky":false,"template":"","format":"standard","meta":{"_et_pb_use_builder":"","_et_pb_old_content":""},"categories":[2],"tags":[],"yoast_head":"<!-- This site is optimized with the Yoast SEO Premium plugin v17.8 (Yoast SEO v17.8) - https:\/\/yoast.com\/wordpress\/plugins\/seo\/ -->\n<title>PAN, SONKO-ADJI SARR, 3e MANDAT... - 2023 de toutes les incertitudes | Nettali.com<\/title>\n<meta name=\"robots\" content=\"index, follow, max-snippet:-1, max-image-preview:large, max-video-preview:-1\" \/>\n<link rel=\"canonical\" href=\"https:\/\/www.nettali.com\/2023\/01\/05\/pan-sonko-adji-sarr-3e-mandat-2023-de-toutes-les-incertitudes\/\" \/>\n<meta property=\"og:locale\" content=\"fr_FR\" \/>\n<meta property=\"og:type\" content=\"article\" \/>\n<meta property=\"og:title\" content=\"PAN, SONKO-ADJI SARR, 3e MANDAT... - 2023 de toutes les incertitudes\" \/>\n<meta property=\"og:description\" content=\"NETTALI.COM - L&#039;ann\u00e9e 2023 qui commence sera, \u00e0 coup s\u00fbr, celle de toutes incertitudes pour le S\u00e9n\u00e9gal. Les S\u00e9n\u00e9galais risquent de passer les prochains mois, la peur au ventre. Et pour cause, plusieurs dossiers chauds devront \u00eatre tranch\u00e9s. Le risque est donc r\u00e9el de voir le S\u00e9n\u00e9gal plonger dans un cycle de violences comme en [&hellip;]\" \/>\n<meta property=\"og:url\" content=\"https:\/\/www.nettali.com\/2023\/01\/05\/pan-sonko-adji-sarr-3e-mandat-2023-de-toutes-les-incertitudes\/\" \/>\n<meta property=\"og:site_name\" content=\"Nettali.com\" \/>\n<meta property=\"article:publisher\" content=\"https:\/\/www.facebook.com\/nettalicom\" \/>\n<meta property=\"article:published_time\" content=\"2023-01-05T01:37:07+00:00\" \/>\n<meta property=\"article:modified_time\" content=\"2023-01-09T07:18:12+00:00\" \/>\n<meta property=\"og:image\" content=\"https:\/\/www.nettali.com\/wp-content\/uploads\/2023\/01\/sipa_ap22544929_000002-1536x1024-1.jpg\" \/>\n\t<meta property=\"og:image:width\" content=\"1536\" \/>\n\t<meta property=\"og:image:height\" content=\"1024\" \/>\n<meta name=\"twitter:card\" content=\"summary_large_image\" \/>\n<meta name=\"twitter:label1\" content=\"\u00c9crit par\" \/>\n\t<meta name=\"twitter:data1\" content=\"Moustapha\" \/>\n\t<meta name=\"twitter:label2\" content=\"Dur\u00e9e de lecture estim\u00e9e\" \/>\n\t<meta name=\"twitter:data2\" content=\"4 minutes\" \/>\n<script type=\"application\/ld+json\" class=\"yoast-schema-graph\">{\"@context\":\"https:\/\/schema.org\",\"@graph\":[{\"@type\":\"WebSite\",\"@id\":\"https:\/\/www.nettali.com\/#website\",\"url\":\"https:\/\/www.nettali.com\/\",\"name\":\"Nettali.com\",\"description\":\"Le rendez-vous critique du Net\",\"potentialAction\":[{\"@type\":\"SearchAction\",\"target\":{\"@type\":\"EntryPoint\",\"urlTemplate\":\"https:\/\/www.nettali.com\/?s={search_term_string}\"},\"query-input\":\"required name=search_term_string\"}],\"inLanguage\":\"fr-FR\"},{\"@type\":\"ImageObject\",\"@id\":\"https:\/\/www.nettali.com\/2023\/01\/05\/pan-sonko-adji-sarr-3e-mandat-2023-de-toutes-les-incertitudes\/#primaryimage\",\"inLanguage\":\"fr-FR\",\"url\":\"https:\/\/www.nettali.com\/wp-content\/uploads\/2023\/01\/sipa_ap22544929_000002-1536x1024-1.jpg\",\"contentUrl\":\"https:\/\/www.nettali.com\/wp-content\/uploads\/2023\/01\/sipa_ap22544929_000002-1536x1024-1.jpg\",\"width\":1536,\"height\":1024},{\"@type\":\"WebPage\",\"@id\":\"https:\/\/www.nettali.com\/2023\/01\/05\/pan-sonko-adji-sarr-3e-mandat-2023-de-toutes-les-incertitudes\/#webpage\",\"url\":\"https:\/\/www.nettali.com\/2023\/01\/05\/pan-sonko-adji-sarr-3e-mandat-2023-de-toutes-les-incertitudes\/\",\"name\":\"PAN, SONKO-ADJI SARR, 3e MANDAT... - 2023 de toutes les incertitudes | Nettali.com\",\"isPartOf\":{\"@id\":\"https:\/\/www.nettali.com\/#website\"},\"primaryImageOfPage\":{\"@id\":\"https:\/\/www.nettali.com\/2023\/01\/05\/pan-sonko-adji-sarr-3e-mandat-2023-de-toutes-les-incertitudes\/#primaryimage\"},\"datePublished\":\"2023-01-05T01:37:07+00:00\",\"dateModified\":\"2023-01-09T07:18:12+00:00\",\"author\":{\"@id\":\"https:\/\/www.nettali.com\/#\/schema\/person\/7962a12a6e0267f88f0ffa544c36469a\"},\"breadcrumb\":{\"@id\":\"https:\/\/www.nettali.com\/2023\/01\/05\/pan-sonko-adji-sarr-3e-mandat-2023-de-toutes-les-incertitudes\/#breadcrumb\"},\"inLanguage\":\"fr-FR\",\"potentialAction\":[{\"@type\":\"ReadAction\",\"target\":[\"https:\/\/www.nettali.com\/2023\/01\/05\/pan-sonko-adji-sarr-3e-mandat-2023-de-toutes-les-incertitudes\/\"]}]},{\"@type\":\"BreadcrumbList\",\"@id\":\"https:\/\/www.nettali.com\/2023\/01\/05\/pan-sonko-adji-sarr-3e-mandat-2023-de-toutes-les-incertitudes\/#breadcrumb\",\"itemListElement\":[{\"@type\":\"ListItem\",\"position\":1,\"name\":\"Accueil\",\"item\":\"https:\/\/www.nettali.com\/\"},{\"@type\":\"ListItem\",\"position\":2,\"name\":\"PAN, SONKO-ADJI SARR, 3e MANDAT... - 2023 de toutes les incertitudes\"}]},{\"@type\":\"Person\",\"@id\":\"https:\/\/www.nettali.com\/#\/schema\/person\/7962a12a6e0267f88f0ffa544c36469a\",\"name\":\"Moustapha\",\"image\":{\"@type\":\"ImageObject\",\"@id\":\"https:\/\/www.nettali.com\/#personlogo\",\"inLanguage\":\"fr-FR\",\"url\":\"https:\/\/secure.gravatar.com\/avatar\/10fdf6a071cccdcf374e3dbe45159590?s=96&d=mm&r=g\",\"contentUrl\":\"https:\/\/secure.gravatar.com\/avatar\/10fdf6a071cccdcf374e3dbe45159590?s=96&d=mm&r=g\",\"caption\":\"Moustapha\"},\"sameAs\":[\"https:\/\/www.nettali.com\"]}]}<\/script>\n<!-- \/ Yoast SEO Premium plugin. -->","yoast_head_json":{"title":"PAN, SONKO-ADJI SARR, 3e MANDAT... - 2023 de toutes les incertitudes | Nettali.com","robots":{"index":"index","follow":"follow","max-snippet":"max-snippet:-1","max-image-preview":"max-image-preview:large","max-video-preview":"max-video-preview:-1"},"canonical":"https:\/\/www.nettali.com\/2023\/01\/05\/pan-sonko-adji-sarr-3e-mandat-2023-de-toutes-les-incertitudes\/","og_locale":"fr_FR","og_type":"article","og_title":"PAN, SONKO-ADJI SARR, 3e MANDAT... - 2023 de toutes les incertitudes","og_description":"NETTALI.COM - L'ann\u00e9e 2023 qui commence sera, \u00e0 coup s\u00fbr, celle de toutes incertitudes pour le S\u00e9n\u00e9gal. Les S\u00e9n\u00e9galais risquent de passer les prochains mois, la peur au ventre. Et pour cause, plusieurs dossiers chauds devront \u00eatre tranch\u00e9s. Le risque est donc r\u00e9el de voir le S\u00e9n\u00e9gal plonger dans un cycle de violences comme en [&hellip;]","og_url":"https:\/\/www.nettali.com\/2023\/01\/05\/pan-sonko-adji-sarr-3e-mandat-2023-de-toutes-les-incertitudes\/","og_site_name":"Nettali.com","article_publisher":"https:\/\/www.facebook.com\/nettalicom","article_published_time":"2023-01-05T01:37:07+00:00","article_modified_time":"2023-01-09T07:18:12+00:00","og_image":[{"width":1536,"height":1024,"url":"https:\/\/www.nettali.com\/wp-content\/uploads\/2023\/01\/sipa_ap22544929_000002-1536x1024-1.jpg","type":"image\/jpeg"}],"twitter_card":"summary_large_image","twitter_misc":{"\u00c9crit par":"Moustapha","Dur\u00e9e de lecture estim\u00e9e":"4 minutes"},"schema":{"@context":"https:\/\/schema.org","@graph":[{"@type":"WebSite","@id":"https:\/\/www.nettali.com\/#website","url":"https:\/\/www.nettali.com\/","name":"Nettali.com","description":"Le rendez-vous critique du Net","potentialAction":[{"@type":"SearchAction","target":{"@type":"EntryPoint","urlTemplate":"https:\/\/www.nettali.com\/?s={search_term_string}"},"query-input":"required name=search_term_string"}],"inLanguage":"fr-FR"},{"@type":"ImageObject","@id":"https:\/\/www.nettali.com\/2023\/01\/05\/pan-sonko-adji-sarr-3e-mandat-2023-de-toutes-les-incertitudes\/#primaryimage","inLanguage":"fr-FR","url":"https:\/\/www.nettali.com\/wp-content\/uploads\/2023\/01\/sipa_ap22544929_000002-1536x1024-1.jpg","contentUrl":"https:\/\/www.nettali.com\/wp-content\/uploads\/2023\/01\/sipa_ap22544929_000002-1536x1024-1.jpg","width":1536,"height":1024},{"@type":"WebPage","@id":"https:\/\/www.nettali.com\/2023\/01\/05\/pan-sonko-adji-sarr-3e-mandat-2023-de-toutes-les-incertitudes\/#webpage","url":"https:\/\/www.nettali.com\/2023\/01\/05\/pan-sonko-adji-sarr-3e-mandat-2023-de-toutes-les-incertitudes\/","name":"PAN, SONKO-ADJI SARR, 3e MANDAT... - 2023 de toutes les incertitudes | Nettali.com","isPartOf":{"@id":"https:\/\/www.nettali.com\/#website"},"primaryImageOfPage":{"@id":"https:\/\/www.nettali.com\/2023\/01\/05\/pan-sonko-adji-sarr-3e-mandat-2023-de-toutes-les-incertitudes\/#primaryimage"},"datePublished":"2023-01-05T01:37:07+00:00","dateModified":"2023-01-09T07:18:12+00:00","author":{"@id":"https:\/\/www.nettali.com\/#\/schema\/person\/7962a12a6e0267f88f0ffa544c36469a"},"breadcrumb":{"@id":"https:\/\/www.nettali.com\/2023\/01\/05\/pan-sonko-adji-sarr-3e-mandat-2023-de-toutes-les-incertitudes\/#breadcrumb"},"inLanguage":"fr-FR","potentialAction":[{"@type":"ReadAction","target":["https:\/\/www.nettali.com\/2023\/01\/05\/pan-sonko-adji-sarr-3e-mandat-2023-de-toutes-les-incertitudes\/"]}]},{"@type":"BreadcrumbList","@id":"https:\/\/www.nettali.com\/2023\/01\/05\/pan-sonko-adji-sarr-3e-mandat-2023-de-toutes-les-incertitudes\/#breadcrumb","itemListElement":[{"@type":"ListItem","position":1,"name":"Accueil","item":"https:\/\/www.nettali.com\/"},{"@type":"ListItem","position":2,"name":"PAN, SONKO-ADJI SARR, 3e MANDAT... - 2023 de toutes les incertitudes"}]},{"@type":"Person","@id":"https:\/\/www.nettali.com\/#\/schema\/person\/7962a12a6e0267f88f0ffa544c36469a","name":"Moustapha","image":{"@type":"ImageObject","@id":"https:\/\/www.nettali.com\/#personlogo","inLanguage":"fr-FR","url":"https:\/\/secure.gravatar.com\/avatar\/10fdf6a071cccdcf374e3dbe45159590?s=96&d=mm&r=g","contentUrl":"https:\/\/secure.gravatar.com\/avatar\/10fdf6a071cccdcf374e3dbe45159590?s=96&d=mm&r=g","caption":"Moustapha"},"sameAs":["https:\/\/www.nettali.com"]}]}},"_links":{"self":[{"href":"https:\/\/www.nettali.com\/rest\/wp\/v2\/posts\/101133"}],"collection":[{"href":"https:\/\/www.nettali.com\/rest\/wp\/v2\/posts"}],"about":[{"href":"https:\/\/www.nettali.com\/rest\/wp\/v2\/types\/post"}],"author":[{"embeddable":true,"href":"https:\/\/www.nettali.com\/rest\/wp\/v2\/users\/3"}],"replies":[{"embeddable":true,"href":"https:\/\/www.nettali.com\/rest\/wp\/v2\/comments?post=101133"}],"version-history":[{"count":5,"href":"https:\/\/www.nettali.com\/rest\/wp\/v2\/posts\/101133\/revisions"}],"predecessor-version":[{"id":101171,"href":"https:\/\/www.nettali.com\/rest\/wp\/v2\/posts\/101133\/revisions\/101171"}],"wp:featuredmedia":[{"embeddable":true,"href":"https:\/\/www.nettali.com\/rest\/wp\/v2\/media\/101135"}],"wp:attachment":[{"href":"https:\/\/www.nettali.com\/rest\/wp\/v2\/media?parent=101133"}],"wp:term":[{"taxonomy":"category","embeddable":true,"href":"https:\/\/www.nettali.com\/rest\/wp\/v2\/categories?post=101133"},{"taxonomy":"post_tag","embeddable":true,"href":"https:\/\/www.nettali.com\/rest\/wp\/v2\/tags?post=101133"}],"curies":[{"name":"wp","href":"https:\/\/api.w.org\/{rel}","templated":true}]}}