{"id":101100,"date":"2023-01-04T19:53:24","date_gmt":"2023-01-04T19:53:24","guid":{"rendered":"https:\/\/www.nettali.com\/?p=101100"},"modified":"2023-01-04T19:53:24","modified_gmt":"2023-01-04T19:53:24","slug":"demande-de-liberte-provisoire-lengagement-de-pape-ale-niang-pour-recouvrer-la-liberte","status":"publish","type":"post","link":"https:\/\/www.nettali.com\/2023\/01\/04\/demande-de-liberte-provisoire-lengagement-de-pape-ale-niang-pour-recouvrer-la-liberte\/","title":{"rendered":"DEMANDE DE LIBERT\u00c9 PROVISOIRE \u2013 L\u2019engagement de Pape Al\u00e9 Niang pour recouvrer la libert\u00e9"},"content":{"rendered":"<p><strong>NETTALICOM - Pour obtenir une libert\u00e9 provisoire, Pape Al\u00e9 Niang a \u00e9t\u00e9 oblig\u00e9 de signer un engagement de ne plus \u00e9voquer son dossier judiciaire ni \u00e0 formuler des messages contre les forces de d\u00e9fense et de s\u00e9curit\u00e9 s\u2019il obtient une libert\u00e9 provisoire. Une d\u00e9cision prise, dit-il, suite \u00e0 la demande de sa famille, de ses parents et de ses avocats. Il le rappelle lui-m\u00eame dans un message d\u00e9livr\u00e9 pour prendre l\u2019opinion \u00e0 t\u00e9moin.\u00a0<\/strong><\/p>\n<p><em>\u201cFace \u00e0 la tournure de mon dossier judiciaire avec ma nouvelle arrestation, j\u2019avais sollicit\u00e9 mes avocats sur la meilleure mani\u00e8re de clore ce dossier.<\/em><\/p>\n<p><em>Ils m\u2019ont sugg\u00e9r\u00e9 de faire un engagement \u00e9crit pour ne plus parler du dossier conform\u00e9ment aux exigences du contr\u00f4le judiciaire.<\/em><\/p>\n<p><em>J\u2019estime par ailleurs que je n\u2019ai jamais viol\u00e9 ce contr\u00f4le judiciaire.<\/em><\/p>\n<p><em>Ma famille, des parents et des amis m\u2019ont mis \u00e9galement la pression pour sauver ma sant\u00e9 tr\u00e8s fragile.<\/em><\/p>\n<p><em>C\u2019est sur mon lit d\u2019h\u00f4pital que j\u2019ai r\u00e9dig\u00e9 de bonne foi cet engagement en ces termes : \u00ab\u00a0 Suite \u00e0 la demande de ma famille, de mes parents, de mes avocats, je m\u2019engage \u00e0 ne plus parler du dossier judiciaire me concernant et son environnement. Mais \u00e9galement des forces de d\u00e9fense et de s\u00e9curit\u00e9 et des autorit\u00e9s qui les incarnent jusqu\u2019au r\u00e8glement d\u00e9finitif du dossier \u00bb.<\/em><\/p>\n<p><em>Cet engagement, le ministre de la Justice est au courant de m\u00eame que le Procureur de la R\u00e9publique. Car c\u2019est sur cette base qu\u2019une nouvelle demande de libert\u00e9 provisoire a \u00e9t\u00e9 introduite.<\/em><\/p>\n<p><em>Je prends acte de la d\u00e9cision du Procureur et invite l\u2019opinion \u00e0 trancher qui a \u00e9t\u00e9 v\u00e9ritablement un \u00ab homme d\u2019honneur \u00bb.<\/em><\/p>\n<p><em>Ils sont d\u00e9termin\u00e9s \u00e0 me liquider. Je suis autant d\u00e9termin\u00e9 \u00e0 mourir dignement.<\/em><\/p>\n<p><em>Merci aux nombreux s\u00e9n\u00e9galais \u00e9pris de justice qui me manifestent leur soutien dans cette douloureuse \u00e9preuve.<\/em><\/p>\n<p><em>Que Dieu veille sur ma famille.\u201d<\/em><\/p>\n<p><strong>Pape Al\u00e9 Niang depuis son lit d\u2019h\u00f4pital.<\/strong><\/p>\n<p>&nbsp;<\/p>\n<div class='share-to-whatsapp-wrapper'><div class='share-on-whsp'>PARTAGER SUR : <\/div><a data-text='DEMANDE DE LIBERT\u00c9 PROVISOIRE \u2013 L\u2019engagement de Pape Al\u00e9 Niang pour recouvrer la libert\u00e9' data-link='https:\/\/www.nettali.com\/2023\/01\/04\/demande-de-liberte-provisoire-lengagement-de-pape-ale-niang-pour-recouvrer-la-liberte\/' class='whatsapp-button whatsapp-share'>WhatsApp<\/a><div class='clear '><\/div><\/div>","protected":false},"excerpt":{"rendered":"<p>NETTALICOM - Pour obtenir une libert\u00e9 provisoire, Pape Al\u00e9 Niang a \u00e9t\u00e9 oblig\u00e9 de signer un engagement de ne plus \u00e9voquer son dossier judiciaire ni \u00e0 formuler des messages contre les forces de d\u00e9fense et de s\u00e9curit\u00e9 s\u2019il obtient une libert\u00e9 provisoire. Une d\u00e9cision prise, dit-il, suite \u00e0 la demande de sa famille, de ses [&hellip;]<\/p>\n","protected":false},"author":4,"featured_media":97785,"comment_status":"open","ping_status":"open","sticky":false,"template":"","format":"standard","meta":{"_et_pb_use_builder":"","_et_pb_old_content":""},"categories":[3],"tags":[],"yoast_head":"<!-- This site is optimized with the Yoast SEO Premium plugin v17.8 (Yoast SEO v17.8) - https:\/\/yoast.com\/wordpress\/plugins\/seo\/ -->\n<title>DEMANDE DE LIBERT\u00c9 PROVISOIRE \u2013 L\u2019engagement de Pape Al\u00e9 Niang pour recouvrer la libert\u00e9 | Nettali.com<\/title>\n<meta name=\"robots\" content=\"index, follow, max-snippet:-1, max-image-preview:large, max-video-preview:-1\" \/>\n<link rel=\"canonical\" href=\"https:\/\/www.nettali.com\/2023\/01\/04\/demande-de-liberte-provisoire-lengagement-de-pape-ale-niang-pour-recouvrer-la-liberte\/\" \/>\n<meta property=\"og:locale\" content=\"fr_FR\" \/>\n<meta property=\"og:type\" content=\"article\" \/>\n<meta property=\"og:title\" content=\"DEMANDE DE LIBERT\u00c9 PROVISOIRE \u2013 L\u2019engagement de Pape Al\u00e9 Niang pour recouvrer la libert\u00e9\" \/>\n<meta property=\"og:description\" content=\"NETTALICOM - Pour obtenir une libert\u00e9 provisoire, Pape Al\u00e9 Niang a \u00e9t\u00e9 oblig\u00e9 de signer un engagement de ne plus \u00e9voquer son dossier judiciaire ni \u00e0 formuler des messages contre les forces de d\u00e9fense et de s\u00e9curit\u00e9 s\u2019il obtient une libert\u00e9 provisoire. Une d\u00e9cision prise, dit-il, suite \u00e0 la demande de sa famille, de ses [&hellip;]\" \/>\n<meta property=\"og:url\" content=\"https:\/\/www.nettali.com\/2023\/01\/04\/demande-de-liberte-provisoire-lengagement-de-pape-ale-niang-pour-recouvrer-la-liberte\/\" \/>\n<meta property=\"og:site_name\" content=\"Nettali.com\" \/>\n<meta property=\"article:publisher\" content=\"https:\/\/www.facebook.com\/nettalicom\" \/>\n<meta property=\"article:published_time\" content=\"2023-01-04T19:53:24+00:00\" \/>\n<meta property=\"og:image\" content=\"https:\/\/www.nettali.com\/wp-content\/uploads\/2022\/11\/pape-ale\u0301-niang.jpeg\" \/>\n\t<meta property=\"og:image:width\" content=\"612\" \/>\n\t<meta property=\"og:image:height\" content=\"298\" \/>\n<meta name=\"twitter:card\" content=\"summary_large_image\" \/>\n<meta name=\"twitter:label1\" content=\"\u00c9crit par\" \/>\n\t<meta name=\"twitter:data1\" content=\"Daouda\" \/>\n\t<meta name=\"twitter:label2\" content=\"Dur\u00e9e de lecture estim\u00e9e\" \/>\n\t<meta name=\"twitter:data2\" content=\"2 minutes\" \/>\n<script type=\"application\/ld+json\" class=\"yoast-schema-graph\">{\"@context\":\"https:\/\/schema.org\",\"@graph\":[{\"@type\":\"WebSite\",\"@id\":\"https:\/\/www.nettali.com\/#website\",\"url\":\"https:\/\/www.nettali.com\/\",\"name\":\"Nettali.com\",\"description\":\"Le rendez-vous critique du Net\",\"potentialAction\":[{\"@type\":\"SearchAction\",\"target\":{\"@type\":\"EntryPoint\",\"urlTemplate\":\"https:\/\/www.nettali.com\/?s={search_term_string}\"},\"query-input\":\"required name=search_term_string\"}],\"inLanguage\":\"fr-FR\"},{\"@type\":\"ImageObject\",\"@id\":\"https:\/\/www.nettali.com\/2023\/01\/04\/demande-de-liberte-provisoire-lengagement-de-pape-ale-niang-pour-recouvrer-la-liberte\/#primaryimage\",\"inLanguage\":\"fr-FR\",\"url\":\"https:\/\/www.nettali.com\/wp-content\/uploads\/2022\/11\/pape-ale\\u0301-niang.jpeg\",\"contentUrl\":\"https:\/\/www.nettali.com\/wp-content\/uploads\/2022\/11\/pape-ale\\u0301-niang.jpeg\",\"width\":612,\"height\":298},{\"@type\":\"WebPage\",\"@id\":\"https:\/\/www.nettali.com\/2023\/01\/04\/demande-de-liberte-provisoire-lengagement-de-pape-ale-niang-pour-recouvrer-la-liberte\/#webpage\",\"url\":\"https:\/\/www.nettali.com\/2023\/01\/04\/demande-de-liberte-provisoire-lengagement-de-pape-ale-niang-pour-recouvrer-la-liberte\/\",\"name\":\"DEMANDE DE LIBERT\\u00c9 PROVISOIRE \\u2013 L\\u2019engagement de Pape Al\\u00e9 Niang pour recouvrer la libert\\u00e9 | Nettali.com\",\"isPartOf\":{\"@id\":\"https:\/\/www.nettali.com\/#website\"},\"primaryImageOfPage\":{\"@id\":\"https:\/\/www.nettali.com\/2023\/01\/04\/demande-de-liberte-provisoire-lengagement-de-pape-ale-niang-pour-recouvrer-la-liberte\/#primaryimage\"},\"datePublished\":\"2023-01-04T19:53:24+00:00\",\"dateModified\":\"2023-01-04T19:53:24+00:00\",\"author\":{\"@id\":\"https:\/\/www.nettali.com\/#\/schema\/person\/3317e0bb3aa1da309fbf7b2780901bf4\"},\"breadcrumb\":{\"@id\":\"https:\/\/www.nettali.com\/2023\/01\/04\/demande-de-liberte-provisoire-lengagement-de-pape-ale-niang-pour-recouvrer-la-liberte\/#breadcrumb\"},\"inLanguage\":\"fr-FR\",\"potentialAction\":[{\"@type\":\"ReadAction\",\"target\":[\"https:\/\/www.nettali.com\/2023\/01\/04\/demande-de-liberte-provisoire-lengagement-de-pape-ale-niang-pour-recouvrer-la-liberte\/\"]}]},{\"@type\":\"BreadcrumbList\",\"@id\":\"https:\/\/www.nettali.com\/2023\/01\/04\/demande-de-liberte-provisoire-lengagement-de-pape-ale-niang-pour-recouvrer-la-liberte\/#breadcrumb\",\"itemListElement\":[{\"@type\":\"ListItem\",\"position\":1,\"name\":\"Accueil\",\"item\":\"https:\/\/www.nettali.com\/\"},{\"@type\":\"ListItem\",\"position\":2,\"name\":\"DEMANDE DE LIBERT\\u00c9 PROVISOIRE \\u2013 L\\u2019engagement de Pape Al\\u00e9 Niang pour recouvrer la libert\\u00e9\"}]},{\"@type\":\"Person\",\"@id\":\"https:\/\/www.nettali.com\/#\/schema\/person\/3317e0bb3aa1da309fbf7b2780901bf4\",\"name\":\"Daouda\",\"image\":{\"@type\":\"ImageObject\",\"@id\":\"https:\/\/www.nettali.com\/#personlogo\",\"inLanguage\":\"fr-FR\",\"url\":\"https:\/\/secure.gravatar.com\/avatar\/8d143b5a49345098ddcfee1c49c2f47c?s=96&d=mm&r=g\",\"contentUrl\":\"https:\/\/secure.gravatar.com\/avatar\/8d143b5a49345098ddcfee1c49c2f47c?s=96&d=mm&r=g\",\"caption\":\"Daouda\"},\"sameAs\":[\"https:\/\/www.nettali.com\"]}]}<\/script>\n<!-- \/ Yoast SEO Premium plugin. -->","yoast_head_json":{"title":"DEMANDE DE LIBERT\u00c9 PROVISOIRE \u2013 L\u2019engagement de Pape Al\u00e9 Niang pour recouvrer la libert\u00e9 | Nettali.com","robots":{"index":"index","follow":"follow","max-snippet":"max-snippet:-1","max-image-preview":"max-image-preview:large","max-video-preview":"max-video-preview:-1"},"canonical":"https:\/\/www.nettali.com\/2023\/01\/04\/demande-de-liberte-provisoire-lengagement-de-pape-ale-niang-pour-recouvrer-la-liberte\/","og_locale":"fr_FR","og_type":"article","og_title":"DEMANDE DE LIBERT\u00c9 PROVISOIRE \u2013 L\u2019engagement de Pape Al\u00e9 Niang pour recouvrer la libert\u00e9","og_description":"NETTALICOM - Pour obtenir une libert\u00e9 provisoire, Pape Al\u00e9 Niang a \u00e9t\u00e9 oblig\u00e9 de signer un engagement de ne plus \u00e9voquer son dossier judiciaire ni \u00e0 formuler des messages contre les forces de d\u00e9fense et de s\u00e9curit\u00e9 s\u2019il obtient une libert\u00e9 provisoire. Une d\u00e9cision prise, dit-il, suite \u00e0 la demande de sa famille, de ses [&hellip;]","og_url":"https:\/\/www.nettali.com\/2023\/01\/04\/demande-de-liberte-provisoire-lengagement-de-pape-ale-niang-pour-recouvrer-la-liberte\/","og_site_name":"Nettali.com","article_publisher":"https:\/\/www.facebook.com\/nettalicom","article_published_time":"2023-01-04T19:53:24+00:00","og_image":[{"width":612,"height":298,"url":"https:\/\/www.nettali.com\/wp-content\/uploads\/2022\/11\/pape-ale\u0301-niang.jpeg","type":"image\/jpeg"}],"twitter_card":"summary_large_image","twitter_misc":{"\u00c9crit par":"Daouda","Dur\u00e9e de lecture estim\u00e9e":"2 minutes"},"schema":{"@context":"https:\/\/schema.org","@graph":[{"@type":"WebSite","@id":"https:\/\/www.nettali.com\/#website","url":"https:\/\/www.nettali.com\/","name":"Nettali.com","description":"Le rendez-vous critique du Net","potentialAction":[{"@type":"SearchAction","target":{"@type":"EntryPoint","urlTemplate":"https:\/\/www.nettali.com\/?s={search_term_string}"},"query-input":"required name=search_term_string"}],"inLanguage":"fr-FR"},{"@type":"ImageObject","@id":"https:\/\/www.nettali.com\/2023\/01\/04\/demande-de-liberte-provisoire-lengagement-de-pape-ale-niang-pour-recouvrer-la-liberte\/#primaryimage","inLanguage":"fr-FR","url":"https:\/\/www.nettali.com\/wp-content\/uploads\/2022\/11\/pape-ale\u0301-niang.jpeg","contentUrl":"https:\/\/www.nettali.com\/wp-content\/uploads\/2022\/11\/pape-ale\u0301-niang.jpeg","width":612,"height":298},{"@type":"WebPage","@id":"https:\/\/www.nettali.com\/2023\/01\/04\/demande-de-liberte-provisoire-lengagement-de-pape-ale-niang-pour-recouvrer-la-liberte\/#webpage","url":"https:\/\/www.nettali.com\/2023\/01\/04\/demande-de-liberte-provisoire-lengagement-de-pape-ale-niang-pour-recouvrer-la-liberte\/","name":"DEMANDE DE LIBERT\u00c9 PROVISOIRE \u2013 L\u2019engagement de Pape Al\u00e9 Niang pour recouvrer la libert\u00e9 | Nettali.com","isPartOf":{"@id":"https:\/\/www.nettali.com\/#website"},"primaryImageOfPage":{"@id":"https:\/\/www.nettali.com\/2023\/01\/04\/demande-de-liberte-provisoire-lengagement-de-pape-ale-niang-pour-recouvrer-la-liberte\/#primaryimage"},"datePublished":"2023-01-04T19:53:24+00:00","dateModified":"2023-01-04T19:53:24+00:00","author":{"@id":"https:\/\/www.nettali.com\/#\/schema\/person\/3317e0bb3aa1da309fbf7b2780901bf4"},"breadcrumb":{"@id":"https:\/\/www.nettali.com\/2023\/01\/04\/demande-de-liberte-provisoire-lengagement-de-pape-ale-niang-pour-recouvrer-la-liberte\/#breadcrumb"},"inLanguage":"fr-FR","potentialAction":[{"@type":"ReadAction","target":["https:\/\/www.nettali.com\/2023\/01\/04\/demande-de-liberte-provisoire-lengagement-de-pape-ale-niang-pour-recouvrer-la-liberte\/"]}]},{"@type":"BreadcrumbList","@id":"https:\/\/www.nettali.com\/2023\/01\/04\/demande-de-liberte-provisoire-lengagement-de-pape-ale-niang-pour-recouvrer-la-liberte\/#breadcrumb","itemListElement":[{"@type":"ListItem","position":1,"name":"Accueil","item":"https:\/\/www.nettali.com\/"},{"@type":"ListItem","position":2,"name":"DEMANDE DE LIBERT\u00c9 PROVISOIRE \u2013 L\u2019engagement de Pape Al\u00e9 Niang pour recouvrer la libert\u00e9"}]},{"@type":"Person","@id":"https:\/\/www.nettali.com\/#\/schema\/person\/3317e0bb3aa1da309fbf7b2780901bf4","name":"Daouda","image":{"@type":"ImageObject","@id":"https:\/\/www.nettali.com\/#personlogo","inLanguage":"fr-FR","url":"https:\/\/secure.gravatar.com\/avatar\/8d143b5a49345098ddcfee1c49c2f47c?s=96&d=mm&r=g","contentUrl":"https:\/\/secure.gravatar.com\/avatar\/8d143b5a49345098ddcfee1c49c2f47c?s=96&d=mm&r=g","caption":"Daouda"},"sameAs":["https:\/\/www.nettali.com"]}]}},"_links":{"self":[{"href":"https:\/\/www.nettali.com\/rest\/wp\/v2\/posts\/101100"}],"collection":[{"href":"https:\/\/www.nettali.com\/rest\/wp\/v2\/posts"}],"about":[{"href":"https:\/\/www.nettali.com\/rest\/wp\/v2\/types\/post"}],"author":[{"embeddable":true,"href":"https:\/\/www.nettali.com\/rest\/wp\/v2\/users\/4"}],"replies":[{"embeddable":true,"href":"https:\/\/www.nettali.com\/rest\/wp\/v2\/comments?post=101100"}],"version-history":[{"count":1,"href":"https:\/\/www.nettali.com\/rest\/wp\/v2\/posts\/101100\/revisions"}],"predecessor-version":[{"id":101101,"href":"https:\/\/www.nettali.com\/rest\/wp\/v2\/posts\/101100\/revisions\/101101"}],"wp:featuredmedia":[{"embeddable":true,"href":"https:\/\/www.nettali.com\/rest\/wp\/v2\/media\/97785"}],"wp:attachment":[{"href":"https:\/\/www.nettali.com\/rest\/wp\/v2\/media?parent=101100"}],"wp:term":[{"taxonomy":"category","embeddable":true,"href":"https:\/\/www.nettali.com\/rest\/wp\/v2\/categories?post=101100"},{"taxonomy":"post_tag","embeddable":true,"href":"https:\/\/www.nettali.com\/rest\/wp\/v2\/tags?post=101100"}],"curies":[{"name":"wp","href":"https:\/\/api.w.org\/{rel}","templated":true}]}}