{"id":101089,"date":"2023-01-04T14:47:36","date_gmt":"2023-01-04T14:47:36","guid":{"rendered":"https:\/\/www.nettali.com\/?p=101089"},"modified":"2023-01-05T08:24:01","modified_gmt":"2023-01-05T08:24:01","slug":"aliou-sane-pour-nos-milliards-nous-allons-lutter","status":"publish","type":"post","link":"https:\/\/www.nettali.com\/2023\/01\/04\/aliou-sane-pour-nos-milliards-nous-allons-lutter\/","title":{"rendered":"ALIOU SANE - \"Pour nos milliards, nous allons lutter\""},"content":{"rendered":"<p><strong>NETTALI.COM- Le Premier ministre, Amadou Ba, a rencontr\u00e9 les organisations de la soci\u00e9t\u00e9 pour parler du rapport de la Cour des comptes relatif \u00e0 la gestion des fonds forces Covid-19. Au sortir de cette entrevue, Aliou San\u00e9, coordonnateur du mouvement \"Y en marre\", et membre de la soci\u00e9t\u00e9 civile, est revenu sur les d\u00e9tails de la rencontre.<\/strong><\/p>\n<p><strong>Que pouvons-nous retenir de votre rencontre avec le Gouvernement ?<\/strong><\/p>\n<p>C'est une rencontre qui a regroup\u00e9 le Premier ministre, les ministres des Finances, du Budget, du Commerce et presque l'ensemble de la soci\u00e9t\u00e9 civile sur des questions importantes de l'heure, notamment le rapport de la Cour des comptes li\u00e9 \u00e0 la gestion des Fonds destin\u00e9s \u00e0 la lutte contre la Covid-19 au S\u00e9n\u00e9gal. Nous avons pu \u00e9changer avec le gouvernement. Nous avons exprim\u00e9 au Premier ministre la rupture de confiance qu'il y a entre ceux qui sont cens\u00e9s nous diriger et la plupart du peuple s\u00e9n\u00e9galais. C'est en vertu de cela que la plupart de ceux qui ont appris que \"Sunu milliard dou rees\" va participer \u00e0 cette concertation, ont estim\u00e9 que cela n'en valait pas la peine. Parce qu'ils ont vu que quand le pr\u00e9sident Macky Sall a appel\u00e9 \u00e0 l'union sacr\u00e9e, nous faisions partie des acteurs qui \u00e9taient venus lui donner nos id\u00e9es par rapport \u00e0 la lutte contre la pand\u00e9mie et faire des recommandations fortes par rapport \u00e0 la gestion de ces milliards. Et nous avons vu ce qu'ils en ont fait. Au finish, on se retrouve avec des milliards du peuple qui ont \u00e9t\u00e9 d\u00e9tourn\u00e9s. Ces m\u00eames citoyens qui ont pens\u00e9 que ce n'\u00e9tait m\u00eame pas utile qu'on vienne \u00e0 cette rencontre-l\u00e0, ont rappel\u00e9 tous ces rapports des corps de contr\u00f4le de l'\u00c9tat - l'OFNAC, la Cour des comptes et d'autres - qui n'ont pas eu de suites judiciaires.<\/p>\n<p><strong>Et qu\u2019est-ce que vous avez dit au Premier ministre ?<\/strong><\/p>\n<p>Nous avons dit au Premier ministre qu'au lieu de donner suite \u00e0 ces rapports qui dorment dans les tiroirs ou sous le coude du pr\u00e9sident, on a vu que ceux qui \u00e9taient \u00e9pingl\u00e9s jusque-l\u00e0 ont eu des promotions venant du pr\u00e9sident de la R\u00e9publique comme pour narguer le peuple. C'est comme \u00e7a qu'on l'a dit au Premier ministre. C'est pourquoi, il y a cette rupture de confiance entre ceux qui nous dirigent et les S\u00e9n\u00e9galais. Mais nous avons estim\u00e9 que tant qu'il est possible de se parler, qu'on viendrait le faire devant le Premier ministre et le gouvernement. C\u2019est ce qu'on a fait aujourd'hui. On leur a dit que les choses ne se r\u00e8gleront pas par la communication. La question de ce rapport et de ses recommandations doit faire l'objet d'une prise en charge tr\u00e8s rapide par les services comp\u00e9tents, la justice s\u00e9n\u00e9galaise. Le gouvernement doit prendre le plus vite possible des dispositions. Le Premier ministre nous a dit que le ministre de la Justice a re\u00e7u les documents de la Cour des comptes jeudi et qu'ils sont en train d'y travailler. Les informations judiciaires demand\u00e9es doivent l'\u00eatre au plus vite. Parce que c'est une exigence populaire. Ils n'ont pas donn\u00e9 de d\u00e9lai. En tout cas, le peuple qui s'est rassembl\u00e9 \u00e0 la Place de la Nation est encore l\u00e0, d\u00e9termin\u00e9 \u00e0 se battre pour qu'on leur rende leurs milliards.<\/p>\n<p><strong>Vous vous \u00eates donn\u00e9 rendez-vous dans un mois...<\/strong><\/p>\n<p>\u00c7a, c'est autre chose. Ils veulent qu'entre le gouvernement et la soci\u00e9t\u00e9 civile, qu'il puisse y avoir des dialogues sur les questions de l'heure. L'autre question importante est que dans la trentaine d'organisations de la soci\u00e9t\u00e9 civile qui sont l\u00e0, aucune n'a pris la parole sans demander la lib\u00e9ration des d\u00e9tenus politiques et de tous les prisonniers d'opinions, mais aussi du journaliste Pape Al\u00e9 Niang. Cela a \u00e9t\u00e9 une demande forte. J'ai dit au Premier ministre que pour les 12 mois qui restent du second et dernier mandat du pr\u00e9sident Macky Sall, qu'il a besoin de travailler. Et cela ne peut se faire sans la s\u00e9r\u00e9nit\u00e9. Et la s\u00e9r\u00e9nit\u00e9 dans ce pays, on ne peut pas l'avoir s'il y a des prisonniers d'opinion. Donc, il faut qu'ils soient lib\u00e9r\u00e9s le plus vite possible. J'esp\u00e8re qu\u2019ils vont tout mettre en \u0153uvre pour que ces personnes soient lib\u00e9r\u00e9es.<\/p>\n<p><strong>En clair, il n\u2019y a pas donc une d\u00e9cision tranch\u00e9e ?<\/strong><\/p>\n<p>Ce qui est important, c'\u00e9tait de venir parler au gouvernement, dire au Premier ministre le message des S\u00e9n\u00e9galais \u00e0 la Place de la Nation et dans les chaumi\u00e8res. Maintenant, nous allons voir la suite qui sera donn\u00e9e. En tout cas, pour ce qui est de nos milliards, la lutte va continuer.<\/p>\n<p><strong>\u00cates-vous rassur\u00e9s au sortir de cette rencontre ?<\/strong><\/p>\n<p>Ce qui importe, encore une fois, c'est qu'on a eu l'opportunit\u00e9 de transmettre. Qu'est-ce qu'ils en feront ? \u00c0 partir de demain, on verra. On reste d\u00e9termin\u00e9s pour la lutte pour que \"gnou goki sunuy milliards\" et la lib\u00e9ration des d\u00e9tenus politiques et d'opinion. Et pour terminer, on ne pouvait avoir une telle rencontre avec le Premier ministre, le ministre de la Justice, sans lui dire \"Jamm mo gueune 3e mandat\". Parce que l'autre facteur de stabilit\u00e9, \u00e0 partir de l\u00e0 jusqu'aux \u00e9lections, c'est que le pr\u00e9sident Macky Sall respecte la Constitution, la parole donn\u00e9e. On a m\u00eame rappel\u00e9 au ministre de la Justice, Ismaila Madior Fall, le travail qu'il a fait dans cette r\u00e9forme de la Constitution pour verrouiller le troisi\u00e8me mandat. On lui a rappel\u00e9 toutes les vid\u00e9os qui existent sur les r\u00e9seaux sociaux et partout dans le monde o\u00f9 il dit clairement que nul ne peut pr\u00e9tendre \u00e0 plus de deux mandats cons\u00e9cutifs au S\u00e9n\u00e9gal. J'esp\u00e8re qu'ils seront \u00e0 la hauteur des aspirations du peuple s\u00e9n\u00e9galais.<\/p>\n<div class='share-to-whatsapp-wrapper'><div class='share-on-whsp'>PARTAGER SUR : <\/div><a data-text='ALIOU SANE - \"Pour nos milliards, nous allons lutter\"' data-link='https:\/\/www.nettali.com\/2023\/01\/04\/aliou-sane-pour-nos-milliards-nous-allons-lutter\/' class='whatsapp-button whatsapp-share'>WhatsApp<\/a><div class='clear '><\/div><\/div>","protected":false},"excerpt":{"rendered":"<p>NETTALI.COM- Le Premier ministre, Amadou Ba, a rencontr\u00e9 les organisations de la soci\u00e9t\u00e9 pour parler du rapport de la Cour des comptes relatif \u00e0 la gestion des fonds forces Covid-19. Au sortir de cette entrevue, Aliou San\u00e9, coordonnateur du mouvement \"Y en marre\", et membre de la soci\u00e9t\u00e9 civile, est revenu sur les d\u00e9tails de [&hellip;]<\/p>\n","protected":false},"author":6,"featured_media":28357,"comment_status":"open","ping_status":"open","sticky":false,"template":"","format":"standard","meta":{"_et_pb_use_builder":"","_et_pb_old_content":""},"categories":[3],"tags":[],"yoast_head":"<!-- This site is optimized with the Yoast SEO Premium plugin v17.8 (Yoast SEO v17.8) - https:\/\/yoast.com\/wordpress\/plugins\/seo\/ -->\n<title>ALIOU SANE - &quot;Pour nos milliards, nous allons lutter&quot; | Nettali.com<\/title>\n<meta name=\"robots\" content=\"index, follow, max-snippet:-1, max-image-preview:large, max-video-preview:-1\" \/>\n<link rel=\"canonical\" href=\"https:\/\/www.nettali.com\/2023\/01\/04\/aliou-sane-pour-nos-milliards-nous-allons-lutter\/\" \/>\n<meta property=\"og:locale\" content=\"fr_FR\" \/>\n<meta property=\"og:type\" content=\"article\" \/>\n<meta property=\"og:title\" content=\"ALIOU SANE - &quot;Pour nos milliards, nous allons lutter&quot;\" \/>\n<meta property=\"og:description\" content=\"NETTALI.COM- Le Premier ministre, Amadou Ba, a rencontr\u00e9 les organisations de la soci\u00e9t\u00e9 pour parler du rapport de la Cour des comptes relatif \u00e0 la gestion des fonds forces Covid-19. Au sortir de cette entrevue, Aliou San\u00e9, coordonnateur du mouvement &quot;Y en marre&quot;, et membre de la soci\u00e9t\u00e9 civile, est revenu sur les d\u00e9tails de [&hellip;]\" \/>\n<meta property=\"og:url\" content=\"https:\/\/www.nettali.com\/2023\/01\/04\/aliou-sane-pour-nos-milliards-nous-allons-lutter\/\" \/>\n<meta property=\"og:site_name\" content=\"Nettali.com\" \/>\n<meta property=\"article:publisher\" content=\"https:\/\/www.facebook.com\/nettalicom\" \/>\n<meta property=\"article:published_time\" content=\"2023-01-04T14:47:36+00:00\" \/>\n<meta property=\"article:modified_time\" content=\"2023-01-05T08:24:01+00:00\" \/>\n<meta property=\"og:image\" content=\"https:\/\/www.nettali.com\/wp-content\/uploads\/2020\/01\/Alioune-SANE.jpg\" \/>\n\t<meta property=\"og:image:width\" content=\"600\" \/>\n\t<meta property=\"og:image:height\" content=\"570\" \/>\n<meta name=\"twitter:card\" content=\"summary_large_image\" \/>\n<meta name=\"twitter:label1\" content=\"\u00c9crit par\" \/>\n\t<meta name=\"twitter:data1\" content=\"Fatou\" \/>\n\t<meta name=\"twitter:label2\" content=\"Dur\u00e9e de lecture estim\u00e9e\" \/>\n\t<meta name=\"twitter:data2\" content=\"5 minutes\" \/>\n<script type=\"application\/ld+json\" class=\"yoast-schema-graph\">{\"@context\":\"https:\/\/schema.org\",\"@graph\":[{\"@type\":\"WebSite\",\"@id\":\"https:\/\/www.nettali.com\/#website\",\"url\":\"https:\/\/www.nettali.com\/\",\"name\":\"Nettali.com\",\"description\":\"Le rendez-vous critique du Net\",\"potentialAction\":[{\"@type\":\"SearchAction\",\"target\":{\"@type\":\"EntryPoint\",\"urlTemplate\":\"https:\/\/www.nettali.com\/?s={search_term_string}\"},\"query-input\":\"required name=search_term_string\"}],\"inLanguage\":\"fr-FR\"},{\"@type\":\"ImageObject\",\"@id\":\"https:\/\/www.nettali.com\/2023\/01\/04\/aliou-sane-pour-nos-milliards-nous-allons-lutter\/#primaryimage\",\"inLanguage\":\"fr-FR\",\"url\":\"https:\/\/www.nettali.com\/wp-content\/uploads\/2020\/01\/Alioune-SANE.jpg\",\"contentUrl\":\"https:\/\/www.nettali.com\/wp-content\/uploads\/2020\/01\/Alioune-SANE.jpg\",\"width\":600,\"height\":570},{\"@type\":\"WebPage\",\"@id\":\"https:\/\/www.nettali.com\/2023\/01\/04\/aliou-sane-pour-nos-milliards-nous-allons-lutter\/#webpage\",\"url\":\"https:\/\/www.nettali.com\/2023\/01\/04\/aliou-sane-pour-nos-milliards-nous-allons-lutter\/\",\"name\":\"ALIOU SANE - \\\"Pour nos milliards, nous allons lutter\\\" | Nettali.com\",\"isPartOf\":{\"@id\":\"https:\/\/www.nettali.com\/#website\"},\"primaryImageOfPage\":{\"@id\":\"https:\/\/www.nettali.com\/2023\/01\/04\/aliou-sane-pour-nos-milliards-nous-allons-lutter\/#primaryimage\"},\"datePublished\":\"2023-01-04T14:47:36+00:00\",\"dateModified\":\"2023-01-05T08:24:01+00:00\",\"author\":{\"@id\":\"https:\/\/www.nettali.com\/#\/schema\/person\/418274a86bdf87caff7a3ef476bd0bbf\"},\"breadcrumb\":{\"@id\":\"https:\/\/www.nettali.com\/2023\/01\/04\/aliou-sane-pour-nos-milliards-nous-allons-lutter\/#breadcrumb\"},\"inLanguage\":\"fr-FR\",\"potentialAction\":[{\"@type\":\"ReadAction\",\"target\":[\"https:\/\/www.nettali.com\/2023\/01\/04\/aliou-sane-pour-nos-milliards-nous-allons-lutter\/\"]}]},{\"@type\":\"BreadcrumbList\",\"@id\":\"https:\/\/www.nettali.com\/2023\/01\/04\/aliou-sane-pour-nos-milliards-nous-allons-lutter\/#breadcrumb\",\"itemListElement\":[{\"@type\":\"ListItem\",\"position\":1,\"name\":\"Accueil\",\"item\":\"https:\/\/www.nettali.com\/\"},{\"@type\":\"ListItem\",\"position\":2,\"name\":\"ALIOU SANE - \\\"Pour nos milliards, nous allons lutter\\\"\"}]},{\"@type\":\"Person\",\"@id\":\"https:\/\/www.nettali.com\/#\/schema\/person\/418274a86bdf87caff7a3ef476bd0bbf\",\"name\":\"Fatou\",\"image\":{\"@type\":\"ImageObject\",\"@id\":\"https:\/\/www.nettali.com\/#personlogo\",\"inLanguage\":\"fr-FR\",\"url\":\"https:\/\/secure.gravatar.com\/avatar\/5a9442a2bee7b4dcf167cab035858e9a?s=96&d=mm&r=g\",\"contentUrl\":\"https:\/\/secure.gravatar.com\/avatar\/5a9442a2bee7b4dcf167cab035858e9a?s=96&d=mm&r=g\",\"caption\":\"Fatou\"},\"sameAs\":[\"https:\/\/www.nettali.com\"]}]}<\/script>\n<!-- \/ Yoast SEO Premium plugin. -->","yoast_head_json":{"title":"ALIOU SANE - \"Pour nos milliards, nous allons lutter\" | Nettali.com","robots":{"index":"index","follow":"follow","max-snippet":"max-snippet:-1","max-image-preview":"max-image-preview:large","max-video-preview":"max-video-preview:-1"},"canonical":"https:\/\/www.nettali.com\/2023\/01\/04\/aliou-sane-pour-nos-milliards-nous-allons-lutter\/","og_locale":"fr_FR","og_type":"article","og_title":"ALIOU SANE - \"Pour nos milliards, nous allons lutter\"","og_description":"NETTALI.COM- Le Premier ministre, Amadou Ba, a rencontr\u00e9 les organisations de la soci\u00e9t\u00e9 pour parler du rapport de la Cour des comptes relatif \u00e0 la gestion des fonds forces Covid-19. Au sortir de cette entrevue, Aliou San\u00e9, coordonnateur du mouvement \"Y en marre\", et membre de la soci\u00e9t\u00e9 civile, est revenu sur les d\u00e9tails de [&hellip;]","og_url":"https:\/\/www.nettali.com\/2023\/01\/04\/aliou-sane-pour-nos-milliards-nous-allons-lutter\/","og_site_name":"Nettali.com","article_publisher":"https:\/\/www.facebook.com\/nettalicom","article_published_time":"2023-01-04T14:47:36+00:00","article_modified_time":"2023-01-05T08:24:01+00:00","og_image":[{"width":600,"height":570,"url":"https:\/\/www.nettali.com\/wp-content\/uploads\/2020\/01\/Alioune-SANE.jpg","type":"image\/jpeg"}],"twitter_card":"summary_large_image","twitter_misc":{"\u00c9crit par":"Fatou","Dur\u00e9e de lecture estim\u00e9e":"5 minutes"},"schema":{"@context":"https:\/\/schema.org","@graph":[{"@type":"WebSite","@id":"https:\/\/www.nettali.com\/#website","url":"https:\/\/www.nettali.com\/","name":"Nettali.com","description":"Le rendez-vous critique du Net","potentialAction":[{"@type":"SearchAction","target":{"@type":"EntryPoint","urlTemplate":"https:\/\/www.nettali.com\/?s={search_term_string}"},"query-input":"required name=search_term_string"}],"inLanguage":"fr-FR"},{"@type":"ImageObject","@id":"https:\/\/www.nettali.com\/2023\/01\/04\/aliou-sane-pour-nos-milliards-nous-allons-lutter\/#primaryimage","inLanguage":"fr-FR","url":"https:\/\/www.nettali.com\/wp-content\/uploads\/2020\/01\/Alioune-SANE.jpg","contentUrl":"https:\/\/www.nettali.com\/wp-content\/uploads\/2020\/01\/Alioune-SANE.jpg","width":600,"height":570},{"@type":"WebPage","@id":"https:\/\/www.nettali.com\/2023\/01\/04\/aliou-sane-pour-nos-milliards-nous-allons-lutter\/#webpage","url":"https:\/\/www.nettali.com\/2023\/01\/04\/aliou-sane-pour-nos-milliards-nous-allons-lutter\/","name":"ALIOU SANE - \"Pour nos milliards, nous allons lutter\" | Nettali.com","isPartOf":{"@id":"https:\/\/www.nettali.com\/#website"},"primaryImageOfPage":{"@id":"https:\/\/www.nettali.com\/2023\/01\/04\/aliou-sane-pour-nos-milliards-nous-allons-lutter\/#primaryimage"},"datePublished":"2023-01-04T14:47:36+00:00","dateModified":"2023-01-05T08:24:01+00:00","author":{"@id":"https:\/\/www.nettali.com\/#\/schema\/person\/418274a86bdf87caff7a3ef476bd0bbf"},"breadcrumb":{"@id":"https:\/\/www.nettali.com\/2023\/01\/04\/aliou-sane-pour-nos-milliards-nous-allons-lutter\/#breadcrumb"},"inLanguage":"fr-FR","potentialAction":[{"@type":"ReadAction","target":["https:\/\/www.nettali.com\/2023\/01\/04\/aliou-sane-pour-nos-milliards-nous-allons-lutter\/"]}]},{"@type":"BreadcrumbList","@id":"https:\/\/www.nettali.com\/2023\/01\/04\/aliou-sane-pour-nos-milliards-nous-allons-lutter\/#breadcrumb","itemListElement":[{"@type":"ListItem","position":1,"name":"Accueil","item":"https:\/\/www.nettali.com\/"},{"@type":"ListItem","position":2,"name":"ALIOU SANE - \"Pour nos milliards, nous allons lutter\""}]},{"@type":"Person","@id":"https:\/\/www.nettali.com\/#\/schema\/person\/418274a86bdf87caff7a3ef476bd0bbf","name":"Fatou","image":{"@type":"ImageObject","@id":"https:\/\/www.nettali.com\/#personlogo","inLanguage":"fr-FR","url":"https:\/\/secure.gravatar.com\/avatar\/5a9442a2bee7b4dcf167cab035858e9a?s=96&d=mm&r=g","contentUrl":"https:\/\/secure.gravatar.com\/avatar\/5a9442a2bee7b4dcf167cab035858e9a?s=96&d=mm&r=g","caption":"Fatou"},"sameAs":["https:\/\/www.nettali.com"]}]}},"_links":{"self":[{"href":"https:\/\/www.nettali.com\/rest\/wp\/v2\/posts\/101089"}],"collection":[{"href":"https:\/\/www.nettali.com\/rest\/wp\/v2\/posts"}],"about":[{"href":"https:\/\/www.nettali.com\/rest\/wp\/v2\/types\/post"}],"author":[{"embeddable":true,"href":"https:\/\/www.nettali.com\/rest\/wp\/v2\/users\/6"}],"replies":[{"embeddable":true,"href":"https:\/\/www.nettali.com\/rest\/wp\/v2\/comments?post=101089"}],"version-history":[{"count":5,"href":"https:\/\/www.nettali.com\/rest\/wp\/v2\/posts\/101089\/revisions"}],"predecessor-version":[{"id":101138,"href":"https:\/\/www.nettali.com\/rest\/wp\/v2\/posts\/101089\/revisions\/101138"}],"wp:featuredmedia":[{"embeddable":true,"href":"https:\/\/www.nettali.com\/rest\/wp\/v2\/media\/28357"}],"wp:attachment":[{"href":"https:\/\/www.nettali.com\/rest\/wp\/v2\/media?parent=101089"}],"wp:term":[{"taxonomy":"category","embeddable":true,"href":"https:\/\/www.nettali.com\/rest\/wp\/v2\/categories?post=101089"},{"taxonomy":"post_tag","embeddable":true,"href":"https:\/\/www.nettali.com\/rest\/wp\/v2\/tags?post=101089"}],"curies":[{"name":"wp","href":"https:\/\/api.w.org\/{rel}","templated":true}]}}