{"id":101044,"date":"2023-01-04T07:48:33","date_gmt":"2023-01-04T07:48:33","guid":{"rendered":"https:\/\/www.nettali.com\/?p=101044"},"modified":"2023-01-04T14:49:00","modified_gmt":"2023-01-04T14:49:00","slug":"rencontre-avec-les-representants-de-la-societe-civile-la-seance-dexplication-damadou-ba-sur-le-rapport-de-la-cour-des-comptes","status":"publish","type":"post","link":"https:\/\/www.nettali.com\/2023\/01\/04\/rencontre-avec-les-representants-de-la-societe-civile-la-seance-dexplication-damadou-ba-sur-le-rapport-de-la-cour-des-comptes\/","title":{"rendered":"RENCONTRE AVEC LES REPR\u00c9SENTANTS DE LA SOCI\u00c9T\u00c9 CIVILE - La s\u00e9ance d'explication d'Amadou Ba sur le rapport de la Cour des comptes"},"content":{"rendered":"<p><strong>NETTALI.COM- Rencontrant ce mardi, les organisations de la soci\u00e9t\u00e9 civile, au petit palais, le Premier ministre, Amadou B\u00e2, est revenu sur les contours du rapport de la Cour des comptes.<\/strong><\/p>\n<p>Les organisations de la soci\u00e9t\u00e9 civile ont \u00e9t\u00e9 re\u00e7ues par le Premier ministre, Amadou Ba, quelques jours apr\u00e8s leur rassemblement \u00e0 la place de la Nation pour exiger la lumi\u00e8re sur la gestion des fonds force Covid19. Ce, apr\u00e8s que la Cour des comptes a divulgu\u00e9 son rapport \u00e9pinglant des ministres et des Dage.<\/p>\n<p>Devant les membres de la soci\u00e9t\u00e9 civile, le Premier ministre est revenu sur les 1000 milliards relatifs auxdits fonds. \u00ab<em> Sur les 1000 milliards de FCFA du Fonds, les manquements relat\u00e9s pour la Cour et pour lesquels une suite judiciaire est recommand\u00e9e portent sur 6,600 milliards de CFA soit environ 0,7 % du montant total d\u00e9caiss\u00e9<\/em> \u00bb, a d\u00e9clar\u00e9 le Premier ministre.<\/p>\n<p>Il ajoute : \u00ab <em>ce montant apparemment modeste en valeur relative est extr\u00eamement important puisqu\u2019il s\u2019agit de la gestion de ressources publiques et de surcro\u00eet en tant de crise sanitaire. De telles pratiques si elles sont av\u00e9r\u00e9es heurtent l\u2019\u00e9thique et n\u2019honorent pas notre administration<\/em> \u00bb.<\/p>\n<p>D\u2019apr\u00e8s le Chef du Gouvernement, l\u2019audit est \u00e0 la fois un enjeu de soci\u00e9t\u00e9 et un m\u00e9canisme de gouvernance contribuant \u00e0 la satisfaction d\u2019un bien commun. Il s\u2019agit, selon lui, d\u2019un processus complexe qui entre en interaction avec de multiples processus destin\u00e9s globalement \u00e0 am\u00e9liorer la gouvernance des organisations.<\/p>\n<p>\u00ab <em>En recourant \u00e0 l\u2019audit, le principal besoin qui est satisfait est la r\u00e9duction de l\u2019asym\u00e9trie d\u2019information. La qualit\u00e9 de l\u2019audit du Fonds de riposte et de solidarit\u00e9 r\u00e9side alors dans la mesure de l\u2019ad\u00e9quation du service rendu aux attentes des citoyens voire \u00e0 la bonne gouvernance de l\u2019\u00c9tat dans une optique des parties prenantes<\/em> \u00bb, a-t-il expliqu\u00e9.<\/p>\n<p>Poursuivant son argumentaire, il ajoute : \u00ab S<em>\u2019il est vrai que l\u2019audit est un m\u00e9canisme de gouvernance et de r\u00e9pression, il s\u2019agit aussi d\u2019un processus technique bas\u00e9 sur des normes qui font appel au jugement c\u2019est-\u00e0-dire, une appr\u00e9ciation professionnelle sur le niveau de conformit\u00e9<\/em> \u00bb.<\/p>\n<p>A en croire, le Premier ministre, le d\u00e9bat sur le rapport devra se faire dans le respect de l\u2019esprit de l\u2019audit, de la rigueur dans l\u2019appr\u00e9ciation objective, des constats ainsi que de sa finalit\u00e9. \u00ab <em>Le rapport de la Cour des comptes sur la base d\u2019une analyse d\u00e9taill\u00e9e a mis en relief beaucoup de points positifs. Comme, il a relev\u00e9 des dysfonctionnements et des insuffisances dans des cas bien pr\u00e9cis en pointant notamment le non-respect de certaines r\u00e8gles aff\u00e9rentes aux proc\u00e9dures de la d\u00e9pense publique<\/em> \u00bb.<\/p>\n<p>Pour contribuer \u00e0 l\u2019am\u00e9lioration du syst\u00e8me de gouvernance en p\u00e9riode normale comme en p\u00e9riode de crise, les analyses de la Cour des comptes sont assorties de 85 recommandations dont certaines sont d\u2019ordre strat\u00e9gique et op\u00e9rationnel. D\u2019abord 18 recommandations visent l\u2019am\u00e9lioration du dispositif de pilotage et de contr\u00f4le. Elles vont toutes dans le sens de mieux encadrer certains r\u00e9gimes d\u00e9rogatoires en mati\u00e8re de march\u00e9s publics, de mettre en place dans la gestion des crises de cadres d\u2019orientation, de suivi et de contr\u00f4le plus op\u00e9rationnels.<\/p>\n<p>En plus, 55 recommandations visent l\u2019am\u00e9lioration du cadre de mobilisation des ressources ainsi que les modalit\u00e9s d\u2019ex\u00e9cution des d\u00e9penses. Elles portent sur le respect des engagements dans le cadre des conventions de financement sur ressources ext\u00e9rieures, mais \u00e9galement sur les besoins d\u2019am\u00e9lioration du syst\u00e8me de la commande publique en mati\u00e8re de preuve et de maniement d\u2019argent. Pour les plus importants, on peut relever la justification des pi\u00e8ces de d\u00e9penses li\u00e9es aux caisses d\u2019avance dans les d\u00e9lais prescrits par la r\u00e9glementation, la n\u00e9cessit\u00e9 de faire jouer la concurrence dans les proc\u00e9dures de march\u00e9s afin de r\u00e9duire notamment les risques de surfacturation, l\u2019exigence d\u2019enregistrement de contrats des march\u00e9s avant leur ex\u00e9cution, la proscription de maniement de ressources publiques par des personnes non habilit\u00e9es.<\/p>\n<p>Par ailleurs, le rapport a mis en exergue des faits constitutifs de fautes de gestion pr\u00e9sum\u00e9es et a formul\u00e9 des recommandations pour l\u2019ouverture d\u2019une information judiciaire concernant les auteurs.<\/p>\n<div class='share-to-whatsapp-wrapper'><div class='share-on-whsp'>PARTAGER SUR : <\/div><a data-text='RENCONTRE AVEC LES REPR\u00c9SENTANTS DE LA SOCI\u00c9T\u00c9 CIVILE - La s\u00e9ance d'explication d'Amadou Ba sur le rapport de la Cour des comptes' data-link='https:\/\/www.nettali.com\/2023\/01\/04\/rencontre-avec-les-representants-de-la-societe-civile-la-seance-dexplication-damadou-ba-sur-le-rapport-de-la-cour-des-comptes\/' class='whatsapp-button whatsapp-share'>WhatsApp<\/a><div class='clear '><\/div><\/div>","protected":false},"excerpt":{"rendered":"<p>NETTALI.COM- Rencontrant ce mardi, les organisations de la soci\u00e9t\u00e9 civile, au petit palais, le Premier ministre, Amadou B\u00e2, est revenu sur les contours du rapport de la Cour des comptes. Les organisations de la soci\u00e9t\u00e9 civile ont \u00e9t\u00e9 re\u00e7ues par le Premier ministre, Amadou Ba, quelques jours apr\u00e8s leur rassemblement \u00e0 la place de la [&hellip;]<\/p>\n","protected":false},"author":6,"featured_media":99540,"comment_status":"open","ping_status":"open","sticky":false,"template":"","format":"standard","meta":{"_et_pb_use_builder":"","_et_pb_old_content":""},"categories":[3],"tags":[],"yoast_head":"<!-- This site is optimized with the Yoast SEO Premium plugin v17.8 (Yoast SEO v17.8) - https:\/\/yoast.com\/wordpress\/plugins\/seo\/ -->\n<title>RENCONTRE AVEC LES REPR\u00c9SENTANTS DE LA SOCI\u00c9T\u00c9 CIVILE - La s\u00e9ance d&#039;explication d&#039;Amadou Ba sur le rapport de la Cour des comptes | Nettali.com<\/title>\n<meta name=\"robots\" content=\"index, follow, max-snippet:-1, max-image-preview:large, max-video-preview:-1\" \/>\n<link rel=\"canonical\" href=\"https:\/\/www.nettali.com\/2023\/01\/04\/rencontre-avec-les-representants-de-la-societe-civile-la-seance-dexplication-damadou-ba-sur-le-rapport-de-la-cour-des-comptes\/\" \/>\n<meta property=\"og:locale\" content=\"fr_FR\" \/>\n<meta property=\"og:type\" content=\"article\" \/>\n<meta property=\"og:title\" content=\"RENCONTRE AVEC LES REPR\u00c9SENTANTS DE LA SOCI\u00c9T\u00c9 CIVILE - La s\u00e9ance d&#039;explication d&#039;Amadou Ba sur le rapport de la Cour des comptes\" \/>\n<meta property=\"og:description\" content=\"NETTALI.COM- Rencontrant ce mardi, les organisations de la soci\u00e9t\u00e9 civile, au petit palais, le Premier ministre, Amadou B\u00e2, est revenu sur les contours du rapport de la Cour des comptes. Les organisations de la soci\u00e9t\u00e9 civile ont \u00e9t\u00e9 re\u00e7ues par le Premier ministre, Amadou Ba, quelques jours apr\u00e8s leur rassemblement \u00e0 la place de la [&hellip;]\" \/>\n<meta property=\"og:url\" content=\"https:\/\/www.nettali.com\/2023\/01\/04\/rencontre-avec-les-representants-de-la-societe-civile-la-seance-dexplication-damadou-ba-sur-le-rapport-de-la-cour-des-comptes\/\" \/>\n<meta property=\"og:site_name\" content=\"Nettali.com\" \/>\n<meta property=\"article:publisher\" content=\"https:\/\/www.facebook.com\/nettalicom\" \/>\n<meta property=\"article:published_time\" content=\"2023-01-04T07:48:33+00:00\" \/>\n<meta property=\"article:modified_time\" content=\"2023-01-04T14:49:00+00:00\" \/>\n<meta property=\"og:image\" content=\"https:\/\/www.nettali.com\/wp-content\/uploads\/2022\/12\/amadou-ba-.jpeg\" \/>\n\t<meta property=\"og:image:width\" content=\"641\" \/>\n\t<meta property=\"og:image:height\" content=\"453\" \/>\n<meta name=\"twitter:card\" content=\"summary_large_image\" \/>\n<meta name=\"twitter:label1\" content=\"\u00c9crit par\" \/>\n\t<meta name=\"twitter:data1\" content=\"Fatou\" \/>\n\t<meta name=\"twitter:label2\" content=\"Dur\u00e9e de lecture estim\u00e9e\" \/>\n\t<meta name=\"twitter:data2\" content=\"4 minutes\" \/>\n<script type=\"application\/ld+json\" class=\"yoast-schema-graph\">{\"@context\":\"https:\/\/schema.org\",\"@graph\":[{\"@type\":\"WebSite\",\"@id\":\"https:\/\/www.nettali.com\/#website\",\"url\":\"https:\/\/www.nettali.com\/\",\"name\":\"Nettali.com\",\"description\":\"Le rendez-vous critique du Net\",\"potentialAction\":[{\"@type\":\"SearchAction\",\"target\":{\"@type\":\"EntryPoint\",\"urlTemplate\":\"https:\/\/www.nettali.com\/?s={search_term_string}\"},\"query-input\":\"required name=search_term_string\"}],\"inLanguage\":\"fr-FR\"},{\"@type\":\"ImageObject\",\"@id\":\"https:\/\/www.nettali.com\/2023\/01\/04\/rencontre-avec-les-representants-de-la-societe-civile-la-seance-dexplication-damadou-ba-sur-le-rapport-de-la-cour-des-comptes\/#primaryimage\",\"inLanguage\":\"fr-FR\",\"url\":\"https:\/\/www.nettali.com\/wp-content\/uploads\/2022\/12\/amadou-ba-.jpeg\",\"contentUrl\":\"https:\/\/www.nettali.com\/wp-content\/uploads\/2022\/12\/amadou-ba-.jpeg\",\"width\":641,\"height\":453},{\"@type\":\"WebPage\",\"@id\":\"https:\/\/www.nettali.com\/2023\/01\/04\/rencontre-avec-les-representants-de-la-societe-civile-la-seance-dexplication-damadou-ba-sur-le-rapport-de-la-cour-des-comptes\/#webpage\",\"url\":\"https:\/\/www.nettali.com\/2023\/01\/04\/rencontre-avec-les-representants-de-la-societe-civile-la-seance-dexplication-damadou-ba-sur-le-rapport-de-la-cour-des-comptes\/\",\"name\":\"RENCONTRE AVEC LES REPR\\u00c9SENTANTS DE LA SOCI\\u00c9T\\u00c9 CIVILE - La s\\u00e9ance d'explication d'Amadou Ba sur le rapport de la Cour des comptes | Nettali.com\",\"isPartOf\":{\"@id\":\"https:\/\/www.nettali.com\/#website\"},\"primaryImageOfPage\":{\"@id\":\"https:\/\/www.nettali.com\/2023\/01\/04\/rencontre-avec-les-representants-de-la-societe-civile-la-seance-dexplication-damadou-ba-sur-le-rapport-de-la-cour-des-comptes\/#primaryimage\"},\"datePublished\":\"2023-01-04T07:48:33+00:00\",\"dateModified\":\"2023-01-04T14:49:00+00:00\",\"author\":{\"@id\":\"https:\/\/www.nettali.com\/#\/schema\/person\/418274a86bdf87caff7a3ef476bd0bbf\"},\"breadcrumb\":{\"@id\":\"https:\/\/www.nettali.com\/2023\/01\/04\/rencontre-avec-les-representants-de-la-societe-civile-la-seance-dexplication-damadou-ba-sur-le-rapport-de-la-cour-des-comptes\/#breadcrumb\"},\"inLanguage\":\"fr-FR\",\"potentialAction\":[{\"@type\":\"ReadAction\",\"target\":[\"https:\/\/www.nettali.com\/2023\/01\/04\/rencontre-avec-les-representants-de-la-societe-civile-la-seance-dexplication-damadou-ba-sur-le-rapport-de-la-cour-des-comptes\/\"]}]},{\"@type\":\"BreadcrumbList\",\"@id\":\"https:\/\/www.nettali.com\/2023\/01\/04\/rencontre-avec-les-representants-de-la-societe-civile-la-seance-dexplication-damadou-ba-sur-le-rapport-de-la-cour-des-comptes\/#breadcrumb\",\"itemListElement\":[{\"@type\":\"ListItem\",\"position\":1,\"name\":\"Accueil\",\"item\":\"https:\/\/www.nettali.com\/\"},{\"@type\":\"ListItem\",\"position\":2,\"name\":\"RENCONTRE AVEC LES REPR\\u00c9SENTANTS DE LA SOCI\\u00c9T\\u00c9 CIVILE - La s\\u00e9ance d'explication d'Amadou Ba sur le rapport de la Cour des comptes\"}]},{\"@type\":\"Person\",\"@id\":\"https:\/\/www.nettali.com\/#\/schema\/person\/418274a86bdf87caff7a3ef476bd0bbf\",\"name\":\"Fatou\",\"image\":{\"@type\":\"ImageObject\",\"@id\":\"https:\/\/www.nettali.com\/#personlogo\",\"inLanguage\":\"fr-FR\",\"url\":\"https:\/\/secure.gravatar.com\/avatar\/5a9442a2bee7b4dcf167cab035858e9a?s=96&d=mm&r=g\",\"contentUrl\":\"https:\/\/secure.gravatar.com\/avatar\/5a9442a2bee7b4dcf167cab035858e9a?s=96&d=mm&r=g\",\"caption\":\"Fatou\"},\"sameAs\":[\"https:\/\/www.nettali.com\"]}]}<\/script>\n<!-- \/ Yoast SEO Premium plugin. -->","yoast_head_json":{"title":"RENCONTRE AVEC LES REPR\u00c9SENTANTS DE LA SOCI\u00c9T\u00c9 CIVILE - La s\u00e9ance d'explication d'Amadou Ba sur le rapport de la Cour des comptes | Nettali.com","robots":{"index":"index","follow":"follow","max-snippet":"max-snippet:-1","max-image-preview":"max-image-preview:large","max-video-preview":"max-video-preview:-1"},"canonical":"https:\/\/www.nettali.com\/2023\/01\/04\/rencontre-avec-les-representants-de-la-societe-civile-la-seance-dexplication-damadou-ba-sur-le-rapport-de-la-cour-des-comptes\/","og_locale":"fr_FR","og_type":"article","og_title":"RENCONTRE AVEC LES REPR\u00c9SENTANTS DE LA SOCI\u00c9T\u00c9 CIVILE - La s\u00e9ance d'explication d'Amadou Ba sur le rapport de la Cour des comptes","og_description":"NETTALI.COM- Rencontrant ce mardi, les organisations de la soci\u00e9t\u00e9 civile, au petit palais, le Premier ministre, Amadou B\u00e2, est revenu sur les contours du rapport de la Cour des comptes. Les organisations de la soci\u00e9t\u00e9 civile ont \u00e9t\u00e9 re\u00e7ues par le Premier ministre, Amadou Ba, quelques jours apr\u00e8s leur rassemblement \u00e0 la place de la [&hellip;]","og_url":"https:\/\/www.nettali.com\/2023\/01\/04\/rencontre-avec-les-representants-de-la-societe-civile-la-seance-dexplication-damadou-ba-sur-le-rapport-de-la-cour-des-comptes\/","og_site_name":"Nettali.com","article_publisher":"https:\/\/www.facebook.com\/nettalicom","article_published_time":"2023-01-04T07:48:33+00:00","article_modified_time":"2023-01-04T14:49:00+00:00","og_image":[{"width":641,"height":453,"url":"https:\/\/www.nettali.com\/wp-content\/uploads\/2022\/12\/amadou-ba-.jpeg","type":"image\/jpeg"}],"twitter_card":"summary_large_image","twitter_misc":{"\u00c9crit par":"Fatou","Dur\u00e9e de lecture estim\u00e9e":"4 minutes"},"schema":{"@context":"https:\/\/schema.org","@graph":[{"@type":"WebSite","@id":"https:\/\/www.nettali.com\/#website","url":"https:\/\/www.nettali.com\/","name":"Nettali.com","description":"Le rendez-vous critique du Net","potentialAction":[{"@type":"SearchAction","target":{"@type":"EntryPoint","urlTemplate":"https:\/\/www.nettali.com\/?s={search_term_string}"},"query-input":"required name=search_term_string"}],"inLanguage":"fr-FR"},{"@type":"ImageObject","@id":"https:\/\/www.nettali.com\/2023\/01\/04\/rencontre-avec-les-representants-de-la-societe-civile-la-seance-dexplication-damadou-ba-sur-le-rapport-de-la-cour-des-comptes\/#primaryimage","inLanguage":"fr-FR","url":"https:\/\/www.nettali.com\/wp-content\/uploads\/2022\/12\/amadou-ba-.jpeg","contentUrl":"https:\/\/www.nettali.com\/wp-content\/uploads\/2022\/12\/amadou-ba-.jpeg","width":641,"height":453},{"@type":"WebPage","@id":"https:\/\/www.nettali.com\/2023\/01\/04\/rencontre-avec-les-representants-de-la-societe-civile-la-seance-dexplication-damadou-ba-sur-le-rapport-de-la-cour-des-comptes\/#webpage","url":"https:\/\/www.nettali.com\/2023\/01\/04\/rencontre-avec-les-representants-de-la-societe-civile-la-seance-dexplication-damadou-ba-sur-le-rapport-de-la-cour-des-comptes\/","name":"RENCONTRE AVEC LES REPR\u00c9SENTANTS DE LA SOCI\u00c9T\u00c9 CIVILE - La s\u00e9ance d'explication d'Amadou Ba sur le rapport de la Cour des comptes | Nettali.com","isPartOf":{"@id":"https:\/\/www.nettali.com\/#website"},"primaryImageOfPage":{"@id":"https:\/\/www.nettali.com\/2023\/01\/04\/rencontre-avec-les-representants-de-la-societe-civile-la-seance-dexplication-damadou-ba-sur-le-rapport-de-la-cour-des-comptes\/#primaryimage"},"datePublished":"2023-01-04T07:48:33+00:00","dateModified":"2023-01-04T14:49:00+00:00","author":{"@id":"https:\/\/www.nettali.com\/#\/schema\/person\/418274a86bdf87caff7a3ef476bd0bbf"},"breadcrumb":{"@id":"https:\/\/www.nettali.com\/2023\/01\/04\/rencontre-avec-les-representants-de-la-societe-civile-la-seance-dexplication-damadou-ba-sur-le-rapport-de-la-cour-des-comptes\/#breadcrumb"},"inLanguage":"fr-FR","potentialAction":[{"@type":"ReadAction","target":["https:\/\/www.nettali.com\/2023\/01\/04\/rencontre-avec-les-representants-de-la-societe-civile-la-seance-dexplication-damadou-ba-sur-le-rapport-de-la-cour-des-comptes\/"]}]},{"@type":"BreadcrumbList","@id":"https:\/\/www.nettali.com\/2023\/01\/04\/rencontre-avec-les-representants-de-la-societe-civile-la-seance-dexplication-damadou-ba-sur-le-rapport-de-la-cour-des-comptes\/#breadcrumb","itemListElement":[{"@type":"ListItem","position":1,"name":"Accueil","item":"https:\/\/www.nettali.com\/"},{"@type":"ListItem","position":2,"name":"RENCONTRE AVEC LES REPR\u00c9SENTANTS DE LA SOCI\u00c9T\u00c9 CIVILE - La s\u00e9ance d'explication d'Amadou Ba sur le rapport de la Cour des comptes"}]},{"@type":"Person","@id":"https:\/\/www.nettali.com\/#\/schema\/person\/418274a86bdf87caff7a3ef476bd0bbf","name":"Fatou","image":{"@type":"ImageObject","@id":"https:\/\/www.nettali.com\/#personlogo","inLanguage":"fr-FR","url":"https:\/\/secure.gravatar.com\/avatar\/5a9442a2bee7b4dcf167cab035858e9a?s=96&d=mm&r=g","contentUrl":"https:\/\/secure.gravatar.com\/avatar\/5a9442a2bee7b4dcf167cab035858e9a?s=96&d=mm&r=g","caption":"Fatou"},"sameAs":["https:\/\/www.nettali.com"]}]}},"_links":{"self":[{"href":"https:\/\/www.nettali.com\/rest\/wp\/v2\/posts\/101044"}],"collection":[{"href":"https:\/\/www.nettali.com\/rest\/wp\/v2\/posts"}],"about":[{"href":"https:\/\/www.nettali.com\/rest\/wp\/v2\/types\/post"}],"author":[{"embeddable":true,"href":"https:\/\/www.nettali.com\/rest\/wp\/v2\/users\/6"}],"replies":[{"embeddable":true,"href":"https:\/\/www.nettali.com\/rest\/wp\/v2\/comments?post=101044"}],"version-history":[{"count":3,"href":"https:\/\/www.nettali.com\/rest\/wp\/v2\/posts\/101044\/revisions"}],"predecessor-version":[{"id":101050,"href":"https:\/\/www.nettali.com\/rest\/wp\/v2\/posts\/101044\/revisions\/101050"}],"wp:featuredmedia":[{"embeddable":true,"href":"https:\/\/www.nettali.com\/rest\/wp\/v2\/media\/99540"}],"wp:attachment":[{"href":"https:\/\/www.nettali.com\/rest\/wp\/v2\/media?parent=101044"}],"wp:term":[{"taxonomy":"category","embeddable":true,"href":"https:\/\/www.nettali.com\/rest\/wp\/v2\/categories?post=101044"},{"taxonomy":"post_tag","embeddable":true,"href":"https:\/\/www.nettali.com\/rest\/wp\/v2\/tags?post=101044"}],"curies":[{"name":"wp","href":"https:\/\/api.w.org\/{rel}","templated":true}]}}