{"id":101010,"date":"2023-01-03T16:44:38","date_gmt":"2023-01-03T16:44:38","guid":{"rendered":"https:\/\/www.nettali.com\/?p=101010"},"modified":"2023-01-03T19:45:13","modified_gmt":"2023-01-03T19:45:13","slug":"mercato-edouard-mendy-nira-finalement-pas-au-milan-ac","status":"publish","type":"post","link":"https:\/\/www.nettali.com\/2023\/01\/03\/mercato-edouard-mendy-nira-finalement-pas-au-milan-ac\/","title":{"rendered":"MERCATO - Edouard Mendy n'ira finalement pas au Milan Ac"},"content":{"rendered":"<p><strong>NETTALI.COM - Ces derniers jours, la rumeur d\u2019un \u00e9ventuelle offre de l\u2019AC Milan pour Edouard Mendy coulait beaucoup d\u2019encres. Mais le gardien de but de Chelsea n\u2019\u00e9tait finalement qu\u2019une piste parmi tant d\u2019autres et les Rossoneri ont tranch\u00e9 en sa d\u00e9faveur. Les Champions d\u2019Italie en titre viennent en effet d\u2019annoncer l\u2019arriv\u00e9 d\u2019un portier colombien, en remplacement \u00e0 Mike Maignan bless\u00e9.<\/strong><\/p>\n<p><em>\u00abL\u2019AC Milan est heureux d\u2019annoncer qu\u2019il a d\u00e9finitivement acquis la signature du footballeur Devis Estiven V\u00e1squez Llach du Club Guaran\u00ec. Le gardien a sign\u00e9 un contrat avec le club des Rossoneri jusqu\u2019au 30 juin 2026. N\u00e9 \u00e0 Barranquilla en Colombie, Devis a fait ses d\u00e9buts en \u00e9quipe premi\u00e8re en 2021 et, en deux saisons avec le Club Guaran\u00ec, il a fait 28 apparitions en championnat et 3 en Copa Libertadores\u00bb<\/em>, informe le club lombard dans un communiqu\u00e9 publi\u00e9 sur le site officiel.<\/p>\n<p>Edouard Mendy peut donc dire \u00e0 dieu \u00e0 la piste milanaise.<\/p>\n<div class='share-to-whatsapp-wrapper'><div class='share-on-whsp'>PARTAGER SUR : <\/div><a data-text='MERCATO - Edouard Mendy n'ira finalement pas au Milan Ac' data-link='https:\/\/www.nettali.com\/2023\/01\/03\/mercato-edouard-mendy-nira-finalement-pas-au-milan-ac\/' class='whatsapp-button whatsapp-share'>WhatsApp<\/a><div class='clear '><\/div><\/div>","protected":false},"excerpt":{"rendered":"<p>NETTALI.COM - Ces derniers jours, la rumeur d\u2019un \u00e9ventuelle offre de l\u2019AC Milan pour Edouard Mendy coulait beaucoup d\u2019encres. Mais le gardien de but de Chelsea n\u2019\u00e9tait finalement qu\u2019une piste parmi tant d\u2019autres et les Rossoneri ont tranch\u00e9 en sa d\u00e9faveur. Les Champions d\u2019Italie en titre viennent en effet d\u2019annoncer l\u2019arriv\u00e9 d\u2019un portier colombien, en [&hellip;]<\/p>\n","protected":false},"author":4,"featured_media":101033,"comment_status":"open","ping_status":"open","sticky":false,"template":"","format":"standard","meta":{"_et_pb_use_builder":"","_et_pb_old_content":""},"categories":[6],"tags":[],"yoast_head":"<!-- This site is optimized with the Yoast SEO Premium plugin v17.8 (Yoast SEO v17.8) - https:\/\/yoast.com\/wordpress\/plugins\/seo\/ -->\n<title>MERCATO - Edouard Mendy n&#039;ira finalement pas au Milan Ac | Nettali.com<\/title>\n<meta name=\"robots\" content=\"index, follow, max-snippet:-1, max-image-preview:large, max-video-preview:-1\" \/>\n<link rel=\"canonical\" href=\"https:\/\/www.nettali.com\/2023\/01\/03\/mercato-edouard-mendy-nira-finalement-pas-au-milan-ac\/\" \/>\n<meta property=\"og:locale\" content=\"fr_FR\" \/>\n<meta property=\"og:type\" content=\"article\" \/>\n<meta property=\"og:title\" content=\"MERCATO - Edouard Mendy n&#039;ira finalement pas au Milan Ac\" \/>\n<meta property=\"og:description\" content=\"NETTALI.COM - Ces derniers jours, la rumeur d\u2019un \u00e9ventuelle offre de l\u2019AC Milan pour Edouard Mendy coulait beaucoup d\u2019encres. Mais le gardien de but de Chelsea n\u2019\u00e9tait finalement qu\u2019une piste parmi tant d\u2019autres et les Rossoneri ont tranch\u00e9 en sa d\u00e9faveur. Les Champions d\u2019Italie en titre viennent en effet d\u2019annoncer l\u2019arriv\u00e9 d\u2019un portier colombien, en [&hellip;]\" \/>\n<meta property=\"og:url\" content=\"https:\/\/www.nettali.com\/2023\/01\/03\/mercato-edouard-mendy-nira-finalement-pas-au-milan-ac\/\" \/>\n<meta property=\"og:site_name\" content=\"Nettali.com\" \/>\n<meta property=\"article:publisher\" content=\"https:\/\/www.facebook.com\/nettalicom\" \/>\n<meta property=\"article:published_time\" content=\"2023-01-03T16:44:38+00:00\" \/>\n<meta property=\"article:modified_time\" content=\"2023-01-03T19:45:13+00:00\" \/>\n<meta property=\"og:image\" content=\"https:\/\/www.nettali.com\/wp-content\/uploads\/2023\/01\/edouard-mendy-chelsea-2020-21_11l6uc8zqkb901gix663k33x5y.jpg\" \/>\n\t<meta property=\"og:image:width\" content=\"1920\" \/>\n\t<meta property=\"og:image:height\" content=\"1080\" \/>\n<meta name=\"twitter:card\" content=\"summary_large_image\" \/>\n<meta name=\"twitter:label1\" content=\"\u00c9crit par\" \/>\n\t<meta name=\"twitter:data1\" content=\"Daouda\" \/>\n\t<meta name=\"twitter:label2\" content=\"Dur\u00e9e de lecture estim\u00e9e\" \/>\n\t<meta name=\"twitter:data2\" content=\"1 minute\" \/>\n<script type=\"application\/ld+json\" class=\"yoast-schema-graph\">{\"@context\":\"https:\/\/schema.org\",\"@graph\":[{\"@type\":\"WebSite\",\"@id\":\"https:\/\/www.nettali.com\/#website\",\"url\":\"https:\/\/www.nettali.com\/\",\"name\":\"Nettali.com\",\"description\":\"Le rendez-vous critique du Net\",\"potentialAction\":[{\"@type\":\"SearchAction\",\"target\":{\"@type\":\"EntryPoint\",\"urlTemplate\":\"https:\/\/www.nettali.com\/?s={search_term_string}\"},\"query-input\":\"required name=search_term_string\"}],\"inLanguage\":\"fr-FR\"},{\"@type\":\"ImageObject\",\"@id\":\"https:\/\/www.nettali.com\/2023\/01\/03\/mercato-edouard-mendy-nira-finalement-pas-au-milan-ac\/#primaryimage\",\"inLanguage\":\"fr-FR\",\"url\":\"https:\/\/www.nettali.com\/wp-content\/uploads\/2023\/01\/edouard-mendy-chelsea-2020-21_11l6uc8zqkb901gix663k33x5y.jpg\",\"contentUrl\":\"https:\/\/www.nettali.com\/wp-content\/uploads\/2023\/01\/edouard-mendy-chelsea-2020-21_11l6uc8zqkb901gix663k33x5y.jpg\",\"width\":1920,\"height\":1080},{\"@type\":\"WebPage\",\"@id\":\"https:\/\/www.nettali.com\/2023\/01\/03\/mercato-edouard-mendy-nira-finalement-pas-au-milan-ac\/#webpage\",\"url\":\"https:\/\/www.nettali.com\/2023\/01\/03\/mercato-edouard-mendy-nira-finalement-pas-au-milan-ac\/\",\"name\":\"MERCATO - Edouard Mendy n'ira finalement pas au Milan Ac | Nettali.com\",\"isPartOf\":{\"@id\":\"https:\/\/www.nettali.com\/#website\"},\"primaryImageOfPage\":{\"@id\":\"https:\/\/www.nettali.com\/2023\/01\/03\/mercato-edouard-mendy-nira-finalement-pas-au-milan-ac\/#primaryimage\"},\"datePublished\":\"2023-01-03T16:44:38+00:00\",\"dateModified\":\"2023-01-03T19:45:13+00:00\",\"author\":{\"@id\":\"https:\/\/www.nettali.com\/#\/schema\/person\/3317e0bb3aa1da309fbf7b2780901bf4\"},\"breadcrumb\":{\"@id\":\"https:\/\/www.nettali.com\/2023\/01\/03\/mercato-edouard-mendy-nira-finalement-pas-au-milan-ac\/#breadcrumb\"},\"inLanguage\":\"fr-FR\",\"potentialAction\":[{\"@type\":\"ReadAction\",\"target\":[\"https:\/\/www.nettali.com\/2023\/01\/03\/mercato-edouard-mendy-nira-finalement-pas-au-milan-ac\/\"]}]},{\"@type\":\"BreadcrumbList\",\"@id\":\"https:\/\/www.nettali.com\/2023\/01\/03\/mercato-edouard-mendy-nira-finalement-pas-au-milan-ac\/#breadcrumb\",\"itemListElement\":[{\"@type\":\"ListItem\",\"position\":1,\"name\":\"Accueil\",\"item\":\"https:\/\/www.nettali.com\/\"},{\"@type\":\"ListItem\",\"position\":2,\"name\":\"MERCATO - Edouard Mendy n'ira finalement pas au Milan Ac\"}]},{\"@type\":\"Person\",\"@id\":\"https:\/\/www.nettali.com\/#\/schema\/person\/3317e0bb3aa1da309fbf7b2780901bf4\",\"name\":\"Daouda\",\"image\":{\"@type\":\"ImageObject\",\"@id\":\"https:\/\/www.nettali.com\/#personlogo\",\"inLanguage\":\"fr-FR\",\"url\":\"https:\/\/secure.gravatar.com\/avatar\/8d143b5a49345098ddcfee1c49c2f47c?s=96&d=mm&r=g\",\"contentUrl\":\"https:\/\/secure.gravatar.com\/avatar\/8d143b5a49345098ddcfee1c49c2f47c?s=96&d=mm&r=g\",\"caption\":\"Daouda\"},\"sameAs\":[\"https:\/\/www.nettali.com\"]}]}<\/script>\n<!-- \/ Yoast SEO Premium plugin. -->","yoast_head_json":{"title":"MERCATO - Edouard Mendy n'ira finalement pas au Milan Ac | Nettali.com","robots":{"index":"index","follow":"follow","max-snippet":"max-snippet:-1","max-image-preview":"max-image-preview:large","max-video-preview":"max-video-preview:-1"},"canonical":"https:\/\/www.nettali.com\/2023\/01\/03\/mercato-edouard-mendy-nira-finalement-pas-au-milan-ac\/","og_locale":"fr_FR","og_type":"article","og_title":"MERCATO - Edouard Mendy n'ira finalement pas au Milan Ac","og_description":"NETTALI.COM - Ces derniers jours, la rumeur d\u2019un \u00e9ventuelle offre de l\u2019AC Milan pour Edouard Mendy coulait beaucoup d\u2019encres. Mais le gardien de but de Chelsea n\u2019\u00e9tait finalement qu\u2019une piste parmi tant d\u2019autres et les Rossoneri ont tranch\u00e9 en sa d\u00e9faveur. Les Champions d\u2019Italie en titre viennent en effet d\u2019annoncer l\u2019arriv\u00e9 d\u2019un portier colombien, en [&hellip;]","og_url":"https:\/\/www.nettali.com\/2023\/01\/03\/mercato-edouard-mendy-nira-finalement-pas-au-milan-ac\/","og_site_name":"Nettali.com","article_publisher":"https:\/\/www.facebook.com\/nettalicom","article_published_time":"2023-01-03T16:44:38+00:00","article_modified_time":"2023-01-03T19:45:13+00:00","og_image":[{"width":1920,"height":1080,"url":"https:\/\/www.nettali.com\/wp-content\/uploads\/2023\/01\/edouard-mendy-chelsea-2020-21_11l6uc8zqkb901gix663k33x5y.jpg","type":"image\/jpeg"}],"twitter_card":"summary_large_image","twitter_misc":{"\u00c9crit par":"Daouda","Dur\u00e9e de lecture estim\u00e9e":"1 minute"},"schema":{"@context":"https:\/\/schema.org","@graph":[{"@type":"WebSite","@id":"https:\/\/www.nettali.com\/#website","url":"https:\/\/www.nettali.com\/","name":"Nettali.com","description":"Le rendez-vous critique du Net","potentialAction":[{"@type":"SearchAction","target":{"@type":"EntryPoint","urlTemplate":"https:\/\/www.nettali.com\/?s={search_term_string}"},"query-input":"required name=search_term_string"}],"inLanguage":"fr-FR"},{"@type":"ImageObject","@id":"https:\/\/www.nettali.com\/2023\/01\/03\/mercato-edouard-mendy-nira-finalement-pas-au-milan-ac\/#primaryimage","inLanguage":"fr-FR","url":"https:\/\/www.nettali.com\/wp-content\/uploads\/2023\/01\/edouard-mendy-chelsea-2020-21_11l6uc8zqkb901gix663k33x5y.jpg","contentUrl":"https:\/\/www.nettali.com\/wp-content\/uploads\/2023\/01\/edouard-mendy-chelsea-2020-21_11l6uc8zqkb901gix663k33x5y.jpg","width":1920,"height":1080},{"@type":"WebPage","@id":"https:\/\/www.nettali.com\/2023\/01\/03\/mercato-edouard-mendy-nira-finalement-pas-au-milan-ac\/#webpage","url":"https:\/\/www.nettali.com\/2023\/01\/03\/mercato-edouard-mendy-nira-finalement-pas-au-milan-ac\/","name":"MERCATO - Edouard Mendy n'ira finalement pas au Milan Ac | Nettali.com","isPartOf":{"@id":"https:\/\/www.nettali.com\/#website"},"primaryImageOfPage":{"@id":"https:\/\/www.nettali.com\/2023\/01\/03\/mercato-edouard-mendy-nira-finalement-pas-au-milan-ac\/#primaryimage"},"datePublished":"2023-01-03T16:44:38+00:00","dateModified":"2023-01-03T19:45:13+00:00","author":{"@id":"https:\/\/www.nettali.com\/#\/schema\/person\/3317e0bb3aa1da309fbf7b2780901bf4"},"breadcrumb":{"@id":"https:\/\/www.nettali.com\/2023\/01\/03\/mercato-edouard-mendy-nira-finalement-pas-au-milan-ac\/#breadcrumb"},"inLanguage":"fr-FR","potentialAction":[{"@type":"ReadAction","target":["https:\/\/www.nettali.com\/2023\/01\/03\/mercato-edouard-mendy-nira-finalement-pas-au-milan-ac\/"]}]},{"@type":"BreadcrumbList","@id":"https:\/\/www.nettali.com\/2023\/01\/03\/mercato-edouard-mendy-nira-finalement-pas-au-milan-ac\/#breadcrumb","itemListElement":[{"@type":"ListItem","position":1,"name":"Accueil","item":"https:\/\/www.nettali.com\/"},{"@type":"ListItem","position":2,"name":"MERCATO - Edouard Mendy n'ira finalement pas au Milan Ac"}]},{"@type":"Person","@id":"https:\/\/www.nettali.com\/#\/schema\/person\/3317e0bb3aa1da309fbf7b2780901bf4","name":"Daouda","image":{"@type":"ImageObject","@id":"https:\/\/www.nettali.com\/#personlogo","inLanguage":"fr-FR","url":"https:\/\/secure.gravatar.com\/avatar\/8d143b5a49345098ddcfee1c49c2f47c?s=96&d=mm&r=g","contentUrl":"https:\/\/secure.gravatar.com\/avatar\/8d143b5a49345098ddcfee1c49c2f47c?s=96&d=mm&r=g","caption":"Daouda"},"sameAs":["https:\/\/www.nettali.com"]}]}},"_links":{"self":[{"href":"https:\/\/www.nettali.com\/rest\/wp\/v2\/posts\/101010"}],"collection":[{"href":"https:\/\/www.nettali.com\/rest\/wp\/v2\/posts"}],"about":[{"href":"https:\/\/www.nettali.com\/rest\/wp\/v2\/types\/post"}],"author":[{"embeddable":true,"href":"https:\/\/www.nettali.com\/rest\/wp\/v2\/users\/4"}],"replies":[{"embeddable":true,"href":"https:\/\/www.nettali.com\/rest\/wp\/v2\/comments?post=101010"}],"version-history":[{"count":3,"href":"https:\/\/www.nettali.com\/rest\/wp\/v2\/posts\/101010\/revisions"}],"predecessor-version":[{"id":101035,"href":"https:\/\/www.nettali.com\/rest\/wp\/v2\/posts\/101010\/revisions\/101035"}],"wp:featuredmedia":[{"embeddable":true,"href":"https:\/\/www.nettali.com\/rest\/wp\/v2\/media\/101033"}],"wp:attachment":[{"href":"https:\/\/www.nettali.com\/rest\/wp\/v2\/media?parent=101010"}],"wp:term":[{"taxonomy":"category","embeddable":true,"href":"https:\/\/www.nettali.com\/rest\/wp\/v2\/categories?post=101010"},{"taxonomy":"post_tag","embeddable":true,"href":"https:\/\/www.nettali.com\/rest\/wp\/v2\/tags?post=101010"}],"curies":[{"name":"wp","href":"https:\/\/api.w.org\/{rel}","templated":true}]}}