{"id":101002,"date":"2023-01-03T15:00:22","date_gmt":"2023-01-03T15:00:22","guid":{"rendered":"https:\/\/www.nettali.com\/?p=101002"},"modified":"2023-01-03T17:55:04","modified_gmt":"2023-01-03T17:55:04","slug":"liberte-provisoire-le-juge-dit-niet-a-pape-ale-niang","status":"publish","type":"post","link":"https:\/\/www.nettali.com\/2023\/01\/03\/liberte-provisoire-le-juge-dit-niet-a-pape-ale-niang\/","title":{"rendered":"LIBERTE PROVISOIRE- Le juge dit niet \u00e0  Pape Al\u00e9 Niang"},"content":{"rendered":"<p><strong>NETTALI.COM- Pape Al\u00e9 Niang reste en prison. Le juge du deuxi\u00e8me cabinet d'instruction a d\u00e9clar\u00e9 sa demande de libert\u00e9 provisoire irrecevable.\u00a0<\/strong><\/p>\n<p><em>\"Comme tout le monde s'y attendait, le procureur de la R\u00e9publique s'est oppos\u00e9 \u00e0 la demande de libert\u00e9 provisoire du journaliste d'investigations Pape Al\u00e9 Niang et plus naturellement le juge charg\u00e9 du dossier a d\u00e9clar\u00e9 irrecevable ladite demande\"<\/em>, a inform\u00e9 Me Cir\u00e9 Cl\u00e9dor Ly dans un message adress\u00e9 aux m\u00e9dias.<\/p>\n<p>En effet, les dispositions de l'article 139 du code de proc\u00e9dure p\u00e9nale ne donne aucune possibilit\u00e9 au juge d'instruction. Lorsque le procureur s'oppose\u00a0 en mati\u00e8re de diffusion de fausse nouvelles, la demande de mise en libert\u00e9 provisoire est irrecevable.<\/p>\n<p>Inculp\u00e9 pour diffusion de fausses nouvelles, de divulgation d'informations militaires non rendues publiques par l'autorit\u00e9 comp\u00e9tente de nature \u00e0 nuire \u00e0 la d\u00e9fense nationale et de recel de documents, le journaliste avait \u00e9t\u00e9 mis en libert\u00e9 provisoire et plac\u00e9 sous contr\u00f4le judiciaire apr\u00e8s une trentaine de jours de d\u00e9tention pr\u00e9ventive.<\/p>\n<p>Cependant, cinq jours apr\u00e8s sa lib\u00e9ration, il a \u00e9t\u00e9 renvoy\u00e9 en prison suite \u00e0 la r\u00e9vocation de son contr\u00f4le judiciaire. Depuis son retour en prison, Pape Al\u00e9 Niang observe une gr\u00e8ve de la faim qui l'a conduit \u00e0 l'h\u00f4pital.<\/p>\n<div class='share-to-whatsapp-wrapper'><div class='share-on-whsp'>PARTAGER SUR : <\/div><a data-text='LIBERTE PROVISOIRE- Le juge dit niet \u00e0  Pape Al\u00e9 Niang' data-link='https:\/\/www.nettali.com\/2023\/01\/03\/liberte-provisoire-le-juge-dit-niet-a-pape-ale-niang\/' class='whatsapp-button whatsapp-share'>WhatsApp<\/a><div class='clear '><\/div><\/div>","protected":false},"excerpt":{"rendered":"<p>NETTALI.COM- Pape Al\u00e9 Niang reste en prison. Le juge du deuxi\u00e8me cabinet d'instruction a d\u00e9clar\u00e9 sa demande de libert\u00e9 provisoire irrecevable.\u00a0 \"Comme tout le monde s'y attendait, le procureur de la R\u00e9publique s'est oppos\u00e9 \u00e0 la demande de libert\u00e9 provisoire du journaliste d'investigations Pape Al\u00e9 Niang et plus naturellement le juge charg\u00e9 du dossier a [&hellip;]<\/p>\n","protected":false},"author":6,"featured_media":100958,"comment_status":"open","ping_status":"open","sticky":false,"template":"","format":"standard","meta":{"_et_pb_use_builder":"","_et_pb_old_content":""},"categories":[3],"tags":[],"yoast_head":"<!-- This site is optimized with the Yoast SEO Premium plugin v17.8 (Yoast SEO v17.8) - https:\/\/yoast.com\/wordpress\/plugins\/seo\/ -->\n<title>LIBERTE PROVISOIRE- Le juge dit niet \u00e0 Pape Al\u00e9 Niang | Nettali.com<\/title>\n<meta name=\"robots\" content=\"index, follow, max-snippet:-1, max-image-preview:large, max-video-preview:-1\" \/>\n<link rel=\"canonical\" href=\"https:\/\/www.nettali.com\/2023\/01\/03\/liberte-provisoire-le-juge-dit-niet-a-pape-ale-niang\/\" \/>\n<meta property=\"og:locale\" content=\"fr_FR\" \/>\n<meta property=\"og:type\" content=\"article\" \/>\n<meta property=\"og:title\" content=\"LIBERTE PROVISOIRE- Le juge dit niet \u00e0 Pape Al\u00e9 Niang\" \/>\n<meta property=\"og:description\" content=\"NETTALI.COM- Pape Al\u00e9 Niang reste en prison. Le juge du deuxi\u00e8me cabinet d&#039;instruction a d\u00e9clar\u00e9 sa demande de libert\u00e9 provisoire irrecevable.\u00a0 &quot;Comme tout le monde s&#039;y attendait, le procureur de la R\u00e9publique s&#039;est oppos\u00e9 \u00e0 la demande de libert\u00e9 provisoire du journaliste d&#039;investigations Pape Al\u00e9 Niang et plus naturellement le juge charg\u00e9 du dossier a [&hellip;]\" \/>\n<meta property=\"og:url\" content=\"https:\/\/www.nettali.com\/2023\/01\/03\/liberte-provisoire-le-juge-dit-niet-a-pape-ale-niang\/\" \/>\n<meta property=\"og:site_name\" content=\"Nettali.com\" \/>\n<meta property=\"article:publisher\" content=\"https:\/\/www.facebook.com\/nettalicom\" \/>\n<meta property=\"article:published_time\" content=\"2023-01-03T15:00:22+00:00\" \/>\n<meta property=\"article:modified_time\" content=\"2023-01-03T17:55:04+00:00\" \/>\n<meta property=\"og:image\" content=\"https:\/\/www.nettali.com\/wp-content\/uploads\/2023\/01\/arton22991.jpg\" \/>\n\t<meta property=\"og:image:width\" content=\"755\" \/>\n\t<meta property=\"og:image:height\" content=\"449\" \/>\n<meta name=\"twitter:card\" content=\"summary_large_image\" \/>\n<meta name=\"twitter:label1\" content=\"\u00c9crit par\" \/>\n\t<meta name=\"twitter:data1\" content=\"Fatou\" \/>\n\t<meta name=\"twitter:label2\" content=\"Dur\u00e9e de lecture estim\u00e9e\" \/>\n\t<meta name=\"twitter:data2\" content=\"2 minutes\" \/>\n<script type=\"application\/ld+json\" class=\"yoast-schema-graph\">{\"@context\":\"https:\/\/schema.org\",\"@graph\":[{\"@type\":\"WebSite\",\"@id\":\"https:\/\/www.nettali.com\/#website\",\"url\":\"https:\/\/www.nettali.com\/\",\"name\":\"Nettali.com\",\"description\":\"Le rendez-vous critique du Net\",\"potentialAction\":[{\"@type\":\"SearchAction\",\"target\":{\"@type\":\"EntryPoint\",\"urlTemplate\":\"https:\/\/www.nettali.com\/?s={search_term_string}\"},\"query-input\":\"required name=search_term_string\"}],\"inLanguage\":\"fr-FR\"},{\"@type\":\"ImageObject\",\"@id\":\"https:\/\/www.nettali.com\/2023\/01\/03\/liberte-provisoire-le-juge-dit-niet-a-pape-ale-niang\/#primaryimage\",\"inLanguage\":\"fr-FR\",\"url\":\"https:\/\/www.nettali.com\/wp-content\/uploads\/2023\/01\/arton22991.jpg\",\"contentUrl\":\"https:\/\/www.nettali.com\/wp-content\/uploads\/2023\/01\/arton22991.jpg\",\"width\":755,\"height\":449},{\"@type\":\"WebPage\",\"@id\":\"https:\/\/www.nettali.com\/2023\/01\/03\/liberte-provisoire-le-juge-dit-niet-a-pape-ale-niang\/#webpage\",\"url\":\"https:\/\/www.nettali.com\/2023\/01\/03\/liberte-provisoire-le-juge-dit-niet-a-pape-ale-niang\/\",\"name\":\"LIBERTE PROVISOIRE- Le juge dit niet \\u00e0 Pape Al\\u00e9 Niang | Nettali.com\",\"isPartOf\":{\"@id\":\"https:\/\/www.nettali.com\/#website\"},\"primaryImageOfPage\":{\"@id\":\"https:\/\/www.nettali.com\/2023\/01\/03\/liberte-provisoire-le-juge-dit-niet-a-pape-ale-niang\/#primaryimage\"},\"datePublished\":\"2023-01-03T15:00:22+00:00\",\"dateModified\":\"2023-01-03T17:55:04+00:00\",\"author\":{\"@id\":\"https:\/\/www.nettali.com\/#\/schema\/person\/418274a86bdf87caff7a3ef476bd0bbf\"},\"breadcrumb\":{\"@id\":\"https:\/\/www.nettali.com\/2023\/01\/03\/liberte-provisoire-le-juge-dit-niet-a-pape-ale-niang\/#breadcrumb\"},\"inLanguage\":\"fr-FR\",\"potentialAction\":[{\"@type\":\"ReadAction\",\"target\":[\"https:\/\/www.nettali.com\/2023\/01\/03\/liberte-provisoire-le-juge-dit-niet-a-pape-ale-niang\/\"]}]},{\"@type\":\"BreadcrumbList\",\"@id\":\"https:\/\/www.nettali.com\/2023\/01\/03\/liberte-provisoire-le-juge-dit-niet-a-pape-ale-niang\/#breadcrumb\",\"itemListElement\":[{\"@type\":\"ListItem\",\"position\":1,\"name\":\"Accueil\",\"item\":\"https:\/\/www.nettali.com\/\"},{\"@type\":\"ListItem\",\"position\":2,\"name\":\"LIBERTE PROVISOIRE- Le juge dit niet \\u00e0 Pape Al\\u00e9 Niang\"}]},{\"@type\":\"Person\",\"@id\":\"https:\/\/www.nettali.com\/#\/schema\/person\/418274a86bdf87caff7a3ef476bd0bbf\",\"name\":\"Fatou\",\"image\":{\"@type\":\"ImageObject\",\"@id\":\"https:\/\/www.nettali.com\/#personlogo\",\"inLanguage\":\"fr-FR\",\"url\":\"https:\/\/secure.gravatar.com\/avatar\/5a9442a2bee7b4dcf167cab035858e9a?s=96&d=mm&r=g\",\"contentUrl\":\"https:\/\/secure.gravatar.com\/avatar\/5a9442a2bee7b4dcf167cab035858e9a?s=96&d=mm&r=g\",\"caption\":\"Fatou\"},\"sameAs\":[\"https:\/\/www.nettali.com\"]}]}<\/script>\n<!-- \/ Yoast SEO Premium plugin. -->","yoast_head_json":{"title":"LIBERTE PROVISOIRE- Le juge dit niet \u00e0 Pape Al\u00e9 Niang | Nettali.com","robots":{"index":"index","follow":"follow","max-snippet":"max-snippet:-1","max-image-preview":"max-image-preview:large","max-video-preview":"max-video-preview:-1"},"canonical":"https:\/\/www.nettali.com\/2023\/01\/03\/liberte-provisoire-le-juge-dit-niet-a-pape-ale-niang\/","og_locale":"fr_FR","og_type":"article","og_title":"LIBERTE PROVISOIRE- Le juge dit niet \u00e0 Pape Al\u00e9 Niang","og_description":"NETTALI.COM- Pape Al\u00e9 Niang reste en prison. Le juge du deuxi\u00e8me cabinet d'instruction a d\u00e9clar\u00e9 sa demande de libert\u00e9 provisoire irrecevable.\u00a0 \"Comme tout le monde s'y attendait, le procureur de la R\u00e9publique s'est oppos\u00e9 \u00e0 la demande de libert\u00e9 provisoire du journaliste d'investigations Pape Al\u00e9 Niang et plus naturellement le juge charg\u00e9 du dossier a [&hellip;]","og_url":"https:\/\/www.nettali.com\/2023\/01\/03\/liberte-provisoire-le-juge-dit-niet-a-pape-ale-niang\/","og_site_name":"Nettali.com","article_publisher":"https:\/\/www.facebook.com\/nettalicom","article_published_time":"2023-01-03T15:00:22+00:00","article_modified_time":"2023-01-03T17:55:04+00:00","og_image":[{"width":755,"height":449,"url":"https:\/\/www.nettali.com\/wp-content\/uploads\/2023\/01\/arton22991.jpg","type":"image\/jpeg"}],"twitter_card":"summary_large_image","twitter_misc":{"\u00c9crit par":"Fatou","Dur\u00e9e de lecture estim\u00e9e":"2 minutes"},"schema":{"@context":"https:\/\/schema.org","@graph":[{"@type":"WebSite","@id":"https:\/\/www.nettali.com\/#website","url":"https:\/\/www.nettali.com\/","name":"Nettali.com","description":"Le rendez-vous critique du Net","potentialAction":[{"@type":"SearchAction","target":{"@type":"EntryPoint","urlTemplate":"https:\/\/www.nettali.com\/?s={search_term_string}"},"query-input":"required name=search_term_string"}],"inLanguage":"fr-FR"},{"@type":"ImageObject","@id":"https:\/\/www.nettali.com\/2023\/01\/03\/liberte-provisoire-le-juge-dit-niet-a-pape-ale-niang\/#primaryimage","inLanguage":"fr-FR","url":"https:\/\/www.nettali.com\/wp-content\/uploads\/2023\/01\/arton22991.jpg","contentUrl":"https:\/\/www.nettali.com\/wp-content\/uploads\/2023\/01\/arton22991.jpg","width":755,"height":449},{"@type":"WebPage","@id":"https:\/\/www.nettali.com\/2023\/01\/03\/liberte-provisoire-le-juge-dit-niet-a-pape-ale-niang\/#webpage","url":"https:\/\/www.nettali.com\/2023\/01\/03\/liberte-provisoire-le-juge-dit-niet-a-pape-ale-niang\/","name":"LIBERTE PROVISOIRE- Le juge dit niet \u00e0 Pape Al\u00e9 Niang | Nettali.com","isPartOf":{"@id":"https:\/\/www.nettali.com\/#website"},"primaryImageOfPage":{"@id":"https:\/\/www.nettali.com\/2023\/01\/03\/liberte-provisoire-le-juge-dit-niet-a-pape-ale-niang\/#primaryimage"},"datePublished":"2023-01-03T15:00:22+00:00","dateModified":"2023-01-03T17:55:04+00:00","author":{"@id":"https:\/\/www.nettali.com\/#\/schema\/person\/418274a86bdf87caff7a3ef476bd0bbf"},"breadcrumb":{"@id":"https:\/\/www.nettali.com\/2023\/01\/03\/liberte-provisoire-le-juge-dit-niet-a-pape-ale-niang\/#breadcrumb"},"inLanguage":"fr-FR","potentialAction":[{"@type":"ReadAction","target":["https:\/\/www.nettali.com\/2023\/01\/03\/liberte-provisoire-le-juge-dit-niet-a-pape-ale-niang\/"]}]},{"@type":"BreadcrumbList","@id":"https:\/\/www.nettali.com\/2023\/01\/03\/liberte-provisoire-le-juge-dit-niet-a-pape-ale-niang\/#breadcrumb","itemListElement":[{"@type":"ListItem","position":1,"name":"Accueil","item":"https:\/\/www.nettali.com\/"},{"@type":"ListItem","position":2,"name":"LIBERTE PROVISOIRE- Le juge dit niet \u00e0 Pape Al\u00e9 Niang"}]},{"@type":"Person","@id":"https:\/\/www.nettali.com\/#\/schema\/person\/418274a86bdf87caff7a3ef476bd0bbf","name":"Fatou","image":{"@type":"ImageObject","@id":"https:\/\/www.nettali.com\/#personlogo","inLanguage":"fr-FR","url":"https:\/\/secure.gravatar.com\/avatar\/5a9442a2bee7b4dcf167cab035858e9a?s=96&d=mm&r=g","contentUrl":"https:\/\/secure.gravatar.com\/avatar\/5a9442a2bee7b4dcf167cab035858e9a?s=96&d=mm&r=g","caption":"Fatou"},"sameAs":["https:\/\/www.nettali.com"]}]}},"_links":{"self":[{"href":"https:\/\/www.nettali.com\/rest\/wp\/v2\/posts\/101002"}],"collection":[{"href":"https:\/\/www.nettali.com\/rest\/wp\/v2\/posts"}],"about":[{"href":"https:\/\/www.nettali.com\/rest\/wp\/v2\/types\/post"}],"author":[{"embeddable":true,"href":"https:\/\/www.nettali.com\/rest\/wp\/v2\/users\/6"}],"replies":[{"embeddable":true,"href":"https:\/\/www.nettali.com\/rest\/wp\/v2\/comments?post=101002"}],"version-history":[{"count":3,"href":"https:\/\/www.nettali.com\/rest\/wp\/v2\/posts\/101002\/revisions"}],"predecessor-version":[{"id":101009,"href":"https:\/\/www.nettali.com\/rest\/wp\/v2\/posts\/101002\/revisions\/101009"}],"wp:featuredmedia":[{"embeddable":true,"href":"https:\/\/www.nettali.com\/rest\/wp\/v2\/media\/100958"}],"wp:attachment":[{"href":"https:\/\/www.nettali.com\/rest\/wp\/v2\/media?parent=101002"}],"wp:term":[{"taxonomy":"category","embeddable":true,"href":"https:\/\/www.nettali.com\/rest\/wp\/v2\/categories?post=101002"},{"taxonomy":"post_tag","embeddable":true,"href":"https:\/\/www.nettali.com\/rest\/wp\/v2\/tags?post=101002"}],"curies":[{"name":"wp","href":"https:\/\/api.w.org\/{rel}","templated":true}]}}