{"id":100987,"date":"2023-01-03T08:33:48","date_gmt":"2023-01-03T08:33:48","guid":{"rendered":"https:\/\/www.nettali.com\/?p=100987"},"modified":"2023-01-04T07:49:49","modified_gmt":"2023-01-04T07:49:49","slug":"presidentielle-de-2024-mimi-toure-les-limites-dune-candidature","status":"publish","type":"post","link":"https:\/\/www.nettali.com\/2023\/01\/03\/presidentielle-de-2024-mimi-toure-les-limites-dune-candidature\/","title":{"rendered":"PRESIDENTIELLE DE 2024 - Mimi Tour\u00e9, les limites d\u2019une candidature"},"content":{"rendered":"<p><strong>NETTALI.COM - A travers les ondes de la Rfm, Aminata Tour\u00e9 a annonc\u00e9 qu\u2019elle participera \u00e0 la Pr\u00e9sidentielle de 2024. Cependant, sa candidature, qui n\u2019est point une surprise, a-t-elle des chances de lui donner ce qu\u2019elle convoite, dans la mesure o\u00f9 l\u2019ancien Premier ministre est comptable du bilan des 11 ann\u00e9es du Pr\u00e9sident Macky Sall. \u00a0<\/strong><\/p>\n<p>L\u2019ancien Premier ministre Aminata Tour\u00e9, plus connue sous le sobriquet de Mimi, a d\u00e9clar\u00e9 sa candidature \u00e0 la Pr\u00e9sidentielle de 2024. En rupture de ban avec le Pr\u00e9sident Macky Sall depuis qu\u2019elle a \u00e9t\u00e9 zapp\u00e9e de la Pr\u00e9sidence de l\u2019Assembl\u00e9e nationale, l\u2019ancienne ministre de la Justice, qui avait tourn\u00e9 le dos \u00e0 la mouvance pr\u00e9sidentielle, vient de signer un autre acte pour mat\u00e9rialiser son divorce avec son ancien mentor.<\/p>\n<p>Invit\u00e9e ce dimanche \u00e0 l\u2019\u00e9mission \u00abGrand Jury\u00bb de la\u00a0Rfm, sans demi-mot, elle a clairement annonc\u00e9 qu\u2019elle se pr\u00e9sentera \u00e0 la prochaines joute \u00e9lectorale sous sa propre banni\u00e8re. <em>\u00abApr\u00e8s m\u00fbre r\u00e9flexion, je souhaite pr\u00e9senter ma candidature \u00e0 la prochaine \u00e9lection pr\u00e9sidentielle. A l\u2019issue d\u2019une discussion avec des amis et des S\u00e9n\u00e9galais qui ont mis en place le mouvement \u2018\u2019Mimi 2024\u2019\u2019, nous allons discuter avec les S\u00e9n\u00e9galais. Nous avons parcouru le pays et sommes all\u00e9s \u00e0 la rencontre des femmes, des jeunes\u2026 Nous pensons conna\u00eetre notre territoire (\u2026). Notre exp\u00e9rience internationale nous permet \u00e9galement de percevoir dans quelle dynamique le S\u00e9n\u00e9gal arrim\u00e9 \u00e0 l\u2019Afrique doit s\u2019engager dans ses rapports plus \u00e9galitaires, des rapports gagnants-gagnants\u00bb<\/em>, a dit la toute nouvelle candidate \u00e0 la Pr\u00e9sidentielle de 2024.<\/p>\n<p>Mimi Tour\u00e9 qui a trac\u00e9 une nouvelle trajectoire politique contraire \u00e0 celle de la coalition Benno bokk yaakar (Bby), avait d\u00e9j\u00e0 annonc\u00e9 la couleur. Sa candidature n\u2019est donc point une surprise pour certains. Du moins, telle est la conviction du professeur Alassane Ndao, Ma\u00eetre de Conf\u00e9rences titulaire en Sciences politiques \u00e0 l\u2019Universit\u00e9 Gaston Berger de Saint-Louis (Ubg). Ainsi, de l\u2019avis de cet enseignant\u00a0:\u00a0<em>\u00abC\u2019est une candidature\u00a0qui \u00e9tait attendue dans la\u00a0 mesure o\u00f9, Mimi Tour\u00e9 avait envoy\u00e9 les premiers signaux\u00a0depuis que ses bisbilles avec la mouvance pr\u00e9sidentielle ont commenc\u00e9. Ses prises de position ont \u00e9t\u00e9 sans \u00e9quivoques.\u00a0 Donc, les\u00a0indices de sa candidature \u00e9taient visibles apr\u00e8s que\u00a0ses relations avec le Pr\u00e9sident Sall se sont d\u00e9t\u00e9rior\u00e9es consid\u00e9rablement.\u00bb<\/em><\/p>\n<p>Bacary Domingo Man\u00e9,\u00a0journaliste sp\u00e9cialiste en communication politique, est du m\u00eame avis. Il analyse\u00a0:\u00a0<em>\u00abC\u2019est dans l\u2019ordre normal des choses que\u00a0Mimi Tour\u00e9 d\u00e9clare sa candidature \u00e0 la Pr\u00e9sidentielle de 2024. D\u00e9j\u00e0, lorsqu\u2019elle \u00e9tait membre du gouvernement et m\u00eame pr\u00e9sidente du Conseil \u00e9conomique, social et environnemental (Cese), elle ne cachait pas ses ambitions. D\u2019ailleurs, dans une interview qu\u2019elle avait accord\u00e9e \u00e0 \u2018\u2019Jeune Afrique\u2019\u2019, elle avait\u00a0la posture d\u2019une candidate.\u00a0 Donc qu\u2019elle l\u2019annonce aujourd\u2019hui \u00e7a ne doit\u00a0pas \u00e9tonner, d\u2019autant qu\u2019elle\u00a0s\u2019est s\u00e9par\u00e9e de Macky Sall. M\u00eame si elle restait dans le parti et qu\u2019elle continuait de dire que son mentor n\u2019a pas droit \u00e0 un 3<sup>e<\/sup> mandat, c\u2019est tout \u00e0 fait logique qu\u2019elle annonce sa candidature, parce que c\u2019est comme \u00e7a qu\u2019elle va marquer son territoire. \u00a0Donc, cela entre en droite ligne des positions de principe qui l\u2019oppose au Pr\u00e9sident\u00a0Macky Sall. D\u2019ailleurs, les positions qu\u2019elle d\u00e9fend \u00e0 l\u2019Assembl\u00e9e nationale prouvent que c\u2019est une femme libre qui veut exercer sa libert\u00e9. Le fait qu\u2019elle annonce sa candidature ne doit surprendre personne. C\u2019est une femme battante qui a toujours affirm\u00e9 son caract\u00e8re et \u00e0 travers ce qui se passe \u00e0 l\u2019Assembl\u00e9e et ses prises de position, il est \u00e9vident qu\u2019elle annonce sa candidature.\u00bb<\/em><\/p>\n<p>&nbsp;<\/p>\n<p><strong>Les deux boulets qu\u2019elle tra\u00eene\u2026<\/strong><\/p>\n<p>Cependant, Mimi Tour\u00e9 tra\u00eene deux boulets\u00a0: elle est comptable du bilan de Macky Sall qu\u2019elle d\u00e9nonce aujourd\u2019hui car elle a \u00e9t\u00e9 sa Directrice de campagne pour les 2 pr\u00e9sidentielles que Macky a remport\u00e9 et elle n\u2019a pas de base politique.<\/p>\n<p>Elle qui a occup\u00e9 des fonctions strat\u00e9giques au sommet de l\u2019Etat, durant les deux mandats du Pr\u00e9sident Macky Sall, sera certainement g\u00ean\u00e9e de critiquer le bilan du chef de l\u2019Etat puisqu\u2019elle est comptable, en grande partie, de ce bilan. L\u2019analyste politique Dr Alassane Ndao clarifie : <em>\u00abForce est de constater que Mimi Tour\u00e9 n\u2019a pas une base politique assez solide.\u00a0La t\u00e2che sera donc compliqu\u00e9e pour elle. Une fois qu\u2019elle franchira l\u2019obstacle du parrainage, elle devra aussi se battre pour se positionner. Son background sera son atout, car elle a d\u00e9j\u00e0 occup\u00e9 des postes strat\u00e9giques au sommet de l\u2019Etat en plus de ses fonctions internationales. Avec toute cette exp\u00e9rience qu\u2019elle a engrang\u00e9e, elle sera en mesure de se positionner pour les alliances \u00e0 venir. Au S\u00e9n\u00e9gal, un parti politique, \u00e0 lui seul, ne pourra pas gagner une \u00e9lection.\u00bb<\/em><\/p>\n<p>Poursuivant, Dr Ndao \u00e9met des r\u00e9serves sur le discours que la candidate tiendra pour convaincre les \u00e9lecteurs. <em>\u00abAminata Tour\u00e9 a \u00a0int\u00e9r\u00eat \u00e0 construire un bon discours pour convaincre les \u00e9lecteurs. Elle\u00a0 est\u00a0comptable du bilan de Macky Sall, donc elle ne pourra pas le critiquer sur ce plan. D\u2019ailleurs, elle a ax\u00e9 ses arguments sur le refus de\u00a0cautionner la 3<sup>e<\/sup>\u00a0candidature de Macky Sall.\u00a0 Sur cette question pr\u00e9cise, elle est tr\u00e8s critique \u00e0 l\u2019endroit de son ancien mentor. \u00a0Seulement, c\u2019est\u00a0un couteau \u00e0 double tranchant, car si le Pr\u00e9sident sortant\u00a0ne se pr\u00e9sentera pas, elle aura du mal \u00e0 faire une bonne campagne. Elle aura un discours plus ou moins vide dans la mesure o\u00f9, elle ne pourrait jamais critiquer le bilan de Macky Sall\u00bb, <\/em>pr\u00e9vient Dr Ndao.<\/p>\n<p>Bacary Domingo Man\u00e9 revient \u00e0 la charge et fait un pr\u00eache par l\u2019exemple\u00a0: <em>\u00abLa question de la cr\u00e9dibilit\u00e9 de son discours va se poser forc\u00e9ment. En politique, la cr\u00e9dibilit\u00e9 n\u2019est rien d\u2019autre que l\u2019ad\u00e9quation entre les actes et la parole de l\u2019individu. C\u2019est vrai qu\u2019elle \u00e9tait dans le camp de Macky Sall. Elle fut Premier ministre, ministre de la Justice, donc c\u2019est un bilan qu\u2019elle partage avec l\u2019actuel Pr\u00e9sident, mais\u00a0\u00a0nous sommes en politique, en un moment donn\u00e9, quand pour une question pr\u00e9cise vous ne vous entendez plus avec votre mentor, vous pouvez, \u00e0 ce moment-l\u00e0, d\u00e9cider de quitter le navire. C\u2019est ce qu\u2019elle a fait. La\u00a0jurisprudence a toujours montr\u00e9 que des gens ont quitt\u00e9 le camp du pouvoir pour se retrouver dans l\u2019opposition pour ensuite \u00eatre\u00a0lav\u00e9s \u00e0 grande eau par les \u00e9lecteurs. C\u2019est comme s\u2019il y avait une sorte d\u2019amn\u00e9sie collective qui consiste \u00e0 oublier ce que la personnalit\u00e9 politique a fait quand elle \u00e9tait dans le camp pr\u00e9sidentiel. Donc, aujourd\u2019hui c\u2019est le tour de Mimi Tour\u00e9, hier c\u2019\u00e9tait Macky Sall lui-m\u00eame. Il \u00e9tait le Premier ministre de Me Abdoulaye Wade, il n\u2019a pas h\u00e9sit\u00e9 de croiser le fer avec lui en 2012. Aujourd\u2019hui que Mimi Tour\u00e9 est dans la m\u00eame posture, il ne faut pas lui en vouloir, c\u2019est comme \u00e7a. Bien avant Macky Sall, d\u2019autres ont \u00e9t\u00e9 dans cette m\u00eame posture. Donc, la jurisprudence\u00a0d\u00e9j\u00e0 en la mati\u00e8re l\u2019a blanchie.\u00a0Dans tous les cas, c\u2019est elle qui doit faire son petit bonhomme de chemin. Elle est en train de s\u2019afficher avec une certaine opposition. Apr\u00e8s, de fil en aiguille, les S\u00e9n\u00e9galais vont oublier et certainement, elle va \u00eatre\u00a0dans la position de faiseuse de roi. Peut-\u00eatre elle s\u2019alignera derri\u00e8re un candidat au second tour, mais attendons d\u2019abord qu\u2019elle franchisse l\u2019\u00e9tape du parrainage\u00bb<\/em>, indique Bacary Domingo Man\u00e9.<\/p>\n<p>&nbsp;<\/p>\n<div class='share-to-whatsapp-wrapper'><div class='share-on-whsp'>PARTAGER SUR : <\/div><a data-text='PRESIDENTIELLE DE 2024 - Mimi Tour\u00e9, les limites d\u2019une candidature' data-link='https:\/\/www.nettali.com\/2023\/01\/03\/presidentielle-de-2024-mimi-toure-les-limites-dune-candidature\/' class='whatsapp-button whatsapp-share'>WhatsApp<\/a><div class='clear '><\/div><\/div>","protected":false},"excerpt":{"rendered":"<p>NETTALI.COM - A travers les ondes de la Rfm, Aminata Tour\u00e9 a annonc\u00e9 qu\u2019elle participera \u00e0 la Pr\u00e9sidentielle de 2024. Cependant, sa candidature, qui n\u2019est point une surprise, a-t-elle des chances de lui donner ce qu\u2019elle convoite, dans la mesure o\u00f9 l\u2019ancien Premier ministre est comptable du bilan des 11 ann\u00e9es du Pr\u00e9sident Macky Sall. [&hellip;]<\/p>\n","protected":false},"author":4,"featured_media":99852,"comment_status":"open","ping_status":"open","sticky":false,"template":"","format":"standard","meta":{"_et_pb_use_builder":"","_et_pb_old_content":""},"categories":[2],"tags":[],"yoast_head":"<!-- This site is optimized with the Yoast SEO Premium plugin v17.8 (Yoast SEO v17.8) - https:\/\/yoast.com\/wordpress\/plugins\/seo\/ -->\n<title>PRESIDENTIELLE DE 2024 - Mimi Tour\u00e9, les limites d\u2019une candidature | Nettali.com<\/title>\n<meta name=\"robots\" content=\"index, follow, max-snippet:-1, max-image-preview:large, max-video-preview:-1\" \/>\n<link rel=\"canonical\" href=\"https:\/\/www.nettali.com\/2023\/01\/03\/presidentielle-de-2024-mimi-toure-les-limites-dune-candidature\/\" \/>\n<meta property=\"og:locale\" content=\"fr_FR\" \/>\n<meta property=\"og:type\" content=\"article\" \/>\n<meta property=\"og:title\" content=\"PRESIDENTIELLE DE 2024 - Mimi Tour\u00e9, les limites d\u2019une candidature\" \/>\n<meta property=\"og:description\" content=\"NETTALI.COM - A travers les ondes de la Rfm, Aminata Tour\u00e9 a annonc\u00e9 qu\u2019elle participera \u00e0 la Pr\u00e9sidentielle de 2024. Cependant, sa candidature, qui n\u2019est point une surprise, a-t-elle des chances de lui donner ce qu\u2019elle convoite, dans la mesure o\u00f9 l\u2019ancien Premier ministre est comptable du bilan des 11 ann\u00e9es du Pr\u00e9sident Macky Sall. [&hellip;]\" \/>\n<meta property=\"og:url\" content=\"https:\/\/www.nettali.com\/2023\/01\/03\/presidentielle-de-2024-mimi-toure-les-limites-dune-candidature\/\" \/>\n<meta property=\"og:site_name\" content=\"Nettali.com\" \/>\n<meta property=\"article:publisher\" content=\"https:\/\/www.facebook.com\/nettalicom\" \/>\n<meta property=\"article:published_time\" content=\"2023-01-03T08:33:48+00:00\" \/>\n<meta property=\"article:modified_time\" content=\"2023-01-04T07:49:49+00:00\" \/>\n<meta property=\"og:image\" content=\"https:\/\/www.nettali.com\/wp-content\/uploads\/2022\/12\/FARBA-NGOM-MIMI-TOURE\u0301.jpeg\" \/>\n\t<meta property=\"og:image:width\" content=\"800\" \/>\n\t<meta property=\"og:image:height\" content=\"533\" \/>\n<meta name=\"twitter:card\" content=\"summary_large_image\" \/>\n<meta name=\"twitter:label1\" content=\"\u00c9crit par\" \/>\n\t<meta name=\"twitter:data1\" content=\"Daouda\" \/>\n\t<meta name=\"twitter:label2\" content=\"Dur\u00e9e de lecture estim\u00e9e\" \/>\n\t<meta name=\"twitter:data2\" content=\"7 minutes\" \/>\n<script type=\"application\/ld+json\" class=\"yoast-schema-graph\">{\"@context\":\"https:\/\/schema.org\",\"@graph\":[{\"@type\":\"WebSite\",\"@id\":\"https:\/\/www.nettali.com\/#website\",\"url\":\"https:\/\/www.nettali.com\/\",\"name\":\"Nettali.com\",\"description\":\"Le rendez-vous critique du Net\",\"potentialAction\":[{\"@type\":\"SearchAction\",\"target\":{\"@type\":\"EntryPoint\",\"urlTemplate\":\"https:\/\/www.nettali.com\/?s={search_term_string}\"},\"query-input\":\"required name=search_term_string\"}],\"inLanguage\":\"fr-FR\"},{\"@type\":\"ImageObject\",\"@id\":\"https:\/\/www.nettali.com\/2023\/01\/03\/presidentielle-de-2024-mimi-toure-les-limites-dune-candidature\/#primaryimage\",\"inLanguage\":\"fr-FR\",\"url\":\"https:\/\/www.nettali.com\/wp-content\/uploads\/2022\/12\/FARBA-NGOM-MIMI-TOURE\\u0301.jpeg\",\"contentUrl\":\"https:\/\/www.nettali.com\/wp-content\/uploads\/2022\/12\/FARBA-NGOM-MIMI-TOURE\\u0301.jpeg\",\"width\":800,\"height\":533},{\"@type\":\"WebPage\",\"@id\":\"https:\/\/www.nettali.com\/2023\/01\/03\/presidentielle-de-2024-mimi-toure-les-limites-dune-candidature\/#webpage\",\"url\":\"https:\/\/www.nettali.com\/2023\/01\/03\/presidentielle-de-2024-mimi-toure-les-limites-dune-candidature\/\",\"name\":\"PRESIDENTIELLE DE 2024 - Mimi Tour\\u00e9, les limites d\\u2019une candidature | Nettali.com\",\"isPartOf\":{\"@id\":\"https:\/\/www.nettali.com\/#website\"},\"primaryImageOfPage\":{\"@id\":\"https:\/\/www.nettali.com\/2023\/01\/03\/presidentielle-de-2024-mimi-toure-les-limites-dune-candidature\/#primaryimage\"},\"datePublished\":\"2023-01-03T08:33:48+00:00\",\"dateModified\":\"2023-01-04T07:49:49+00:00\",\"author\":{\"@id\":\"https:\/\/www.nettali.com\/#\/schema\/person\/3317e0bb3aa1da309fbf7b2780901bf4\"},\"breadcrumb\":{\"@id\":\"https:\/\/www.nettali.com\/2023\/01\/03\/presidentielle-de-2024-mimi-toure-les-limites-dune-candidature\/#breadcrumb\"},\"inLanguage\":\"fr-FR\",\"potentialAction\":[{\"@type\":\"ReadAction\",\"target\":[\"https:\/\/www.nettali.com\/2023\/01\/03\/presidentielle-de-2024-mimi-toure-les-limites-dune-candidature\/\"]}]},{\"@type\":\"BreadcrumbList\",\"@id\":\"https:\/\/www.nettali.com\/2023\/01\/03\/presidentielle-de-2024-mimi-toure-les-limites-dune-candidature\/#breadcrumb\",\"itemListElement\":[{\"@type\":\"ListItem\",\"position\":1,\"name\":\"Accueil\",\"item\":\"https:\/\/www.nettali.com\/\"},{\"@type\":\"ListItem\",\"position\":2,\"name\":\"PRESIDENTIELLE DE 2024 - Mimi Tour\\u00e9, les limites d\\u2019une candidature\"}]},{\"@type\":\"Person\",\"@id\":\"https:\/\/www.nettali.com\/#\/schema\/person\/3317e0bb3aa1da309fbf7b2780901bf4\",\"name\":\"Daouda\",\"image\":{\"@type\":\"ImageObject\",\"@id\":\"https:\/\/www.nettali.com\/#personlogo\",\"inLanguage\":\"fr-FR\",\"url\":\"https:\/\/secure.gravatar.com\/avatar\/8d143b5a49345098ddcfee1c49c2f47c?s=96&d=mm&r=g\",\"contentUrl\":\"https:\/\/secure.gravatar.com\/avatar\/8d143b5a49345098ddcfee1c49c2f47c?s=96&d=mm&r=g\",\"caption\":\"Daouda\"},\"sameAs\":[\"https:\/\/www.nettali.com\"]}]}<\/script>\n<!-- \/ Yoast SEO Premium plugin. -->","yoast_head_json":{"title":"PRESIDENTIELLE DE 2024 - Mimi Tour\u00e9, les limites d\u2019une candidature | Nettali.com","robots":{"index":"index","follow":"follow","max-snippet":"max-snippet:-1","max-image-preview":"max-image-preview:large","max-video-preview":"max-video-preview:-1"},"canonical":"https:\/\/www.nettali.com\/2023\/01\/03\/presidentielle-de-2024-mimi-toure-les-limites-dune-candidature\/","og_locale":"fr_FR","og_type":"article","og_title":"PRESIDENTIELLE DE 2024 - Mimi Tour\u00e9, les limites d\u2019une candidature","og_description":"NETTALI.COM - A travers les ondes de la Rfm, Aminata Tour\u00e9 a annonc\u00e9 qu\u2019elle participera \u00e0 la Pr\u00e9sidentielle de 2024. Cependant, sa candidature, qui n\u2019est point une surprise, a-t-elle des chances de lui donner ce qu\u2019elle convoite, dans la mesure o\u00f9 l\u2019ancien Premier ministre est comptable du bilan des 11 ann\u00e9es du Pr\u00e9sident Macky Sall. [&hellip;]","og_url":"https:\/\/www.nettali.com\/2023\/01\/03\/presidentielle-de-2024-mimi-toure-les-limites-dune-candidature\/","og_site_name":"Nettali.com","article_publisher":"https:\/\/www.facebook.com\/nettalicom","article_published_time":"2023-01-03T08:33:48+00:00","article_modified_time":"2023-01-04T07:49:49+00:00","og_image":[{"width":800,"height":533,"url":"https:\/\/www.nettali.com\/wp-content\/uploads\/2022\/12\/FARBA-NGOM-MIMI-TOURE\u0301.jpeg","type":"image\/jpeg"}],"twitter_card":"summary_large_image","twitter_misc":{"\u00c9crit par":"Daouda","Dur\u00e9e de lecture estim\u00e9e":"7 minutes"},"schema":{"@context":"https:\/\/schema.org","@graph":[{"@type":"WebSite","@id":"https:\/\/www.nettali.com\/#website","url":"https:\/\/www.nettali.com\/","name":"Nettali.com","description":"Le rendez-vous critique du Net","potentialAction":[{"@type":"SearchAction","target":{"@type":"EntryPoint","urlTemplate":"https:\/\/www.nettali.com\/?s={search_term_string}"},"query-input":"required name=search_term_string"}],"inLanguage":"fr-FR"},{"@type":"ImageObject","@id":"https:\/\/www.nettali.com\/2023\/01\/03\/presidentielle-de-2024-mimi-toure-les-limites-dune-candidature\/#primaryimage","inLanguage":"fr-FR","url":"https:\/\/www.nettali.com\/wp-content\/uploads\/2022\/12\/FARBA-NGOM-MIMI-TOURE\u0301.jpeg","contentUrl":"https:\/\/www.nettali.com\/wp-content\/uploads\/2022\/12\/FARBA-NGOM-MIMI-TOURE\u0301.jpeg","width":800,"height":533},{"@type":"WebPage","@id":"https:\/\/www.nettali.com\/2023\/01\/03\/presidentielle-de-2024-mimi-toure-les-limites-dune-candidature\/#webpage","url":"https:\/\/www.nettali.com\/2023\/01\/03\/presidentielle-de-2024-mimi-toure-les-limites-dune-candidature\/","name":"PRESIDENTIELLE DE 2024 - Mimi Tour\u00e9, les limites d\u2019une candidature | Nettali.com","isPartOf":{"@id":"https:\/\/www.nettali.com\/#website"},"primaryImageOfPage":{"@id":"https:\/\/www.nettali.com\/2023\/01\/03\/presidentielle-de-2024-mimi-toure-les-limites-dune-candidature\/#primaryimage"},"datePublished":"2023-01-03T08:33:48+00:00","dateModified":"2023-01-04T07:49:49+00:00","author":{"@id":"https:\/\/www.nettali.com\/#\/schema\/person\/3317e0bb3aa1da309fbf7b2780901bf4"},"breadcrumb":{"@id":"https:\/\/www.nettali.com\/2023\/01\/03\/presidentielle-de-2024-mimi-toure-les-limites-dune-candidature\/#breadcrumb"},"inLanguage":"fr-FR","potentialAction":[{"@type":"ReadAction","target":["https:\/\/www.nettali.com\/2023\/01\/03\/presidentielle-de-2024-mimi-toure-les-limites-dune-candidature\/"]}]},{"@type":"BreadcrumbList","@id":"https:\/\/www.nettali.com\/2023\/01\/03\/presidentielle-de-2024-mimi-toure-les-limites-dune-candidature\/#breadcrumb","itemListElement":[{"@type":"ListItem","position":1,"name":"Accueil","item":"https:\/\/www.nettali.com\/"},{"@type":"ListItem","position":2,"name":"PRESIDENTIELLE DE 2024 - Mimi Tour\u00e9, les limites d\u2019une candidature"}]},{"@type":"Person","@id":"https:\/\/www.nettali.com\/#\/schema\/person\/3317e0bb3aa1da309fbf7b2780901bf4","name":"Daouda","image":{"@type":"ImageObject","@id":"https:\/\/www.nettali.com\/#personlogo","inLanguage":"fr-FR","url":"https:\/\/secure.gravatar.com\/avatar\/8d143b5a49345098ddcfee1c49c2f47c?s=96&d=mm&r=g","contentUrl":"https:\/\/secure.gravatar.com\/avatar\/8d143b5a49345098ddcfee1c49c2f47c?s=96&d=mm&r=g","caption":"Daouda"},"sameAs":["https:\/\/www.nettali.com"]}]}},"_links":{"self":[{"href":"https:\/\/www.nettali.com\/rest\/wp\/v2\/posts\/100987"}],"collection":[{"href":"https:\/\/www.nettali.com\/rest\/wp\/v2\/posts"}],"about":[{"href":"https:\/\/www.nettali.com\/rest\/wp\/v2\/types\/post"}],"author":[{"embeddable":true,"href":"https:\/\/www.nettali.com\/rest\/wp\/v2\/users\/4"}],"replies":[{"embeddable":true,"href":"https:\/\/www.nettali.com\/rest\/wp\/v2\/comments?post=100987"}],"version-history":[{"count":1,"href":"https:\/\/www.nettali.com\/rest\/wp\/v2\/posts\/100987\/revisions"}],"predecessor-version":[{"id":100988,"href":"https:\/\/www.nettali.com\/rest\/wp\/v2\/posts\/100987\/revisions\/100988"}],"wp:featuredmedia":[{"embeddable":true,"href":"https:\/\/www.nettali.com\/rest\/wp\/v2\/media\/99852"}],"wp:attachment":[{"href":"https:\/\/www.nettali.com\/rest\/wp\/v2\/media?parent=100987"}],"wp:term":[{"taxonomy":"category","embeddable":true,"href":"https:\/\/www.nettali.com\/rest\/wp\/v2\/categories?post=100987"},{"taxonomy":"post_tag","embeddable":true,"href":"https:\/\/www.nettali.com\/rest\/wp\/v2\/tags?post=100987"}],"curies":[{"name":"wp","href":"https:\/\/api.w.org\/{rel}","templated":true}]}}