{"id":100971,"date":"2023-01-03T08:35:52","date_gmt":"2023-01-03T08:35:52","guid":{"rendered":"https:\/\/www.nettali.com\/?p=100971"},"modified":"2023-01-03T08:35:52","modified_gmt":"2023-01-03T08:35:52","slug":"liberation-de-pape-ale-niang-quand-thierno-bocoum-donne-des-explications-juridiques-aux-magistrats","status":"publish","type":"post","link":"https:\/\/www.nettali.com\/2023\/01\/03\/liberation-de-pape-ale-niang-quand-thierno-bocoum-donne-des-explications-juridiques-aux-magistrats\/","title":{"rendered":"LIB\u00c9RATION DE PAPE AL\u00c9 NIANG -Quand Thierno Bocoum donne des explications juridiques aux magistrats"},"content":{"rendered":"<p><strong>NETTALI.COM - Membre de la coalition Aar S\u00e9n\u00e9gal, l\u2019ancien parlementaire, Thierno Bocoum a, dans une note, expliqu\u00e9 les raisons juridiques qui militent en faveur de la lib\u00e9ration du journaliste Pape Al\u00e9 Niang.<\/strong><\/p>\n<p>Le Directeur de Dakar Matin, Pape Al\u00e9 Niang, en d\u00e9tention pr\u00e9ventive depuis plusieurs jours est tr\u00e8s souffrant. Son \u00e9tat de sant\u00e9 se d\u00e9t\u00e9riore de jour en jour. C\u2019est la raison pour laquelle les professionnels des m\u00e9dias se sont fortement mobilis\u00e9s pour exiger sa lib\u00e9ration. Il n\u2019y a pas qu\u2019eux. Des hommes politiques font \u00e9galement partie du combat pour la lib\u00e9ration du journaliste. Parmi eux, il y a Thierno Bocoum. Ce dernier a d\u2019ailleurs fait une large tribune o\u00f9 il explique les raisons pour lesquelles Pape Al\u00e9 Niang doit \u00eatre \u00e9largi de prison.<\/p>\n<p>\u00ab<em> La lib\u00e9ration de Pape Al\u00e9 Niang se justifie juridiquement et humainement. Beaucoup de personnes ont mis le focus sur les propos de Pape Al\u00e9 Niang tout en ignorant les proc\u00e9dures qui l\u2019ont conduit en prison. Ne pas \u00eatre d\u2019accord avec lui ne peut justifier son emprisonnement. Le d\u00e9saccord dans la d\u00e9marche et les propos d\u2019une personne est concevable en d\u00e9mocratie. Cela ne constitue pas un d\u00e9lit d\u2019\u00eatre diff\u00e9rent et d\u2019avoir ses propres convictions sur des faits et actes pos\u00e9s<\/em> \u00bb, a d'embl\u00e9e expliqu\u00e9 Thierno Bocoum.<\/p>\n<p>Selon le membre de la coalition Aar S\u00e9n\u00e9gal, le communiqu\u00e9 du procureur de la r\u00e9publique en date du 20 D\u00e9cembre dernier r\u00e9v\u00e8le une volont\u00e9 r\u00e9elle de mettre hors d'\u00c9tat de nuire, une voix discordante et finalement d\u00e9rangeante. En outre, explique-t-il : \u00ab <em>l\u2019article 127 ter du code de proc\u00e9dure p\u00e9nale largement \u00e9voqu\u00e9 dans ledit communiqu\u00e9, ne fait aucune allusion \u00e0 la pr\u00e9rogative du procureur de demander que la r\u00e9vocation du contr\u00f4le judiciaire soit effectu\u00e9e, encore moins celle de justifier \u00e0 travers un communiqu\u00e9 une telle mesure qui est du domaine exclusif du juge d\u2019instruction<\/em> \u00bb.<\/p>\n<p>De ce fait, il pense qu\u2019aujourd\u2019hui, \u00ab <em>rien n\u2019explique que l\u2019option du procureur de revenir sur sa d\u00e9cision emporte, de jure, celle du juge qui devrait pouvoir intervenir directement sans y \u00eatre aid\u00e9, au sens de la lettre des dispositions de l\u2019article 127 ter du code de proc\u00e9dure p\u00e9nale<\/em> \u00bb. Etayant ses propos, il indique que \u00ab <em>si le procureur doit poursuivre ensuite demander et obtenir la r\u00e9vocation d\u2019un contr\u00f4le judiciaire puis justifier \u00e0 travers une communication cette r\u00e9vocation, il prend en d\u00e9finitive sa place et celle des juges d\u2019instruction et se pr\u00e9sente finalement comme ayant tous les droits sur des personnes qu\u2019il d\u00e9cide de poursuivre sur la base du d\u00e9lit vis\u00e9 et selon des crit\u00e8res qui lui sont propres. Un pr\u00e9c\u00e9dent dangereux pour l\u2019ind\u00e9pendance de la justice<\/em> \u00bb.<\/p>\n<p>Donc il pense que Pape Al\u00e9 Niang a le droit de d\u00e9crier cette injustice m\u00eame si chacun peut avoir une opinion sur ses options. \u00ab <em>En r\u00e9alit\u00e9, le mandat de d\u00e9p\u00f4t doit \u00eatre oubli\u00e9 dans le cadre des d\u00e9lits d\u2019opinion quand la libert\u00e9 est quasiment la r\u00e8gle dans le cadre des d\u00e9tournements de deniers publics. Humainement Pape Al\u00e9 ne m\u00e9rite pas un tel traitement au moment o\u00f9 des incrimin\u00e9s de faits graves vaquent tranquillement \u00e0 leurs occupations. Il n\u2019a ni vol\u00e9 ni tu\u00e9 ni viol\u00e9. Il s\u2019est juste exprim\u00e9<\/em> \u00bb, dit-il. Et d\u2019ajouter : \u00ab <em>Comme toute personne, il peut commettre des erreurs et m\u00eame des fautes professionnelles. Cependant l\u2019emprisonner et le laisser souffrir au fond de sa cellule n\u2019est pas humainement acceptable pour quelqu\u2019un qui s\u2019est toujours battu pour son pays<\/em> \u00bb.<\/p>\n<div class='share-to-whatsapp-wrapper'><div class='share-on-whsp'>PARTAGER SUR : <\/div><a data-text='LIB\u00c9RATION DE PAPE AL\u00c9 NIANG -Quand Thierno Bocoum donne des explications juridiques aux magistrats' data-link='https:\/\/www.nettali.com\/2023\/01\/03\/liberation-de-pape-ale-niang-quand-thierno-bocoum-donne-des-explications-juridiques-aux-magistrats\/' class='whatsapp-button whatsapp-share'>WhatsApp<\/a><div class='clear '><\/div><\/div>","protected":false},"excerpt":{"rendered":"<p>NETTALI.COM - Membre de la coalition Aar S\u00e9n\u00e9gal, l\u2019ancien parlementaire, Thierno Bocoum a, dans une note, expliqu\u00e9 les raisons juridiques qui militent en faveur de la lib\u00e9ration du journaliste Pape Al\u00e9 Niang. Le Directeur de Dakar Matin, Pape Al\u00e9 Niang, en d\u00e9tention pr\u00e9ventive depuis plusieurs jours est tr\u00e8s souffrant. Son \u00e9tat de sant\u00e9 se d\u00e9t\u00e9riore [&hellip;]<\/p>\n","protected":false},"author":6,"featured_media":46489,"comment_status":"open","ping_status":"open","sticky":false,"template":"","format":"standard","meta":{"_et_pb_use_builder":"","_et_pb_old_content":""},"categories":[3],"tags":[],"yoast_head":"<!-- This site is optimized with the Yoast SEO Premium plugin v17.8 (Yoast SEO v17.8) - https:\/\/yoast.com\/wordpress\/plugins\/seo\/ -->\n<title>LIB\u00c9RATION DE PAPE AL\u00c9 NIANG -Quand Thierno Bocoum donne des explications juridiques aux magistrats | Nettali.com<\/title>\n<meta name=\"robots\" content=\"index, follow, max-snippet:-1, max-image-preview:large, max-video-preview:-1\" \/>\n<link rel=\"canonical\" href=\"https:\/\/www.nettali.com\/2023\/01\/03\/liberation-de-pape-ale-niang-quand-thierno-bocoum-donne-des-explications-juridiques-aux-magistrats\/\" \/>\n<meta property=\"og:locale\" content=\"fr_FR\" \/>\n<meta property=\"og:type\" content=\"article\" \/>\n<meta property=\"og:title\" content=\"LIB\u00c9RATION DE PAPE AL\u00c9 NIANG -Quand Thierno Bocoum donne des explications juridiques aux magistrats\" \/>\n<meta property=\"og:description\" content=\"NETTALI.COM - Membre de la coalition Aar S\u00e9n\u00e9gal, l\u2019ancien parlementaire, Thierno Bocoum a, dans une note, expliqu\u00e9 les raisons juridiques qui militent en faveur de la lib\u00e9ration du journaliste Pape Al\u00e9 Niang. Le Directeur de Dakar Matin, Pape Al\u00e9 Niang, en d\u00e9tention pr\u00e9ventive depuis plusieurs jours est tr\u00e8s souffrant. Son \u00e9tat de sant\u00e9 se d\u00e9t\u00e9riore [&hellip;]\" \/>\n<meta property=\"og:url\" content=\"https:\/\/www.nettali.com\/2023\/01\/03\/liberation-de-pape-ale-niang-quand-thierno-bocoum-donne-des-explications-juridiques-aux-magistrats\/\" \/>\n<meta property=\"og:site_name\" content=\"Nettali.com\" \/>\n<meta property=\"article:publisher\" content=\"https:\/\/www.facebook.com\/nettalicom\" \/>\n<meta property=\"article:published_time\" content=\"2023-01-03T08:35:52+00:00\" \/>\n<meta property=\"og:image\" content=\"https:\/\/www.nettali.com\/wp-content\/uploads\/2020\/09\/thierno-bocoum-1.jpg\" \/>\n\t<meta property=\"og:image:width\" content=\"1280\" \/>\n\t<meta property=\"og:image:height\" content=\"720\" \/>\n<meta name=\"twitter:card\" content=\"summary_large_image\" \/>\n<meta name=\"twitter:label1\" content=\"\u00c9crit par\" \/>\n\t<meta name=\"twitter:data1\" content=\"Fatou\" \/>\n\t<meta name=\"twitter:label2\" content=\"Dur\u00e9e de lecture estim\u00e9e\" \/>\n\t<meta name=\"twitter:data2\" content=\"3 minutes\" \/>\n<script type=\"application\/ld+json\" class=\"yoast-schema-graph\">{\"@context\":\"https:\/\/schema.org\",\"@graph\":[{\"@type\":\"WebSite\",\"@id\":\"https:\/\/www.nettali.com\/#website\",\"url\":\"https:\/\/www.nettali.com\/\",\"name\":\"Nettali.com\",\"description\":\"Le rendez-vous critique du Net\",\"potentialAction\":[{\"@type\":\"SearchAction\",\"target\":{\"@type\":\"EntryPoint\",\"urlTemplate\":\"https:\/\/www.nettali.com\/?s={search_term_string}\"},\"query-input\":\"required name=search_term_string\"}],\"inLanguage\":\"fr-FR\"},{\"@type\":\"ImageObject\",\"@id\":\"https:\/\/www.nettali.com\/2023\/01\/03\/liberation-de-pape-ale-niang-quand-thierno-bocoum-donne-des-explications-juridiques-aux-magistrats\/#primaryimage\",\"inLanguage\":\"fr-FR\",\"url\":\"https:\/\/www.nettali.com\/wp-content\/uploads\/2020\/09\/thierno-bocoum-1.jpg\",\"contentUrl\":\"https:\/\/www.nettali.com\/wp-content\/uploads\/2020\/09\/thierno-bocoum-1.jpg\",\"width\":1280,\"height\":720},{\"@type\":\"WebPage\",\"@id\":\"https:\/\/www.nettali.com\/2023\/01\/03\/liberation-de-pape-ale-niang-quand-thierno-bocoum-donne-des-explications-juridiques-aux-magistrats\/#webpage\",\"url\":\"https:\/\/www.nettali.com\/2023\/01\/03\/liberation-de-pape-ale-niang-quand-thierno-bocoum-donne-des-explications-juridiques-aux-magistrats\/\",\"name\":\"LIB\\u00c9RATION DE PAPE AL\\u00c9 NIANG -Quand Thierno Bocoum donne des explications juridiques aux magistrats | Nettali.com\",\"isPartOf\":{\"@id\":\"https:\/\/www.nettali.com\/#website\"},\"primaryImageOfPage\":{\"@id\":\"https:\/\/www.nettali.com\/2023\/01\/03\/liberation-de-pape-ale-niang-quand-thierno-bocoum-donne-des-explications-juridiques-aux-magistrats\/#primaryimage\"},\"datePublished\":\"2023-01-03T08:35:52+00:00\",\"dateModified\":\"2023-01-03T08:35:52+00:00\",\"author\":{\"@id\":\"https:\/\/www.nettali.com\/#\/schema\/person\/418274a86bdf87caff7a3ef476bd0bbf\"},\"breadcrumb\":{\"@id\":\"https:\/\/www.nettali.com\/2023\/01\/03\/liberation-de-pape-ale-niang-quand-thierno-bocoum-donne-des-explications-juridiques-aux-magistrats\/#breadcrumb\"},\"inLanguage\":\"fr-FR\",\"potentialAction\":[{\"@type\":\"ReadAction\",\"target\":[\"https:\/\/www.nettali.com\/2023\/01\/03\/liberation-de-pape-ale-niang-quand-thierno-bocoum-donne-des-explications-juridiques-aux-magistrats\/\"]}]},{\"@type\":\"BreadcrumbList\",\"@id\":\"https:\/\/www.nettali.com\/2023\/01\/03\/liberation-de-pape-ale-niang-quand-thierno-bocoum-donne-des-explications-juridiques-aux-magistrats\/#breadcrumb\",\"itemListElement\":[{\"@type\":\"ListItem\",\"position\":1,\"name\":\"Accueil\",\"item\":\"https:\/\/www.nettali.com\/\"},{\"@type\":\"ListItem\",\"position\":2,\"name\":\"LIB\\u00c9RATION DE PAPE AL\\u00c9 NIANG -Quand Thierno Bocoum donne des explications juridiques aux magistrats\"}]},{\"@type\":\"Person\",\"@id\":\"https:\/\/www.nettali.com\/#\/schema\/person\/418274a86bdf87caff7a3ef476bd0bbf\",\"name\":\"Fatou\",\"image\":{\"@type\":\"ImageObject\",\"@id\":\"https:\/\/www.nettali.com\/#personlogo\",\"inLanguage\":\"fr-FR\",\"url\":\"https:\/\/secure.gravatar.com\/avatar\/5a9442a2bee7b4dcf167cab035858e9a?s=96&d=mm&r=g\",\"contentUrl\":\"https:\/\/secure.gravatar.com\/avatar\/5a9442a2bee7b4dcf167cab035858e9a?s=96&d=mm&r=g\",\"caption\":\"Fatou\"},\"sameAs\":[\"https:\/\/www.nettali.com\"]}]}<\/script>\n<!-- \/ Yoast SEO Premium plugin. -->","yoast_head_json":{"title":"LIB\u00c9RATION DE PAPE AL\u00c9 NIANG -Quand Thierno Bocoum donne des explications juridiques aux magistrats | Nettali.com","robots":{"index":"index","follow":"follow","max-snippet":"max-snippet:-1","max-image-preview":"max-image-preview:large","max-video-preview":"max-video-preview:-1"},"canonical":"https:\/\/www.nettali.com\/2023\/01\/03\/liberation-de-pape-ale-niang-quand-thierno-bocoum-donne-des-explications-juridiques-aux-magistrats\/","og_locale":"fr_FR","og_type":"article","og_title":"LIB\u00c9RATION DE PAPE AL\u00c9 NIANG -Quand Thierno Bocoum donne des explications juridiques aux magistrats","og_description":"NETTALI.COM - Membre de la coalition Aar S\u00e9n\u00e9gal, l\u2019ancien parlementaire, Thierno Bocoum a, dans une note, expliqu\u00e9 les raisons juridiques qui militent en faveur de la lib\u00e9ration du journaliste Pape Al\u00e9 Niang. Le Directeur de Dakar Matin, Pape Al\u00e9 Niang, en d\u00e9tention pr\u00e9ventive depuis plusieurs jours est tr\u00e8s souffrant. Son \u00e9tat de sant\u00e9 se d\u00e9t\u00e9riore [&hellip;]","og_url":"https:\/\/www.nettali.com\/2023\/01\/03\/liberation-de-pape-ale-niang-quand-thierno-bocoum-donne-des-explications-juridiques-aux-magistrats\/","og_site_name":"Nettali.com","article_publisher":"https:\/\/www.facebook.com\/nettalicom","article_published_time":"2023-01-03T08:35:52+00:00","og_image":[{"width":1280,"height":720,"url":"https:\/\/www.nettali.com\/wp-content\/uploads\/2020\/09\/thierno-bocoum-1.jpg","type":"image\/jpeg"}],"twitter_card":"summary_large_image","twitter_misc":{"\u00c9crit par":"Fatou","Dur\u00e9e de lecture estim\u00e9e":"3 minutes"},"schema":{"@context":"https:\/\/schema.org","@graph":[{"@type":"WebSite","@id":"https:\/\/www.nettali.com\/#website","url":"https:\/\/www.nettali.com\/","name":"Nettali.com","description":"Le rendez-vous critique du Net","potentialAction":[{"@type":"SearchAction","target":{"@type":"EntryPoint","urlTemplate":"https:\/\/www.nettali.com\/?s={search_term_string}"},"query-input":"required name=search_term_string"}],"inLanguage":"fr-FR"},{"@type":"ImageObject","@id":"https:\/\/www.nettali.com\/2023\/01\/03\/liberation-de-pape-ale-niang-quand-thierno-bocoum-donne-des-explications-juridiques-aux-magistrats\/#primaryimage","inLanguage":"fr-FR","url":"https:\/\/www.nettali.com\/wp-content\/uploads\/2020\/09\/thierno-bocoum-1.jpg","contentUrl":"https:\/\/www.nettali.com\/wp-content\/uploads\/2020\/09\/thierno-bocoum-1.jpg","width":1280,"height":720},{"@type":"WebPage","@id":"https:\/\/www.nettali.com\/2023\/01\/03\/liberation-de-pape-ale-niang-quand-thierno-bocoum-donne-des-explications-juridiques-aux-magistrats\/#webpage","url":"https:\/\/www.nettali.com\/2023\/01\/03\/liberation-de-pape-ale-niang-quand-thierno-bocoum-donne-des-explications-juridiques-aux-magistrats\/","name":"LIB\u00c9RATION DE PAPE AL\u00c9 NIANG -Quand Thierno Bocoum donne des explications juridiques aux magistrats | Nettali.com","isPartOf":{"@id":"https:\/\/www.nettali.com\/#website"},"primaryImageOfPage":{"@id":"https:\/\/www.nettali.com\/2023\/01\/03\/liberation-de-pape-ale-niang-quand-thierno-bocoum-donne-des-explications-juridiques-aux-magistrats\/#primaryimage"},"datePublished":"2023-01-03T08:35:52+00:00","dateModified":"2023-01-03T08:35:52+00:00","author":{"@id":"https:\/\/www.nettali.com\/#\/schema\/person\/418274a86bdf87caff7a3ef476bd0bbf"},"breadcrumb":{"@id":"https:\/\/www.nettali.com\/2023\/01\/03\/liberation-de-pape-ale-niang-quand-thierno-bocoum-donne-des-explications-juridiques-aux-magistrats\/#breadcrumb"},"inLanguage":"fr-FR","potentialAction":[{"@type":"ReadAction","target":["https:\/\/www.nettali.com\/2023\/01\/03\/liberation-de-pape-ale-niang-quand-thierno-bocoum-donne-des-explications-juridiques-aux-magistrats\/"]}]},{"@type":"BreadcrumbList","@id":"https:\/\/www.nettali.com\/2023\/01\/03\/liberation-de-pape-ale-niang-quand-thierno-bocoum-donne-des-explications-juridiques-aux-magistrats\/#breadcrumb","itemListElement":[{"@type":"ListItem","position":1,"name":"Accueil","item":"https:\/\/www.nettali.com\/"},{"@type":"ListItem","position":2,"name":"LIB\u00c9RATION DE PAPE AL\u00c9 NIANG -Quand Thierno Bocoum donne des explications juridiques aux magistrats"}]},{"@type":"Person","@id":"https:\/\/www.nettali.com\/#\/schema\/person\/418274a86bdf87caff7a3ef476bd0bbf","name":"Fatou","image":{"@type":"ImageObject","@id":"https:\/\/www.nettali.com\/#personlogo","inLanguage":"fr-FR","url":"https:\/\/secure.gravatar.com\/avatar\/5a9442a2bee7b4dcf167cab035858e9a?s=96&d=mm&r=g","contentUrl":"https:\/\/secure.gravatar.com\/avatar\/5a9442a2bee7b4dcf167cab035858e9a?s=96&d=mm&r=g","caption":"Fatou"},"sameAs":["https:\/\/www.nettali.com"]}]}},"_links":{"self":[{"href":"https:\/\/www.nettali.com\/rest\/wp\/v2\/posts\/100971"}],"collection":[{"href":"https:\/\/www.nettali.com\/rest\/wp\/v2\/posts"}],"about":[{"href":"https:\/\/www.nettali.com\/rest\/wp\/v2\/types\/post"}],"author":[{"embeddable":true,"href":"https:\/\/www.nettali.com\/rest\/wp\/v2\/users\/6"}],"replies":[{"embeddable":true,"href":"https:\/\/www.nettali.com\/rest\/wp\/v2\/comments?post=100971"}],"version-history":[{"count":3,"href":"https:\/\/www.nettali.com\/rest\/wp\/v2\/posts\/100971\/revisions"}],"predecessor-version":[{"id":100990,"href":"https:\/\/www.nettali.com\/rest\/wp\/v2\/posts\/100971\/revisions\/100990"}],"wp:featuredmedia":[{"embeddable":true,"href":"https:\/\/www.nettali.com\/rest\/wp\/v2\/media\/46489"}],"wp:attachment":[{"href":"https:\/\/www.nettali.com\/rest\/wp\/v2\/media?parent=100971"}],"wp:term":[{"taxonomy":"category","embeddable":true,"href":"https:\/\/www.nettali.com\/rest\/wp\/v2\/categories?post=100971"},{"taxonomy":"post_tag","embeddable":true,"href":"https:\/\/www.nettali.com\/rest\/wp\/v2\/tags?post=100971"}],"curies":[{"name":"wp","href":"https:\/\/api.w.org\/{rel}","templated":true}]}}