{"id":100815,"date":"2022-12-31T10:17:15","date_gmt":"2022-12-31T10:17:15","guid":{"rendered":"https:\/\/www.nettali.com\/?p=100815"},"modified":"2022-12-31T10:17:15","modified_gmt":"2022-12-31T10:17:15","slug":"necrologie-deces-de-lancien-pape-benoit-xvi","status":"publish","type":"post","link":"https:\/\/www.nettali.com\/2022\/12\/31\/necrologie-deces-de-lancien-pape-benoit-xvi\/","title":{"rendered":"NECROLOGIE - D\u00e9c\u00e8s de l\u2019ancien Pape, Benoit XVI"},"content":{"rendered":"<p><strong>NETTALI.COM - L'ancien pape Benoit XVI est d\u00e9c\u00e9d\u00e9 le 31 d\u00e9cembre \u00e0 95 ans. Depuis qu'il avait renonc\u00e9 \u00e0 sa charge le 11 f\u00e9vrier 2013, cette figure du conservatisme doctrinal vivait dans le monast\u00e8re Mater Ecclesiae, au c\u0153ur de la cit\u00e9 vaticane. Portrait.<\/strong><\/p>\n<p>Le \u00ab\u00a0pape \u00e9m\u00e9rite\u00a0\u00bb Benoit XVI\u00a0s\u2019est \u00e9teint ce 31 d\u00e9cembre \u00e0 l\u2019\u00e2ge de 95 ans dans les murs du petit monast\u00e8re Mater Ecclesiae, au c\u0153ur de la cit\u00e9 vaticane, qu\u2019il occupait depuis sa renonciation en 2013. Jusqu\u2019\u00e0 la fin de sa longue vie, l\u2019odeur sucr\u00e9 du Kirschmichel, la recette de clafoutis bavarois pr\u00e9f\u00e9r\u00e9e du pr\u00e9lat allemand Joseph Ratzinger, aura flott\u00e9 dans les couloirs d\u2019une maison tenue par quatre s\u0153urs la\u00efques et gouvern\u00e9e par l\u2019archev\u00eaque Georg G\u00e4nswein, son fid\u00e8le secr\u00e9taire particulier. Jusqu\u2019\u00e0 la fin aussi, l\u2019ombre de\u00a0ce d\u00e9fenseur acharn\u00e9 du dogme catholique\u00a0aura plan\u00e9 sur le r\u00e8gne de son successeur Fran\u00e7ois.<\/p>\n<p>Remarqu\u00e9 dans les coulisses du concile de Vatican II (1962-1965) comme jeune r\u00e9formateur z\u00e9l\u00e9 et prometteur, ce th\u00e9ologien passionn\u00e9, plus \u00e0 l\u2019aise dans les r\u00f4les d\u2019homme d\u2019influence et de r\u00e9seau que dans celui de pasteur-berger des \u00e2mes, s\u2019est impos\u00e9 au fil des ans comme la figure embl\u00e9matique du conservatisme doctrinal au sein de l\u2019\u00c9glise catholique. Loin d\u2019\u00eatre int\u00e9griste, il n\u2019en sera pas moins un adversaire acharn\u00e9 des profondes r\u00e9formes sociales et structurelles esp\u00e9r\u00e9es aujourd\u2019hui par tant de croyants, comme l\u2019ordination des femmes \u00e0 la pr\u00eatrise, la reconnaissance du mariage homosexuel ou l\u2019ouverture de la gestion de l\u2019\u00c9glise aux la\u00efques, le tout au nom de la d\u00e9fense des dogmes et de la coh\u00e9sion d\u2019une \u00c9glise mill\u00e9naire.<\/p>\n<p><strong>SITUATION MODESTE<\/strong><\/p>\n<p>Joseph Ratzinger est n\u00e9 le 16 avril 1927, benjamin d\u2019une fratrie de trois, \u00e0 Marktl-am-Inn, non loin de la fronti\u00e8re autrichienne, dans une Basse-Bavi\u00e8re paysanne et ultra-catholique. Son grand-oncle est docteur en th\u00e9ologie et d\u00e9put\u00e9 au Reichstag pour le Parti paysan bavarois. Son p\u00e8re est gendarme, jamais encart\u00e9 au NSDAP, et sa m\u00e8re cuisini\u00e8re. La Bavi\u00e8re est alors un \u00e9tat rural plut\u00f4t pauvre dans une Allemagne vaincue, en pleine crise \u00e9conomique, politique et morale. Malgr\u00e9 une situation modeste, les \u00e9poux Ratzinger \u00e9l\u00e8vent leurs enfants dans la foi catholique traditionnelle et trouvent les moyens de placer Joseph et son fr\u00e8re ain\u00e9 Georg (futur pr\u00eatre et chef de c\u0153ur des c\u00e9l\u00e8bres Moineaux de la cath\u00e9drale de Ratisbonne) au S\u00e9minaire Saint-Michel de Traustein, ville o\u00f9 la famille s\u2019est fix\u00e9e apr\u00e8s l\u2019entr\u00e9e en retraite du p\u00e8re.<\/p>\n<p>Cet internat qui pr\u00e9pare aussi \u00e0 la pr\u00eatrise, est d\u00e9j\u00e0 un terrain de lutte entre l\u2019\u00c9glise r\u00e9gionale et les nazis, obs\u00e9d\u00e9s par le contr\u00f4le des jeunes esprits, qui ne manquent pas une occasion de perturber les cours. C\u2019est l\u00e0 que le futur pape choisit le camp de la religion. Mais, \u00e0 14 ans, il n\u2019\u00e9chappe pas \u00e0 l\u2019incorporation obligatoire dans les jeunesses hitl\u00e9riennes, puis \u00e0 une formation de \u00ab\u00a0Flakhelfer\u00a0\u00bb, c\u2019est-\u00e0-dire assistant sur une batterie anti-a\u00e9rienne.<\/p>\n<p>N\u00e9 en 1930, l\u2019ancien chancelier Helmut Kohl, a lui aussi \u00e9t\u00e9 \u00ab\u00a0Flakhelfer\u00a0\u00bb. Le parcours est un classique pour les jeunes Allemands qui ont moins de 18 ans au d\u00e9but de la Seconde Guerre mondiale. Plus tard, en 1944, Ratzinger officiera, durant quelques mois,\u00a0\u00e0 la Wehrmacht. \u00ab<em>\u00a0L'enfer, c'est de vivre dans l'absence de Dieu<\/em>\u00a0\u00bb, dira Benoit XVI en qualifiant le nazisme de \u00ab\u00a0<em>domination du mensonge\u00a0<\/em>\u00bb et de \u00ab\u00a0<em>r\u00e9gime de la peur\u00a0<\/em>\u00bb, en 2004, \u00e0 Caen, lors des c\u00e9l\u00e9brations du 60e anniversaire du d\u00e9barquement alli\u00e9.<\/p>\n<p>Apr\u00e8s un court passage dans une prison am\u00e9ricaine, Joseph Ratzinger entame ses \u00e9tudes de th\u00e9ologie, d'abord \u00e0 l'\u00e9cole de philosophie et de th\u00e9ologie de Freising, puis \u00e0 l'universit\u00e9 de Munich. Le 29 juin 1951, il est ordonn\u00e9 pr\u00eatre en m\u00eame temps que son fr\u00e8re Georg. Apr\u00e8s une br\u00e8ve activit\u00e9 pastorale \u00e0 Munich, il opte pour la recherche et l\u2019enseignement. Quatre ans et un doctorat plus tard, \u00e0 l'\u00e2ge de 30 ans, il devient enfin professeur de dogmatique \u00e0 l'universit\u00e9 th\u00e9ologique de Freising. En 1959, il est enfin nomm\u00e9 titulaire de la chaire de th\u00e9ologie fondamentale \u00e0 Bonn.<\/p>\n<p>Ce poste le rapproche de l\u2019Archev\u00eaque de Cologne et cardinal Joseph Frings qui en fait son conseiller en th\u00e9ologie, notamment lors des travaux du Concile Vatican II. C\u2019est un tournant dans sa carri\u00e8re. C\u2019est en effet \u00e0 la suite d\u2019un discours de Frings, r\u00e9dig\u00e9 en grande partie par Ratzinger, que l\u2019\u00c9glise romaine d\u00e9cide de r\u00e9former le Saint-Office, h\u00e9ritier direct de la sombre Inquisition. Le jeune professeur de th\u00e9ologie allemand se lie aussi d\u2019amiti\u00e9 avec un certain Karol Wojtyla, futur Jean-Paul II.<\/p>\n<p>En 1965, le pape Paul IV remplace donc le Saint-Office par la Congr\u00e9gation pour la doctrine de la foi. La m\u00e9thode punitive disparait mais le pouvoir de contr\u00f4le subsiste. Comme le pr\u00e9cise plus tard Jean Paul II, la nouvelle congr\u00e9gation a pour t\u00e2che \u00ab\u00a0<em>de promouvoir et de prot\u00e9ger la doctrine et les m\u0153urs conformes \u00e0 la foi dans tout le monde catholique\u00a0: tout ce qui, de quelque mani\u00e8re, concerne ce domaine rel\u00e8ve donc de sa comp\u00e9tence\u00a0<\/em>\u00bb. On imagine ais\u00e9ment le poste de pouvoir que repr\u00e9sente la direction de cette congr\u00e9gation. Et c\u2019est pr\u00e9cis\u00e9ment \u00e0 ce poste, en 1981, que le pape polonais nomme son ami Ratzinger qui est, entre temps, devenu archev\u00eaque de Munich et Freising et cardinal (1977).<\/p>\n<p><strong>DOYEN DU COLL\u00c8GE DES CARDINAUX<\/strong><\/p>\n<p>Joseph Ratzinger, dirige cette congr\u00e9gation jusqu\u2019\u00e0 son \u00e9lection \u00e0 la fonction supr\u00eame en 2005. Il est aussi nomm\u00e9 doyen du Coll\u00e8ge des cardinaux en 2002, le coll\u00e8ge qui \u00e9lit le pape. Quand Jean-Paul II meurt, l\u2019\u00c9glise catholique est d\u00e9j\u00e0 profond\u00e9ment \u00e9branl\u00e9e par les multiples r\u00e9v\u00e9lations sur toute la plan\u00e8te de cas p\u00e9dophilie. Un vent de r\u00e9bellion et de rejet souffle contre une institution eccl\u00e9siastique habitu\u00e9e \u00e0 g\u00e9rer ses probl\u00e8mes en secret. Les cardinaux paniquent et Joseph Ratzinger a toutes les cartes pour s\u2019imposer comme la solution la moins aventureuse.<\/p>\n<p>Pour le th\u00e9ologien suisse Hans K\u00fcng, interview\u00e9 par le quotidien genevois\u00a0<em>Le Temps<\/em>, quelques jours avant l\u2019\u00e9lection, l'\u00c9glise catholique a besoin d'un pape capable d'accomplir des r\u00e9formes internes, inspir\u00e9 par l'Evangile et non par le droit canon m\u00e9di\u00e9val, \u00ab\u00a0<em>garant de la libert\u00e9 de parole et de l'ouverture \u00e0 l'int\u00e9rieur de l'\u00c9glise<\/em>\u00a0\u00bb. \u00ab<em>\u00a0Le nouveau pape devrait \u00eatre un \u00e9v\u00eaque qui respecte la coll\u00e9gialit\u00e9, pas un autocrate. L'\u00c9glise a \u00e9galement besoin d'un pasteur qui soit l'ami des femmes, qui refuse tout sexisme et patriarcalisme<\/em>\u00a0\u00bb, explique alors cet ancien th\u00e9ologien officiel du concile Vatican II, interdit d\u2019enseignement en 1979 \u00e0 la suite de ses critiques sur l\u2019infaillibilit\u00e9 papale, le tout sur instigation de la Congr\u00e9gation pour la Doctrine de la Foi dirig\u00e9e par Ratzinger.<\/p>\n<p><strong>POINT DE VUE CONSERVATEUR<\/strong><\/p>\n<p>Ce dernier ne voit plus du tout les choses du m\u00eame \u0153il que le th\u00e9ologien avec qui il a pourtant travaill\u00e9 main dans la main lors du synode de Vatican II \u00ab\u00a0<em>pour faire entrer un courant d\u2019air frais dans l\u2019\u00c9glise<\/em>\u00a0\u00bb\u00a0qui livre l\u2019analyse suivante en 1984\u00a0: \u00ab\u00a0<em>On s\u2019attendait \u00e0 un bond en avant et l\u2019on s\u2019est trouv\u00e9 au contraire face \u00e0 un processus progressif de d\u00e9cadence qui s\u2019est d\u00e9velopp\u00e9 dans une large mesure en se r\u00e9clamant du Concile et qui, de cette mani\u00e8re, l\u2019a de plus en plus discr\u00e9dit\u00e9... Le bilan semble donc \u00eatre n\u00e9gatif : il est incontestable que les dix derni\u00e8res ann\u00e9es ont \u00e9t\u00e9 d\u00e9cid\u00e9ment d\u00e9favorables pour l\u2019\u00c9glise catholique\u00a0<\/em>\u00bb, \u00e9crit-il en position de r\u00e9action.<\/p>\n<p>L\u2019\u00e9lection de Benoit XVI a finalement lieu du 18 au 19 avril 2005. Elle est boucl\u00e9e en seulement quatre tours de scrutins. Un record. Commence alors un r\u00e8gne papale ponctu\u00e9 de d\u00e9rapages et de malentendus. D\u00e8s 2006, Benoit XVI se met le monde musulman \u00e0 dos lors d\u2019un discours prononc\u00e9 \u00e0 Ratisbonne sur les rapports entre la foi, la science et l\u2019enseignement. Il y emploie deux citations pr\u00e9sentant l\u2019Islam sous un jour extr\u00eamement n\u00e9gatif. \u00ab\u00a0<em>Ce ne sont pas pour autant mes positions<\/em>\u00a0\u00bb, se justifiera-t-il ensuite. Trop tard. Le mal est fait et d\u00e9bouche sur des attaques d\u2019\u00e9glises, la mort d\u2019une religieuse somalienne et dix ans de froid avec le monde islamique.<\/p>\n<p><strong>LA MESSE SELON LE MISSEL<\/strong><\/p>\n<p>En 2007, dans sa lettre apostolique<em>\u00a0Summorum Pontificum<\/em>, le pape Benoit XVI r\u00e9autorise aussi la messe selon le missel de 1962 qui reconnait le rituel ancien dit tridentin, pratiqu\u00e9 jusqu\u2019\u00e0 la publication du Missel de Vatican II en 1970. Cette d\u00e9cision satisfait les traditionalistes et va notamment conduire \u00e0 la r\u00e9ouverture des discussions entre le Vatican et la Fraternit\u00e9 Saint Pie X, fond\u00e9 par le cardinal int\u00e9griste Marcel Lefevre, et la lev\u00e9e de l\u2019excommunication des \u00e9v\u00eaques de ladite Fraternit\u00e9. En 2021, le Pape Fran\u00e7ois interdira \u00e0 nouveau l\u2019utilisation du missel de 1962.<\/p>\n<p>Sur les scandales de p\u00e9dophilie, le pape Benoit, aussi connu pour refuser toute officialisation de l\u2019homosexualit\u00e9 ou pour douter de l\u2019efficacit\u00e9 du pr\u00e9servatif contre le Sida, ne manquera pas d\u2019exprimer sa honte et ses remords. \u00ab<em>\u00a0J\u2019ai eu de grandes responsabilit\u00e9s dans l\u2019\u00c9glise catholique. Ma douleur est d\u2019autant plus grande pour les abus et les erreurs qui se sont produits au cours de mon mandat en diff\u00e9rents lieux\u00a0\u00bb, explique<\/em>ra-t-il des ann\u00e9es plus tard. Sous son r\u00e8gne, la Congr\u00e9gation pour la doctrine de la Foi en charge de ces questions n\u2019a pas rien fait pour \u00e9carter et punir les pr\u00eatres coupables. Mais elle a surtout laiss\u00e9 les \u00c9glises locales g\u00e9rer le probl\u00e8me sans tirer les conclusions profondes qu\u2019appellent ces scandales. \u00c0\u00a0savoir que nombre des abus et dissimilations ont pu avoir lieu parce que les structures eccl\u00e9siastiques sont opaques, autocratiques et laissent peu de place aux croyants.<\/p>\n<p>En 2019, Benoit explique ainsi les affaires de p\u00e9dophilie par un recul de la foi dans la soci\u00e9t\u00e9, associ\u00e9 \u00e0 la lib\u00e9ralisation des m\u0153urs des ann\u00e9es 60. Mais rattrap\u00e9 par son histoire et les recherches d\u2019un cabinet d\u2019avocats en f\u00e9vrier 2022, il doit cependant reconna\u00eetre, trois semaines apr\u00e8s l\u2019avoir ni\u00e9, qu\u2019il a bien particip\u00e9 \u00e0 une r\u00e9union en tant qu\u2019archev\u00eaque de Munich, o\u00f9 a \u00e9t\u00e9 d\u00e9cid\u00e9 la r\u00e9int\u00e9gration d\u2019un pr\u00eatre p\u00e9dophile dans le service actif de l\u2019\u00c9glise.<\/p>\n<p><strong>2013 : LE RENONCEMENT \u00c0 SA CHARGE DE PAPE<\/strong><\/p>\n<p>En f\u00e9vrier 2013, dans le sillage du scandale des \u00ab\u00a0Vatileaks\u00a0\u00bb (mai 2012) qui correspond \u00e0 la fuite et la publication de documents confidentiels du Vatican, dont une partie de sa correspondance, le 265\u00e8me pape de la Chr\u00e9tient\u00e9 d\u00e9cide de renoncer \u00e0 sa charge, \u00ab\u00a0<em>conscient de n\u2019\u00eatre plus en mesure d\u2019accomplir le minist\u00e8re p\u00e9trinien avec la force qu\u2019il demande<\/em>\u00a0\u00bb. Seuls dix papes ont franchi ce pas. Mais neufs d\u2019entre eux y ont \u00e9t\u00e9 forc\u00e9. Benoit XVI est le seul \u00e0 l\u2019avoir fait de son plein gr\u00e9.<\/p>\n<p>Son retrait au c\u0153ur du Vatican ne lui a cependant pas coup\u00e9 l\u2019envie de peser sur le cours de l\u2019\u00c9glise. Plusieurs indices le montrent. Par exemple son choix de s\u2019auto-nommer \u00ab Pape \u00e9m\u00e9rite\u00a0\u00bb, un titre qui n\u2019a jamais exist\u00e9 mais qui signifie bien son intention de ne pas compl\u00e8tement abandonner son titre. L\u00e9g\u00e8rement \u00e9nerv\u00e9, son successeur Fran\u00e7ois n\u2019a jamais voulu ouvrir une pol\u00e9mique sur ce point mais n\u2019a pas manqu\u00e9 de parler de lui comme son \u00ab<em>\u00a0grand-p\u00e8re sage \u00e0 la maison\u00a0<\/em>\u00bb.<\/p>\n<p>Assagi, ce grand-p\u00e8re d\u00e9\u00e7u par \u00ab<em>\u00a0une soci\u00e9t\u00e9 occidentale o\u00f9 Dieu a disparu de l\u2019espace public\u00a0<\/em>\u00bb , ne l\u2019aura jamais \u00e9t\u00e9. Depuis sa retraite, il s\u2019est fait remarquer par des prises de positions intempestives contre le mariage homosexuel et pour le c\u00e9libat des pr\u00eatres. Il a aussi pr\u00e9vu l\u2019apr\u00e8s gr\u00e2ce aux \u00ab\u00a0Cercles des anciens \u00e9l\u00e8ves de Joseph Ratzinger\u00a0\u00bb. Ceux-ci r\u00e9unissent au moins une fois par an une assembl\u00e9e compos\u00e9e de jeunes th\u00e9ologiens et d\u2019une vieille garde, comme les cardinaux conservateurs Kurt Koch et Gerhard Ludwig M\u00fcller, avec pour objectif d\u2019\u00e9tudier et de propager les positions de l\u2019ancien pape. C\u2019est-\u00e0-dire de condamner la plupart des exp\u00e9riences actuelles de r\u00e9forme de l\u2019\u00c9glise.<\/p>\n<div class='share-to-whatsapp-wrapper'><div class='share-on-whsp'>PARTAGER SUR : <\/div><a data-text='NECROLOGIE - D\u00e9c\u00e8s de l\u2019ancien Pape, Benoit XVI' data-link='https:\/\/www.nettali.com\/2022\/12\/31\/necrologie-deces-de-lancien-pape-benoit-xvi\/' class='whatsapp-button whatsapp-share'>WhatsApp<\/a><div class='clear '><\/div><\/div>","protected":false},"excerpt":{"rendered":"<p>NETTALI.COM - L'ancien pape Benoit XVI est d\u00e9c\u00e9d\u00e9 le 31 d\u00e9cembre \u00e0 95 ans. Depuis qu'il avait renonc\u00e9 \u00e0 sa charge le 11 f\u00e9vrier 2013, cette figure du conservatisme doctrinal vivait dans le monast\u00e8re Mater Ecclesiae, au c\u0153ur de la cit\u00e9 vaticane. Portrait. Le \u00ab\u00a0pape \u00e9m\u00e9rite\u00a0\u00bb Benoit XVI\u00a0s\u2019est \u00e9teint ce 31 d\u00e9cembre \u00e0 l\u2019\u00e2ge de [&hellip;]<\/p>\n","protected":false},"author":4,"featured_media":100816,"comment_status":"open","ping_status":"open","sticky":false,"template":"","format":"standard","meta":{"_et_pb_use_builder":"","_et_pb_old_content":""},"categories":[3],"tags":[],"yoast_head":"<!-- This site is optimized with the Yoast SEO Premium plugin v17.8 (Yoast SEO v17.8) - https:\/\/yoast.com\/wordpress\/plugins\/seo\/ -->\n<title>NECROLOGIE - D\u00e9c\u00e8s de l\u2019ancien Pape, Benoit XVI | Nettali.com<\/title>\n<meta name=\"robots\" content=\"index, follow, max-snippet:-1, max-image-preview:large, max-video-preview:-1\" \/>\n<link rel=\"canonical\" href=\"https:\/\/www.nettali.com\/2022\/12\/31\/necrologie-deces-de-lancien-pape-benoit-xvi\/\" \/>\n<meta property=\"og:locale\" content=\"fr_FR\" \/>\n<meta property=\"og:type\" content=\"article\" \/>\n<meta property=\"og:title\" content=\"NECROLOGIE - D\u00e9c\u00e8s de l\u2019ancien Pape, Benoit XVI\" \/>\n<meta property=\"og:description\" content=\"NETTALI.COM - L&#039;ancien pape Benoit XVI est d\u00e9c\u00e9d\u00e9 le 31 d\u00e9cembre \u00e0 95 ans. Depuis qu&#039;il avait renonc\u00e9 \u00e0 sa charge le 11 f\u00e9vrier 2013, cette figure du conservatisme doctrinal vivait dans le monast\u00e8re Mater Ecclesiae, au c\u0153ur de la cit\u00e9 vaticane. Portrait. Le \u00ab\u00a0pape \u00e9m\u00e9rite\u00a0\u00bb Benoit XVI\u00a0s\u2019est \u00e9teint ce 31 d\u00e9cembre \u00e0 l\u2019\u00e2ge de [&hellip;]\" \/>\n<meta property=\"og:url\" content=\"https:\/\/www.nettali.com\/2022\/12\/31\/necrologie-deces-de-lancien-pape-benoit-xvi\/\" \/>\n<meta property=\"og:site_name\" content=\"Nettali.com\" \/>\n<meta property=\"article:publisher\" content=\"https:\/\/www.facebook.com\/nettalicom\" \/>\n<meta property=\"article:published_time\" content=\"2022-12-31T10:17:15+00:00\" \/>\n<meta property=\"og:image\" content=\"https:\/\/www.nettali.com\/wp-content\/uploads\/2022\/12\/benoit.png\" \/>\n\t<meta property=\"og:image:width\" content=\"980\" \/>\n\t<meta property=\"og:image:height\" content=\"450\" \/>\n<meta name=\"twitter:card\" content=\"summary_large_image\" \/>\n<meta name=\"twitter:label1\" content=\"\u00c9crit par\" \/>\n\t<meta name=\"twitter:data1\" content=\"Daouda\" \/>\n\t<meta name=\"twitter:label2\" content=\"Dur\u00e9e de lecture estim\u00e9e\" \/>\n\t<meta name=\"twitter:data2\" content=\"10 minutes\" \/>\n<script type=\"application\/ld+json\" class=\"yoast-schema-graph\">{\"@context\":\"https:\/\/schema.org\",\"@graph\":[{\"@type\":\"WebSite\",\"@id\":\"https:\/\/www.nettali.com\/#website\",\"url\":\"https:\/\/www.nettali.com\/\",\"name\":\"Nettali.com\",\"description\":\"Le rendez-vous critique du Net\",\"potentialAction\":[{\"@type\":\"SearchAction\",\"target\":{\"@type\":\"EntryPoint\",\"urlTemplate\":\"https:\/\/www.nettali.com\/?s={search_term_string}\"},\"query-input\":\"required name=search_term_string\"}],\"inLanguage\":\"fr-FR\"},{\"@type\":\"ImageObject\",\"@id\":\"https:\/\/www.nettali.com\/2022\/12\/31\/necrologie-deces-de-lancien-pape-benoit-xvi\/#primaryimage\",\"inLanguage\":\"fr-FR\",\"url\":\"https:\/\/www.nettali.com\/wp-content\/uploads\/2022\/12\/benoit.png\",\"contentUrl\":\"https:\/\/www.nettali.com\/wp-content\/uploads\/2022\/12\/benoit.png\",\"width\":980,\"height\":450},{\"@type\":\"WebPage\",\"@id\":\"https:\/\/www.nettali.com\/2022\/12\/31\/necrologie-deces-de-lancien-pape-benoit-xvi\/#webpage\",\"url\":\"https:\/\/www.nettali.com\/2022\/12\/31\/necrologie-deces-de-lancien-pape-benoit-xvi\/\",\"name\":\"NECROLOGIE - D\\u00e9c\\u00e8s de l\\u2019ancien Pape, Benoit XVI | Nettali.com\",\"isPartOf\":{\"@id\":\"https:\/\/www.nettali.com\/#website\"},\"primaryImageOfPage\":{\"@id\":\"https:\/\/www.nettali.com\/2022\/12\/31\/necrologie-deces-de-lancien-pape-benoit-xvi\/#primaryimage\"},\"datePublished\":\"2022-12-31T10:17:15+00:00\",\"dateModified\":\"2022-12-31T10:17:15+00:00\",\"author\":{\"@id\":\"https:\/\/www.nettali.com\/#\/schema\/person\/3317e0bb3aa1da309fbf7b2780901bf4\"},\"breadcrumb\":{\"@id\":\"https:\/\/www.nettali.com\/2022\/12\/31\/necrologie-deces-de-lancien-pape-benoit-xvi\/#breadcrumb\"},\"inLanguage\":\"fr-FR\",\"potentialAction\":[{\"@type\":\"ReadAction\",\"target\":[\"https:\/\/www.nettali.com\/2022\/12\/31\/necrologie-deces-de-lancien-pape-benoit-xvi\/\"]}]},{\"@type\":\"BreadcrumbList\",\"@id\":\"https:\/\/www.nettali.com\/2022\/12\/31\/necrologie-deces-de-lancien-pape-benoit-xvi\/#breadcrumb\",\"itemListElement\":[{\"@type\":\"ListItem\",\"position\":1,\"name\":\"Accueil\",\"item\":\"https:\/\/www.nettali.com\/\"},{\"@type\":\"ListItem\",\"position\":2,\"name\":\"NECROLOGIE - D\\u00e9c\\u00e8s de l\\u2019ancien Pape, Benoit XVI\"}]},{\"@type\":\"Person\",\"@id\":\"https:\/\/www.nettali.com\/#\/schema\/person\/3317e0bb3aa1da309fbf7b2780901bf4\",\"name\":\"Daouda\",\"image\":{\"@type\":\"ImageObject\",\"@id\":\"https:\/\/www.nettali.com\/#personlogo\",\"inLanguage\":\"fr-FR\",\"url\":\"https:\/\/secure.gravatar.com\/avatar\/8d143b5a49345098ddcfee1c49c2f47c?s=96&d=mm&r=g\",\"contentUrl\":\"https:\/\/secure.gravatar.com\/avatar\/8d143b5a49345098ddcfee1c49c2f47c?s=96&d=mm&r=g\",\"caption\":\"Daouda\"},\"sameAs\":[\"https:\/\/www.nettali.com\"]}]}<\/script>\n<!-- \/ Yoast SEO Premium plugin. -->","yoast_head_json":{"title":"NECROLOGIE - D\u00e9c\u00e8s de l\u2019ancien Pape, Benoit XVI | Nettali.com","robots":{"index":"index","follow":"follow","max-snippet":"max-snippet:-1","max-image-preview":"max-image-preview:large","max-video-preview":"max-video-preview:-1"},"canonical":"https:\/\/www.nettali.com\/2022\/12\/31\/necrologie-deces-de-lancien-pape-benoit-xvi\/","og_locale":"fr_FR","og_type":"article","og_title":"NECROLOGIE - D\u00e9c\u00e8s de l\u2019ancien Pape, Benoit XVI","og_description":"NETTALI.COM - L'ancien pape Benoit XVI est d\u00e9c\u00e9d\u00e9 le 31 d\u00e9cembre \u00e0 95 ans. Depuis qu'il avait renonc\u00e9 \u00e0 sa charge le 11 f\u00e9vrier 2013, cette figure du conservatisme doctrinal vivait dans le monast\u00e8re Mater Ecclesiae, au c\u0153ur de la cit\u00e9 vaticane. Portrait. Le \u00ab\u00a0pape \u00e9m\u00e9rite\u00a0\u00bb Benoit XVI\u00a0s\u2019est \u00e9teint ce 31 d\u00e9cembre \u00e0 l\u2019\u00e2ge de [&hellip;]","og_url":"https:\/\/www.nettali.com\/2022\/12\/31\/necrologie-deces-de-lancien-pape-benoit-xvi\/","og_site_name":"Nettali.com","article_publisher":"https:\/\/www.facebook.com\/nettalicom","article_published_time":"2022-12-31T10:17:15+00:00","og_image":[{"width":980,"height":450,"url":"https:\/\/www.nettali.com\/wp-content\/uploads\/2022\/12\/benoit.png","type":"image\/png"}],"twitter_card":"summary_large_image","twitter_misc":{"\u00c9crit par":"Daouda","Dur\u00e9e de lecture estim\u00e9e":"10 minutes"},"schema":{"@context":"https:\/\/schema.org","@graph":[{"@type":"WebSite","@id":"https:\/\/www.nettali.com\/#website","url":"https:\/\/www.nettali.com\/","name":"Nettali.com","description":"Le rendez-vous critique du Net","potentialAction":[{"@type":"SearchAction","target":{"@type":"EntryPoint","urlTemplate":"https:\/\/www.nettali.com\/?s={search_term_string}"},"query-input":"required name=search_term_string"}],"inLanguage":"fr-FR"},{"@type":"ImageObject","@id":"https:\/\/www.nettali.com\/2022\/12\/31\/necrologie-deces-de-lancien-pape-benoit-xvi\/#primaryimage","inLanguage":"fr-FR","url":"https:\/\/www.nettali.com\/wp-content\/uploads\/2022\/12\/benoit.png","contentUrl":"https:\/\/www.nettali.com\/wp-content\/uploads\/2022\/12\/benoit.png","width":980,"height":450},{"@type":"WebPage","@id":"https:\/\/www.nettali.com\/2022\/12\/31\/necrologie-deces-de-lancien-pape-benoit-xvi\/#webpage","url":"https:\/\/www.nettali.com\/2022\/12\/31\/necrologie-deces-de-lancien-pape-benoit-xvi\/","name":"NECROLOGIE - D\u00e9c\u00e8s de l\u2019ancien Pape, Benoit XVI | Nettali.com","isPartOf":{"@id":"https:\/\/www.nettali.com\/#website"},"primaryImageOfPage":{"@id":"https:\/\/www.nettali.com\/2022\/12\/31\/necrologie-deces-de-lancien-pape-benoit-xvi\/#primaryimage"},"datePublished":"2022-12-31T10:17:15+00:00","dateModified":"2022-12-31T10:17:15+00:00","author":{"@id":"https:\/\/www.nettali.com\/#\/schema\/person\/3317e0bb3aa1da309fbf7b2780901bf4"},"breadcrumb":{"@id":"https:\/\/www.nettali.com\/2022\/12\/31\/necrologie-deces-de-lancien-pape-benoit-xvi\/#breadcrumb"},"inLanguage":"fr-FR","potentialAction":[{"@type":"ReadAction","target":["https:\/\/www.nettali.com\/2022\/12\/31\/necrologie-deces-de-lancien-pape-benoit-xvi\/"]}]},{"@type":"BreadcrumbList","@id":"https:\/\/www.nettali.com\/2022\/12\/31\/necrologie-deces-de-lancien-pape-benoit-xvi\/#breadcrumb","itemListElement":[{"@type":"ListItem","position":1,"name":"Accueil","item":"https:\/\/www.nettali.com\/"},{"@type":"ListItem","position":2,"name":"NECROLOGIE - D\u00e9c\u00e8s de l\u2019ancien Pape, Benoit XVI"}]},{"@type":"Person","@id":"https:\/\/www.nettali.com\/#\/schema\/person\/3317e0bb3aa1da309fbf7b2780901bf4","name":"Daouda","image":{"@type":"ImageObject","@id":"https:\/\/www.nettali.com\/#personlogo","inLanguage":"fr-FR","url":"https:\/\/secure.gravatar.com\/avatar\/8d143b5a49345098ddcfee1c49c2f47c?s=96&d=mm&r=g","contentUrl":"https:\/\/secure.gravatar.com\/avatar\/8d143b5a49345098ddcfee1c49c2f47c?s=96&d=mm&r=g","caption":"Daouda"},"sameAs":["https:\/\/www.nettali.com"]}]}},"_links":{"self":[{"href":"https:\/\/www.nettali.com\/rest\/wp\/v2\/posts\/100815"}],"collection":[{"href":"https:\/\/www.nettali.com\/rest\/wp\/v2\/posts"}],"about":[{"href":"https:\/\/www.nettali.com\/rest\/wp\/v2\/types\/post"}],"author":[{"embeddable":true,"href":"https:\/\/www.nettali.com\/rest\/wp\/v2\/users\/4"}],"replies":[{"embeddable":true,"href":"https:\/\/www.nettali.com\/rest\/wp\/v2\/comments?post=100815"}],"version-history":[{"count":1,"href":"https:\/\/www.nettali.com\/rest\/wp\/v2\/posts\/100815\/revisions"}],"predecessor-version":[{"id":100817,"href":"https:\/\/www.nettali.com\/rest\/wp\/v2\/posts\/100815\/revisions\/100817"}],"wp:featuredmedia":[{"embeddable":true,"href":"https:\/\/www.nettali.com\/rest\/wp\/v2\/media\/100816"}],"wp:attachment":[{"href":"https:\/\/www.nettali.com\/rest\/wp\/v2\/media?parent=100815"}],"wp:term":[{"taxonomy":"category","embeddable":true,"href":"https:\/\/www.nettali.com\/rest\/wp\/v2\/categories?post=100815"},{"taxonomy":"post_tag","embeddable":true,"href":"https:\/\/www.nettali.com\/rest\/wp\/v2\/tags?post=100815"}],"curies":[{"name":"wp","href":"https:\/\/api.w.org\/{rel}","templated":true}]}}