{"id":100808,"date":"2022-12-31T09:30:51","date_gmt":"2022-12-31T09:30:51","guid":{"rendered":"https:\/\/www.nettali.com\/?p=100808"},"modified":"2022-12-31T09:30:51","modified_gmt":"2022-12-31T09:30:51","slug":"en-coulisses-sonko-tance-ses-partisans-perturbateurs","status":"publish","type":"post","link":"https:\/\/www.nettali.com\/2022\/12\/31\/en-coulisses-sonko-tance-ses-partisans-perturbateurs\/","title":{"rendered":"EN COULISSES - Sonko tance ses partisans perturbateurs"},"content":{"rendered":"<p><strong>NETTALI.COM -<\/strong> Absent du rassemblement de la soci\u00e9t\u00e9 civile, le leader de Pastef, n'a pas perdu de temps pour d\u00e9plorer le comportement de ses partisans,<br \/>\ndans une note re\u00e7ue \u00e0 \"Nettali.com\".<\/p>\n<p>\"<em>Il nous a \u00e9t\u00e9 rapport\u00e9 quelques incidents inappropri\u00e9s pour la circonstance. Nous d\u00e9plorons le comportement de certains manifestants qui ont hu\u00e9 et harcel\u00e9 monsieur Pape Djibril Fall. De telles attitudes n'apportent rien au combat que nous menons contre les graves d\u00e9rives du r\u00e9gime de Macky Sall<\/em>\", a d\u00e9clar\u00e9<br \/>\nOusmane Sonko, apr\u00e8s avoir f\u00e9licit\u00e9 les organisateurs et tous les S\u00e9n\u00e9galais qui sont venus massivement contribuer \u00e0 la r\u00e9ussite du rassemblement contre le d\u00e9tournement des deniers publics.<\/p>\n<p>Et le leader d\u2019ajouter : \"<em>Ne nous trompons pas de combat ! J\u2019appelle la Soci\u00e9t\u00e9 civile, les partis politiques et l\u2019ensemble des citoyens \u00e9pris de transparence, de d\u00e9mocratie et de justice, \u00e0 se donner la main dans le respect mutuel, ind\u00e9pendamment de nos formes d\u2019organisations, pour combattre et vaincre d\u00e9finitivement les travers qui plombent notre R\u00e9publique et qui font peser de lourdes menaces sur notre Patrie<\/em>\".<\/p>\n<p>Des types de messages qu'il sera toujours bon de servir aux excit\u00e9s qui se trompent d'objectifs !<\/p>\n<div class='share-to-whatsapp-wrapper'><div class='share-on-whsp'>PARTAGER SUR : <\/div><a data-text='EN COULISSES - Sonko tance ses partisans perturbateurs' data-link='https:\/\/www.nettali.com\/2022\/12\/31\/en-coulisses-sonko-tance-ses-partisans-perturbateurs\/' class='whatsapp-button whatsapp-share'>WhatsApp<\/a><div class='clear '><\/div><\/div>","protected":false},"excerpt":{"rendered":"<p>NETTALI.COM - Absent du rassemblement de la soci\u00e9t\u00e9 civile, le leader de Pastef, n'a pas perdu de temps pour d\u00e9plorer le comportement de ses partisans, dans une note re\u00e7ue \u00e0 \"Nettali.com\". \"Il nous a \u00e9t\u00e9 rapport\u00e9 quelques incidents inappropri\u00e9s pour la circonstance. Nous d\u00e9plorons le comportement de certains manifestants qui ont hu\u00e9 et harcel\u00e9 monsieur [&hellip;]<\/p>\n","protected":false},"author":2,"featured_media":100468,"comment_status":"open","ping_status":"open","sticky":false,"template":"","format":"standard","meta":{"_et_pb_use_builder":"","_et_pb_old_content":""},"categories":[34945],"tags":[],"yoast_head":"<!-- This site is optimized with the Yoast SEO Premium plugin v17.8 (Yoast SEO v17.8) - https:\/\/yoast.com\/wordpress\/plugins\/seo\/ -->\n<title>EN COULISSES - Sonko tance ses partisans perturbateurs | Nettali.com<\/title>\n<meta name=\"robots\" content=\"index, follow, max-snippet:-1, max-image-preview:large, max-video-preview:-1\" \/>\n<link rel=\"canonical\" href=\"https:\/\/www.nettali.com\/2022\/12\/31\/en-coulisses-sonko-tance-ses-partisans-perturbateurs\/\" \/>\n<meta property=\"og:locale\" content=\"fr_FR\" \/>\n<meta property=\"og:type\" content=\"article\" \/>\n<meta property=\"og:title\" content=\"EN COULISSES - Sonko tance ses partisans perturbateurs\" \/>\n<meta property=\"og:description\" content=\"NETTALI.COM - Absent du rassemblement de la soci\u00e9t\u00e9 civile, le leader de Pastef, n&#039;a pas perdu de temps pour d\u00e9plorer le comportement de ses partisans, dans une note re\u00e7ue \u00e0 &quot;Nettali.com&quot;. &quot;Il nous a \u00e9t\u00e9 rapport\u00e9 quelques incidents inappropri\u00e9s pour la circonstance. Nous d\u00e9plorons le comportement de certains manifestants qui ont hu\u00e9 et harcel\u00e9 monsieur [&hellip;]\" \/>\n<meta property=\"og:url\" content=\"https:\/\/www.nettali.com\/2022\/12\/31\/en-coulisses-sonko-tance-ses-partisans-perturbateurs\/\" \/>\n<meta property=\"og:site_name\" content=\"Nettali.com\" \/>\n<meta property=\"article:publisher\" content=\"https:\/\/www.facebook.com\/nettalicom\" \/>\n<meta property=\"article:published_time\" content=\"2022-12-31T09:30:51+00:00\" \/>\n<meta property=\"og:image\" content=\"https:\/\/www.nettali.com\/wp-content\/uploads\/2022\/12\/Lopposant-senegalais-Ousmane-Sonko-8-2021-Dakar_0.jpg\" \/>\n\t<meta property=\"og:image:width\" content=\"1400\" \/>\n\t<meta property=\"og:image:height\" content=\"933\" \/>\n<meta name=\"twitter:card\" content=\"summary_large_image\" \/>\n<meta name=\"twitter:label1\" content=\"\u00c9crit par\" \/>\n\t<meta name=\"twitter:data1\" content=\"CK\" \/>\n\t<meta name=\"twitter:label2\" content=\"Dur\u00e9e de lecture estim\u00e9e\" \/>\n\t<meta name=\"twitter:data2\" content=\"1 minute\" \/>\n<script type=\"application\/ld+json\" class=\"yoast-schema-graph\">{\"@context\":\"https:\/\/schema.org\",\"@graph\":[{\"@type\":\"WebSite\",\"@id\":\"https:\/\/www.nettali.com\/#website\",\"url\":\"https:\/\/www.nettali.com\/\",\"name\":\"Nettali.com\",\"description\":\"Le rendez-vous critique du Net\",\"potentialAction\":[{\"@type\":\"SearchAction\",\"target\":{\"@type\":\"EntryPoint\",\"urlTemplate\":\"https:\/\/www.nettali.com\/?s={search_term_string}\"},\"query-input\":\"required name=search_term_string\"}],\"inLanguage\":\"fr-FR\"},{\"@type\":\"ImageObject\",\"@id\":\"https:\/\/www.nettali.com\/2022\/12\/31\/en-coulisses-sonko-tance-ses-partisans-perturbateurs\/#primaryimage\",\"inLanguage\":\"fr-FR\",\"url\":\"https:\/\/www.nettali.com\/wp-content\/uploads\/2022\/12\/Lopposant-senegalais-Ousmane-Sonko-8-2021-Dakar_0.jpg\",\"contentUrl\":\"https:\/\/www.nettali.com\/wp-content\/uploads\/2022\/12\/Lopposant-senegalais-Ousmane-Sonko-8-2021-Dakar_0.jpg\",\"width\":1400,\"height\":933,\"caption\":\"Senegalese's opposition leader Ousmane Sonko, charged with rape, talks to media at his party's headquarters in Dakar on March 8, 2021 after being freed from detention. - Senegal's main opposition leader called for \\\"much larger\\\" protests, but urged non-violence after days of deadly clashes in the West African state sparked by his recent arrest. (Photo by Seyllou \/ AFP)\"},{\"@type\":\"WebPage\",\"@id\":\"https:\/\/www.nettali.com\/2022\/12\/31\/en-coulisses-sonko-tance-ses-partisans-perturbateurs\/#webpage\",\"url\":\"https:\/\/www.nettali.com\/2022\/12\/31\/en-coulisses-sonko-tance-ses-partisans-perturbateurs\/\",\"name\":\"EN COULISSES - Sonko tance ses partisans perturbateurs | Nettali.com\",\"isPartOf\":{\"@id\":\"https:\/\/www.nettali.com\/#website\"},\"primaryImageOfPage\":{\"@id\":\"https:\/\/www.nettali.com\/2022\/12\/31\/en-coulisses-sonko-tance-ses-partisans-perturbateurs\/#primaryimage\"},\"datePublished\":\"2022-12-31T09:30:51+00:00\",\"dateModified\":\"2022-12-31T09:30:51+00:00\",\"author\":{\"@id\":\"https:\/\/www.nettali.com\/#\/schema\/person\/d8ac7b7e27ddad43f1c0d2ef090d7f71\"},\"breadcrumb\":{\"@id\":\"https:\/\/www.nettali.com\/2022\/12\/31\/en-coulisses-sonko-tance-ses-partisans-perturbateurs\/#breadcrumb\"},\"inLanguage\":\"fr-FR\",\"potentialAction\":[{\"@type\":\"ReadAction\",\"target\":[\"https:\/\/www.nettali.com\/2022\/12\/31\/en-coulisses-sonko-tance-ses-partisans-perturbateurs\/\"]}]},{\"@type\":\"BreadcrumbList\",\"@id\":\"https:\/\/www.nettali.com\/2022\/12\/31\/en-coulisses-sonko-tance-ses-partisans-perturbateurs\/#breadcrumb\",\"itemListElement\":[{\"@type\":\"ListItem\",\"position\":1,\"name\":\"Accueil\",\"item\":\"https:\/\/www.nettali.com\/\"},{\"@type\":\"ListItem\",\"position\":2,\"name\":\"EN COULISSES - Sonko tance ses partisans perturbateurs\"}]},{\"@type\":\"Person\",\"@id\":\"https:\/\/www.nettali.com\/#\/schema\/person\/d8ac7b7e27ddad43f1c0d2ef090d7f71\",\"name\":\"CK\",\"image\":{\"@type\":\"ImageObject\",\"@id\":\"https:\/\/www.nettali.com\/#personlogo\",\"inLanguage\":\"fr-FR\",\"url\":\"https:\/\/secure.gravatar.com\/avatar\/1d8d5118b9327d94da7cd4ce7f17fec2?s=96&d=mm&r=g\",\"contentUrl\":\"https:\/\/secure.gravatar.com\/avatar\/1d8d5118b9327d94da7cd4ce7f17fec2?s=96&d=mm&r=g\",\"caption\":\"CK\"},\"sameAs\":[\"https:\/\/www.nettali.com\"]}]}<\/script>\n<!-- \/ Yoast SEO Premium plugin. -->","yoast_head_json":{"title":"EN COULISSES - Sonko tance ses partisans perturbateurs | Nettali.com","robots":{"index":"index","follow":"follow","max-snippet":"max-snippet:-1","max-image-preview":"max-image-preview:large","max-video-preview":"max-video-preview:-1"},"canonical":"https:\/\/www.nettali.com\/2022\/12\/31\/en-coulisses-sonko-tance-ses-partisans-perturbateurs\/","og_locale":"fr_FR","og_type":"article","og_title":"EN COULISSES - Sonko tance ses partisans perturbateurs","og_description":"NETTALI.COM - Absent du rassemblement de la soci\u00e9t\u00e9 civile, le leader de Pastef, n'a pas perdu de temps pour d\u00e9plorer le comportement de ses partisans, dans une note re\u00e7ue \u00e0 \"Nettali.com\". \"Il nous a \u00e9t\u00e9 rapport\u00e9 quelques incidents inappropri\u00e9s pour la circonstance. Nous d\u00e9plorons le comportement de certains manifestants qui ont hu\u00e9 et harcel\u00e9 monsieur [&hellip;]","og_url":"https:\/\/www.nettali.com\/2022\/12\/31\/en-coulisses-sonko-tance-ses-partisans-perturbateurs\/","og_site_name":"Nettali.com","article_publisher":"https:\/\/www.facebook.com\/nettalicom","article_published_time":"2022-12-31T09:30:51+00:00","og_image":[{"width":1400,"height":933,"url":"https:\/\/www.nettali.com\/wp-content\/uploads\/2022\/12\/Lopposant-senegalais-Ousmane-Sonko-8-2021-Dakar_0.jpg","type":"image\/jpeg"}],"twitter_card":"summary_large_image","twitter_misc":{"\u00c9crit par":"CK","Dur\u00e9e de lecture estim\u00e9e":"1 minute"},"schema":{"@context":"https:\/\/schema.org","@graph":[{"@type":"WebSite","@id":"https:\/\/www.nettali.com\/#website","url":"https:\/\/www.nettali.com\/","name":"Nettali.com","description":"Le rendez-vous critique du Net","potentialAction":[{"@type":"SearchAction","target":{"@type":"EntryPoint","urlTemplate":"https:\/\/www.nettali.com\/?s={search_term_string}"},"query-input":"required name=search_term_string"}],"inLanguage":"fr-FR"},{"@type":"ImageObject","@id":"https:\/\/www.nettali.com\/2022\/12\/31\/en-coulisses-sonko-tance-ses-partisans-perturbateurs\/#primaryimage","inLanguage":"fr-FR","url":"https:\/\/www.nettali.com\/wp-content\/uploads\/2022\/12\/Lopposant-senegalais-Ousmane-Sonko-8-2021-Dakar_0.jpg","contentUrl":"https:\/\/www.nettali.com\/wp-content\/uploads\/2022\/12\/Lopposant-senegalais-Ousmane-Sonko-8-2021-Dakar_0.jpg","width":1400,"height":933,"caption":"Senegalese's opposition leader Ousmane Sonko, charged with rape, talks to media at his party's headquarters in Dakar on March 8, 2021 after being freed from detention. - Senegal's main opposition leader called for \"much larger\" protests, but urged non-violence after days of deadly clashes in the West African state sparked by his recent arrest. (Photo by Seyllou \/ AFP)"},{"@type":"WebPage","@id":"https:\/\/www.nettali.com\/2022\/12\/31\/en-coulisses-sonko-tance-ses-partisans-perturbateurs\/#webpage","url":"https:\/\/www.nettali.com\/2022\/12\/31\/en-coulisses-sonko-tance-ses-partisans-perturbateurs\/","name":"EN COULISSES - Sonko tance ses partisans perturbateurs | Nettali.com","isPartOf":{"@id":"https:\/\/www.nettali.com\/#website"},"primaryImageOfPage":{"@id":"https:\/\/www.nettali.com\/2022\/12\/31\/en-coulisses-sonko-tance-ses-partisans-perturbateurs\/#primaryimage"},"datePublished":"2022-12-31T09:30:51+00:00","dateModified":"2022-12-31T09:30:51+00:00","author":{"@id":"https:\/\/www.nettali.com\/#\/schema\/person\/d8ac7b7e27ddad43f1c0d2ef090d7f71"},"breadcrumb":{"@id":"https:\/\/www.nettali.com\/2022\/12\/31\/en-coulisses-sonko-tance-ses-partisans-perturbateurs\/#breadcrumb"},"inLanguage":"fr-FR","potentialAction":[{"@type":"ReadAction","target":["https:\/\/www.nettali.com\/2022\/12\/31\/en-coulisses-sonko-tance-ses-partisans-perturbateurs\/"]}]},{"@type":"BreadcrumbList","@id":"https:\/\/www.nettali.com\/2022\/12\/31\/en-coulisses-sonko-tance-ses-partisans-perturbateurs\/#breadcrumb","itemListElement":[{"@type":"ListItem","position":1,"name":"Accueil","item":"https:\/\/www.nettali.com\/"},{"@type":"ListItem","position":2,"name":"EN COULISSES - Sonko tance ses partisans perturbateurs"}]},{"@type":"Person","@id":"https:\/\/www.nettali.com\/#\/schema\/person\/d8ac7b7e27ddad43f1c0d2ef090d7f71","name":"CK","image":{"@type":"ImageObject","@id":"https:\/\/www.nettali.com\/#personlogo","inLanguage":"fr-FR","url":"https:\/\/secure.gravatar.com\/avatar\/1d8d5118b9327d94da7cd4ce7f17fec2?s=96&d=mm&r=g","contentUrl":"https:\/\/secure.gravatar.com\/avatar\/1d8d5118b9327d94da7cd4ce7f17fec2?s=96&d=mm&r=g","caption":"CK"},"sameAs":["https:\/\/www.nettali.com"]}]}},"_links":{"self":[{"href":"https:\/\/www.nettali.com\/rest\/wp\/v2\/posts\/100808"}],"collection":[{"href":"https:\/\/www.nettali.com\/rest\/wp\/v2\/posts"}],"about":[{"href":"https:\/\/www.nettali.com\/rest\/wp\/v2\/types\/post"}],"author":[{"embeddable":true,"href":"https:\/\/www.nettali.com\/rest\/wp\/v2\/users\/2"}],"replies":[{"embeddable":true,"href":"https:\/\/www.nettali.com\/rest\/wp\/v2\/comments?post=100808"}],"version-history":[{"count":1,"href":"https:\/\/www.nettali.com\/rest\/wp\/v2\/posts\/100808\/revisions"}],"predecessor-version":[{"id":100811,"href":"https:\/\/www.nettali.com\/rest\/wp\/v2\/posts\/100808\/revisions\/100811"}],"wp:featuredmedia":[{"embeddable":true,"href":"https:\/\/www.nettali.com\/rest\/wp\/v2\/media\/100468"}],"wp:attachment":[{"href":"https:\/\/www.nettali.com\/rest\/wp\/v2\/media?parent=100808"}],"wp:term":[{"taxonomy":"category","embeddable":true,"href":"https:\/\/www.nettali.com\/rest\/wp\/v2\/categories?post=100808"},{"taxonomy":"post_tag","embeddable":true,"href":"https:\/\/www.nettali.com\/rest\/wp\/v2\/tags?post=100808"}],"curies":[{"name":"wp","href":"https:\/\/api.w.org\/{rel}","templated":true}]}}