{"id":100777,"date":"2022-12-30T20:22:00","date_gmt":"2022-12-30T20:22:00","guid":{"rendered":"https:\/\/www.nettali.com\/?p=100777"},"modified":"2022-12-30T20:22:00","modified_gmt":"2022-12-30T20:22:00","slug":"mali-les-46-soldats-ivoiriens-condamnes-a-20-ans-de-prison","status":"publish","type":"post","link":"https:\/\/www.nettali.com\/2022\/12\/30\/mali-les-46-soldats-ivoiriens-condamnes-a-20-ans-de-prison\/","title":{"rendered":"MALI - Les 46 soldats ivoiriens condamn\u00e9s \u00e0 20 ans de prison"},"content":{"rendered":"<p class=\"t-content__chapo\"><strong>NETTALI.COM - Les 46 soldats ivoiriens, d\u00e9tenus \u00e0 Bamako et que le Mali accuse d'\u00eatre des mercenaires, alors qu'Abidjan affirme qu'ils \u00e9taient en mission pour les Nations unies (ONU), ont \u00e9t\u00e9 condamn\u00e9s ce vendredi 30 d\u00e9cembre \u00e0 20 ans de prison. Les trois soldates lib\u00e9r\u00e9es en septembre ont, elles, \u00e9cop\u00e9 de la peine de mort par contumace.<\/strong><\/p>\n<div class=\"t-content__body u-clearfix\" data-empty-p=\"false\">\n<p>La Cour d'assises de Bamako a rendu sa d\u00e9cision, vendredi 30 d\u00e9cembre, dans l'affaire des\u00a046 soldats ivoiriens d\u00e9tenus au Mali depuis le 10 juillet. Le communiqu\u00e9, sign\u00e9 du procureur g\u00e9n\u00e9ral Ladji Sara,\u00a0a \u00e9t\u00e9 publi\u00e9 dans la soir\u00e9e.<\/p>\n<p>\u00c0 l'issue de deux jours d'audience, la justice malienne a condamn\u00e9 chacun \u00e0 une peine de 20 ans de r\u00e9clusion criminelle et deux millions d'amende pour \u00ab\u00a0attentat et complot contre le gouvernement \u00bb, \u00ab atteinte \u00e0 la s\u00fbret\u00e9 ext\u00e9rieure de l'\u00c9tat \u00bb, \u00ab d\u00e9tention, port et transports d'armes et de munitions de guerre ou de d\u00e9fense (...) ayant pour but de troubler l'ordre public et par l'intimidation ou la terreur \u00bb. Les armes ont \u00e9t\u00e9 confisqu\u00e9es.<\/p>\n<p>Dans un second arr\u00eat, la cour a \u00e9galement condamn\u00e9, par contumace, les trois soldates ivoiriennes lib\u00e9r\u00e9es en septembre \u00e0 la peine de mort, ainsi qu'\u00e0 10 millions d'euros d'amende.<\/p>\n<h2>La gr\u00e2ce pr\u00e9sidentielle encore possible<\/h2>\n<p>Ce verdict lourd ne contredit toutefois pas, selon les observateurs,\u00a0l'accord sign\u00e9 le 22 d\u00e9cembre par Bamako et Abidjan, car la possibilit\u00e9 d'une gr\u00e2ce pr\u00e9sidentielle existe toujours. Assimi Go\u00efta, le chef de la junte malienne, doit s'exprimer samedi 31 d\u00e9cembre, \u00e0 l'occasion de ses v\u0153ux \u00e0 la Nation.<\/p>\n<p>Soutenue par plusieurs pays et institutions, la C\u00f4te d'Ivoire a toujours rejet\u00e9 les accusations visant ses militaires, en expliquant qu'ils\u00a0\u00e9taient dans le pays, en soutien aux Casques bleus allemands de la Minusma, la Mission des Nations unies au Mali.<\/p>\n<p>Les chefs d'\u00c9tats ouest-africains\u00a0avaient fix\u00e9 un ultimatum au pouvoir malien pour lib\u00e9rer les 46 militaires avant le\u00a01er janvier 2023.<\/p>\n<\/div>\n<div class='share-to-whatsapp-wrapper'><div class='share-on-whsp'>PARTAGER SUR : <\/div><a data-text='MALI - Les 46 soldats ivoiriens condamn\u00e9s \u00e0 20 ans de prison' data-link='https:\/\/www.nettali.com\/2022\/12\/30\/mali-les-46-soldats-ivoiriens-condamnes-a-20-ans-de-prison\/' class='whatsapp-button whatsapp-share'>WhatsApp<\/a><div class='clear '><\/div><\/div>","protected":false},"excerpt":{"rendered":"<p>NETTALI.COM - Les 46 soldats ivoiriens, d\u00e9tenus \u00e0 Bamako et que le Mali accuse d'\u00eatre des mercenaires, alors qu'Abidjan affirme qu'ils \u00e9taient en mission pour les Nations unies (ONU), ont \u00e9t\u00e9 condamn\u00e9s ce vendredi 30 d\u00e9cembre \u00e0 20 ans de prison. Les trois soldates lib\u00e9r\u00e9es en septembre ont, elles, \u00e9cop\u00e9 de la peine de mort [&hellip;]<\/p>\n","protected":false},"author":4,"featured_media":100778,"comment_status":"open","ping_status":"open","sticky":false,"template":"","format":"standard","meta":{"_et_pb_use_builder":"","_et_pb_old_content":""},"categories":[8,3],"tags":[],"yoast_head":"<!-- This site is optimized with the Yoast SEO Premium plugin v17.8 (Yoast SEO v17.8) - https:\/\/yoast.com\/wordpress\/plugins\/seo\/ -->\n<title>MALI - Les 46 soldats ivoiriens condamn\u00e9s \u00e0 20 ans de prison | Nettali.com<\/title>\n<meta name=\"robots\" content=\"index, follow, max-snippet:-1, max-image-preview:large, max-video-preview:-1\" \/>\n<link rel=\"canonical\" href=\"https:\/\/www.nettali.com\/2022\/12\/30\/mali-les-46-soldats-ivoiriens-condamnes-a-20-ans-de-prison\/\" \/>\n<meta property=\"og:locale\" content=\"fr_FR\" \/>\n<meta property=\"og:type\" content=\"article\" \/>\n<meta property=\"og:title\" content=\"MALI - Les 46 soldats ivoiriens condamn\u00e9s \u00e0 20 ans de prison\" \/>\n<meta property=\"og:description\" content=\"NETTALI.COM - Les 46 soldats ivoiriens, d\u00e9tenus \u00e0 Bamako et que le Mali accuse d&#039;\u00eatre des mercenaires, alors qu&#039;Abidjan affirme qu&#039;ils \u00e9taient en mission pour les Nations unies (ONU), ont \u00e9t\u00e9 condamn\u00e9s ce vendredi 30 d\u00e9cembre \u00e0 20 ans de prison. Les trois soldates lib\u00e9r\u00e9es en septembre ont, elles, \u00e9cop\u00e9 de la peine de mort [&hellip;]\" \/>\n<meta property=\"og:url\" content=\"https:\/\/www.nettali.com\/2022\/12\/30\/mali-les-46-soldats-ivoiriens-condamnes-a-20-ans-de-prison\/\" \/>\n<meta property=\"og:site_name\" content=\"Nettali.com\" \/>\n<meta property=\"article:publisher\" content=\"https:\/\/www.facebook.com\/nettalicom\" \/>\n<meta property=\"article:published_time\" content=\"2022-12-30T20:22:00+00:00\" \/>\n<meta property=\"og:image\" content=\"https:\/\/www.nettali.com\/wp-content\/uploads\/2022\/12\/Capture-de\u0301cran-2022-12-30-a\u0300-20.18.21.png\" \/>\n\t<meta property=\"og:image:width\" content=\"967\" \/>\n\t<meta property=\"og:image:height\" content=\"504\" \/>\n<meta name=\"twitter:card\" content=\"summary_large_image\" \/>\n<meta name=\"twitter:label1\" content=\"\u00c9crit par\" \/>\n\t<meta name=\"twitter:data1\" content=\"Daouda\" \/>\n\t<meta name=\"twitter:label2\" content=\"Dur\u00e9e de lecture estim\u00e9e\" \/>\n\t<meta name=\"twitter:data2\" content=\"2 minutes\" \/>\n<script type=\"application\/ld+json\" class=\"yoast-schema-graph\">{\"@context\":\"https:\/\/schema.org\",\"@graph\":[{\"@type\":\"WebSite\",\"@id\":\"https:\/\/www.nettali.com\/#website\",\"url\":\"https:\/\/www.nettali.com\/\",\"name\":\"Nettali.com\",\"description\":\"Le rendez-vous critique du Net\",\"potentialAction\":[{\"@type\":\"SearchAction\",\"target\":{\"@type\":\"EntryPoint\",\"urlTemplate\":\"https:\/\/www.nettali.com\/?s={search_term_string}\"},\"query-input\":\"required name=search_term_string\"}],\"inLanguage\":\"fr-FR\"},{\"@type\":\"ImageObject\",\"@id\":\"https:\/\/www.nettali.com\/2022\/12\/30\/mali-les-46-soldats-ivoiriens-condamnes-a-20-ans-de-prison\/#primaryimage\",\"inLanguage\":\"fr-FR\",\"url\":\"https:\/\/www.nettali.com\/wp-content\/uploads\/2022\/12\/Capture-de\\u0301cran-2022-12-30-a\\u0300-20.18.21.png\",\"contentUrl\":\"https:\/\/www.nettali.com\/wp-content\/uploads\/2022\/12\/Capture-de\\u0301cran-2022-12-30-a\\u0300-20.18.21.png\",\"width\":967,\"height\":504},{\"@type\":\"WebPage\",\"@id\":\"https:\/\/www.nettali.com\/2022\/12\/30\/mali-les-46-soldats-ivoiriens-condamnes-a-20-ans-de-prison\/#webpage\",\"url\":\"https:\/\/www.nettali.com\/2022\/12\/30\/mali-les-46-soldats-ivoiriens-condamnes-a-20-ans-de-prison\/\",\"name\":\"MALI - Les 46 soldats ivoiriens condamn\\u00e9s \\u00e0 20 ans de prison | Nettali.com\",\"isPartOf\":{\"@id\":\"https:\/\/www.nettali.com\/#website\"},\"primaryImageOfPage\":{\"@id\":\"https:\/\/www.nettali.com\/2022\/12\/30\/mali-les-46-soldats-ivoiriens-condamnes-a-20-ans-de-prison\/#primaryimage\"},\"datePublished\":\"2022-12-30T20:22:00+00:00\",\"dateModified\":\"2022-12-30T20:22:00+00:00\",\"author\":{\"@id\":\"https:\/\/www.nettali.com\/#\/schema\/person\/3317e0bb3aa1da309fbf7b2780901bf4\"},\"breadcrumb\":{\"@id\":\"https:\/\/www.nettali.com\/2022\/12\/30\/mali-les-46-soldats-ivoiriens-condamnes-a-20-ans-de-prison\/#breadcrumb\"},\"inLanguage\":\"fr-FR\",\"potentialAction\":[{\"@type\":\"ReadAction\",\"target\":[\"https:\/\/www.nettali.com\/2022\/12\/30\/mali-les-46-soldats-ivoiriens-condamnes-a-20-ans-de-prison\/\"]}]},{\"@type\":\"BreadcrumbList\",\"@id\":\"https:\/\/www.nettali.com\/2022\/12\/30\/mali-les-46-soldats-ivoiriens-condamnes-a-20-ans-de-prison\/#breadcrumb\",\"itemListElement\":[{\"@type\":\"ListItem\",\"position\":1,\"name\":\"Accueil\",\"item\":\"https:\/\/www.nettali.com\/\"},{\"@type\":\"ListItem\",\"position\":2,\"name\":\"MALI - Les 46 soldats ivoiriens condamn\\u00e9s \\u00e0 20 ans de prison\"}]},{\"@type\":\"Person\",\"@id\":\"https:\/\/www.nettali.com\/#\/schema\/person\/3317e0bb3aa1da309fbf7b2780901bf4\",\"name\":\"Daouda\",\"image\":{\"@type\":\"ImageObject\",\"@id\":\"https:\/\/www.nettali.com\/#personlogo\",\"inLanguage\":\"fr-FR\",\"url\":\"https:\/\/secure.gravatar.com\/avatar\/8d143b5a49345098ddcfee1c49c2f47c?s=96&d=mm&r=g\",\"contentUrl\":\"https:\/\/secure.gravatar.com\/avatar\/8d143b5a49345098ddcfee1c49c2f47c?s=96&d=mm&r=g\",\"caption\":\"Daouda\"},\"sameAs\":[\"https:\/\/www.nettali.com\"]}]}<\/script>\n<!-- \/ Yoast SEO Premium plugin. -->","yoast_head_json":{"title":"MALI - Les 46 soldats ivoiriens condamn\u00e9s \u00e0 20 ans de prison | Nettali.com","robots":{"index":"index","follow":"follow","max-snippet":"max-snippet:-1","max-image-preview":"max-image-preview:large","max-video-preview":"max-video-preview:-1"},"canonical":"https:\/\/www.nettali.com\/2022\/12\/30\/mali-les-46-soldats-ivoiriens-condamnes-a-20-ans-de-prison\/","og_locale":"fr_FR","og_type":"article","og_title":"MALI - Les 46 soldats ivoiriens condamn\u00e9s \u00e0 20 ans de prison","og_description":"NETTALI.COM - Les 46 soldats ivoiriens, d\u00e9tenus \u00e0 Bamako et que le Mali accuse d'\u00eatre des mercenaires, alors qu'Abidjan affirme qu'ils \u00e9taient en mission pour les Nations unies (ONU), ont \u00e9t\u00e9 condamn\u00e9s ce vendredi 30 d\u00e9cembre \u00e0 20 ans de prison. Les trois soldates lib\u00e9r\u00e9es en septembre ont, elles, \u00e9cop\u00e9 de la peine de mort [&hellip;]","og_url":"https:\/\/www.nettali.com\/2022\/12\/30\/mali-les-46-soldats-ivoiriens-condamnes-a-20-ans-de-prison\/","og_site_name":"Nettali.com","article_publisher":"https:\/\/www.facebook.com\/nettalicom","article_published_time":"2022-12-30T20:22:00+00:00","og_image":[{"width":967,"height":504,"url":"https:\/\/www.nettali.com\/wp-content\/uploads\/2022\/12\/Capture-de\u0301cran-2022-12-30-a\u0300-20.18.21.png","type":"image\/png"}],"twitter_card":"summary_large_image","twitter_misc":{"\u00c9crit par":"Daouda","Dur\u00e9e de lecture estim\u00e9e":"2 minutes"},"schema":{"@context":"https:\/\/schema.org","@graph":[{"@type":"WebSite","@id":"https:\/\/www.nettali.com\/#website","url":"https:\/\/www.nettali.com\/","name":"Nettali.com","description":"Le rendez-vous critique du Net","potentialAction":[{"@type":"SearchAction","target":{"@type":"EntryPoint","urlTemplate":"https:\/\/www.nettali.com\/?s={search_term_string}"},"query-input":"required name=search_term_string"}],"inLanguage":"fr-FR"},{"@type":"ImageObject","@id":"https:\/\/www.nettali.com\/2022\/12\/30\/mali-les-46-soldats-ivoiriens-condamnes-a-20-ans-de-prison\/#primaryimage","inLanguage":"fr-FR","url":"https:\/\/www.nettali.com\/wp-content\/uploads\/2022\/12\/Capture-de\u0301cran-2022-12-30-a\u0300-20.18.21.png","contentUrl":"https:\/\/www.nettali.com\/wp-content\/uploads\/2022\/12\/Capture-de\u0301cran-2022-12-30-a\u0300-20.18.21.png","width":967,"height":504},{"@type":"WebPage","@id":"https:\/\/www.nettali.com\/2022\/12\/30\/mali-les-46-soldats-ivoiriens-condamnes-a-20-ans-de-prison\/#webpage","url":"https:\/\/www.nettali.com\/2022\/12\/30\/mali-les-46-soldats-ivoiriens-condamnes-a-20-ans-de-prison\/","name":"MALI - Les 46 soldats ivoiriens condamn\u00e9s \u00e0 20 ans de prison | Nettali.com","isPartOf":{"@id":"https:\/\/www.nettali.com\/#website"},"primaryImageOfPage":{"@id":"https:\/\/www.nettali.com\/2022\/12\/30\/mali-les-46-soldats-ivoiriens-condamnes-a-20-ans-de-prison\/#primaryimage"},"datePublished":"2022-12-30T20:22:00+00:00","dateModified":"2022-12-30T20:22:00+00:00","author":{"@id":"https:\/\/www.nettali.com\/#\/schema\/person\/3317e0bb3aa1da309fbf7b2780901bf4"},"breadcrumb":{"@id":"https:\/\/www.nettali.com\/2022\/12\/30\/mali-les-46-soldats-ivoiriens-condamnes-a-20-ans-de-prison\/#breadcrumb"},"inLanguage":"fr-FR","potentialAction":[{"@type":"ReadAction","target":["https:\/\/www.nettali.com\/2022\/12\/30\/mali-les-46-soldats-ivoiriens-condamnes-a-20-ans-de-prison\/"]}]},{"@type":"BreadcrumbList","@id":"https:\/\/www.nettali.com\/2022\/12\/30\/mali-les-46-soldats-ivoiriens-condamnes-a-20-ans-de-prison\/#breadcrumb","itemListElement":[{"@type":"ListItem","position":1,"name":"Accueil","item":"https:\/\/www.nettali.com\/"},{"@type":"ListItem","position":2,"name":"MALI - Les 46 soldats ivoiriens condamn\u00e9s \u00e0 20 ans de prison"}]},{"@type":"Person","@id":"https:\/\/www.nettali.com\/#\/schema\/person\/3317e0bb3aa1da309fbf7b2780901bf4","name":"Daouda","image":{"@type":"ImageObject","@id":"https:\/\/www.nettali.com\/#personlogo","inLanguage":"fr-FR","url":"https:\/\/secure.gravatar.com\/avatar\/8d143b5a49345098ddcfee1c49c2f47c?s=96&d=mm&r=g","contentUrl":"https:\/\/secure.gravatar.com\/avatar\/8d143b5a49345098ddcfee1c49c2f47c?s=96&d=mm&r=g","caption":"Daouda"},"sameAs":["https:\/\/www.nettali.com"]}]}},"_links":{"self":[{"href":"https:\/\/www.nettali.com\/rest\/wp\/v2\/posts\/100777"}],"collection":[{"href":"https:\/\/www.nettali.com\/rest\/wp\/v2\/posts"}],"about":[{"href":"https:\/\/www.nettali.com\/rest\/wp\/v2\/types\/post"}],"author":[{"embeddable":true,"href":"https:\/\/www.nettali.com\/rest\/wp\/v2\/users\/4"}],"replies":[{"embeddable":true,"href":"https:\/\/www.nettali.com\/rest\/wp\/v2\/comments?post=100777"}],"version-history":[{"count":1,"href":"https:\/\/www.nettali.com\/rest\/wp\/v2\/posts\/100777\/revisions"}],"predecessor-version":[{"id":100779,"href":"https:\/\/www.nettali.com\/rest\/wp\/v2\/posts\/100777\/revisions\/100779"}],"wp:featuredmedia":[{"embeddable":true,"href":"https:\/\/www.nettali.com\/rest\/wp\/v2\/media\/100778"}],"wp:attachment":[{"href":"https:\/\/www.nettali.com\/rest\/wp\/v2\/media?parent=100777"}],"wp:term":[{"taxonomy":"category","embeddable":true,"href":"https:\/\/www.nettali.com\/rest\/wp\/v2\/categories?post=100777"},{"taxonomy":"post_tag","embeddable":true,"href":"https:\/\/www.nettali.com\/rest\/wp\/v2\/tags?post=100777"}],"curies":[{"name":"wp","href":"https:\/\/api.w.org\/{rel}","templated":true}]}}