{"id":100701,"date":"2022-12-29T18:31:50","date_gmt":"2022-12-29T18:31:50","guid":{"rendered":"https:\/\/www.nettali.com\/?p=100701"},"modified":"2022-12-29T18:31:50","modified_gmt":"2022-12-29T18:31:50","slug":"opposition-en-rangs-disperses-abdoul-mbaye-attaque-ousmane-sonko","status":"publish","type":"post","link":"https:\/\/www.nettali.com\/2022\/12\/29\/opposition-en-rangs-disperses-abdoul-mbaye-attaque-ousmane-sonko\/","title":{"rendered":"OPPOSITION EN RANGS DISPERSES - Abdoul Mbaye attaque Ousmane Sonko"},"content":{"rendered":"<p><strong>NETTALI.COM - En conf\u00e9rence de presse, l\u2019ancien Premier ministre Abdoul Mbaye n\u2019a pas h\u00e9sit\u00e9 \u00e0 s\u2019attaquer \u00e0 Ousmane Sonko. Pour lui, les probl\u00e8mes actuels de l\u2019opposition sont occasionn\u00e9s par<\/strong><strong> le leader de Pastef\/ Les Patriotes qui serait \u00e0 l\u2019origine de la discorde.\u00a0 <\/strong><\/p>\n<p>Abdoul Mbaye regrette le fait qu\u2019actuellement l\u2019opposition marche en ordre dispers\u00e9. Alors que lorsqu\u2019elle avait r\u00e9ussi \u00e0 parler d\u2019une seule voix, l\u2019opposition, dit-il, avait mis en minorit\u00e9, pour la premi\u00e8re fois dans l\u2019histoire politique du S\u00e9n\u00e9gal, un r\u00e9gime en place \u00e0 l\u2019Assembl\u00e9e nationale aux derni\u00e8res \u00e9lections l\u00e9gislatives. Abdoul Mbaye a tenu \u00e0 cracher ses v\u00e9rit\u00e9s \u00e0 Ousmane Sonko qui veut faire croire \u00e0 l\u2019opinion qu\u2019il est le leader de toute l\u2019opposition s\u00e9n\u00e9galaise. <em>\u00ab<\/em><em>Je n\u2019ai pas honte de dire que l\u2019id\u00e9e de l\u2019inter-coalition (Yewwi Askan Wi) est venue de nous. Il y a aussi des propos qui mettent \u00e0 mal cette opposition. Si on d\u00e9cide de dire qu\u2019untel est le leader de l\u2019opposition, il y a un probl\u00e8me. Il faut une comp\u00e9tition qui va s\u2019ouvrir. Personnellement, Sonko n\u2019est pas mon leader. Ce n\u2019est pas possible. Demain, je peux \u00eatre \u00e0 ses c\u00f4t\u00e9s pour l\u2019aider. Mais il n\u2019est pas mon leader. Donc, il faut que l\u2019on cesse de se mettre dans des attitudes qui d\u00e9truisent l\u2019unit\u00e9 de l\u2019opposition. On doit \u00eatre ensemble \u2018\u2019And Nawl\u00e9 lanyouy Taxawal\u2019\u2019. Mais vouloir dire que je dois \u00eatre devant ou je suis le leader l\u2019autre est le second, c\u2019est des enfantillages. Il faut arr\u00eater \u00e7a\u00bb<\/em>, dit-il d\u2019un ton ferme.<\/p>\n<p>Abdoul Mbaye demande \u00e0 ses camarades de resserrer les rangs pour arriver \u00e0 faire face au r\u00e9gime en place. Il trouve \u00abtristes\u00bb les d\u00e9clarations pr\u00e9matur\u00e9es des uns et des autres \u00e0 la pr\u00e9sidentielle de 2024.<\/p>\n<p>Pour l\u2019unit\u00e9 de l\u2019opposition, le pr\u00e9sident du parti Act trouve n\u00e9cessaire l\u2019id\u00e9e de pr\u00e9parer le deuxi\u00e8me tour de l\u2019\u00e9lection pr\u00e9sidentielle de 2024 et la gestion future pour voir comment organiser les soutiens au profit de celui qui va \u00eatre le repr\u00e9sentant de l\u2019opposition. Mais tout cela, dit-il, <em>\u00ab\u00e7a ne se pr\u00e9pare pas avec c\u2019est moi le leader ou autre. Il y a des gens qui ne vont jamais accepter \u00e7a\u00bb<\/em>, pr\u00e9vient l\u2019ancien Premier ministre.<\/p>\n<div class='share-to-whatsapp-wrapper'><div class='share-on-whsp'>PARTAGER SUR : <\/div><a data-text='OPPOSITION EN RANGS DISPERSES - Abdoul Mbaye attaque Ousmane Sonko' data-link='https:\/\/www.nettali.com\/2022\/12\/29\/opposition-en-rangs-disperses-abdoul-mbaye-attaque-ousmane-sonko\/' class='whatsapp-button whatsapp-share'>WhatsApp<\/a><div class='clear '><\/div><\/div>","protected":false},"excerpt":{"rendered":"<p>NETTALI.COM - En conf\u00e9rence de presse, l\u2019ancien Premier ministre Abdoul Mbaye n\u2019a pas h\u00e9sit\u00e9 \u00e0 s\u2019attaquer \u00e0 Ousmane Sonko. Pour lui, les probl\u00e8mes actuels de l\u2019opposition sont occasionn\u00e9s par le leader de Pastef\/ Les Patriotes qui serait \u00e0 l\u2019origine de la discorde.\u00a0 Abdoul Mbaye regrette le fait qu\u2019actuellement l\u2019opposition marche en ordre dispers\u00e9. Alors que [&hellip;]<\/p>\n","protected":false},"author":4,"featured_media":100702,"comment_status":"open","ping_status":"open","sticky":false,"template":"","format":"standard","meta":{"_et_pb_use_builder":"","_et_pb_old_content":""},"categories":[2],"tags":[],"yoast_head":"<!-- This site is optimized with the Yoast SEO Premium plugin v17.8 (Yoast SEO v17.8) - https:\/\/yoast.com\/wordpress\/plugins\/seo\/ -->\n<title>OPPOSITION EN RANGS DISPERSES - Abdoul Mbaye attaque Ousmane Sonko | Nettali.com<\/title>\n<meta name=\"robots\" content=\"index, follow, max-snippet:-1, max-image-preview:large, max-video-preview:-1\" \/>\n<link rel=\"canonical\" href=\"https:\/\/www.nettali.com\/2022\/12\/29\/opposition-en-rangs-disperses-abdoul-mbaye-attaque-ousmane-sonko\/\" \/>\n<meta property=\"og:locale\" content=\"fr_FR\" \/>\n<meta property=\"og:type\" content=\"article\" \/>\n<meta property=\"og:title\" content=\"OPPOSITION EN RANGS DISPERSES - Abdoul Mbaye attaque Ousmane Sonko\" \/>\n<meta property=\"og:description\" content=\"NETTALI.COM - En conf\u00e9rence de presse, l\u2019ancien Premier ministre Abdoul Mbaye n\u2019a pas h\u00e9sit\u00e9 \u00e0 s\u2019attaquer \u00e0 Ousmane Sonko. Pour lui, les probl\u00e8mes actuels de l\u2019opposition sont occasionn\u00e9s par le leader de Pastef\/ Les Patriotes qui serait \u00e0 l\u2019origine de la discorde.\u00a0 Abdoul Mbaye regrette le fait qu\u2019actuellement l\u2019opposition marche en ordre dispers\u00e9. Alors que [&hellip;]\" \/>\n<meta property=\"og:url\" content=\"https:\/\/www.nettali.com\/2022\/12\/29\/opposition-en-rangs-disperses-abdoul-mbaye-attaque-ousmane-sonko\/\" \/>\n<meta property=\"og:site_name\" content=\"Nettali.com\" \/>\n<meta property=\"article:publisher\" content=\"https:\/\/www.facebook.com\/nettalicom\" \/>\n<meta property=\"article:published_time\" content=\"2022-12-29T18:31:50+00:00\" \/>\n<meta property=\"og:image\" content=\"https:\/\/www.nettali.com\/wp-content\/uploads\/2022\/12\/abdoul-mbaye-sonko.jpeg\" \/>\n\t<meta property=\"og:image:width\" content=\"800\" \/>\n\t<meta property=\"og:image:height\" content=\"480\" \/>\n<meta name=\"twitter:card\" content=\"summary_large_image\" \/>\n<meta name=\"twitter:label1\" content=\"\u00c9crit par\" \/>\n\t<meta name=\"twitter:data1\" content=\"Daouda\" \/>\n\t<meta name=\"twitter:label2\" content=\"Dur\u00e9e de lecture estim\u00e9e\" \/>\n\t<meta name=\"twitter:data2\" content=\"2 minutes\" \/>\n<script type=\"application\/ld+json\" class=\"yoast-schema-graph\">{\"@context\":\"https:\/\/schema.org\",\"@graph\":[{\"@type\":\"WebSite\",\"@id\":\"https:\/\/www.nettali.com\/#website\",\"url\":\"https:\/\/www.nettali.com\/\",\"name\":\"Nettali.com\",\"description\":\"Le rendez-vous critique du Net\",\"potentialAction\":[{\"@type\":\"SearchAction\",\"target\":{\"@type\":\"EntryPoint\",\"urlTemplate\":\"https:\/\/www.nettali.com\/?s={search_term_string}\"},\"query-input\":\"required name=search_term_string\"}],\"inLanguage\":\"fr-FR\"},{\"@type\":\"ImageObject\",\"@id\":\"https:\/\/www.nettali.com\/2022\/12\/29\/opposition-en-rangs-disperses-abdoul-mbaye-attaque-ousmane-sonko\/#primaryimage\",\"inLanguage\":\"fr-FR\",\"url\":\"https:\/\/www.nettali.com\/wp-content\/uploads\/2022\/12\/abdoul-mbaye-sonko.jpeg\",\"contentUrl\":\"https:\/\/www.nettali.com\/wp-content\/uploads\/2022\/12\/abdoul-mbaye-sonko.jpeg\",\"width\":800,\"height\":480},{\"@type\":\"WebPage\",\"@id\":\"https:\/\/www.nettali.com\/2022\/12\/29\/opposition-en-rangs-disperses-abdoul-mbaye-attaque-ousmane-sonko\/#webpage\",\"url\":\"https:\/\/www.nettali.com\/2022\/12\/29\/opposition-en-rangs-disperses-abdoul-mbaye-attaque-ousmane-sonko\/\",\"name\":\"OPPOSITION EN RANGS DISPERSES - Abdoul Mbaye attaque Ousmane Sonko | Nettali.com\",\"isPartOf\":{\"@id\":\"https:\/\/www.nettali.com\/#website\"},\"primaryImageOfPage\":{\"@id\":\"https:\/\/www.nettali.com\/2022\/12\/29\/opposition-en-rangs-disperses-abdoul-mbaye-attaque-ousmane-sonko\/#primaryimage\"},\"datePublished\":\"2022-12-29T18:31:50+00:00\",\"dateModified\":\"2022-12-29T18:31:50+00:00\",\"author\":{\"@id\":\"https:\/\/www.nettali.com\/#\/schema\/person\/3317e0bb3aa1da309fbf7b2780901bf4\"},\"breadcrumb\":{\"@id\":\"https:\/\/www.nettali.com\/2022\/12\/29\/opposition-en-rangs-disperses-abdoul-mbaye-attaque-ousmane-sonko\/#breadcrumb\"},\"inLanguage\":\"fr-FR\",\"potentialAction\":[{\"@type\":\"ReadAction\",\"target\":[\"https:\/\/www.nettali.com\/2022\/12\/29\/opposition-en-rangs-disperses-abdoul-mbaye-attaque-ousmane-sonko\/\"]}]},{\"@type\":\"BreadcrumbList\",\"@id\":\"https:\/\/www.nettali.com\/2022\/12\/29\/opposition-en-rangs-disperses-abdoul-mbaye-attaque-ousmane-sonko\/#breadcrumb\",\"itemListElement\":[{\"@type\":\"ListItem\",\"position\":1,\"name\":\"Accueil\",\"item\":\"https:\/\/www.nettali.com\/\"},{\"@type\":\"ListItem\",\"position\":2,\"name\":\"OPPOSITION EN RANGS DISPERSES - Abdoul Mbaye attaque Ousmane Sonko\"}]},{\"@type\":\"Person\",\"@id\":\"https:\/\/www.nettali.com\/#\/schema\/person\/3317e0bb3aa1da309fbf7b2780901bf4\",\"name\":\"Daouda\",\"image\":{\"@type\":\"ImageObject\",\"@id\":\"https:\/\/www.nettali.com\/#personlogo\",\"inLanguage\":\"fr-FR\",\"url\":\"https:\/\/secure.gravatar.com\/avatar\/8d143b5a49345098ddcfee1c49c2f47c?s=96&d=mm&r=g\",\"contentUrl\":\"https:\/\/secure.gravatar.com\/avatar\/8d143b5a49345098ddcfee1c49c2f47c?s=96&d=mm&r=g\",\"caption\":\"Daouda\"},\"sameAs\":[\"https:\/\/www.nettali.com\"]}]}<\/script>\n<!-- \/ Yoast SEO Premium plugin. -->","yoast_head_json":{"title":"OPPOSITION EN RANGS DISPERSES - Abdoul Mbaye attaque Ousmane Sonko | Nettali.com","robots":{"index":"index","follow":"follow","max-snippet":"max-snippet:-1","max-image-preview":"max-image-preview:large","max-video-preview":"max-video-preview:-1"},"canonical":"https:\/\/www.nettali.com\/2022\/12\/29\/opposition-en-rangs-disperses-abdoul-mbaye-attaque-ousmane-sonko\/","og_locale":"fr_FR","og_type":"article","og_title":"OPPOSITION EN RANGS DISPERSES - Abdoul Mbaye attaque Ousmane Sonko","og_description":"NETTALI.COM - En conf\u00e9rence de presse, l\u2019ancien Premier ministre Abdoul Mbaye n\u2019a pas h\u00e9sit\u00e9 \u00e0 s\u2019attaquer \u00e0 Ousmane Sonko. Pour lui, les probl\u00e8mes actuels de l\u2019opposition sont occasionn\u00e9s par le leader de Pastef\/ Les Patriotes qui serait \u00e0 l\u2019origine de la discorde.\u00a0 Abdoul Mbaye regrette le fait qu\u2019actuellement l\u2019opposition marche en ordre dispers\u00e9. Alors que [&hellip;]","og_url":"https:\/\/www.nettali.com\/2022\/12\/29\/opposition-en-rangs-disperses-abdoul-mbaye-attaque-ousmane-sonko\/","og_site_name":"Nettali.com","article_publisher":"https:\/\/www.facebook.com\/nettalicom","article_published_time":"2022-12-29T18:31:50+00:00","og_image":[{"width":800,"height":480,"url":"https:\/\/www.nettali.com\/wp-content\/uploads\/2022\/12\/abdoul-mbaye-sonko.jpeg","type":"image\/jpeg"}],"twitter_card":"summary_large_image","twitter_misc":{"\u00c9crit par":"Daouda","Dur\u00e9e de lecture estim\u00e9e":"2 minutes"},"schema":{"@context":"https:\/\/schema.org","@graph":[{"@type":"WebSite","@id":"https:\/\/www.nettali.com\/#website","url":"https:\/\/www.nettali.com\/","name":"Nettali.com","description":"Le rendez-vous critique du Net","potentialAction":[{"@type":"SearchAction","target":{"@type":"EntryPoint","urlTemplate":"https:\/\/www.nettali.com\/?s={search_term_string}"},"query-input":"required name=search_term_string"}],"inLanguage":"fr-FR"},{"@type":"ImageObject","@id":"https:\/\/www.nettali.com\/2022\/12\/29\/opposition-en-rangs-disperses-abdoul-mbaye-attaque-ousmane-sonko\/#primaryimage","inLanguage":"fr-FR","url":"https:\/\/www.nettali.com\/wp-content\/uploads\/2022\/12\/abdoul-mbaye-sonko.jpeg","contentUrl":"https:\/\/www.nettali.com\/wp-content\/uploads\/2022\/12\/abdoul-mbaye-sonko.jpeg","width":800,"height":480},{"@type":"WebPage","@id":"https:\/\/www.nettali.com\/2022\/12\/29\/opposition-en-rangs-disperses-abdoul-mbaye-attaque-ousmane-sonko\/#webpage","url":"https:\/\/www.nettali.com\/2022\/12\/29\/opposition-en-rangs-disperses-abdoul-mbaye-attaque-ousmane-sonko\/","name":"OPPOSITION EN RANGS DISPERSES - Abdoul Mbaye attaque Ousmane Sonko | Nettali.com","isPartOf":{"@id":"https:\/\/www.nettali.com\/#website"},"primaryImageOfPage":{"@id":"https:\/\/www.nettali.com\/2022\/12\/29\/opposition-en-rangs-disperses-abdoul-mbaye-attaque-ousmane-sonko\/#primaryimage"},"datePublished":"2022-12-29T18:31:50+00:00","dateModified":"2022-12-29T18:31:50+00:00","author":{"@id":"https:\/\/www.nettali.com\/#\/schema\/person\/3317e0bb3aa1da309fbf7b2780901bf4"},"breadcrumb":{"@id":"https:\/\/www.nettali.com\/2022\/12\/29\/opposition-en-rangs-disperses-abdoul-mbaye-attaque-ousmane-sonko\/#breadcrumb"},"inLanguage":"fr-FR","potentialAction":[{"@type":"ReadAction","target":["https:\/\/www.nettali.com\/2022\/12\/29\/opposition-en-rangs-disperses-abdoul-mbaye-attaque-ousmane-sonko\/"]}]},{"@type":"BreadcrumbList","@id":"https:\/\/www.nettali.com\/2022\/12\/29\/opposition-en-rangs-disperses-abdoul-mbaye-attaque-ousmane-sonko\/#breadcrumb","itemListElement":[{"@type":"ListItem","position":1,"name":"Accueil","item":"https:\/\/www.nettali.com\/"},{"@type":"ListItem","position":2,"name":"OPPOSITION EN RANGS DISPERSES - Abdoul Mbaye attaque Ousmane Sonko"}]},{"@type":"Person","@id":"https:\/\/www.nettali.com\/#\/schema\/person\/3317e0bb3aa1da309fbf7b2780901bf4","name":"Daouda","image":{"@type":"ImageObject","@id":"https:\/\/www.nettali.com\/#personlogo","inLanguage":"fr-FR","url":"https:\/\/secure.gravatar.com\/avatar\/8d143b5a49345098ddcfee1c49c2f47c?s=96&d=mm&r=g","contentUrl":"https:\/\/secure.gravatar.com\/avatar\/8d143b5a49345098ddcfee1c49c2f47c?s=96&d=mm&r=g","caption":"Daouda"},"sameAs":["https:\/\/www.nettali.com"]}]}},"_links":{"self":[{"href":"https:\/\/www.nettali.com\/rest\/wp\/v2\/posts\/100701"}],"collection":[{"href":"https:\/\/www.nettali.com\/rest\/wp\/v2\/posts"}],"about":[{"href":"https:\/\/www.nettali.com\/rest\/wp\/v2\/types\/post"}],"author":[{"embeddable":true,"href":"https:\/\/www.nettali.com\/rest\/wp\/v2\/users\/4"}],"replies":[{"embeddable":true,"href":"https:\/\/www.nettali.com\/rest\/wp\/v2\/comments?post=100701"}],"version-history":[{"count":1,"href":"https:\/\/www.nettali.com\/rest\/wp\/v2\/posts\/100701\/revisions"}],"predecessor-version":[{"id":100703,"href":"https:\/\/www.nettali.com\/rest\/wp\/v2\/posts\/100701\/revisions\/100703"}],"wp:featuredmedia":[{"embeddable":true,"href":"https:\/\/www.nettali.com\/rest\/wp\/v2\/media\/100702"}],"wp:attachment":[{"href":"https:\/\/www.nettali.com\/rest\/wp\/v2\/media?parent=100701"}],"wp:term":[{"taxonomy":"category","embeddable":true,"href":"https:\/\/www.nettali.com\/rest\/wp\/v2\/categories?post=100701"},{"taxonomy":"post_tag","embeddable":true,"href":"https:\/\/www.nettali.com\/rest\/wp\/v2\/tags?post=100701"}],"curies":[{"name":"wp","href":"https:\/\/api.w.org\/{rel}","templated":true}]}}