{"id":100699,"date":"2022-12-29T18:15:40","date_gmt":"2022-12-29T18:15:40","guid":{"rendered":"https:\/\/www.nettali.com\/?p=100699"},"modified":"2022-12-29T18:15:40","modified_gmt":"2022-12-29T18:15:40","slug":"pelerinage-le-quota-du-senegal-revu-a-la-hausse","status":"publish","type":"post","link":"https:\/\/www.nettali.com\/2022\/12\/29\/pelerinage-le-quota-du-senegal-revu-a-la-hausse\/","title":{"rendered":"PELERINAGE - Le quota du S\u00e9n\u00e9gal revu \u00e0 la hausse"},"content":{"rendered":"<p><strong>NETTALI.COM - Le quota de p\u00e8lerins accord\u00e9 au S\u00e9n\u00e9gal pour le Hajj (P\u00e8lerinage \u00e0 la Mecque) de l\u2019ann\u00e9e 2023 a \u00e9t\u00e9 port\u00e9 \u00e0 pr\u00e8s de 13 000. La D\u00e9l\u00e9gation g\u00e9n\u00e9rale au p\u00e8lerinage (DGP) a rencontr\u00e9 les op\u00e9rateurs priv\u00e9s du Hajj, mardi, en vue d\u2019\u00e9changer sur les conditions d\u2019organisation du P\u00e8lerinage aux Lieux saints de l\u2019Islam, en 2023. <\/strong><\/p>\n<p>Selon le communiqu\u00e9, la DGP a inform\u00e9 les chefs de regroupements d\u2019op\u00e9rateurs priv\u00e9s du Hajj, des conclusions issues d\u2019une r\u00e9union tenue, la veille, avec le minist\u00e8re saoudien du Hajj. L\u2019un des six points au menu de cette rencontre portait sur l\u2019augmentation du quota de p\u00e8lerins s\u00e9n\u00e9galais. \u00abLe quota du S\u00e9n\u00e9gal est port\u00e9 \u00e0 12 800 p\u00e8lerins\u00bb, rel\u00e8ve la m\u00eame source, qui ajoute que \u00able quota r\u00e9el devant \u00eatre de 16 000, conform\u00e9ment \u00e0 la d\u00e9mographie du S\u00e9n\u00e9gal, la DGP entreprendra, avec le minist\u00e8re des Affaires \u00e9trang\u00e8res, les d\u00e9marches n\u00e9cessaires pour qu\u2019il soit rehauss\u00e9.<\/p>\n<p>La distribution du quota aux op\u00e9rateurs priv\u00e9s du Hajj se fera apr\u00e8s que l\u2019\u00c9tat aura d\u00e9fini le quota de r\u00e9gulation g\u00e9r\u00e9 par la DGP.<\/p>\n<div class='share-to-whatsapp-wrapper'><div class='share-on-whsp'>PARTAGER SUR : <\/div><a data-text='PELERINAGE - Le quota du S\u00e9n\u00e9gal revu \u00e0 la hausse' data-link='https:\/\/www.nettali.com\/2022\/12\/29\/pelerinage-le-quota-du-senegal-revu-a-la-hausse\/' class='whatsapp-button whatsapp-share'>WhatsApp<\/a><div class='clear '><\/div><\/div>","protected":false},"excerpt":{"rendered":"<p>NETTALI.COM - Le quota de p\u00e8lerins accord\u00e9 au S\u00e9n\u00e9gal pour le Hajj (P\u00e8lerinage \u00e0 la Mecque) de l\u2019ann\u00e9e 2023 a \u00e9t\u00e9 port\u00e9 \u00e0 pr\u00e8s de 13 000. La D\u00e9l\u00e9gation g\u00e9n\u00e9rale au p\u00e8lerinage (DGP) a rencontr\u00e9 les op\u00e9rateurs priv\u00e9s du Hajj, mardi, en vue d\u2019\u00e9changer sur les conditions d\u2019organisation du P\u00e8lerinage aux Lieux saints de l\u2019Islam, [&hellip;]<\/p>\n","protected":false},"author":4,"featured_media":14001,"comment_status":"open","ping_status":"open","sticky":false,"template":"","format":"standard","meta":{"_et_pb_use_builder":"","_et_pb_old_content":""},"categories":[3],"tags":[],"yoast_head":"<!-- This site is optimized with the Yoast SEO Premium plugin v17.8 (Yoast SEO v17.8) - https:\/\/yoast.com\/wordpress\/plugins\/seo\/ -->\n<title>PELERINAGE - Le quota du S\u00e9n\u00e9gal revu \u00e0 la hausse | Nettali.com<\/title>\n<meta name=\"robots\" content=\"index, follow, max-snippet:-1, max-image-preview:large, max-video-preview:-1\" \/>\n<link rel=\"canonical\" href=\"https:\/\/www.nettali.com\/2022\/12\/29\/pelerinage-le-quota-du-senegal-revu-a-la-hausse\/\" \/>\n<meta property=\"og:locale\" content=\"fr_FR\" \/>\n<meta property=\"og:type\" content=\"article\" \/>\n<meta property=\"og:title\" content=\"PELERINAGE - Le quota du S\u00e9n\u00e9gal revu \u00e0 la hausse\" \/>\n<meta property=\"og:description\" content=\"NETTALI.COM - Le quota de p\u00e8lerins accord\u00e9 au S\u00e9n\u00e9gal pour le Hajj (P\u00e8lerinage \u00e0 la Mecque) de l\u2019ann\u00e9e 2023 a \u00e9t\u00e9 port\u00e9 \u00e0 pr\u00e8s de 13 000. La D\u00e9l\u00e9gation g\u00e9n\u00e9rale au p\u00e8lerinage (DGP) a rencontr\u00e9 les op\u00e9rateurs priv\u00e9s du Hajj, mardi, en vue d\u2019\u00e9changer sur les conditions d\u2019organisation du P\u00e8lerinage aux Lieux saints de l\u2019Islam, [&hellip;]\" \/>\n<meta property=\"og:url\" content=\"https:\/\/www.nettali.com\/2022\/12\/29\/pelerinage-le-quota-du-senegal-revu-a-la-hausse\/\" \/>\n<meta property=\"og:site_name\" content=\"Nettali.com\" \/>\n<meta property=\"article:publisher\" content=\"https:\/\/www.facebook.com\/nettalicom\" \/>\n<meta property=\"article:published_time\" content=\"2022-12-29T18:15:40+00:00\" \/>\n<meta property=\"og:image\" content=\"https:\/\/www.nettali.com\/wp-content\/uploads\/2019\/07\/Pelerinage-a-la-Mecque-1.jpg\" \/>\n\t<meta property=\"og:image:width\" content=\"680\" \/>\n\t<meta property=\"og:image:height\" content=\"430\" \/>\n<meta name=\"twitter:card\" content=\"summary_large_image\" \/>\n<meta name=\"twitter:label1\" content=\"\u00c9crit par\" \/>\n\t<meta name=\"twitter:data1\" content=\"Daouda\" \/>\n\t<meta name=\"twitter:label2\" content=\"Dur\u00e9e de lecture estim\u00e9e\" \/>\n\t<meta name=\"twitter:data2\" content=\"1 minute\" \/>\n<script type=\"application\/ld+json\" class=\"yoast-schema-graph\">{\"@context\":\"https:\/\/schema.org\",\"@graph\":[{\"@type\":\"WebSite\",\"@id\":\"https:\/\/www.nettali.com\/#website\",\"url\":\"https:\/\/www.nettali.com\/\",\"name\":\"Nettali.com\",\"description\":\"Le rendez-vous critique du Net\",\"potentialAction\":[{\"@type\":\"SearchAction\",\"target\":{\"@type\":\"EntryPoint\",\"urlTemplate\":\"https:\/\/www.nettali.com\/?s={search_term_string}\"},\"query-input\":\"required name=search_term_string\"}],\"inLanguage\":\"fr-FR\"},{\"@type\":\"ImageObject\",\"@id\":\"https:\/\/www.nettali.com\/2022\/12\/29\/pelerinage-le-quota-du-senegal-revu-a-la-hausse\/#primaryimage\",\"inLanguage\":\"fr-FR\",\"url\":\"https:\/\/www.nettali.com\/wp-content\/uploads\/2019\/07\/Pelerinage-a-la-Mecque-1.jpg\",\"contentUrl\":\"https:\/\/www.nettali.com\/wp-content\/uploads\/2019\/07\/Pelerinage-a-la-Mecque-1.jpg\",\"width\":680,\"height\":430},{\"@type\":\"WebPage\",\"@id\":\"https:\/\/www.nettali.com\/2022\/12\/29\/pelerinage-le-quota-du-senegal-revu-a-la-hausse\/#webpage\",\"url\":\"https:\/\/www.nettali.com\/2022\/12\/29\/pelerinage-le-quota-du-senegal-revu-a-la-hausse\/\",\"name\":\"PELERINAGE - Le quota du S\\u00e9n\\u00e9gal revu \\u00e0 la hausse | Nettali.com\",\"isPartOf\":{\"@id\":\"https:\/\/www.nettali.com\/#website\"},\"primaryImageOfPage\":{\"@id\":\"https:\/\/www.nettali.com\/2022\/12\/29\/pelerinage-le-quota-du-senegal-revu-a-la-hausse\/#primaryimage\"},\"datePublished\":\"2022-12-29T18:15:40+00:00\",\"dateModified\":\"2022-12-29T18:15:40+00:00\",\"author\":{\"@id\":\"https:\/\/www.nettali.com\/#\/schema\/person\/3317e0bb3aa1da309fbf7b2780901bf4\"},\"breadcrumb\":{\"@id\":\"https:\/\/www.nettali.com\/2022\/12\/29\/pelerinage-le-quota-du-senegal-revu-a-la-hausse\/#breadcrumb\"},\"inLanguage\":\"fr-FR\",\"potentialAction\":[{\"@type\":\"ReadAction\",\"target\":[\"https:\/\/www.nettali.com\/2022\/12\/29\/pelerinage-le-quota-du-senegal-revu-a-la-hausse\/\"]}]},{\"@type\":\"BreadcrumbList\",\"@id\":\"https:\/\/www.nettali.com\/2022\/12\/29\/pelerinage-le-quota-du-senegal-revu-a-la-hausse\/#breadcrumb\",\"itemListElement\":[{\"@type\":\"ListItem\",\"position\":1,\"name\":\"Accueil\",\"item\":\"https:\/\/www.nettali.com\/\"},{\"@type\":\"ListItem\",\"position\":2,\"name\":\"PELERINAGE - Le quota du S\\u00e9n\\u00e9gal revu \\u00e0 la hausse\"}]},{\"@type\":\"Person\",\"@id\":\"https:\/\/www.nettali.com\/#\/schema\/person\/3317e0bb3aa1da309fbf7b2780901bf4\",\"name\":\"Daouda\",\"image\":{\"@type\":\"ImageObject\",\"@id\":\"https:\/\/www.nettali.com\/#personlogo\",\"inLanguage\":\"fr-FR\",\"url\":\"https:\/\/secure.gravatar.com\/avatar\/8d143b5a49345098ddcfee1c49c2f47c?s=96&d=mm&r=g\",\"contentUrl\":\"https:\/\/secure.gravatar.com\/avatar\/8d143b5a49345098ddcfee1c49c2f47c?s=96&d=mm&r=g\",\"caption\":\"Daouda\"},\"sameAs\":[\"https:\/\/www.nettali.com\"]}]}<\/script>\n<!-- \/ Yoast SEO Premium plugin. -->","yoast_head_json":{"title":"PELERINAGE - Le quota du S\u00e9n\u00e9gal revu \u00e0 la hausse | Nettali.com","robots":{"index":"index","follow":"follow","max-snippet":"max-snippet:-1","max-image-preview":"max-image-preview:large","max-video-preview":"max-video-preview:-1"},"canonical":"https:\/\/www.nettali.com\/2022\/12\/29\/pelerinage-le-quota-du-senegal-revu-a-la-hausse\/","og_locale":"fr_FR","og_type":"article","og_title":"PELERINAGE - Le quota du S\u00e9n\u00e9gal revu \u00e0 la hausse","og_description":"NETTALI.COM - Le quota de p\u00e8lerins accord\u00e9 au S\u00e9n\u00e9gal pour le Hajj (P\u00e8lerinage \u00e0 la Mecque) de l\u2019ann\u00e9e 2023 a \u00e9t\u00e9 port\u00e9 \u00e0 pr\u00e8s de 13 000. La D\u00e9l\u00e9gation g\u00e9n\u00e9rale au p\u00e8lerinage (DGP) a rencontr\u00e9 les op\u00e9rateurs priv\u00e9s du Hajj, mardi, en vue d\u2019\u00e9changer sur les conditions d\u2019organisation du P\u00e8lerinage aux Lieux saints de l\u2019Islam, [&hellip;]","og_url":"https:\/\/www.nettali.com\/2022\/12\/29\/pelerinage-le-quota-du-senegal-revu-a-la-hausse\/","og_site_name":"Nettali.com","article_publisher":"https:\/\/www.facebook.com\/nettalicom","article_published_time":"2022-12-29T18:15:40+00:00","og_image":[{"width":680,"height":430,"url":"https:\/\/www.nettali.com\/wp-content\/uploads\/2019\/07\/Pelerinage-a-la-Mecque-1.jpg","type":"image\/jpeg"}],"twitter_card":"summary_large_image","twitter_misc":{"\u00c9crit par":"Daouda","Dur\u00e9e de lecture estim\u00e9e":"1 minute"},"schema":{"@context":"https:\/\/schema.org","@graph":[{"@type":"WebSite","@id":"https:\/\/www.nettali.com\/#website","url":"https:\/\/www.nettali.com\/","name":"Nettali.com","description":"Le rendez-vous critique du Net","potentialAction":[{"@type":"SearchAction","target":{"@type":"EntryPoint","urlTemplate":"https:\/\/www.nettali.com\/?s={search_term_string}"},"query-input":"required name=search_term_string"}],"inLanguage":"fr-FR"},{"@type":"ImageObject","@id":"https:\/\/www.nettali.com\/2022\/12\/29\/pelerinage-le-quota-du-senegal-revu-a-la-hausse\/#primaryimage","inLanguage":"fr-FR","url":"https:\/\/www.nettali.com\/wp-content\/uploads\/2019\/07\/Pelerinage-a-la-Mecque-1.jpg","contentUrl":"https:\/\/www.nettali.com\/wp-content\/uploads\/2019\/07\/Pelerinage-a-la-Mecque-1.jpg","width":680,"height":430},{"@type":"WebPage","@id":"https:\/\/www.nettali.com\/2022\/12\/29\/pelerinage-le-quota-du-senegal-revu-a-la-hausse\/#webpage","url":"https:\/\/www.nettali.com\/2022\/12\/29\/pelerinage-le-quota-du-senegal-revu-a-la-hausse\/","name":"PELERINAGE - Le quota du S\u00e9n\u00e9gal revu \u00e0 la hausse | Nettali.com","isPartOf":{"@id":"https:\/\/www.nettali.com\/#website"},"primaryImageOfPage":{"@id":"https:\/\/www.nettali.com\/2022\/12\/29\/pelerinage-le-quota-du-senegal-revu-a-la-hausse\/#primaryimage"},"datePublished":"2022-12-29T18:15:40+00:00","dateModified":"2022-12-29T18:15:40+00:00","author":{"@id":"https:\/\/www.nettali.com\/#\/schema\/person\/3317e0bb3aa1da309fbf7b2780901bf4"},"breadcrumb":{"@id":"https:\/\/www.nettali.com\/2022\/12\/29\/pelerinage-le-quota-du-senegal-revu-a-la-hausse\/#breadcrumb"},"inLanguage":"fr-FR","potentialAction":[{"@type":"ReadAction","target":["https:\/\/www.nettali.com\/2022\/12\/29\/pelerinage-le-quota-du-senegal-revu-a-la-hausse\/"]}]},{"@type":"BreadcrumbList","@id":"https:\/\/www.nettali.com\/2022\/12\/29\/pelerinage-le-quota-du-senegal-revu-a-la-hausse\/#breadcrumb","itemListElement":[{"@type":"ListItem","position":1,"name":"Accueil","item":"https:\/\/www.nettali.com\/"},{"@type":"ListItem","position":2,"name":"PELERINAGE - Le quota du S\u00e9n\u00e9gal revu \u00e0 la hausse"}]},{"@type":"Person","@id":"https:\/\/www.nettali.com\/#\/schema\/person\/3317e0bb3aa1da309fbf7b2780901bf4","name":"Daouda","image":{"@type":"ImageObject","@id":"https:\/\/www.nettali.com\/#personlogo","inLanguage":"fr-FR","url":"https:\/\/secure.gravatar.com\/avatar\/8d143b5a49345098ddcfee1c49c2f47c?s=96&d=mm&r=g","contentUrl":"https:\/\/secure.gravatar.com\/avatar\/8d143b5a49345098ddcfee1c49c2f47c?s=96&d=mm&r=g","caption":"Daouda"},"sameAs":["https:\/\/www.nettali.com"]}]}},"_links":{"self":[{"href":"https:\/\/www.nettali.com\/rest\/wp\/v2\/posts\/100699"}],"collection":[{"href":"https:\/\/www.nettali.com\/rest\/wp\/v2\/posts"}],"about":[{"href":"https:\/\/www.nettali.com\/rest\/wp\/v2\/types\/post"}],"author":[{"embeddable":true,"href":"https:\/\/www.nettali.com\/rest\/wp\/v2\/users\/4"}],"replies":[{"embeddable":true,"href":"https:\/\/www.nettali.com\/rest\/wp\/v2\/comments?post=100699"}],"version-history":[{"count":1,"href":"https:\/\/www.nettali.com\/rest\/wp\/v2\/posts\/100699\/revisions"}],"predecessor-version":[{"id":100700,"href":"https:\/\/www.nettali.com\/rest\/wp\/v2\/posts\/100699\/revisions\/100700"}],"wp:featuredmedia":[{"embeddable":true,"href":"https:\/\/www.nettali.com\/rest\/wp\/v2\/media\/14001"}],"wp:attachment":[{"href":"https:\/\/www.nettali.com\/rest\/wp\/v2\/media?parent=100699"}],"wp:term":[{"taxonomy":"category","embeddable":true,"href":"https:\/\/www.nettali.com\/rest\/wp\/v2\/categories?post=100699"},{"taxonomy":"post_tag","embeddable":true,"href":"https:\/\/www.nettali.com\/rest\/wp\/v2\/tags?post=100699"}],"curies":[{"name":"wp","href":"https:\/\/api.w.org\/{rel}","templated":true}]}}