{"id":100629,"date":"2022-12-29T18:19:55","date_gmt":"2022-12-29T18:19:55","guid":{"rendered":"https:\/\/www.nettali.com\/?p=100629"},"modified":"2022-12-29T18:19:55","modified_gmt":"2022-12-29T18:19:55","slug":"lutte-contre-les-feux-de-brousse-le-president-sall-invite-a-lanticipation","status":"publish","type":"post","link":"https:\/\/www.nettali.com\/2022\/12\/29\/lutte-contre-les-feux-de-brousse-le-president-sall-invite-a-lanticipation\/","title":{"rendered":"LUTTE CONTRE LES FEUX DE BROUSSE- Le Pr\u00e9sident Sall invite \u00e0 l\u2019anticipation"},"content":{"rendered":"<p><strong>NETTALI.COM- Une d\u00e9marche d\u2019anticipation dans la lutte contre les feux de brousse. C\u2019est ce que pr\u00e9conise le Pr\u00e9sident Macky Sall. <\/strong><\/p>\n<p>La fin de l\u2019hivernage co\u00efncide tr\u00e8s souvent avec la multiplication des incendies et feux de brousse, qui causent de nombreux sinistres dans plusieurs localit\u00e9s du pays. C\u2019est pourquoi lors du Conseil des ministres a pr\u00e9conis\u00e9 une d\u00e9marche anticipation.<\/p>\n<p>A cet effet, renseigne le communiqu\u00e9 du gouvernement, le pr\u00e9sident de la R\u00e9publique a invit\u00e9 le ministre de l\u2019Environnement, du D\u00e9veloppement durable et de la Transition \u00e9cologique, en relation avec le Ministre de l\u2019Int\u00e9rieur, \u00ab\u00a0<em>de prendre toutes les mesures pr\u00e9ventives n\u00e9cessaires pour assurer la sensibilisation des populations et renforcer la mise en \u0153uvre inclusive, de la strat\u00e9gie nationale de lutte contre les feux de brousse\u00a0<\/em>\u00bb<\/p>\n<div class='share-to-whatsapp-wrapper'><div class='share-on-whsp'>PARTAGER SUR : <\/div><a data-text='LUTTE CONTRE LES FEUX DE BROUSSE- Le Pr\u00e9sident Sall invite \u00e0 l\u2019anticipation' data-link='https:\/\/www.nettali.com\/2022\/12\/29\/lutte-contre-les-feux-de-brousse-le-president-sall-invite-a-lanticipation\/' class='whatsapp-button whatsapp-share'>WhatsApp<\/a><div class='clear '><\/div><\/div>","protected":false},"excerpt":{"rendered":"<p>NETTALI.COM- Une d\u00e9marche d\u2019anticipation dans la lutte contre les feux de brousse. C\u2019est ce que pr\u00e9conise le Pr\u00e9sident Macky Sall. La fin de l\u2019hivernage co\u00efncide tr\u00e8s souvent avec la multiplication des incendies et feux de brousse, qui causent de nombreux sinistres dans plusieurs localit\u00e9s du pays. C\u2019est pourquoi lors du Conseil des ministres a pr\u00e9conis\u00e9 [&hellip;]<\/p>\n","protected":false},"author":6,"featured_media":100632,"comment_status":"open","ping_status":"open","sticky":false,"template":"","format":"standard","meta":{"_et_pb_use_builder":"","_et_pb_old_content":""},"categories":[3],"tags":[],"yoast_head":"<!-- This site is optimized with the Yoast SEO Premium plugin v17.8 (Yoast SEO v17.8) - https:\/\/yoast.com\/wordpress\/plugins\/seo\/ -->\n<title>LUTTE CONTRE LES FEUX DE BROUSSE- Le Pr\u00e9sident Sall invite \u00e0 l\u2019anticipation | Nettali.com<\/title>\n<meta name=\"robots\" content=\"index, follow, max-snippet:-1, max-image-preview:large, max-video-preview:-1\" \/>\n<link rel=\"canonical\" href=\"https:\/\/www.nettali.com\/2022\/12\/29\/lutte-contre-les-feux-de-brousse-le-president-sall-invite-a-lanticipation\/\" \/>\n<meta property=\"og:locale\" content=\"fr_FR\" \/>\n<meta property=\"og:type\" content=\"article\" \/>\n<meta property=\"og:title\" content=\"LUTTE CONTRE LES FEUX DE BROUSSE- Le Pr\u00e9sident Sall invite \u00e0 l\u2019anticipation\" \/>\n<meta property=\"og:description\" content=\"NETTALI.COM- Une d\u00e9marche d\u2019anticipation dans la lutte contre les feux de brousse. C\u2019est ce que pr\u00e9conise le Pr\u00e9sident Macky Sall. La fin de l\u2019hivernage co\u00efncide tr\u00e8s souvent avec la multiplication des incendies et feux de brousse, qui causent de nombreux sinistres dans plusieurs localit\u00e9s du pays. C\u2019est pourquoi lors du Conseil des ministres a pr\u00e9conis\u00e9 [&hellip;]\" \/>\n<meta property=\"og:url\" content=\"https:\/\/www.nettali.com\/2022\/12\/29\/lutte-contre-les-feux-de-brousse-le-president-sall-invite-a-lanticipation\/\" \/>\n<meta property=\"og:site_name\" content=\"Nettali.com\" \/>\n<meta property=\"article:publisher\" content=\"https:\/\/www.facebook.com\/nettalicom\" \/>\n<meta property=\"article:published_time\" content=\"2022-12-29T18:19:55+00:00\" \/>\n<meta property=\"og:image\" content=\"https:\/\/www.nettali.com\/wp-content\/uploads\/2022\/12\/feux-de-brousse.jpg\" \/>\n\t<meta property=\"og:image:width\" content=\"600\" \/>\n\t<meta property=\"og:image:height\" content=\"450\" \/>\n<meta name=\"twitter:card\" content=\"summary_large_image\" \/>\n<meta name=\"twitter:label1\" content=\"\u00c9crit par\" \/>\n\t<meta name=\"twitter:data1\" content=\"Fatou\" \/>\n\t<meta name=\"twitter:label2\" content=\"Dur\u00e9e de lecture estim\u00e9e\" \/>\n\t<meta name=\"twitter:data2\" content=\"1 minute\" \/>\n<script type=\"application\/ld+json\" class=\"yoast-schema-graph\">{\"@context\":\"https:\/\/schema.org\",\"@graph\":[{\"@type\":\"WebSite\",\"@id\":\"https:\/\/www.nettali.com\/#website\",\"url\":\"https:\/\/www.nettali.com\/\",\"name\":\"Nettali.com\",\"description\":\"Le rendez-vous critique du Net\",\"potentialAction\":[{\"@type\":\"SearchAction\",\"target\":{\"@type\":\"EntryPoint\",\"urlTemplate\":\"https:\/\/www.nettali.com\/?s={search_term_string}\"},\"query-input\":\"required name=search_term_string\"}],\"inLanguage\":\"fr-FR\"},{\"@type\":\"ImageObject\",\"@id\":\"https:\/\/www.nettali.com\/2022\/12\/29\/lutte-contre-les-feux-de-brousse-le-president-sall-invite-a-lanticipation\/#primaryimage\",\"inLanguage\":\"fr-FR\",\"url\":\"https:\/\/www.nettali.com\/wp-content\/uploads\/2022\/12\/feux-de-brousse.jpg\",\"contentUrl\":\"https:\/\/www.nettali.com\/wp-content\/uploads\/2022\/12\/feux-de-brousse.jpg\",\"width\":600,\"height\":450},{\"@type\":\"WebPage\",\"@id\":\"https:\/\/www.nettali.com\/2022\/12\/29\/lutte-contre-les-feux-de-brousse-le-president-sall-invite-a-lanticipation\/#webpage\",\"url\":\"https:\/\/www.nettali.com\/2022\/12\/29\/lutte-contre-les-feux-de-brousse-le-president-sall-invite-a-lanticipation\/\",\"name\":\"LUTTE CONTRE LES FEUX DE BROUSSE- Le Pr\\u00e9sident Sall invite \\u00e0 l\\u2019anticipation | Nettali.com\",\"isPartOf\":{\"@id\":\"https:\/\/www.nettali.com\/#website\"},\"primaryImageOfPage\":{\"@id\":\"https:\/\/www.nettali.com\/2022\/12\/29\/lutte-contre-les-feux-de-brousse-le-president-sall-invite-a-lanticipation\/#primaryimage\"},\"datePublished\":\"2022-12-29T18:19:55+00:00\",\"dateModified\":\"2022-12-29T18:19:55+00:00\",\"author\":{\"@id\":\"https:\/\/www.nettali.com\/#\/schema\/person\/418274a86bdf87caff7a3ef476bd0bbf\"},\"breadcrumb\":{\"@id\":\"https:\/\/www.nettali.com\/2022\/12\/29\/lutte-contre-les-feux-de-brousse-le-president-sall-invite-a-lanticipation\/#breadcrumb\"},\"inLanguage\":\"fr-FR\",\"potentialAction\":[{\"@type\":\"ReadAction\",\"target\":[\"https:\/\/www.nettali.com\/2022\/12\/29\/lutte-contre-les-feux-de-brousse-le-president-sall-invite-a-lanticipation\/\"]}]},{\"@type\":\"BreadcrumbList\",\"@id\":\"https:\/\/www.nettali.com\/2022\/12\/29\/lutte-contre-les-feux-de-brousse-le-president-sall-invite-a-lanticipation\/#breadcrumb\",\"itemListElement\":[{\"@type\":\"ListItem\",\"position\":1,\"name\":\"Accueil\",\"item\":\"https:\/\/www.nettali.com\/\"},{\"@type\":\"ListItem\",\"position\":2,\"name\":\"LUTTE CONTRE LES FEUX DE BROUSSE- Le Pr\\u00e9sident Sall invite \\u00e0 l\\u2019anticipation\"}]},{\"@type\":\"Person\",\"@id\":\"https:\/\/www.nettali.com\/#\/schema\/person\/418274a86bdf87caff7a3ef476bd0bbf\",\"name\":\"Fatou\",\"image\":{\"@type\":\"ImageObject\",\"@id\":\"https:\/\/www.nettali.com\/#personlogo\",\"inLanguage\":\"fr-FR\",\"url\":\"https:\/\/secure.gravatar.com\/avatar\/5a9442a2bee7b4dcf167cab035858e9a?s=96&d=mm&r=g\",\"contentUrl\":\"https:\/\/secure.gravatar.com\/avatar\/5a9442a2bee7b4dcf167cab035858e9a?s=96&d=mm&r=g\",\"caption\":\"Fatou\"},\"sameAs\":[\"https:\/\/www.nettali.com\"]}]}<\/script>\n<!-- \/ Yoast SEO Premium plugin. -->","yoast_head_json":{"title":"LUTTE CONTRE LES FEUX DE BROUSSE- Le Pr\u00e9sident Sall invite \u00e0 l\u2019anticipation | Nettali.com","robots":{"index":"index","follow":"follow","max-snippet":"max-snippet:-1","max-image-preview":"max-image-preview:large","max-video-preview":"max-video-preview:-1"},"canonical":"https:\/\/www.nettali.com\/2022\/12\/29\/lutte-contre-les-feux-de-brousse-le-president-sall-invite-a-lanticipation\/","og_locale":"fr_FR","og_type":"article","og_title":"LUTTE CONTRE LES FEUX DE BROUSSE- Le Pr\u00e9sident Sall invite \u00e0 l\u2019anticipation","og_description":"NETTALI.COM- Une d\u00e9marche d\u2019anticipation dans la lutte contre les feux de brousse. C\u2019est ce que pr\u00e9conise le Pr\u00e9sident Macky Sall. La fin de l\u2019hivernage co\u00efncide tr\u00e8s souvent avec la multiplication des incendies et feux de brousse, qui causent de nombreux sinistres dans plusieurs localit\u00e9s du pays. C\u2019est pourquoi lors du Conseil des ministres a pr\u00e9conis\u00e9 [&hellip;]","og_url":"https:\/\/www.nettali.com\/2022\/12\/29\/lutte-contre-les-feux-de-brousse-le-president-sall-invite-a-lanticipation\/","og_site_name":"Nettali.com","article_publisher":"https:\/\/www.facebook.com\/nettalicom","article_published_time":"2022-12-29T18:19:55+00:00","og_image":[{"width":600,"height":450,"url":"https:\/\/www.nettali.com\/wp-content\/uploads\/2022\/12\/feux-de-brousse.jpg","type":"image\/jpeg"}],"twitter_card":"summary_large_image","twitter_misc":{"\u00c9crit par":"Fatou","Dur\u00e9e de lecture estim\u00e9e":"1 minute"},"schema":{"@context":"https:\/\/schema.org","@graph":[{"@type":"WebSite","@id":"https:\/\/www.nettali.com\/#website","url":"https:\/\/www.nettali.com\/","name":"Nettali.com","description":"Le rendez-vous critique du Net","potentialAction":[{"@type":"SearchAction","target":{"@type":"EntryPoint","urlTemplate":"https:\/\/www.nettali.com\/?s={search_term_string}"},"query-input":"required name=search_term_string"}],"inLanguage":"fr-FR"},{"@type":"ImageObject","@id":"https:\/\/www.nettali.com\/2022\/12\/29\/lutte-contre-les-feux-de-brousse-le-president-sall-invite-a-lanticipation\/#primaryimage","inLanguage":"fr-FR","url":"https:\/\/www.nettali.com\/wp-content\/uploads\/2022\/12\/feux-de-brousse.jpg","contentUrl":"https:\/\/www.nettali.com\/wp-content\/uploads\/2022\/12\/feux-de-brousse.jpg","width":600,"height":450},{"@type":"WebPage","@id":"https:\/\/www.nettali.com\/2022\/12\/29\/lutte-contre-les-feux-de-brousse-le-president-sall-invite-a-lanticipation\/#webpage","url":"https:\/\/www.nettali.com\/2022\/12\/29\/lutte-contre-les-feux-de-brousse-le-president-sall-invite-a-lanticipation\/","name":"LUTTE CONTRE LES FEUX DE BROUSSE- Le Pr\u00e9sident Sall invite \u00e0 l\u2019anticipation | Nettali.com","isPartOf":{"@id":"https:\/\/www.nettali.com\/#website"},"primaryImageOfPage":{"@id":"https:\/\/www.nettali.com\/2022\/12\/29\/lutte-contre-les-feux-de-brousse-le-president-sall-invite-a-lanticipation\/#primaryimage"},"datePublished":"2022-12-29T18:19:55+00:00","dateModified":"2022-12-29T18:19:55+00:00","author":{"@id":"https:\/\/www.nettali.com\/#\/schema\/person\/418274a86bdf87caff7a3ef476bd0bbf"},"breadcrumb":{"@id":"https:\/\/www.nettali.com\/2022\/12\/29\/lutte-contre-les-feux-de-brousse-le-president-sall-invite-a-lanticipation\/#breadcrumb"},"inLanguage":"fr-FR","potentialAction":[{"@type":"ReadAction","target":["https:\/\/www.nettali.com\/2022\/12\/29\/lutte-contre-les-feux-de-brousse-le-president-sall-invite-a-lanticipation\/"]}]},{"@type":"BreadcrumbList","@id":"https:\/\/www.nettali.com\/2022\/12\/29\/lutte-contre-les-feux-de-brousse-le-president-sall-invite-a-lanticipation\/#breadcrumb","itemListElement":[{"@type":"ListItem","position":1,"name":"Accueil","item":"https:\/\/www.nettali.com\/"},{"@type":"ListItem","position":2,"name":"LUTTE CONTRE LES FEUX DE BROUSSE- Le Pr\u00e9sident Sall invite \u00e0 l\u2019anticipation"}]},{"@type":"Person","@id":"https:\/\/www.nettali.com\/#\/schema\/person\/418274a86bdf87caff7a3ef476bd0bbf","name":"Fatou","image":{"@type":"ImageObject","@id":"https:\/\/www.nettali.com\/#personlogo","inLanguage":"fr-FR","url":"https:\/\/secure.gravatar.com\/avatar\/5a9442a2bee7b4dcf167cab035858e9a?s=96&d=mm&r=g","contentUrl":"https:\/\/secure.gravatar.com\/avatar\/5a9442a2bee7b4dcf167cab035858e9a?s=96&d=mm&r=g","caption":"Fatou"},"sameAs":["https:\/\/www.nettali.com"]}]}},"_links":{"self":[{"href":"https:\/\/www.nettali.com\/rest\/wp\/v2\/posts\/100629"}],"collection":[{"href":"https:\/\/www.nettali.com\/rest\/wp\/v2\/posts"}],"about":[{"href":"https:\/\/www.nettali.com\/rest\/wp\/v2\/types\/post"}],"author":[{"embeddable":true,"href":"https:\/\/www.nettali.com\/rest\/wp\/v2\/users\/6"}],"replies":[{"embeddable":true,"href":"https:\/\/www.nettali.com\/rest\/wp\/v2\/comments?post=100629"}],"version-history":[{"count":1,"href":"https:\/\/www.nettali.com\/rest\/wp\/v2\/posts\/100629\/revisions"}],"predecessor-version":[{"id":100633,"href":"https:\/\/www.nettali.com\/rest\/wp\/v2\/posts\/100629\/revisions\/100633"}],"wp:featuredmedia":[{"embeddable":true,"href":"https:\/\/www.nettali.com\/rest\/wp\/v2\/media\/100632"}],"wp:attachment":[{"href":"https:\/\/www.nettali.com\/rest\/wp\/v2\/media?parent=100629"}],"wp:term":[{"taxonomy":"category","embeddable":true,"href":"https:\/\/www.nettali.com\/rest\/wp\/v2\/categories?post=100629"},{"taxonomy":"post_tag","embeddable":true,"href":"https:\/\/www.nettali.com\/rest\/wp\/v2\/tags?post=100629"}],"curies":[{"name":"wp","href":"https:\/\/api.w.org\/{rel}","templated":true}]}}