{"id":100567,"date":"2022-12-28T08:13:43","date_gmt":"2022-12-28T08:13:43","guid":{"rendered":"https:\/\/www.nettali.com\/?p=100567"},"modified":"2022-12-28T08:13:43","modified_gmt":"2022-12-28T08:13:43","slug":"en-coulisses-combat-de-fin-dannee","status":"publish","type":"post","link":"https:\/\/www.nettali.com\/2022\/12\/28\/en-coulisses-combat-de-fin-dannee\/","title":{"rendered":"EN COULISSES - \"Combat\" de fin d'ann\u00e9e !"},"content":{"rendered":"<p><strong>NETTALI.COM -<\/strong> Parmi les actions entreprises par la coalition Yewwi askan Wi, il y'en a une visiblement qui vraiment, mais vraiment, inqui\u00e8te dans les rangs de Benno Book Yaakaar. Il s'agit, eh bien de ce concert de casseroles pr\u00e9vu au moment o\u00f9 le pr\u00e9sident fera son discours de nouvel an. Une mani\u00e8re certainement de le rendre inaudible pour ne pas dire de le saboter. De quoi donner des sueurs froides \u00e0 Abdou Karim Fofana (porte-parole du gouvernement) et ses camarades qui l'ont fait savoir \u00e0 travers un communiqu\u00e9. Ils estiment en effet que le concert de casseroles de l\u2019opposition du 31 d\u00e9cembre, est un pr\u00e9c\u00e9dent dangereux pour la d\u00e9mocratie et le respect des institutions.<\/p>\n<p>Aussi, la coalition Benno qui ne veut point se faire surprendre, demande \u00e0 \"<em>l\u2019Etat de veiller au fonctionnement normal des institutions de la R\u00e9publique, mais \u00e9galement \u00e0 assurer rigoureusement la s\u00e9curit\u00e9 et la libre circulation des citoyens sur l\u2019\u00e9tendue du territoire national<\/em>\".<\/p>\n<p>Le camp pr\u00e9sidentiel soutient ainsi qu\u2019\"avec ses acolytes de la pseudo soci\u00e9t\u00e9 civile, Yewwi tente aujourd\u2019hui de reprendre du service en s\u2019agrippant<br \/>\nd\u00e9sesp\u00e9r\u00e9ment au pr\u00e9texte du rapport d\u2019audit de la Cour des Comptes sur la gestion du fonds Force covid 19.\"<\/p>\n<p>Le communiqu\u00e9 ne s'arr\u00eate pas l\u00e0 puisqu'il ajoute : \" <em>apr\u00e8s avoir orchestr\u00e9 la manipulation mensong\u00e8re du contenu dudit Rapport en pr\u00e9tendant que la cour aurait conclu \u00e0 un vol de 1000 milliards, elle pense <\/em><em>avoir suffisamment abus\u00e9 la cr\u00e9dibilit\u00e9 des S\u00e9n\u00e9gal pour les pousser dans la rue. Leur d\u00e9sillusion sera cruelle car les S\u00e9n\u00e9galais sont beaucoup plus m\u00fbrs <\/em><em>qu\u2019ils ne le croient. Ainsi, apr\u00e8s la Justice et l\u2019Assembl\u00e9e Nationale, ils appellent \u00e0 s\u2019attaquer \u00e0 l\u2019institution du pr\u00e9sident de la R\u00e9publique et \u00e0 la solennit\u00e9 <\/em><em>de son adresse \u00e0 la Nation pr\u00e9vue le 31 d\u00e9cembre prochain. La coalition Benno Bokk Yakaar appelle tous les camarades et compatriotes \u00e0 la mobilisation <\/em><em>et \u00e0 la vigilance face \u00e0 la manipulation et \u00e0 la surench\u00e8re d\u2019une opposition violente qui multiplie les actes de d\u00e9fiance contre la R\u00e9publique, contre notre mod\u00e8le d\u00e9mocratique et contre notre commune volont\u00e9 de vivre en commun<\/em>\".<\/p>\n<p>Sacr\u00e9 Sonko, il donne vraiment du grain \u00e0 moudre \u00e0 ce gouvernement ! Mais comme c'est un gouvernement de combat, qu'il aille donc au combat.<\/p>\n<div class='share-to-whatsapp-wrapper'><div class='share-on-whsp'>PARTAGER SUR : <\/div><a data-text='EN COULISSES - \"Combat\" de fin d'ann\u00e9e !' data-link='https:\/\/www.nettali.com\/2022\/12\/28\/en-coulisses-combat-de-fin-dannee\/' class='whatsapp-button whatsapp-share'>WhatsApp<\/a><div class='clear '><\/div><\/div>","protected":false},"excerpt":{"rendered":"<p>NETTALI.COM - Parmi les actions entreprises par la coalition Yewwi askan Wi, il y'en a une visiblement qui vraiment, mais vraiment, inqui\u00e8te dans les rangs de Benno Book Yaakaar. Il s'agit, eh bien de ce concert de casseroles pr\u00e9vu au moment o\u00f9 le pr\u00e9sident fera son discours de nouvel an. Une mani\u00e8re certainement de le [&hellip;]<\/p>\n","protected":false},"author":2,"featured_media":100573,"comment_status":"open","ping_status":"open","sticky":false,"template":"","format":"standard","meta":{"_et_pb_use_builder":"","_et_pb_old_content":""},"categories":[34945],"tags":[],"yoast_head":"<!-- This site is optimized with the Yoast SEO Premium plugin v17.8 (Yoast SEO v17.8) - https:\/\/yoast.com\/wordpress\/plugins\/seo\/ -->\n<title>EN COULISSES - &quot;Combat&quot; de fin d&#039;ann\u00e9e ! | Nettali.com<\/title>\n<meta name=\"robots\" content=\"index, follow, max-snippet:-1, max-image-preview:large, max-video-preview:-1\" \/>\n<link rel=\"canonical\" href=\"https:\/\/www.nettali.com\/2022\/12\/28\/en-coulisses-combat-de-fin-dannee\/\" \/>\n<meta property=\"og:locale\" content=\"fr_FR\" \/>\n<meta property=\"og:type\" content=\"article\" \/>\n<meta property=\"og:title\" content=\"EN COULISSES - &quot;Combat&quot; de fin d&#039;ann\u00e9e !\" \/>\n<meta property=\"og:description\" content=\"NETTALI.COM - Parmi les actions entreprises par la coalition Yewwi askan Wi, il y&#039;en a une visiblement qui vraiment, mais vraiment, inqui\u00e8te dans les rangs de Benno Book Yaakaar. Il s&#039;agit, eh bien de ce concert de casseroles pr\u00e9vu au moment o\u00f9 le pr\u00e9sident fera son discours de nouvel an. Une mani\u00e8re certainement de le [&hellip;]\" \/>\n<meta property=\"og:url\" content=\"https:\/\/www.nettali.com\/2022\/12\/28\/en-coulisses-combat-de-fin-dannee\/\" \/>\n<meta property=\"og:site_name\" content=\"Nettali.com\" \/>\n<meta property=\"article:publisher\" content=\"https:\/\/www.facebook.com\/nettalicom\" \/>\n<meta property=\"article:published_time\" content=\"2022-12-28T08:13:43+00:00\" \/>\n<meta property=\"og:image\" content=\"https:\/\/www.nettali.com\/wp-content\/uploads\/2022\/12\/abdou-karim-fofana-696x432-1.jpg\" \/>\n\t<meta property=\"og:image:width\" content=\"696\" \/>\n\t<meta property=\"og:image:height\" content=\"432\" \/>\n<meta name=\"twitter:card\" content=\"summary_large_image\" \/>\n<meta name=\"twitter:label1\" content=\"\u00c9crit par\" \/>\n\t<meta name=\"twitter:data1\" content=\"CK\" \/>\n\t<meta name=\"twitter:label2\" content=\"Dur\u00e9e de lecture estim\u00e9e\" \/>\n\t<meta name=\"twitter:data2\" content=\"2 minutes\" \/>\n<script type=\"application\/ld+json\" class=\"yoast-schema-graph\">{\"@context\":\"https:\/\/schema.org\",\"@graph\":[{\"@type\":\"WebSite\",\"@id\":\"https:\/\/www.nettali.com\/#website\",\"url\":\"https:\/\/www.nettali.com\/\",\"name\":\"Nettali.com\",\"description\":\"Le rendez-vous critique du Net\",\"potentialAction\":[{\"@type\":\"SearchAction\",\"target\":{\"@type\":\"EntryPoint\",\"urlTemplate\":\"https:\/\/www.nettali.com\/?s={search_term_string}\"},\"query-input\":\"required name=search_term_string\"}],\"inLanguage\":\"fr-FR\"},{\"@type\":\"ImageObject\",\"@id\":\"https:\/\/www.nettali.com\/2022\/12\/28\/en-coulisses-combat-de-fin-dannee\/#primaryimage\",\"inLanguage\":\"fr-FR\",\"url\":\"https:\/\/www.nettali.com\/wp-content\/uploads\/2022\/12\/abdou-karim-fofana-696x432-1.jpg\",\"contentUrl\":\"https:\/\/www.nettali.com\/wp-content\/uploads\/2022\/12\/abdou-karim-fofana-696x432-1.jpg\",\"width\":696,\"height\":432},{\"@type\":\"WebPage\",\"@id\":\"https:\/\/www.nettali.com\/2022\/12\/28\/en-coulisses-combat-de-fin-dannee\/#webpage\",\"url\":\"https:\/\/www.nettali.com\/2022\/12\/28\/en-coulisses-combat-de-fin-dannee\/\",\"name\":\"EN COULISSES - \\\"Combat\\\" de fin d'ann\\u00e9e ! | Nettali.com\",\"isPartOf\":{\"@id\":\"https:\/\/www.nettali.com\/#website\"},\"primaryImageOfPage\":{\"@id\":\"https:\/\/www.nettali.com\/2022\/12\/28\/en-coulisses-combat-de-fin-dannee\/#primaryimage\"},\"datePublished\":\"2022-12-28T08:13:43+00:00\",\"dateModified\":\"2022-12-28T08:13:43+00:00\",\"author\":{\"@id\":\"https:\/\/www.nettali.com\/#\/schema\/person\/d8ac7b7e27ddad43f1c0d2ef090d7f71\"},\"breadcrumb\":{\"@id\":\"https:\/\/www.nettali.com\/2022\/12\/28\/en-coulisses-combat-de-fin-dannee\/#breadcrumb\"},\"inLanguage\":\"fr-FR\",\"potentialAction\":[{\"@type\":\"ReadAction\",\"target\":[\"https:\/\/www.nettali.com\/2022\/12\/28\/en-coulisses-combat-de-fin-dannee\/\"]}]},{\"@type\":\"BreadcrumbList\",\"@id\":\"https:\/\/www.nettali.com\/2022\/12\/28\/en-coulisses-combat-de-fin-dannee\/#breadcrumb\",\"itemListElement\":[{\"@type\":\"ListItem\",\"position\":1,\"name\":\"Accueil\",\"item\":\"https:\/\/www.nettali.com\/\"},{\"@type\":\"ListItem\",\"position\":2,\"name\":\"EN COULISSES - \\\"Combat\\\" de fin d'ann\\u00e9e !\"}]},{\"@type\":\"Person\",\"@id\":\"https:\/\/www.nettali.com\/#\/schema\/person\/d8ac7b7e27ddad43f1c0d2ef090d7f71\",\"name\":\"CK\",\"image\":{\"@type\":\"ImageObject\",\"@id\":\"https:\/\/www.nettali.com\/#personlogo\",\"inLanguage\":\"fr-FR\",\"url\":\"https:\/\/secure.gravatar.com\/avatar\/1d8d5118b9327d94da7cd4ce7f17fec2?s=96&d=mm&r=g\",\"contentUrl\":\"https:\/\/secure.gravatar.com\/avatar\/1d8d5118b9327d94da7cd4ce7f17fec2?s=96&d=mm&r=g\",\"caption\":\"CK\"},\"sameAs\":[\"https:\/\/www.nettali.com\"]}]}<\/script>\n<!-- \/ Yoast SEO Premium plugin. -->","yoast_head_json":{"title":"EN COULISSES - \"Combat\" de fin d'ann\u00e9e ! | Nettali.com","robots":{"index":"index","follow":"follow","max-snippet":"max-snippet:-1","max-image-preview":"max-image-preview:large","max-video-preview":"max-video-preview:-1"},"canonical":"https:\/\/www.nettali.com\/2022\/12\/28\/en-coulisses-combat-de-fin-dannee\/","og_locale":"fr_FR","og_type":"article","og_title":"EN COULISSES - \"Combat\" de fin d'ann\u00e9e !","og_description":"NETTALI.COM - Parmi les actions entreprises par la coalition Yewwi askan Wi, il y'en a une visiblement qui vraiment, mais vraiment, inqui\u00e8te dans les rangs de Benno Book Yaakaar. Il s'agit, eh bien de ce concert de casseroles pr\u00e9vu au moment o\u00f9 le pr\u00e9sident fera son discours de nouvel an. Une mani\u00e8re certainement de le [&hellip;]","og_url":"https:\/\/www.nettali.com\/2022\/12\/28\/en-coulisses-combat-de-fin-dannee\/","og_site_name":"Nettali.com","article_publisher":"https:\/\/www.facebook.com\/nettalicom","article_published_time":"2022-12-28T08:13:43+00:00","og_image":[{"width":696,"height":432,"url":"https:\/\/www.nettali.com\/wp-content\/uploads\/2022\/12\/abdou-karim-fofana-696x432-1.jpg","type":"image\/jpeg"}],"twitter_card":"summary_large_image","twitter_misc":{"\u00c9crit par":"CK","Dur\u00e9e de lecture estim\u00e9e":"2 minutes"},"schema":{"@context":"https:\/\/schema.org","@graph":[{"@type":"WebSite","@id":"https:\/\/www.nettali.com\/#website","url":"https:\/\/www.nettali.com\/","name":"Nettali.com","description":"Le rendez-vous critique du Net","potentialAction":[{"@type":"SearchAction","target":{"@type":"EntryPoint","urlTemplate":"https:\/\/www.nettali.com\/?s={search_term_string}"},"query-input":"required name=search_term_string"}],"inLanguage":"fr-FR"},{"@type":"ImageObject","@id":"https:\/\/www.nettali.com\/2022\/12\/28\/en-coulisses-combat-de-fin-dannee\/#primaryimage","inLanguage":"fr-FR","url":"https:\/\/www.nettali.com\/wp-content\/uploads\/2022\/12\/abdou-karim-fofana-696x432-1.jpg","contentUrl":"https:\/\/www.nettali.com\/wp-content\/uploads\/2022\/12\/abdou-karim-fofana-696x432-1.jpg","width":696,"height":432},{"@type":"WebPage","@id":"https:\/\/www.nettali.com\/2022\/12\/28\/en-coulisses-combat-de-fin-dannee\/#webpage","url":"https:\/\/www.nettali.com\/2022\/12\/28\/en-coulisses-combat-de-fin-dannee\/","name":"EN COULISSES - \"Combat\" de fin d'ann\u00e9e ! | Nettali.com","isPartOf":{"@id":"https:\/\/www.nettali.com\/#website"},"primaryImageOfPage":{"@id":"https:\/\/www.nettali.com\/2022\/12\/28\/en-coulisses-combat-de-fin-dannee\/#primaryimage"},"datePublished":"2022-12-28T08:13:43+00:00","dateModified":"2022-12-28T08:13:43+00:00","author":{"@id":"https:\/\/www.nettali.com\/#\/schema\/person\/d8ac7b7e27ddad43f1c0d2ef090d7f71"},"breadcrumb":{"@id":"https:\/\/www.nettali.com\/2022\/12\/28\/en-coulisses-combat-de-fin-dannee\/#breadcrumb"},"inLanguage":"fr-FR","potentialAction":[{"@type":"ReadAction","target":["https:\/\/www.nettali.com\/2022\/12\/28\/en-coulisses-combat-de-fin-dannee\/"]}]},{"@type":"BreadcrumbList","@id":"https:\/\/www.nettali.com\/2022\/12\/28\/en-coulisses-combat-de-fin-dannee\/#breadcrumb","itemListElement":[{"@type":"ListItem","position":1,"name":"Accueil","item":"https:\/\/www.nettali.com\/"},{"@type":"ListItem","position":2,"name":"EN COULISSES - \"Combat\" de fin d'ann\u00e9e !"}]},{"@type":"Person","@id":"https:\/\/www.nettali.com\/#\/schema\/person\/d8ac7b7e27ddad43f1c0d2ef090d7f71","name":"CK","image":{"@type":"ImageObject","@id":"https:\/\/www.nettali.com\/#personlogo","inLanguage":"fr-FR","url":"https:\/\/secure.gravatar.com\/avatar\/1d8d5118b9327d94da7cd4ce7f17fec2?s=96&d=mm&r=g","contentUrl":"https:\/\/secure.gravatar.com\/avatar\/1d8d5118b9327d94da7cd4ce7f17fec2?s=96&d=mm&r=g","caption":"CK"},"sameAs":["https:\/\/www.nettali.com"]}]}},"_links":{"self":[{"href":"https:\/\/www.nettali.com\/rest\/wp\/v2\/posts\/100567"}],"collection":[{"href":"https:\/\/www.nettali.com\/rest\/wp\/v2\/posts"}],"about":[{"href":"https:\/\/www.nettali.com\/rest\/wp\/v2\/types\/post"}],"author":[{"embeddable":true,"href":"https:\/\/www.nettali.com\/rest\/wp\/v2\/users\/2"}],"replies":[{"embeddable":true,"href":"https:\/\/www.nettali.com\/rest\/wp\/v2\/comments?post=100567"}],"version-history":[{"count":3,"href":"https:\/\/www.nettali.com\/rest\/wp\/v2\/posts\/100567\/revisions"}],"predecessor-version":[{"id":100574,"href":"https:\/\/www.nettali.com\/rest\/wp\/v2\/posts\/100567\/revisions\/100574"}],"wp:featuredmedia":[{"embeddable":true,"href":"https:\/\/www.nettali.com\/rest\/wp\/v2\/media\/100573"}],"wp:attachment":[{"href":"https:\/\/www.nettali.com\/rest\/wp\/v2\/media?parent=100567"}],"wp:term":[{"taxonomy":"category","embeddable":true,"href":"https:\/\/www.nettali.com\/rest\/wp\/v2\/categories?post=100567"},{"taxonomy":"post_tag","embeddable":true,"href":"https:\/\/www.nettali.com\/rest\/wp\/v2\/tags?post=100567"}],"curies":[{"name":"wp","href":"https:\/\/api.w.org\/{rel}","templated":true}]}}