{"id":100477,"date":"2022-12-27T06:48:08","date_gmt":"2022-12-27T06:48:08","guid":{"rendered":"https:\/\/www.nettali.com\/?p=100477"},"modified":"2022-12-27T06:56:28","modified_gmt":"2022-12-27T06:56:28","slug":"en-coulisses-le-clan-benzema-tacle-stephane-et-le-staff","status":"publish","type":"post","link":"https:\/\/www.nettali.com\/2022\/12\/27\/en-coulisses-le-clan-benzema-tacle-stephane-et-le-staff\/","title":{"rendered":"EN COULISSES - La pol\u00e9mique Benzema enfle !"},"content":{"rendered":"<p><strong>NETTALI.COM -<\/strong> La retraite internationale de Karim Benzema intervenue juste apr\u00e8s le Mondial, est parti pour devenir une pol\u00e9mique sans fin. Dans un carnet de bord publi\u00e9 par le quotidien \"Le Parisien\", Guy St\u00e9phane est revenu sur la blessure de Karim Benzema qui l'a contraint \u00e0 d\u00e9clarer forfait pour la Coupe du monde au Qatar. Un r\u00e9cit peu appr\u00e9ci\u00e9 par l'entourage de l'attaquant du Real Madrid. Sur son compte Twitter, le conseiller historique de KB9, Karim Djaziri, a critiqu\u00e9 le bras droit de Didier Deschamps et promis des r\u00e9v\u00e9lations.<\/p>\n<p>\"<em>Une semaine apr\u00e8s son d\u00e9part, Benzema reprenait la course et l'entra\u00eenement pour quatre jours plus tard jouer 30 minutes en amical avec le Real Madrid. Mais pour St\u00e9phane, il ne pouvait pas prendre part au tournoi ! Mais continuez \u00e0 mentir, la v\u00e9rit\u00e9 arrive. C'est le carnet de bord du docteur Le Gall qu'il faut publier... Ne pas avoir attendu 2\/3 jours pour confirmer le diagnostic est une faute professionnelle ou pire de sa part<\/em>\", a \u00e9crit Djaziri.<\/p>\n<p>En effet certains avancent en effet que le staff de l\u2019\u00e9quipe de France aurait volontairement surestim\u00e9 la dur\u00e9e d'indisponibilit\u00e9 de l\u2019attaquant. Alors que la presse espagnole r\u00e9v\u00e9lait d\u00e9j\u00e0 durant le Mondial que les m\u00e9decins du Real Madrid ne comprenaient pas une telle mesure pourKB9, vu son \u00e9tat physique, Karim Djaziri membre de son entourage et ancien agent du joueur fait une r\u00e9v\u00e9lation de plus ce lundi 26 d\u00e9cembre. En effet, ce dernier a publi\u00e9 sur Twitter des images de l\u2019IRM du Ballon d\u2019Or 2022 comment\u00e9es par un sp\u00e9cialiste et accompagn\u00e9 du message : <em>\u00ab Je pose \u00e7a l\u00e0 mais avant \u00e7a j\u2019ai consult\u00e9 3 sp\u00e9cialistes qui confirment le diagnostic que Benzema aurait pu \u00eatre apte \u00e0 partir des 1\/8 \u00e9me pour au moins \u00eatre sur le banc !<\/em><\/p>\n<p>Un cas Benzema chez les Bleus qui risque de faire couler encore beaucoup d'encre et de salives...<\/p>\n<div class='share-to-whatsapp-wrapper'><div class='share-on-whsp'>PARTAGER SUR : <\/div><a data-text='EN COULISSES - La pol\u00e9mique Benzema enfle !' data-link='https:\/\/www.nettali.com\/2022\/12\/27\/en-coulisses-le-clan-benzema-tacle-stephane-et-le-staff\/' class='whatsapp-button whatsapp-share'>WhatsApp<\/a><div class='clear '><\/div><\/div>","protected":false},"excerpt":{"rendered":"<p>NETTALI.COM - La retraite internationale de Karim Benzema intervenue juste apr\u00e8s le Mondial, est parti pour devenir une pol\u00e9mique sans fin. Dans un carnet de bord publi\u00e9 par le quotidien \"Le Parisien\", Guy St\u00e9phane est revenu sur la blessure de Karim Benzema qui l'a contraint \u00e0 d\u00e9clarer forfait pour la Coupe du monde au Qatar. [&hellip;]<\/p>\n","protected":false},"author":2,"featured_media":100479,"comment_status":"open","ping_status":"open","sticky":false,"template":"","format":"standard","meta":{"_et_pb_use_builder":"","_et_pb_old_content":""},"categories":[34945],"tags":[],"yoast_head":"<!-- This site is optimized with the Yoast SEO Premium plugin v17.8 (Yoast SEO v17.8) - https:\/\/yoast.com\/wordpress\/plugins\/seo\/ -->\n<title>EN COULISSES - La pol\u00e9mique Benzema enfle ! | Nettali.com<\/title>\n<meta name=\"robots\" content=\"index, follow, max-snippet:-1, max-image-preview:large, max-video-preview:-1\" \/>\n<link rel=\"canonical\" href=\"https:\/\/www.nettali.com\/2022\/12\/27\/en-coulisses-le-clan-benzema-tacle-stephane-et-le-staff\/\" \/>\n<meta property=\"og:locale\" content=\"fr_FR\" \/>\n<meta property=\"og:type\" content=\"article\" \/>\n<meta property=\"og:title\" content=\"EN COULISSES - La pol\u00e9mique Benzema enfle !\" \/>\n<meta property=\"og:description\" content=\"NETTALI.COM - La retraite internationale de Karim Benzema intervenue juste apr\u00e8s le Mondial, est parti pour devenir une pol\u00e9mique sans fin. Dans un carnet de bord publi\u00e9 par le quotidien &quot;Le Parisien&quot;, Guy St\u00e9phane est revenu sur la blessure de Karim Benzema qui l&#039;a contraint \u00e0 d\u00e9clarer forfait pour la Coupe du monde au Qatar. [&hellip;]\" \/>\n<meta property=\"og:url\" content=\"https:\/\/www.nettali.com\/2022\/12\/27\/en-coulisses-le-clan-benzema-tacle-stephane-et-le-staff\/\" \/>\n<meta property=\"og:site_name\" content=\"Nettali.com\" \/>\n<meta property=\"article:publisher\" content=\"https:\/\/www.facebook.com\/nettalicom\" \/>\n<meta property=\"article:published_time\" content=\"2022-12-27T06:48:08+00:00\" \/>\n<meta property=\"article:modified_time\" content=\"2022-12-27T06:56:28+00:00\" \/>\n<meta property=\"og:image\" content=\"https:\/\/www.nettali.com\/wp-content\/uploads\/2022\/12\/7UWJEA4LRFG5TL3LD5GEB4WAZY.jpg\" \/>\n\t<meta property=\"og:image:width\" content=\"932\" \/>\n\t<meta property=\"og:image:height\" content=\"582\" \/>\n<meta name=\"twitter:card\" content=\"summary_large_image\" \/>\n<meta name=\"twitter:label1\" content=\"\u00c9crit par\" \/>\n\t<meta name=\"twitter:data1\" content=\"CK\" \/>\n\t<meta name=\"twitter:label2\" content=\"Dur\u00e9e de lecture estim\u00e9e\" \/>\n\t<meta name=\"twitter:data2\" content=\"2 minutes\" \/>\n<script type=\"application\/ld+json\" class=\"yoast-schema-graph\">{\"@context\":\"https:\/\/schema.org\",\"@graph\":[{\"@type\":\"WebSite\",\"@id\":\"https:\/\/www.nettali.com\/#website\",\"url\":\"https:\/\/www.nettali.com\/\",\"name\":\"Nettali.com\",\"description\":\"Le rendez-vous critique du Net\",\"potentialAction\":[{\"@type\":\"SearchAction\",\"target\":{\"@type\":\"EntryPoint\",\"urlTemplate\":\"https:\/\/www.nettali.com\/?s={search_term_string}\"},\"query-input\":\"required name=search_term_string\"}],\"inLanguage\":\"fr-FR\"},{\"@type\":\"ImageObject\",\"@id\":\"https:\/\/www.nettali.com\/2022\/12\/27\/en-coulisses-le-clan-benzema-tacle-stephane-et-le-staff\/#primaryimage\",\"inLanguage\":\"fr-FR\",\"url\":\"https:\/\/www.nettali.com\/wp-content\/uploads\/2022\/12\/7UWJEA4LRFG5TL3LD5GEB4WAZY.jpg\",\"contentUrl\":\"https:\/\/www.nettali.com\/wp-content\/uploads\/2022\/12\/7UWJEA4LRFG5TL3LD5GEB4WAZY.jpg\",\"width\":932,\"height\":582,\"caption\":\"Karim BENZEMA of France celebrates during the Final UEFA Nations League match between Spain and France at San Siro Stadium on October 10, 2021 in Milan, Italy. (Photo by Anthony Dibon\/Icon Sport)\"},{\"@type\":\"WebPage\",\"@id\":\"https:\/\/www.nettali.com\/2022\/12\/27\/en-coulisses-le-clan-benzema-tacle-stephane-et-le-staff\/#webpage\",\"url\":\"https:\/\/www.nettali.com\/2022\/12\/27\/en-coulisses-le-clan-benzema-tacle-stephane-et-le-staff\/\",\"name\":\"EN COULISSES - La pol\\u00e9mique Benzema enfle ! | Nettali.com\",\"isPartOf\":{\"@id\":\"https:\/\/www.nettali.com\/#website\"},\"primaryImageOfPage\":{\"@id\":\"https:\/\/www.nettali.com\/2022\/12\/27\/en-coulisses-le-clan-benzema-tacle-stephane-et-le-staff\/#primaryimage\"},\"datePublished\":\"2022-12-27T06:48:08+00:00\",\"dateModified\":\"2022-12-27T06:56:28+00:00\",\"author\":{\"@id\":\"https:\/\/www.nettali.com\/#\/schema\/person\/d8ac7b7e27ddad43f1c0d2ef090d7f71\"},\"breadcrumb\":{\"@id\":\"https:\/\/www.nettali.com\/2022\/12\/27\/en-coulisses-le-clan-benzema-tacle-stephane-et-le-staff\/#breadcrumb\"},\"inLanguage\":\"fr-FR\",\"potentialAction\":[{\"@type\":\"ReadAction\",\"target\":[\"https:\/\/www.nettali.com\/2022\/12\/27\/en-coulisses-le-clan-benzema-tacle-stephane-et-le-staff\/\"]}]},{\"@type\":\"BreadcrumbList\",\"@id\":\"https:\/\/www.nettali.com\/2022\/12\/27\/en-coulisses-le-clan-benzema-tacle-stephane-et-le-staff\/#breadcrumb\",\"itemListElement\":[{\"@type\":\"ListItem\",\"position\":1,\"name\":\"Accueil\",\"item\":\"https:\/\/www.nettali.com\/\"},{\"@type\":\"ListItem\",\"position\":2,\"name\":\"EN COULISSES - La pol\\u00e9mique Benzema enfle !\"}]},{\"@type\":\"Person\",\"@id\":\"https:\/\/www.nettali.com\/#\/schema\/person\/d8ac7b7e27ddad43f1c0d2ef090d7f71\",\"name\":\"CK\",\"image\":{\"@type\":\"ImageObject\",\"@id\":\"https:\/\/www.nettali.com\/#personlogo\",\"inLanguage\":\"fr-FR\",\"url\":\"https:\/\/secure.gravatar.com\/avatar\/1d8d5118b9327d94da7cd4ce7f17fec2?s=96&d=mm&r=g\",\"contentUrl\":\"https:\/\/secure.gravatar.com\/avatar\/1d8d5118b9327d94da7cd4ce7f17fec2?s=96&d=mm&r=g\",\"caption\":\"CK\"},\"sameAs\":[\"https:\/\/www.nettali.com\"]}]}<\/script>\n<!-- \/ Yoast SEO Premium plugin. -->","yoast_head_json":{"title":"EN COULISSES - La pol\u00e9mique Benzema enfle ! | Nettali.com","robots":{"index":"index","follow":"follow","max-snippet":"max-snippet:-1","max-image-preview":"max-image-preview:large","max-video-preview":"max-video-preview:-1"},"canonical":"https:\/\/www.nettali.com\/2022\/12\/27\/en-coulisses-le-clan-benzema-tacle-stephane-et-le-staff\/","og_locale":"fr_FR","og_type":"article","og_title":"EN COULISSES - La pol\u00e9mique Benzema enfle !","og_description":"NETTALI.COM - La retraite internationale de Karim Benzema intervenue juste apr\u00e8s le Mondial, est parti pour devenir une pol\u00e9mique sans fin. Dans un carnet de bord publi\u00e9 par le quotidien \"Le Parisien\", Guy St\u00e9phane est revenu sur la blessure de Karim Benzema qui l'a contraint \u00e0 d\u00e9clarer forfait pour la Coupe du monde au Qatar. [&hellip;]","og_url":"https:\/\/www.nettali.com\/2022\/12\/27\/en-coulisses-le-clan-benzema-tacle-stephane-et-le-staff\/","og_site_name":"Nettali.com","article_publisher":"https:\/\/www.facebook.com\/nettalicom","article_published_time":"2022-12-27T06:48:08+00:00","article_modified_time":"2022-12-27T06:56:28+00:00","og_image":[{"width":932,"height":582,"url":"https:\/\/www.nettali.com\/wp-content\/uploads\/2022\/12\/7UWJEA4LRFG5TL3LD5GEB4WAZY.jpg","type":"image\/jpeg"}],"twitter_card":"summary_large_image","twitter_misc":{"\u00c9crit par":"CK","Dur\u00e9e de lecture estim\u00e9e":"2 minutes"},"schema":{"@context":"https:\/\/schema.org","@graph":[{"@type":"WebSite","@id":"https:\/\/www.nettali.com\/#website","url":"https:\/\/www.nettali.com\/","name":"Nettali.com","description":"Le rendez-vous critique du Net","potentialAction":[{"@type":"SearchAction","target":{"@type":"EntryPoint","urlTemplate":"https:\/\/www.nettali.com\/?s={search_term_string}"},"query-input":"required name=search_term_string"}],"inLanguage":"fr-FR"},{"@type":"ImageObject","@id":"https:\/\/www.nettali.com\/2022\/12\/27\/en-coulisses-le-clan-benzema-tacle-stephane-et-le-staff\/#primaryimage","inLanguage":"fr-FR","url":"https:\/\/www.nettali.com\/wp-content\/uploads\/2022\/12\/7UWJEA4LRFG5TL3LD5GEB4WAZY.jpg","contentUrl":"https:\/\/www.nettali.com\/wp-content\/uploads\/2022\/12\/7UWJEA4LRFG5TL3LD5GEB4WAZY.jpg","width":932,"height":582,"caption":"Karim BENZEMA of France celebrates during the Final UEFA Nations League match between Spain and France at San Siro Stadium on October 10, 2021 in Milan, Italy. (Photo by Anthony Dibon\/Icon Sport)"},{"@type":"WebPage","@id":"https:\/\/www.nettali.com\/2022\/12\/27\/en-coulisses-le-clan-benzema-tacle-stephane-et-le-staff\/#webpage","url":"https:\/\/www.nettali.com\/2022\/12\/27\/en-coulisses-le-clan-benzema-tacle-stephane-et-le-staff\/","name":"EN COULISSES - La pol\u00e9mique Benzema enfle ! | Nettali.com","isPartOf":{"@id":"https:\/\/www.nettali.com\/#website"},"primaryImageOfPage":{"@id":"https:\/\/www.nettali.com\/2022\/12\/27\/en-coulisses-le-clan-benzema-tacle-stephane-et-le-staff\/#primaryimage"},"datePublished":"2022-12-27T06:48:08+00:00","dateModified":"2022-12-27T06:56:28+00:00","author":{"@id":"https:\/\/www.nettali.com\/#\/schema\/person\/d8ac7b7e27ddad43f1c0d2ef090d7f71"},"breadcrumb":{"@id":"https:\/\/www.nettali.com\/2022\/12\/27\/en-coulisses-le-clan-benzema-tacle-stephane-et-le-staff\/#breadcrumb"},"inLanguage":"fr-FR","potentialAction":[{"@type":"ReadAction","target":["https:\/\/www.nettali.com\/2022\/12\/27\/en-coulisses-le-clan-benzema-tacle-stephane-et-le-staff\/"]}]},{"@type":"BreadcrumbList","@id":"https:\/\/www.nettali.com\/2022\/12\/27\/en-coulisses-le-clan-benzema-tacle-stephane-et-le-staff\/#breadcrumb","itemListElement":[{"@type":"ListItem","position":1,"name":"Accueil","item":"https:\/\/www.nettali.com\/"},{"@type":"ListItem","position":2,"name":"EN COULISSES - La pol\u00e9mique Benzema enfle !"}]},{"@type":"Person","@id":"https:\/\/www.nettali.com\/#\/schema\/person\/d8ac7b7e27ddad43f1c0d2ef090d7f71","name":"CK","image":{"@type":"ImageObject","@id":"https:\/\/www.nettali.com\/#personlogo","inLanguage":"fr-FR","url":"https:\/\/secure.gravatar.com\/avatar\/1d8d5118b9327d94da7cd4ce7f17fec2?s=96&d=mm&r=g","contentUrl":"https:\/\/secure.gravatar.com\/avatar\/1d8d5118b9327d94da7cd4ce7f17fec2?s=96&d=mm&r=g","caption":"CK"},"sameAs":["https:\/\/www.nettali.com"]}]}},"_links":{"self":[{"href":"https:\/\/www.nettali.com\/rest\/wp\/v2\/posts\/100477"}],"collection":[{"href":"https:\/\/www.nettali.com\/rest\/wp\/v2\/posts"}],"about":[{"href":"https:\/\/www.nettali.com\/rest\/wp\/v2\/types\/post"}],"author":[{"embeddable":true,"href":"https:\/\/www.nettali.com\/rest\/wp\/v2\/users\/2"}],"replies":[{"embeddable":true,"href":"https:\/\/www.nettali.com\/rest\/wp\/v2\/comments?post=100477"}],"version-history":[{"count":3,"href":"https:\/\/www.nettali.com\/rest\/wp\/v2\/posts\/100477\/revisions"}],"predecessor-version":[{"id":100481,"href":"https:\/\/www.nettali.com\/rest\/wp\/v2\/posts\/100477\/revisions\/100481"}],"wp:featuredmedia":[{"embeddable":true,"href":"https:\/\/www.nettali.com\/rest\/wp\/v2\/media\/100479"}],"wp:attachment":[{"href":"https:\/\/www.nettali.com\/rest\/wp\/v2\/media?parent=100477"}],"wp:term":[{"taxonomy":"category","embeddable":true,"href":"https:\/\/www.nettali.com\/rest\/wp\/v2\/categories?post=100477"},{"taxonomy":"post_tag","embeddable":true,"href":"https:\/\/www.nettali.com\/rest\/wp\/v2\/tags?post=100477"}],"curies":[{"name":"wp","href":"https:\/\/api.w.org\/{rel}","templated":true}]}}