{"id":100475,"date":"2022-12-27T02:15:57","date_gmt":"2022-12-27T02:15:57","guid":{"rendered":"https:\/\/www.nettali.com\/?p=100475"},"modified":"2022-12-30T08:44:54","modified_gmt":"2022-12-30T08:44:54","slug":"ledito-de-nettali-com-morale-en-berne","status":"publish","type":"post","link":"https:\/\/www.nettali.com\/2022\/12\/27\/ledito-de-nettali-com-morale-en-berne\/","title":{"rendered":"L'EDITO DE NETTALI.COM - Morale en berne\u00a0!"},"content":{"rendered":"<p><strong>NETTALI.COM - A 14 mois de la fin de son mandat, Macky Sall peut-il se targuer d\u2019avoir un bon bilan ? La question est a priori difficile \u00e0 trancher. L\u2019on ne peut y arriver qu\u2019\u00e0 la condition de mettre ses r\u00e9alisations sur une balance, tout en raisonnant en termes de priorit\u00e9, de co\u00fbts, d\u2019opportunit\u00e9 et de n\u00e9cessit\u00e9. Toujours est-il que dans l\u2019appr\u00e9ciation de ce bilan, entreront forc\u00e9ment en compte des consid\u00e9rations subjectives, mais aussi personnelles li\u00e9es \u00e0 l\u2019activit\u00e9 exerc\u00e9e par celui qui juge.<\/strong><\/p>\n<p>Ce sont en tout cas des appels incessants et pressants de la part de ses partisans et alli\u00e9s, avec de rares sons discordants qui sont not\u00e9s, ces derniers temps en faveur de la 3<sup>\u00e8me<\/sup> candidature du pr\u00e9sident Sall. Des appels qui se fondent, si on suit les conclusions du r\u00e9cent s\u00e9minaire de Benno, sur le bilan jug\u00e9 glorieux du pr\u00e9sident de la r\u00e9publique. Normal, il s'agit de l'appr\u00e9ciation de ses partisans et alli\u00e9s.<\/p>\n<p>Personne n\u2019osera dire que Macky Sall n\u2019ait rien fait en termes de r\u00e9alisations et de bilan. \u00a0Sauf les nihilistes \u00e9videmment ou ceux qui ne connaissent pas bien le S\u00e9n\u00e9gal. Il a am\u00e9lior\u00e9 les infrastructures routi\u00e8res, de transport, d\u00e9senclav\u00e9 des r\u00e9gions en y \u00e9rigeant des ponts, autoponts, piste de production, etc, c\u2019est s\u00fbr. Mais quid de la question des co\u00fbts et opportunit\u00e9s de ces r\u00e9alisations et projets ?<\/p>\n<p>Dans ce bilan honorable par certains aspects, il y a en r\u00e9alit\u00e9 un grand hic, notamment sur des aspects tels que la transparence et la bonne gouvernance qui p\u00e8sent lourd sur la balance puisqu\u2019ils sont le socle de la conduite des affaires dans tout \u00e9tat qui se respecte. Sans elles, rien ne peut fonctionner de mani\u00e8re efficiente et orthodoxe.<\/p>\n<p>L\u2019exemple de ces slogans, axes de la campagne de Macky Sall, tant d\u00e9clam\u00e9s et chant\u00e9s sur les toits, \u00ab<em>la gestion sobre et vertueuse\u00a0<\/em>\u00bb et \u00ab\u00a0<em>la patrie avant le parti\u00a0<\/em>\u00bb notamment, se sont par exemple tous \u00e9vapor\u00e9s \u00e0 l\u2019\u00e9preuve du pouvoir, comme de vulgaires promesses de campagne non tenues, avec en toile de fond, une gestion du pouvoir clanique et familiale d\u00e9sastreuse, source de probl\u00e8mes et de grandes complaintes.<\/p>\n<p>Si du point de vue familial, des S\u00e9n\u00e9galais se sont toujours offusqu\u00e9s de voir le fr\u00e8re du pr\u00e9sident, r\u00f4der autour du pouvoir, en devenant tour \u00e0 tour maire de Gu\u00e9diawaye et pr\u00e9sident de l\u2019Association des Maires du S\u00e9n\u00e9gal (AMS), c\u2019est bien parce qu\u2019ils se doutaient bien que la gestion des affaires publiques et la famille ne font pas bon m\u00e9nage. L\u2019affaire des 94 milliards de Petrotim, encore fraiche dans les m\u00e9moires, a laiss\u00e9 beaucoup de nos concitoyens sur leur faim quant \u00e0 la v\u00e9rit\u00e9 des faits. Non pas que l\u2019on cherche \u00e0 s\u2019en prendre au pr\u00e9sident et \u00e0 son fr\u00e8re parce qu\u2019on ne les aimerait pas, mais bien parce que dans ce dossier, un fort doute persiste encore.<\/p>\n<p>De m\u00eame lorsque Mansour Faye, tout beau fr\u00e8re du pr\u00e9sident qu\u2019il est, se permet de menacer \u00e0 l\u2019antenne, un journaliste qui lui demande si le march\u00e9 du riz dans le cadre de la gestion des fonds du covid, n\u2019a pas \u00e9t\u00e9 attribu\u00e9 \u00e0 des amis, c\u2019est bien parce qu\u2019il se sent tout puissant. A l\u2019entendre \u00e9galement dire qu\u2019il ne r\u00e9pondrait pas \u00e0 l\u2019Ofnac, si d\u2019aventure il venait \u00e0 le convoquer, il y a de quoi s\u2019interroger sur sa nomination en \u00e9tant conscient qu\u2019il se permet des postures qu\u2019un citoyen normal, n'osera pas adopter ! C\u2019est Macky Sall himslef qui a choisi et d\u00e9cid\u00e9 de lui confier des minist\u00e8res aussi tentaculaires qu\u2019astronomiques en termes de budgets. Qu\u2019il ait la d\u00e9cence de supporter au moins les critiques.<\/p>\n<p>Son cas rappelle d\u2019ailleurs \u00e0 certains \u00e9gards, celui d\u2019un certain Karim Wade, jadis appel\u00e9 ministre du ciel et de la terre. Et comme si cette jurisprudence Wadienne n\u2019avait pas suffi, Macky Sall a install\u00e9 son beau-fr\u00e8re au c\u0153ur de la R\u00e9publique. Farba Ngom, le courtier de la r\u00e9publique lui, n\u2019en parlons m\u00eame pas. Il brasse du liquide comme pas possible et se permet m\u00eame d\u2019accr\u00e9diter l\u2019id\u00e9e qu\u2019il y a des enveloppes qui circulent au c\u0153ur de la r\u00e9publique ; bref qu\u2019il y a des corrupteurs et des corrompus qui font la pluie et le beau temps au S\u00e9n\u00e9gal !<\/p>\n<p>Les 45 milliards d\u00e9di\u00e9s \u00e0 l\u2019achat d\u2019armement pour le compte du minist\u00e8re de l\u2019Environnement et pass\u00e9s par la voie du \u00ab\u00a0secret-d\u00e9fense\u00a0\u00bb, le r\u00e9cent rapport de la Cour des comptes qui \u00e9pingle des gestionnaires, les affaires Bictogo avec l\u2019universit\u00e9 Amadou Makhtar Mbow et les visas biom\u00e9triques, le building administratif et bien d\u2019autres n\u00e9buleuses. La liste est longue. Bien longue\u00a0!<\/p>\n<p>Mais, \u00e0 la v\u00e9rit\u00e9 est que ce pays souffre d\u2019un grave probl\u00e8me moral. Si ce ne sont pas ces n\u00e9buleuses, c\u2019est cette affaire de suppos\u00e9 viol d\u2019Adji Sarr qui tient le pays tout entier en haleine et qui co\u00fbte 14 morts \u00e0 la nation. Une banale affaire de faits divers qui salit l\u2019image du pays et renvoie \u00e0 la figure des S\u00e9n\u00e9galais, la p\u00e2le copie d\u2019un pays peu vertueux et peu transparent.<\/p>\n<p><strong>Autres g\u00e9n\u00e9rations, autres armes\u00a0! <\/strong><\/p>\n<p>Le S\u00e9n\u00e9gal est en effet tomb\u00e9 bien bas et le d\u00e9bat dans l\u2019espace public et politique avec. Les r\u00e9f\u00e9rences sont d\u00e9sormais les Mollah Morgan, Maty 3 pommes, Gabrielle Kane, Kaliphone Sall, Cheikh Bara Ndiaye, MC Niasse, etc qu\u2019on \u00e9coute et lit au point de disserter sur ce qu\u2019ils disent ! Comment peut-on \u00eatre \u00e9tabli \u00e0 l\u2019\u00e9tranger et vouloir apprendre aux S\u00e9n\u00e9galais, des choses sur leur pays ? \u00a0Comment peut-on \u00eatre insulteur public devant l\u2019\u00e9ternel et vouloir devenir tout d\u2019un coup cr\u00e9dible apr\u00e8s avoir retourn\u00e9 plusieurs fois sa veste ? Comment passer subitement de tradipraticien officiant dans une \u00e9mission \u00e0 vocation comique, \u00e0 analyste hors pair ? Autant de questions que l\u2019on peut se poser. Quelle cr\u00e9dibilit\u00e9 peut-on aujourd\u2019hui accorder \u00e0 Adji Sarr qui nous sert des versions diff\u00e9rentes au gr\u00e9 de ses audios et qui ne cesse de piailler. Elle \u00e9tait en train de tester Baye Mbaye Niasse, nous a t-elle dit ! La voir avec sa posture os\u00e9e ou entendre ses propos loin d\u2019\u00eatre un mod\u00e8le de langage de femme pos\u00e9e et sereine, l\u2019on peut raisonnablement se poser des questions sur sa personnalit\u00e9 ! Tout comme Ousmane Sonko n\u2019aurait jamais d\u00fb ses rendre dans ce salon de massage qui n\u2019est pas le lieu appropri\u00e9 pour soigner ce dont il souffre. M\u00eame si disons-le clairement, il n\u2019est point question de traiter de probl\u00e8me moral dans cette affaire, mais d\u2019une accusation de viol.<\/p>\n<p>Une affaire qui n\u2019est toutefois pas sans lien avec les prochaines \u00e9ch\u00e9ances politiques de 2024. Et le tableau aujourd\u2019hui qui se donne \u00e0 lire, est aux antipodes de ce qui a pu \u00eatre observ\u00e9 par exemple en juin 2008. Nous \u00e9tions \u00e0 4 ans de la Pr\u00e9sidentielle de 2012, donc relativement dans les m\u00eames enjeux politiques. Or, \u00e0 l\u2019\u00e9poque, l\u2019opposition travaillait \u00e0 la gestation des Assises nationales. Le d\u00e9bat n\u2019\u00e9tait point circonscrit, lumi\u00e8re tamis\u00e9e, dans un salon de massage, mais dans le salon de feu Amath Dansokho. Les cerveaux n\u2019\u00e9taient pas anesth\u00e9si\u00e9s par des caresses qui auraient d\u00e9bord\u00e9 le p\u00e9rim\u00e8tre d\u2019une arthrose, mais par la r\u00e9daction d\u2019un rapport de synth\u00e8se, achev\u00e9 le 24 mai 2009, qui abordait la plupart des probl\u00e8mes auquel le pays est confront\u00e9 en termes de droits de l'homme, de corruption, de boulimie fonci\u00e8re, etc.) et d'une Charte de la gouvernance d\u00e9mocratique pour jeter les bases d'un d\u00e9veloppement durable et construire un nouveau paradigme.<\/p>\n<p>Tout cela pour dire que l\u2019esprit du 23 juin<strong>,<\/strong> n\u2019\u00e9tait pas tomb\u00e9 du ciel. C\u2019\u00e9tait bien le fruit m\u00fbr d\u2019un processus men\u00e9 avec une tr\u00e8s grande finesse par l\u2019opposition d\u2019alors et la soci\u00e9t\u00e9 civile. C\u2019est le consensus et l\u2019\u00e9thique discursive qui avaient pr\u00e9valu, loin du bruit. Dans la transpiration \u00e0 la fois physique et c\u00e9r\u00e9brale. Les Assises nationales, faut-il le rappeler, avaient fini de produire leurs conclusions au terme d\u2019un travail titanesque de franges enti\u00e8res de la soci\u00e9t\u00e9, dans une approche inclusive.<\/p>\n<p>Ce pays, et on le constate, a donc bien chang\u00e9. Dans le mauvais sens du terme. Les acteurs politiques ont chang\u00e9. Les m\u00e9thodes politiques aussi. Et le discours baveux r\u00e9v\u00e8le tout cela. On l\u2019a r\u00e9p\u00e9t\u00e9 \u00e0 longueur d\u2019\u00e9ditoriaux, mais la r\u00e9p\u00e9tition n\u2019est-elle pas p\u00e9dagogique ? Cette mise en sc\u00e8ne des injures, la culture de la haine, ce refus des diff\u00e9rences et ce dogmatisme digne des \u00e2ges les plus sombres, n\u2019a rien \u00e0 voir avec l\u2019esprit du 23 juin 2011.<\/p>\n<p>Complotisme et \u201cPonce pilatisme\u201d ! Evoquer cela veut aussi dire que la manipulation et le mensonge ne sont pas du seul ressort de la puissance gouvernante. L\u2019Etat, c\u2019est connu, a naturellement ses appareils de brouillage des cerveaux des citoyens. L\u2019opposition aussi sait manipuler les esprits et divertir les coeurs. Bien souvent, le fait\u2013elle mieux que le pouvoir, \u00e0 l\u2019image de Me Abdoulaye Wade, quand il r\u00e9gnait sur la plan\u00e8te Sopi, Macky Sall lorsqu\u2019il convoitait le pouvoir et aujourd\u2019hui Sonko et Barth qui occupent la place. C\u2019est pourquoi, le v\u00e9ritable travail de la presse devrait consister \u00e0 baisser les masques. Pas seulement de ceux qui sont au pouvoir, mais, de tous ceux qui aspirent \u00e0 parler \u00e0 notre nom. Cela devient une exigence de la d\u00e9mocratie, pour \u00e9viter de prendre des loups pour des brebis ou de se r\u00e9veiller comme des idiots au lendemain d\u2019\u00e9lections.<\/p>\n<p>Aujourd\u2019hui que la manipulation a pris des atours plus sophistiqu\u00e9s dans l\u2019espace public, avec l\u2019intrusion des R\u00e9seaux sociaux dans le jeu, il devient urgent de rendre le commerce politique moins violent et plus serein, dans l\u2019int\u00e9r\u00eat de tous les acteurs.<\/p>\n<p>Ce qui est r\u00e9ellement nouveau et inqui\u00e9tant, c\u2019est cette tendance \u00e0 s\u2019enfermer dans ses discours, \u00e0 faire dans le tout musculaire. Et \u00e0 n\u2019ouvrir d\u2019autres perspectives que la confrontation.<\/p>\n<p>L\u2019affaissement du niveau dont nous parlions plus haut, se r\u00e9v\u00e8le ici dans tous ses atours. Car m\u00eame si Me Abdoulaye Wade, qui savait bien utiliser ce que Serigne Diop a pu appeler la \u00ab\u00a0<em>strat\u00e9gie du bord du gouffre<\/em>\u00a0\u00bb qui consiste, en substance, \u00e0 faire monter la tension jusqu\u2019\u00e0 un niveau tr\u00e8s \u00e9lev\u00e9, ce m\u00eame Wade savait prendre son t\u00e9l\u00e9phone en off, pour discuter de mani\u00e8re responsable de strat\u00e9gie, cette fois pour s\u2019\u00e9loigner\u2026 du gouffre. C\u2019est en cela qu\u2019on peut dire de lui qu\u2019il fut un opposant fort talentueux. Il savait \u00eatre \u201clion\u2019\u2019 et \u201cnjomboor\u2019\u2019 \u00e0 la fois. Intr\u00e9pide et audacieux, mais aussi ouvert et diplomate.<\/p>\n<p>Un trait de caract\u00e8re qu\u2019il partage avec certains de ses a\u00een\u00e9s et cadets en politique, que les principaux animateurs des forces de gauche des soixante derni\u00e8res ann\u00e9es ont su mettre en oeuvre pour conjurer le chaos. On oublie souvent que la politique n\u2019a pas commenc\u00e9 dans ce pays ni en 2012 ni en 2022. Et qu\u2019\u00e0 des moments d\u00e9termin\u00e9s de la vie de cette jeune nation, l\u2019esprit de discussion, l\u2019intelligence consensuelle a r\u00e9guli\u00e8rement pris le dessus sur les instincts basiques, guerriers, ferm\u00e9s et souvent suicidaires.<\/p>\n<p>M\u00eame dans les moments les plus critiques de l\u2019histoire politique de ce pays, \u00e0 la veille et au lendemain de l\u2019assassinat du juge Me Babacar S\u00e8ye, le \u201ccordon\u2019\u2019 du dialogue n\u2019a jamais \u00e9t\u00e9 totalement rompu.<\/p>\n<p>Disons que la politique s\u2019est gravement d\u00e9pr\u00e9ci\u00e9e sous nos Tropiques. Il y a aujourd\u2019hui comme une sorte de \u00ab\u00a0rachitisation\u00a0\u00bb continue des us et codes. Une course contre on ne sait quelle montre. Mais pour aller o\u00f9 ? Et pour quoi faire ? Les projections en termes de strat\u00e9gie d\u00e9ploy\u00e9e sont \u00ab\u00a0court-termistes\u00a0\u00bb.<\/p>\n<p>La culture tik-tok ou fast-food emp\u00eache les jeunes loups de la politique de miser sur un temps plus long. Or, c\u2019est seulement ce temps-l\u00e0 qui est porteur de projet durable et solide, comme le prouve bien la longue marche vers l\u2019alternance de 2000. L\u2019arriv\u00e9e de Macky Sall en 2012 est une continuit\u00e9 de l\u2019esprit de 2000 ; lui qui a largement b\u00e9n\u00e9fici\u00e9 du cadre politique mis en place par l\u2019opposition en profitant aussi de son exp\u00e9rience de gouvernance au coeur du syst\u00e8me Wade.<\/p>\n<p>C\u2019est dire que l\u2019exception s\u00e9n\u00e9galaise qui nous vaut une certaine stabilit\u00e9 dans la dur\u00e9e doit \u00eatre r\u00e9invent\u00e9e, si nous ne voulons pas sombrer dans le gouffre. Ce ne sera pas le tout messianique qui sera porteur de nouveaut\u00e9 et d\u2019esth\u00e9tique, au sens profond du terme. Mais un paquet d\u2019intelligences et d\u2019id\u00e9es nouvelles adoss\u00e9es sur notre glorieux pass\u00e9 d\u2019hommes et de femmes libres, ouverts sur un monde devenu complexe et difficile.<\/p>\n<p>Notre r\u00e9putation encore pr\u00e9serv\u00e9e au niveau mondial doit co\u00fbte que co\u00fbte \u00eatre sauvegard\u00e9e. Les acteurs politiques ont un besoin imp\u00e9rieux de faire monter le niveau du curseur en intelligence et de le faire baisser du point de vue de la tension engendr\u00e9e.<\/p>\n<p>Car si l\u2019on n\u2019y prend pas garde, le pays risque d\u2019\u00eatre ingouvernable pendant longtemps, voire de s\u2019inscrire dans une logique de confrontation durable.<\/p>\n<p>&nbsp;<\/p>\n<p>&nbsp;<\/p>\n<div class='share-to-whatsapp-wrapper'><div class='share-on-whsp'>PARTAGER SUR : <\/div><a data-text='L'EDITO DE NETTALI.COM - Morale en berne\u00a0!' data-link='https:\/\/www.nettali.com\/2022\/12\/27\/ledito-de-nettali-com-morale-en-berne\/' class='whatsapp-button whatsapp-share'>WhatsApp<\/a><div class='clear '><\/div><\/div>","protected":false},"excerpt":{"rendered":"<p>NETTALI.COM - A 14 mois de la fin de son mandat, Macky Sall peut-il se targuer d\u2019avoir un bon bilan ? La question est a priori difficile \u00e0 trancher. L\u2019on ne peut y arriver qu\u2019\u00e0 la condition de mettre ses r\u00e9alisations sur une balance, tout en raisonnant en termes de priorit\u00e9, de co\u00fbts, d\u2019opportunit\u00e9 et [&hellip;]<\/p>\n","protected":false},"author":2,"featured_media":100463,"comment_status":"open","ping_status":"open","sticky":false,"template":"","format":"standard","meta":{"_et_pb_use_builder":"","_et_pb_old_content":""},"categories":[34931],"tags":[],"yoast_head":"<!-- This site is optimized with the Yoast SEO Premium plugin v17.8 (Yoast SEO v17.8) - https:\/\/yoast.com\/wordpress\/plugins\/seo\/ -->\n<title>L&#039;EDITO DE NETTALI.COM - Morale en berne\u00a0! | Nettali.com<\/title>\n<meta name=\"robots\" content=\"index, follow, max-snippet:-1, max-image-preview:large, max-video-preview:-1\" \/>\n<link rel=\"canonical\" href=\"https:\/\/www.nettali.com\/2022\/12\/27\/ledito-de-nettali-com-morale-en-berne\/\" \/>\n<meta property=\"og:locale\" content=\"fr_FR\" \/>\n<meta property=\"og:type\" content=\"article\" \/>\n<meta property=\"og:title\" content=\"L&#039;EDITO DE NETTALI.COM - Morale en berne\u00a0!\" \/>\n<meta property=\"og:description\" content=\"NETTALI.COM - A 14 mois de la fin de son mandat, Macky Sall peut-il se targuer d\u2019avoir un bon bilan ? La question est a priori difficile \u00e0 trancher. L\u2019on ne peut y arriver qu\u2019\u00e0 la condition de mettre ses r\u00e9alisations sur une balance, tout en raisonnant en termes de priorit\u00e9, de co\u00fbts, d\u2019opportunit\u00e9 et [&hellip;]\" \/>\n<meta property=\"og:url\" content=\"https:\/\/www.nettali.com\/2022\/12\/27\/ledito-de-nettali-com-morale-en-berne\/\" \/>\n<meta property=\"og:site_name\" content=\"Nettali.com\" \/>\n<meta property=\"article:publisher\" content=\"https:\/\/www.facebook.com\/nettalicom\" \/>\n<meta property=\"article:published_time\" content=\"2022-12-27T02:15:57+00:00\" \/>\n<meta property=\"article:modified_time\" content=\"2022-12-30T08:44:54+00:00\" \/>\n<meta property=\"og:image\" content=\"https:\/\/www.nettali.com\/wp-content\/uploads\/2022\/12\/sall-wade-diouf-et-co.jpg\" \/>\n\t<meta property=\"og:image:width\" content=\"1280\" \/>\n\t<meta property=\"og:image:height\" content=\"600\" \/>\n<meta name=\"twitter:card\" content=\"summary_large_image\" \/>\n<meta name=\"twitter:label1\" content=\"\u00c9crit par\" \/>\n\t<meta name=\"twitter:data1\" content=\"CK\" \/>\n\t<meta name=\"twitter:label2\" content=\"Dur\u00e9e de lecture estim\u00e9e\" \/>\n\t<meta name=\"twitter:data2\" content=\"11 minutes\" \/>\n<script type=\"application\/ld+json\" class=\"yoast-schema-graph\">{\"@context\":\"https:\/\/schema.org\",\"@graph\":[{\"@type\":\"WebSite\",\"@id\":\"https:\/\/www.nettali.com\/#website\",\"url\":\"https:\/\/www.nettali.com\/\",\"name\":\"Nettali.com\",\"description\":\"Le rendez-vous critique du Net\",\"potentialAction\":[{\"@type\":\"SearchAction\",\"target\":{\"@type\":\"EntryPoint\",\"urlTemplate\":\"https:\/\/www.nettali.com\/?s={search_term_string}\"},\"query-input\":\"required name=search_term_string\"}],\"inLanguage\":\"fr-FR\"},{\"@type\":\"ImageObject\",\"@id\":\"https:\/\/www.nettali.com\/2022\/12\/27\/ledito-de-nettali-com-morale-en-berne\/#primaryimage\",\"inLanguage\":\"fr-FR\",\"url\":\"https:\/\/www.nettali.com\/wp-content\/uploads\/2022\/12\/sall-wade-diouf-et-co.jpg\",\"contentUrl\":\"https:\/\/www.nettali.com\/wp-content\/uploads\/2022\/12\/sall-wade-diouf-et-co.jpg\",\"width\":1280,\"height\":600},{\"@type\":\"WebPage\",\"@id\":\"https:\/\/www.nettali.com\/2022\/12\/27\/ledito-de-nettali-com-morale-en-berne\/#webpage\",\"url\":\"https:\/\/www.nettali.com\/2022\/12\/27\/ledito-de-nettali-com-morale-en-berne\/\",\"name\":\"L'EDITO DE NETTALI.COM - Morale en berne\\u00a0! | Nettali.com\",\"isPartOf\":{\"@id\":\"https:\/\/www.nettali.com\/#website\"},\"primaryImageOfPage\":{\"@id\":\"https:\/\/www.nettali.com\/2022\/12\/27\/ledito-de-nettali-com-morale-en-berne\/#primaryimage\"},\"datePublished\":\"2022-12-27T02:15:57+00:00\",\"dateModified\":\"2022-12-30T08:44:54+00:00\",\"author\":{\"@id\":\"https:\/\/www.nettali.com\/#\/schema\/person\/d8ac7b7e27ddad43f1c0d2ef090d7f71\"},\"breadcrumb\":{\"@id\":\"https:\/\/www.nettali.com\/2022\/12\/27\/ledito-de-nettali-com-morale-en-berne\/#breadcrumb\"},\"inLanguage\":\"fr-FR\",\"potentialAction\":[{\"@type\":\"ReadAction\",\"target\":[\"https:\/\/www.nettali.com\/2022\/12\/27\/ledito-de-nettali-com-morale-en-berne\/\"]}]},{\"@type\":\"BreadcrumbList\",\"@id\":\"https:\/\/www.nettali.com\/2022\/12\/27\/ledito-de-nettali-com-morale-en-berne\/#breadcrumb\",\"itemListElement\":[{\"@type\":\"ListItem\",\"position\":1,\"name\":\"Accueil\",\"item\":\"https:\/\/www.nettali.com\/\"},{\"@type\":\"ListItem\",\"position\":2,\"name\":\"L'EDITO DE NETTALI.COM - Morale en berne\\u00a0!\"}]},{\"@type\":\"Person\",\"@id\":\"https:\/\/www.nettali.com\/#\/schema\/person\/d8ac7b7e27ddad43f1c0d2ef090d7f71\",\"name\":\"CK\",\"image\":{\"@type\":\"ImageObject\",\"@id\":\"https:\/\/www.nettali.com\/#personlogo\",\"inLanguage\":\"fr-FR\",\"url\":\"https:\/\/secure.gravatar.com\/avatar\/1d8d5118b9327d94da7cd4ce7f17fec2?s=96&d=mm&r=g\",\"contentUrl\":\"https:\/\/secure.gravatar.com\/avatar\/1d8d5118b9327d94da7cd4ce7f17fec2?s=96&d=mm&r=g\",\"caption\":\"CK\"},\"sameAs\":[\"https:\/\/www.nettali.com\"]}]}<\/script>\n<!-- \/ Yoast SEO Premium plugin. -->","yoast_head_json":{"title":"L'EDITO DE NETTALI.COM - Morale en berne\u00a0! | Nettali.com","robots":{"index":"index","follow":"follow","max-snippet":"max-snippet:-1","max-image-preview":"max-image-preview:large","max-video-preview":"max-video-preview:-1"},"canonical":"https:\/\/www.nettali.com\/2022\/12\/27\/ledito-de-nettali-com-morale-en-berne\/","og_locale":"fr_FR","og_type":"article","og_title":"L'EDITO DE NETTALI.COM - Morale en berne\u00a0!","og_description":"NETTALI.COM - A 14 mois de la fin de son mandat, Macky Sall peut-il se targuer d\u2019avoir un bon bilan ? La question est a priori difficile \u00e0 trancher. L\u2019on ne peut y arriver qu\u2019\u00e0 la condition de mettre ses r\u00e9alisations sur une balance, tout en raisonnant en termes de priorit\u00e9, de co\u00fbts, d\u2019opportunit\u00e9 et [&hellip;]","og_url":"https:\/\/www.nettali.com\/2022\/12\/27\/ledito-de-nettali-com-morale-en-berne\/","og_site_name":"Nettali.com","article_publisher":"https:\/\/www.facebook.com\/nettalicom","article_published_time":"2022-12-27T02:15:57+00:00","article_modified_time":"2022-12-30T08:44:54+00:00","og_image":[{"width":1280,"height":600,"url":"https:\/\/www.nettali.com\/wp-content\/uploads\/2022\/12\/sall-wade-diouf-et-co.jpg","type":"image\/jpeg"}],"twitter_card":"summary_large_image","twitter_misc":{"\u00c9crit par":"CK","Dur\u00e9e de lecture estim\u00e9e":"11 minutes"},"schema":{"@context":"https:\/\/schema.org","@graph":[{"@type":"WebSite","@id":"https:\/\/www.nettali.com\/#website","url":"https:\/\/www.nettali.com\/","name":"Nettali.com","description":"Le rendez-vous critique du Net","potentialAction":[{"@type":"SearchAction","target":{"@type":"EntryPoint","urlTemplate":"https:\/\/www.nettali.com\/?s={search_term_string}"},"query-input":"required name=search_term_string"}],"inLanguage":"fr-FR"},{"@type":"ImageObject","@id":"https:\/\/www.nettali.com\/2022\/12\/27\/ledito-de-nettali-com-morale-en-berne\/#primaryimage","inLanguage":"fr-FR","url":"https:\/\/www.nettali.com\/wp-content\/uploads\/2022\/12\/sall-wade-diouf-et-co.jpg","contentUrl":"https:\/\/www.nettali.com\/wp-content\/uploads\/2022\/12\/sall-wade-diouf-et-co.jpg","width":1280,"height":600},{"@type":"WebPage","@id":"https:\/\/www.nettali.com\/2022\/12\/27\/ledito-de-nettali-com-morale-en-berne\/#webpage","url":"https:\/\/www.nettali.com\/2022\/12\/27\/ledito-de-nettali-com-morale-en-berne\/","name":"L'EDITO DE NETTALI.COM - Morale en berne\u00a0! | Nettali.com","isPartOf":{"@id":"https:\/\/www.nettali.com\/#website"},"primaryImageOfPage":{"@id":"https:\/\/www.nettali.com\/2022\/12\/27\/ledito-de-nettali-com-morale-en-berne\/#primaryimage"},"datePublished":"2022-12-27T02:15:57+00:00","dateModified":"2022-12-30T08:44:54+00:00","author":{"@id":"https:\/\/www.nettali.com\/#\/schema\/person\/d8ac7b7e27ddad43f1c0d2ef090d7f71"},"breadcrumb":{"@id":"https:\/\/www.nettali.com\/2022\/12\/27\/ledito-de-nettali-com-morale-en-berne\/#breadcrumb"},"inLanguage":"fr-FR","potentialAction":[{"@type":"ReadAction","target":["https:\/\/www.nettali.com\/2022\/12\/27\/ledito-de-nettali-com-morale-en-berne\/"]}]},{"@type":"BreadcrumbList","@id":"https:\/\/www.nettali.com\/2022\/12\/27\/ledito-de-nettali-com-morale-en-berne\/#breadcrumb","itemListElement":[{"@type":"ListItem","position":1,"name":"Accueil","item":"https:\/\/www.nettali.com\/"},{"@type":"ListItem","position":2,"name":"L'EDITO DE NETTALI.COM - Morale en berne\u00a0!"}]},{"@type":"Person","@id":"https:\/\/www.nettali.com\/#\/schema\/person\/d8ac7b7e27ddad43f1c0d2ef090d7f71","name":"CK","image":{"@type":"ImageObject","@id":"https:\/\/www.nettali.com\/#personlogo","inLanguage":"fr-FR","url":"https:\/\/secure.gravatar.com\/avatar\/1d8d5118b9327d94da7cd4ce7f17fec2?s=96&d=mm&r=g","contentUrl":"https:\/\/secure.gravatar.com\/avatar\/1d8d5118b9327d94da7cd4ce7f17fec2?s=96&d=mm&r=g","caption":"CK"},"sameAs":["https:\/\/www.nettali.com"]}]}},"_links":{"self":[{"href":"https:\/\/www.nettali.com\/rest\/wp\/v2\/posts\/100475"}],"collection":[{"href":"https:\/\/www.nettali.com\/rest\/wp\/v2\/posts"}],"about":[{"href":"https:\/\/www.nettali.com\/rest\/wp\/v2\/types\/post"}],"author":[{"embeddable":true,"href":"https:\/\/www.nettali.com\/rest\/wp\/v2\/users\/2"}],"replies":[{"embeddable":true,"href":"https:\/\/www.nettali.com\/rest\/wp\/v2\/comments?post=100475"}],"version-history":[{"count":5,"href":"https:\/\/www.nettali.com\/rest\/wp\/v2\/posts\/100475\/revisions"}],"predecessor-version":[{"id":100613,"href":"https:\/\/www.nettali.com\/rest\/wp\/v2\/posts\/100475\/revisions\/100613"}],"wp:featuredmedia":[{"embeddable":true,"href":"https:\/\/www.nettali.com\/rest\/wp\/v2\/media\/100463"}],"wp:attachment":[{"href":"https:\/\/www.nettali.com\/rest\/wp\/v2\/media?parent=100475"}],"wp:term":[{"taxonomy":"category","embeddable":true,"href":"https:\/\/www.nettali.com\/rest\/wp\/v2\/categories?post=100475"},{"taxonomy":"post_tag","embeddable":true,"href":"https:\/\/www.nettali.com\/rest\/wp\/v2\/tags?post=100475"}],"curies":[{"name":"wp","href":"https:\/\/api.w.org\/{rel}","templated":true}]}}