{"id":100473,"date":"2022-12-27T02:12:19","date_gmt":"2022-12-27T02:12:19","guid":{"rendered":"https:\/\/www.nettali.com\/?p=100473"},"modified":"2022-12-27T02:12:19","modified_gmt":"2022-12-27T02:12:19","slug":"en-coulisses-le-bon-moment","status":"publish","type":"post","link":"https:\/\/www.nettali.com\/2022\/12\/27\/en-coulisses-le-bon-moment\/","title":{"rendered":"EN COULISSES - Le  bon moment ?"},"content":{"rendered":"<p><strong>NETTALI.COM -<\/strong> Tenu, ce vendredi 23 d\u00e9cembre sur le th\u00e8me : \"<em>quelle coalition pour la victoire<\/em>\", le s\u00e9minaire de la coalition BBY qui a \u00e9t\u00e9 sanctionn\u00e9 par deux r\u00e9solutions et une motion de soutien au Chef de l\u2019Etat, n'a pu permettre de lever le flou sur la 3\u00e8me candidature du pr\u00e9sident Sall. Le \"ni oui, ni non\" a d\u00e9cid\u00e9ment la peau dure !<\/p>\n<p>Prenant la parole, l\u2019avocat Ousmane S\u00e8ye s'est d'ailleurs voulu prudent dans son discours : \"<em>En tout \u00e9tat de cause, le s\u00e9minaire lance un appel pressant \u00e0 toutes les composantes de la coalition, aux d\u00e9mocrates et r\u00e9publicains de tous bords, aux forces vives de la nation, \u00e0 tous les S\u00e9n\u00e9galais de bonne volont\u00e9 de l\u2019int\u00e9rieur et de l\u2019ext\u00e9rieur du pays pour que, dans un \u00e9lan de vaste rassemblement le candidat d\u00e9sign\u00e9 le moment venu assure le triomphe de notre camp pour poursuivre dans la s\u00e9r\u00e9nit\u00e9, la paix et la stabilit\u00e9 les vastes r\u00e9formes devant les conduire \u00e0 l\u2019\u00e9mergence \u00e0 l\u2019horizon 2035\"<\/em>.<\/p>\n<p>Ce qui laisse percevoir que le choix de se repr\u00e9senter pour un troisi\u00e8me mandat appartient \u00e0 Macky Sall, \u00e9tant entendu que les leaders de BBY sont pr\u00eats \u00e0 le soutenir.<\/p>\n<p>Reste \u00e0 savoir le moment que choisira le pr\u00e9sident Sall pour lever un coin du voile sur la\u00a0 3\u00e8me candidature?<\/p>\n<p>L'on ne voit \u00e0 la v\u00e9rit\u00e9 que deux grands moments connus et identifi\u00e9s d'ici l\u00e0.\u00a0 IL s'agit du 31 d\u00e9cembre avec le discours du nouvel an ou le 4 avril, date de c\u00e9l\u00e9bration de la f\u00eate de l'ind\u00e9pendance du S\u00e9n\u00e9gal.<\/p>\n<p>A moins peut-\u00eatre qu'il ne choisisse la voie d'une conf\u00e9rence de presse ou d'un \u00e9v\u00e8nement donn\u00e9 pour se prononcer.<\/p>\n<p>Toujours est-il que les S\u00e9n\u00e9galais aimeraient bien savoir sur quel pied danser avec Macky Sall, m\u00eame si c'est au Conseil constitutionnel de trancher la question de la candidature.<\/p>\n<p>&nbsp;<\/p>\n<p>&nbsp;<\/p>\n<p>&nbsp;<\/p>\n<div class='share-to-whatsapp-wrapper'><div class='share-on-whsp'>PARTAGER SUR : <\/div><a data-text='EN COULISSES - Le  bon moment ?' data-link='https:\/\/www.nettali.com\/2022\/12\/27\/en-coulisses-le-bon-moment\/' class='whatsapp-button whatsapp-share'>WhatsApp<\/a><div class='clear '><\/div><\/div>","protected":false},"excerpt":{"rendered":"<p>NETTALI.COM - Tenu, ce vendredi 23 d\u00e9cembre sur le th\u00e8me : \"quelle coalition pour la victoire\", le s\u00e9minaire de la coalition BBY qui a \u00e9t\u00e9 sanctionn\u00e9 par deux r\u00e9solutions et une motion de soutien au Chef de l\u2019Etat, n'a pu permettre de lever le flou sur la 3\u00e8me candidature du pr\u00e9sident Sall. Le \"ni oui, [&hellip;]<\/p>\n","protected":false},"author":2,"featured_media":100288,"comment_status":"open","ping_status":"open","sticky":false,"template":"","format":"standard","meta":{"_et_pb_use_builder":"","_et_pb_old_content":""},"categories":[34945],"tags":[],"yoast_head":"<!-- This site is optimized with the Yoast SEO Premium plugin v17.8 (Yoast SEO v17.8) - https:\/\/yoast.com\/wordpress\/plugins\/seo\/ -->\n<title>EN COULISSES - Le bon moment ? | Nettali.com<\/title>\n<meta name=\"robots\" content=\"index, follow, max-snippet:-1, max-image-preview:large, max-video-preview:-1\" \/>\n<link rel=\"canonical\" href=\"https:\/\/www.nettali.com\/2022\/12\/27\/en-coulisses-le-bon-moment\/\" \/>\n<meta property=\"og:locale\" content=\"fr_FR\" \/>\n<meta property=\"og:type\" content=\"article\" \/>\n<meta property=\"og:title\" content=\"EN COULISSES - Le bon moment ?\" \/>\n<meta property=\"og:description\" content=\"NETTALI.COM - Tenu, ce vendredi 23 d\u00e9cembre sur le th\u00e8me : &quot;quelle coalition pour la victoire&quot;, le s\u00e9minaire de la coalition BBY qui a \u00e9t\u00e9 sanctionn\u00e9 par deux r\u00e9solutions et une motion de soutien au Chef de l\u2019Etat, n&#039;a pu permettre de lever le flou sur la 3\u00e8me candidature du pr\u00e9sident Sall. Le &quot;ni oui, [&hellip;]\" \/>\n<meta property=\"og:url\" content=\"https:\/\/www.nettali.com\/2022\/12\/27\/en-coulisses-le-bon-moment\/\" \/>\n<meta property=\"og:site_name\" content=\"Nettali.com\" \/>\n<meta property=\"article:publisher\" content=\"https:\/\/www.facebook.com\/nettalicom\" \/>\n<meta property=\"article:published_time\" content=\"2022-12-27T02:12:19+00:00\" \/>\n<meta property=\"og:image\" content=\"https:\/\/www.nettali.com\/wp-content\/uploads\/2022\/12\/benno-bok-yakar.jpeg\" \/>\n\t<meta property=\"og:image:width\" content=\"600\" \/>\n\t<meta property=\"og:image:height\" content=\"314\" \/>\n<meta name=\"twitter:card\" content=\"summary_large_image\" \/>\n<meta name=\"twitter:label1\" content=\"\u00c9crit par\" \/>\n\t<meta name=\"twitter:data1\" content=\"CK\" \/>\n\t<meta name=\"twitter:label2\" content=\"Dur\u00e9e de lecture estim\u00e9e\" \/>\n\t<meta name=\"twitter:data2\" content=\"2 minutes\" \/>\n<script type=\"application\/ld+json\" class=\"yoast-schema-graph\">{\"@context\":\"https:\/\/schema.org\",\"@graph\":[{\"@type\":\"WebSite\",\"@id\":\"https:\/\/www.nettali.com\/#website\",\"url\":\"https:\/\/www.nettali.com\/\",\"name\":\"Nettali.com\",\"description\":\"Le rendez-vous critique du Net\",\"potentialAction\":[{\"@type\":\"SearchAction\",\"target\":{\"@type\":\"EntryPoint\",\"urlTemplate\":\"https:\/\/www.nettali.com\/?s={search_term_string}\"},\"query-input\":\"required name=search_term_string\"}],\"inLanguage\":\"fr-FR\"},{\"@type\":\"ImageObject\",\"@id\":\"https:\/\/www.nettali.com\/2022\/12\/27\/en-coulisses-le-bon-moment\/#primaryimage\",\"inLanguage\":\"fr-FR\",\"url\":\"https:\/\/www.nettali.com\/wp-content\/uploads\/2022\/12\/benno-bok-yakar.jpeg\",\"contentUrl\":\"https:\/\/www.nettali.com\/wp-content\/uploads\/2022\/12\/benno-bok-yakar.jpeg\",\"width\":600,\"height\":314},{\"@type\":\"WebPage\",\"@id\":\"https:\/\/www.nettali.com\/2022\/12\/27\/en-coulisses-le-bon-moment\/#webpage\",\"url\":\"https:\/\/www.nettali.com\/2022\/12\/27\/en-coulisses-le-bon-moment\/\",\"name\":\"EN COULISSES - Le bon moment ? | Nettali.com\",\"isPartOf\":{\"@id\":\"https:\/\/www.nettali.com\/#website\"},\"primaryImageOfPage\":{\"@id\":\"https:\/\/www.nettali.com\/2022\/12\/27\/en-coulisses-le-bon-moment\/#primaryimage\"},\"datePublished\":\"2022-12-27T02:12:19+00:00\",\"dateModified\":\"2022-12-27T02:12:19+00:00\",\"author\":{\"@id\":\"https:\/\/www.nettali.com\/#\/schema\/person\/d8ac7b7e27ddad43f1c0d2ef090d7f71\"},\"breadcrumb\":{\"@id\":\"https:\/\/www.nettali.com\/2022\/12\/27\/en-coulisses-le-bon-moment\/#breadcrumb\"},\"inLanguage\":\"fr-FR\",\"potentialAction\":[{\"@type\":\"ReadAction\",\"target\":[\"https:\/\/www.nettali.com\/2022\/12\/27\/en-coulisses-le-bon-moment\/\"]}]},{\"@type\":\"BreadcrumbList\",\"@id\":\"https:\/\/www.nettali.com\/2022\/12\/27\/en-coulisses-le-bon-moment\/#breadcrumb\",\"itemListElement\":[{\"@type\":\"ListItem\",\"position\":1,\"name\":\"Accueil\",\"item\":\"https:\/\/www.nettali.com\/\"},{\"@type\":\"ListItem\",\"position\":2,\"name\":\"EN COULISSES - Le bon moment ?\"}]},{\"@type\":\"Person\",\"@id\":\"https:\/\/www.nettali.com\/#\/schema\/person\/d8ac7b7e27ddad43f1c0d2ef090d7f71\",\"name\":\"CK\",\"image\":{\"@type\":\"ImageObject\",\"@id\":\"https:\/\/www.nettali.com\/#personlogo\",\"inLanguage\":\"fr-FR\",\"url\":\"https:\/\/secure.gravatar.com\/avatar\/1d8d5118b9327d94da7cd4ce7f17fec2?s=96&d=mm&r=g\",\"contentUrl\":\"https:\/\/secure.gravatar.com\/avatar\/1d8d5118b9327d94da7cd4ce7f17fec2?s=96&d=mm&r=g\",\"caption\":\"CK\"},\"sameAs\":[\"https:\/\/www.nettali.com\"]}]}<\/script>\n<!-- \/ Yoast SEO Premium plugin. -->","yoast_head_json":{"title":"EN COULISSES - Le bon moment ? | Nettali.com","robots":{"index":"index","follow":"follow","max-snippet":"max-snippet:-1","max-image-preview":"max-image-preview:large","max-video-preview":"max-video-preview:-1"},"canonical":"https:\/\/www.nettali.com\/2022\/12\/27\/en-coulisses-le-bon-moment\/","og_locale":"fr_FR","og_type":"article","og_title":"EN COULISSES - Le bon moment ?","og_description":"NETTALI.COM - Tenu, ce vendredi 23 d\u00e9cembre sur le th\u00e8me : \"quelle coalition pour la victoire\", le s\u00e9minaire de la coalition BBY qui a \u00e9t\u00e9 sanctionn\u00e9 par deux r\u00e9solutions et une motion de soutien au Chef de l\u2019Etat, n'a pu permettre de lever le flou sur la 3\u00e8me candidature du pr\u00e9sident Sall. Le \"ni oui, [&hellip;]","og_url":"https:\/\/www.nettali.com\/2022\/12\/27\/en-coulisses-le-bon-moment\/","og_site_name":"Nettali.com","article_publisher":"https:\/\/www.facebook.com\/nettalicom","article_published_time":"2022-12-27T02:12:19+00:00","og_image":[{"width":600,"height":314,"url":"https:\/\/www.nettali.com\/wp-content\/uploads\/2022\/12\/benno-bok-yakar.jpeg","type":"image\/jpeg"}],"twitter_card":"summary_large_image","twitter_misc":{"\u00c9crit par":"CK","Dur\u00e9e de lecture estim\u00e9e":"2 minutes"},"schema":{"@context":"https:\/\/schema.org","@graph":[{"@type":"WebSite","@id":"https:\/\/www.nettali.com\/#website","url":"https:\/\/www.nettali.com\/","name":"Nettali.com","description":"Le rendez-vous critique du Net","potentialAction":[{"@type":"SearchAction","target":{"@type":"EntryPoint","urlTemplate":"https:\/\/www.nettali.com\/?s={search_term_string}"},"query-input":"required name=search_term_string"}],"inLanguage":"fr-FR"},{"@type":"ImageObject","@id":"https:\/\/www.nettali.com\/2022\/12\/27\/en-coulisses-le-bon-moment\/#primaryimage","inLanguage":"fr-FR","url":"https:\/\/www.nettali.com\/wp-content\/uploads\/2022\/12\/benno-bok-yakar.jpeg","contentUrl":"https:\/\/www.nettali.com\/wp-content\/uploads\/2022\/12\/benno-bok-yakar.jpeg","width":600,"height":314},{"@type":"WebPage","@id":"https:\/\/www.nettali.com\/2022\/12\/27\/en-coulisses-le-bon-moment\/#webpage","url":"https:\/\/www.nettali.com\/2022\/12\/27\/en-coulisses-le-bon-moment\/","name":"EN COULISSES - Le bon moment ? | Nettali.com","isPartOf":{"@id":"https:\/\/www.nettali.com\/#website"},"primaryImageOfPage":{"@id":"https:\/\/www.nettali.com\/2022\/12\/27\/en-coulisses-le-bon-moment\/#primaryimage"},"datePublished":"2022-12-27T02:12:19+00:00","dateModified":"2022-12-27T02:12:19+00:00","author":{"@id":"https:\/\/www.nettali.com\/#\/schema\/person\/d8ac7b7e27ddad43f1c0d2ef090d7f71"},"breadcrumb":{"@id":"https:\/\/www.nettali.com\/2022\/12\/27\/en-coulisses-le-bon-moment\/#breadcrumb"},"inLanguage":"fr-FR","potentialAction":[{"@type":"ReadAction","target":["https:\/\/www.nettali.com\/2022\/12\/27\/en-coulisses-le-bon-moment\/"]}]},{"@type":"BreadcrumbList","@id":"https:\/\/www.nettali.com\/2022\/12\/27\/en-coulisses-le-bon-moment\/#breadcrumb","itemListElement":[{"@type":"ListItem","position":1,"name":"Accueil","item":"https:\/\/www.nettali.com\/"},{"@type":"ListItem","position":2,"name":"EN COULISSES - Le bon moment ?"}]},{"@type":"Person","@id":"https:\/\/www.nettali.com\/#\/schema\/person\/d8ac7b7e27ddad43f1c0d2ef090d7f71","name":"CK","image":{"@type":"ImageObject","@id":"https:\/\/www.nettali.com\/#personlogo","inLanguage":"fr-FR","url":"https:\/\/secure.gravatar.com\/avatar\/1d8d5118b9327d94da7cd4ce7f17fec2?s=96&d=mm&r=g","contentUrl":"https:\/\/secure.gravatar.com\/avatar\/1d8d5118b9327d94da7cd4ce7f17fec2?s=96&d=mm&r=g","caption":"CK"},"sameAs":["https:\/\/www.nettali.com"]}]}},"_links":{"self":[{"href":"https:\/\/www.nettali.com\/rest\/wp\/v2\/posts\/100473"}],"collection":[{"href":"https:\/\/www.nettali.com\/rest\/wp\/v2\/posts"}],"about":[{"href":"https:\/\/www.nettali.com\/rest\/wp\/v2\/types\/post"}],"author":[{"embeddable":true,"href":"https:\/\/www.nettali.com\/rest\/wp\/v2\/users\/2"}],"replies":[{"embeddable":true,"href":"https:\/\/www.nettali.com\/rest\/wp\/v2\/comments?post=100473"}],"version-history":[{"count":1,"href":"https:\/\/www.nettali.com\/rest\/wp\/v2\/posts\/100473\/revisions"}],"predecessor-version":[{"id":100474,"href":"https:\/\/www.nettali.com\/rest\/wp\/v2\/posts\/100473\/revisions\/100474"}],"wp:featuredmedia":[{"embeddable":true,"href":"https:\/\/www.nettali.com\/rest\/wp\/v2\/media\/100288"}],"wp:attachment":[{"href":"https:\/\/www.nettali.com\/rest\/wp\/v2\/media?parent=100473"}],"wp:term":[{"taxonomy":"category","embeddable":true,"href":"https:\/\/www.nettali.com\/rest\/wp\/v2\/categories?post=100473"},{"taxonomy":"post_tag","embeddable":true,"href":"https:\/\/www.nettali.com\/rest\/wp\/v2\/tags?post=100473"}],"curies":[{"name":"wp","href":"https:\/\/api.w.org\/{rel}","templated":true}]}}