{"id":100457,"date":"2022-12-26T15:20:03","date_gmt":"2022-12-26T15:20:03","guid":{"rendered":"https:\/\/www.nettali.com\/?p=100457"},"modified":"2022-12-28T08:55:49","modified_gmt":"2022-12-28T08:55:49","slug":"retro-2022-afrique-retour-sur-les-evenements-marquants-de-lannee-en-afrique","status":"publish","type":"post","link":"https:\/\/www.nettali.com\/2022\/12\/26\/retro-2022-afrique-retour-sur-les-evenements-marquants-de-lannee-en-afrique\/","title":{"rendered":"RETRO 2022 - Afrique : retour sur les \u00e9v\u00e9nements marquants de l'ann\u00e9e en Afrique"},"content":{"rendered":"<p class=\"t-content__chapo\"><strong>NETTALI.COM - De la Coupe d\u2019Afrique des nations au Cameroun \u00e0 la COP27 en \u00c9gypte, en passant par les coups d\u2019\u00c9tat au Burkina Faso, France 24 revient sur les temps forts qui ont marqu\u00e9, cette ann\u00e9e, l\u2019actualit\u00e9 du continent.<\/strong><\/p>\n<div class=\"t-content__body u-clearfix\" data-empty-p=\"false\">\n<ul>\n<li>\n<h2><span style=\"color: #ff0000;\"><strong>Coupe d'Afrique des nations au Cameroun<\/strong><\/span><\/h2>\n<\/li>\n<\/ul>\n<div class=\"m-em-image\">\n<figure class=\"m-figure m-figure--original \"><picture><source srcset=\"https:\/\/s.france24.com\/media\/display\/9646da4e-879d-11ec-b388-005056bfb2b6\/000_9YG2C4.webp\" type=\"image\/webp\" sizes=\"\" \/><img class=\"m-figure__img lazy loaded\" src=\"data:image\/gif;base64,R0lGODlhAQABAIAAAAAAAP\/\/\/yH5BAEAAAAALAAAAAABAAEAAAIBRAA7\" sizes=\"\" srcset=\"https:\/\/s.france24.com\/media\/display\/9646da4e-879d-11ec-b388-005056bfb2b6\/000_9YG2C4.jpg\" alt=\"Les joueurs du S\u00e9n\u00e9gal c\u00e9l\u00e8brent leur sacre \u00e0 la Coupe d'Afrique des nations 2021, au stade d'Olembe, \u00e0 Yaound\u00e9 (Cameroun), le 6 f\u00e9vrier 2022.\" data-ll-status=\"loaded\" \/><\/picture><\/figure>\n<\/div>\n<p>L\u2019ann\u00e9e 2022 a d\u00e9but\u00e9 en fanfare sur le continent avec la 33<sup>e<\/sup>\u00a0\u00e9dition de la Coupe d'Afrique des nations de football, organis\u00e9e au Cameroun du 9 janvier au 6 f\u00e9vrier. \"C\u2019est notre Coupe du monde\u00a0[\u00e0 nous, les Africains]\",\u00a0affirmait fi\u00e8rement Roger Milla, l\u00e9gende du football camerounais, \u00e0 l\u2019antenne de France\u00a024.<\/p>\n<p>La comp\u00e9tition, opposant vingt-quatre \u00e9quipes du continent, s\u2019est termin\u00e9e par le sacre du S\u00e9n\u00e9gal\u00a0\u00e0 l'issue d'un match haletant face \u00e0 l\u2019\u00c9gypte remport\u00e9 aux tirs au but. Trois ans apr\u00e8s leur \u00e9chec en finale au Caire, les Lions\u00a0de la\u00a0T\u00e9ranga\u00a0acc\u00e8dent au titre de champion d'Afrique\u00a0pour la premi\u00e8re fois de leur histoire.<\/p>\n<ul>\n<li>\n<h2><span style=\"color: #ff0000;\">Blaise Compaor\u00e9 condamn\u00e9 \u00e0 la prison \u00e0 vie dans le proc\u00e8s Sankara<\/span><\/h2>\n<\/li>\n<\/ul>\n<div class=\"m-em-image\">\n<figure class=\"m-figure m-figure--original \"><picture><source srcset=\"https:\/\/s.france24.com\/media\/display\/337ec5d4-0ce0-11ed-a036-005056a90321\/000_32E343T.webp\" type=\"image\/webp\" sizes=\"\" \/><img class=\"m-figure__img lazy loaded\" src=\"data:image\/gif;base64,R0lGODlhAQABAIAAAAAAAP\/\/\/yH5BAEAAAAALAAAAAABAAEAAAIBRAA7\" sizes=\"\" srcset=\"https:\/\/s.france24.com\/media\/display\/337ec5d4-0ce0-11ed-a036-005056a90321\/000_32E343T.jpg\" alt=\"L'ancien pr\u00e9sident du Burkina Faso Blaise Compaor\u00e9 quitte le palais pr\u00e9sidentiel de Ouagadougou \u00e0 l'issue d'un sommet d'anciens chefs d'\u00c9tat, le 8 juillet 2022.\" data-ll-status=\"loaded\" \/><\/picture><\/figure>\n<\/div>\n<p>Un proc\u00e8s historique. Trente-quatre ans apr\u00e8s le coup d\u2019\u00c9tat qui avait co\u00fbt\u00e9 la vie \u00e0\u00a0Thomas Sankara \u2013\u00a0le\u00a0\"p\u00e8re\u00a0de la r\u00e9volution burkinab\u00e8\" \u2013, le tribunal militaire de Ouagadougou\u00a0a rendu son verdict, le 6 avril. Le\u00a0successeur de Thomas Sankara \u00e0 la pr\u00e9sidence, Blaise Compaor\u00e9, ainsi qu'un\u00a0de ses g\u00e9n\u00e9raux et son chef de la s\u00e9curit\u00e9, ont \u00e9t\u00e9 reconnus coupables de \"complicit\u00e9 d'assassinat\" et d\u2019\"attentat \u00e0 la s\u00fbret\u00e9 de l'\u00c9tat\". Tous trois ont \u00e9t\u00e9\u00a0condamn\u00e9s \u00e0 la perp\u00e9tuit\u00e9. Huit autres accus\u00e9s ont \u00e9cop\u00e9 de peines allant de trois \u00e0 vingt ans de prison.<\/p>\n<p>En exil \u00e0 Abidjan depuis sa chute en 2014, Blaise Compaor\u00e9 n'a pas assist\u00e9 aux audiences. Apr\u00e8s le verdict, il s\u2019est exprim\u00e9 par le biais d\u2019une lettre, lue par le porte-parole du gouvernement burkinab\u00e9,\u00a0demandant pardon \u00e0 son peuple\u00a0pour tous les actes commis durant ses vingt-sept ann\u00e9es au pouvoir, \"et plus particuli\u00e8rement \u00e0 la famille de mon fr\u00e8re et ami Thomas Sankara\".<\/p>\n<ul>\n<li>\n<h2><span style=\"color: #ff0000;\"><strong>Coups d\u2019\u00c9tat militaires au Burkina Faso<\/strong><\/span><\/h2>\n<\/li>\n<\/ul>\n<div class=\"m-em-image\">\n<figure class=\"m-figure m-figure--original \"><picture><source srcset=\"https:\/\/s.france24.com\/media\/display\/d871f204-8158-11ed-aff0-005056bf30b7\/000_32LH24C.webp\" type=\"image\/webp\" sizes=\"\" \/><img class=\"m-figure__img lazy loaded\" src=\"data:image\/gif;base64,R0lGODlhAQABAIAAAAAAAP\/\/\/yH5BAEAAAAALAAAAAABAAEAAAIBRAA7\" sizes=\"\" srcset=\"https:\/\/s.france24.com\/media\/display\/d871f204-8158-11ed-aff0-005056bf30b7\/000_32LH24C.jpg\" alt=\"Le chef de la junte du Burkina Faso, le capitaine Ibrahim Traor\u00e9, \u00e0 Ouagadougou, le 15 octobre 2022.\" data-ll-status=\"loaded\" \/><\/picture><\/figure>\n<\/div>\n<p>Le 24 janvier, le pr\u00e9sident du Burkina Faso, Roch Marc Christian Kabor\u00e9, est\u00a0renvers\u00e9 par l\u2019arm\u00e9e\u00a0lors d\u2019un coup d\u2019\u00c9tat. Le lieutenant-colonel Paul-Henri Sandaogo Damiba prend le pouvoir\u00a0dans ce pays menac\u00e9 par la progression des groupes jihadistes\u00a0: il\u00a0\u00e9rige la reconqu\u00eate du territoire en priorit\u00e9 et promet de restaurer l'ordre constitutionnel. Mais sur le terrain, la situation s\u00e9curitaire continue de se d\u00e9grader, provoquant des tensions au sein de l\u2019arm\u00e9e<strong>.\u00a0<\/strong>Alors que plusieurs villes du Nord sont assi\u00e9g\u00e9es par des groupes arm\u00e9s islamistes, un convoi humanitaire \u00e0 destination de Djibo est attaqu\u00e9 par des jihadistes\u00a0affili\u00e9s \u00e0 Al-Qa\u00efda, le 27 septembre, entra\u00eenant la mort de\u00a027 soldats burkinab\u00e8.<\/p>\n<p>Quelques jours plus tard,\u00a0Paul-Henri Sandaogo Damiba est renvers\u00e9\u00a0lors d\u2019un nouveau putsch orchestr\u00e9 par le capitaine Ibrahim Traor\u00e9. Devenu \"pr\u00e9sident de la transition\", ce dernier nomme en octobre un\u00a0gouvernement de 23 ministres, dont trois militaires, pour diriger le pays jusqu'au retour \u00e0 un ordre constitutionnel\u00a0pr\u00e9vu pour\u00a0juillet 2024.<\/p>\n<ul>\n<li>\n<h2><span style=\"color: #ff0000;\"><strong>William Ruto \u00e9lu pr\u00e9sident du Kenya<\/strong><\/span><\/h2>\n<\/li>\n<\/ul>\n<div class=\"m-em-image\">\n<figure class=\"m-figure m-figure--original \"><picture><source srcset=\"https:\/\/s.france24.com\/media\/display\/80f38e68-2d0a-11ed-a0fe-005056a97e36\/2022-09-05T105754Z_1045037708_RC2YAW9LCLNS_RTRMADP_3_KENYA-ELECTION.webp\" type=\"image\/webp\" sizes=\"\" \/><img class=\"m-figure__img lazy loaded\" src=\"data:image\/gif;base64,R0lGODlhAQABAIAAAAAAAP\/\/\/yH5BAEAAAAALAAAAAABAAEAAAIBRAA7\" sizes=\"\" srcset=\"https:\/\/s.france24.com\/media\/display\/80f38e68-2d0a-11ed-a0fe-005056a97e36\/2022-09-05T105754Z_1045037708_RC2YAW9LCLNS_RTRMADP_3_KENYA-ELECTION.JPG\" alt=\"Le pr\u00e9sident \u00e9lu du Kenya, William Ruto, \u00e0 sa maison de Karen, dans la banlieue de Nairobi, apr\u00e8s la confirmation de sa victoire par la Cour supr\u00eame, le 5 septembre 2022.\" data-ll-status=\"loaded\" \/><\/picture><\/figure>\n<\/div>\n<p>Une victoire sur le fil. Le 15 ao\u00fbt, six jours apr\u00e8s la fin du scrutin, la commission \u00e9lectorale du Kenya a finalement d\u00e9voil\u00e9 le nom du nouveau pr\u00e9sident. Avec 50,49\u00a0% des voix, William Ruto\u00a0l\u2019a emport\u00e9 face \u00e0 son adversaire Raila\u00a0Odinga (48,85\u00a0%). Une victoire contest\u00e9e par ce dernier, qui a d\u00e9nonc\u00e9\u00a0une \"parodie\", ainsi que par\u00a0plusieurs membres de la commission \u00e9lectorale, mais finalement\u00a0confirm\u00e9e par la Cour supr\u00eame du pays.<\/p>\n<p>Lors de sa prestation de serment, William Ruto, ancien vice-pr\u00e9sident d\u2019Uhuru Kenyatta, d\u00e9sormais chef de l'\u00c9tat, qualifie le processus \u00e9lectoral de \"performance d\u00e9mocratique exemplaire\" et promet d\u2019\u0153uvrer pour le \"bien-\u00eatre \u00e9conomique\" de chaque K\u00e9nyan.<\/p>\n<ul>\n<li>\n<h2><span style=\"color: #ff0000;\">Clap de fin pour l\u2019op\u00e9ration militaire fran\u00e7aise au Mali<\/span><\/h2>\n<\/li>\n<\/ul>\n<div class=\"m-em-image\">\n<figure class=\"m-figure m-figure--original \"><picture><source srcset=\"https:\/\/s.france24.com\/media\/display\/cb57a652-815a-11ed-a6eb-005056bf30b7\/000_32GN7GV.webp\" type=\"image\/webp\" sizes=\"\" \/><img class=\"m-figure__img lazy loaded\" src=\"data:image\/gif;base64,R0lGODlhAQABAIAAAAAAAP\/\/\/yH5BAEAAAAALAAAAAABAAEAAAIBRAA7\" sizes=\"\" srcset=\"https:\/\/s.france24.com\/media\/display\/cb57a652-815a-11ed-a6eb-005056bf30b7\/000_32GN7GV.jpg\" alt=\"Des soldats de la mission Barkhane se pr\u00e9parent \u00e0 quitter le Mali, le 11 ao\u00fbt 2022.\" data-ll-status=\"loaded\" \/><\/picture><\/figure>\n<\/div>\n<p>Les derniers soldats fran\u00e7ais de Barkhane encore pr\u00e9sents au Mali\u00a0ont quitt\u00e9 le pays\u00a0le 15 ao\u00fbt, mettant fin \u00e0 neuf ans d'op\u00e9ration militaire visant \u00e0 \u00e9radiquer le terrorisme dans la r\u00e9gion.\u00a0Intervenue\u00a0en 2013 \u00e0 la demande du gouvernement d\u2019Ibrahim Boubacar Ke\u00efta pour bloquer l\u2019avanc\u00e9e jihadiste vers Bamako, l\u2019op\u00e9ration\u00a0Serval avait \u00e9t\u00e9 remplac\u00e9e en 2014 par l\u2019op\u00e9ration Barkhane, dont le but \u00e9tait de combattre les groupes jihadistes dans tout le Sahel.<\/p>\n<p>Mais les relations entre les deux pays se sont s\u00e9rieusement d\u00e9grad\u00e9es avec la prise du pouvoir du colonel\u00a0Assimi Go\u00efta, lors du coup d\u2019\u00c9tat\u00a0d'ao\u00fbt 2020, et l\u2019arriv\u00e9e de\u00a0mercenaires russes du groupe\u00a0Wagner pour seconder l\u2019arm\u00e9e. Le gouvernement putschiste, qui accuse Paris de\u00a0soutenir des groupes terroristes, a r\u00e9cemment interdit toute activit\u00e9 humanitaire financ\u00e9e par la France sur son sol. De leur c\u00f4t\u00e9, l'ONU\u00a0et\u00a0la F\u00e9d\u00e9ration internationale des droits humains (FIDH)\u00a0alertent sur la\u00a0forte hausse des exactions\u00a0contre les civils dans le pays.<\/p>\n<ul>\n<li>\n<h2><span style=\"color: #ff0000;\">R\u00e9pression sanglante au Tchad<\/span><\/h2>\n<\/li>\n<\/ul>\n<div class=\"m-em-image\">\n<figure class=\"m-figure m-figure--original \"><picture><source srcset=\"https:\/\/s.france24.com\/media\/display\/3b86f65c-52b3-11ed-9af7-005056a90284\/2022-10-20T104329Z_81625167_RC2Y4X9TTAUR_RTRMADP_3_CHAD-POLITICS.webp\" type=\"image\/webp\" sizes=\"\" \/><img class=\"m-figure__img lazy loaded\" src=\"data:image\/gif;base64,R0lGODlhAQABAIAAAAAAAP\/\/\/yH5BAEAAAAALAAAAAABAAEAAAIBRAA7\" sizes=\"\" srcset=\"https:\/\/s.france24.com\/media\/display\/3b86f65c-52b3-11ed-9af7-005056a90284\/2022-10-20T104329Z_81625167_RC2Y4X9TTAUR_RTRMADP_3_CHAD-POLITICS.JPG\" alt=\"Des manifestants \u00e0 Moundou, au Tchad, le 20 octobre 2022.\" data-ll-status=\"loaded\" \/><\/picture><\/figure>\n<\/div>\n<p>Le 20 octobre 2022, plusieurs centaines de personnes ont manifest\u00e9 \u00e0 travers le pays, r\u00e9pondant \u00e0 l\u2019appel de groupes d\u2019opposition pour d\u00e9noncer le maintien de Mahamat Idriss D\u00e9by au pouvoir et la d\u00e9cision de prolonger de deux ans la transition d\u00e9mocratique. Des manifestations interdites\u00a0r\u00e9prim\u00e9es dans le sang par les autorit\u00e9s, qui d\u00e9noncent une tentative d\u2019insurrection. Le Premier ministre a fait \u00e9tat d\u2019une cinquantaine de morts, dont dix\u00a0policiers, et 300\u00a0bless\u00e9s. Mais plusieurs organisations \u00e9voquent un bilan bien plus lourd, comme l\u2019ONU,\u00a0qui estime que jusqu\u2019\u00e0 150\u00a0personnes pourraient avoir \u00e9t\u00e9 tu\u00e9es lors de ces rassemblements.<\/p>\n<p>Les deux principaux leaders de l'opposition, Succ\u00e8s Masra et Max Loalngar, ont annonc\u00e9 avoir demand\u00e9 \u00e0 la Cour p\u00e9nale internationale (CPI)\u00a0l'ouverture d'une enqu\u00eate\u00a0pour crimes contre l'humanit\u00e9.\u00a0D\u00e9but novembre, le gouvernement a accept\u00e9 le principe d\u2019une mission internationale d\u2019enqu\u00eate visant \u00e0 faire la lumi\u00e8re sur les tragiques \u00e9v\u00e9nements du 20 octobre.<\/p>\n<ul>\n<li>\n<h2><span style=\"color: #ff0000;\"><strong>Accord de paix entre les rebelles tigr\u00e9ens et le gouvernement \u00e9thiopien<\/strong><\/span><\/h2>\n<\/li>\n<\/ul>\n<div class=\"m-em-image\">\n<figure class=\"m-figure m-figure--original \"><picture><source srcset=\"https:\/\/s.france24.com\/media\/display\/1d89b7d8-815d-11ed-820e-005056bf30b7\/000_32MN4KX.webp\" type=\"image\/webp\" sizes=\"\" \/><img class=\"m-figure__img lazy loaded\" src=\"data:image\/gif;base64,R0lGODlhAQABAIAAAAAAAP\/\/\/yH5BAEAAAAALAAAAAABAAEAAAIBRAA7\" sizes=\"\" srcset=\"https:\/\/s.france24.com\/media\/display\/1d89b7d8-815d-11ed-820e-005056bf30b7\/000_32MN4KX.jpg\" alt=\"Redwan Hussein (deuxi\u00e8me \u00e0 gauche), repr\u00e9sentant du gouvernement \u00e9thiopien, et Getachew Reda (deuxi\u00e8me \u00e0 droite), repr\u00e9sentant du Front de lib\u00e9ration du peuple du Tigr\u00e9 (TPLF), signent l'accord de paix le 2 novembre 2022, \u00e0 Pretoria, en Afrique du Sud.\" data-ll-status=\"loaded\" \/><\/picture><\/figure>\n<\/div>\n<p>Apr\u00e8s deux ans de guerre entre le pouvoir \u00e9thiopien et les rebelles du Tigr\u00e9, les deux parties se sont accord\u00e9es sur une \"cessation des hostilit\u00e9s\". Conclu le 2 novembre \u00e0 Pretoria, en Afrique du Sud, sous l\u2019\u00e9gide de l\u2019Union africaine, l\u2019accord pr\u00e9voit\u00a0\"un r\u00e9tablissement de l'ordre public, des services (au Tigr\u00e9), un acc\u00e8s sans entrave des fournitures humanitaires\" ainsi qu\u2019un d\u00e9sarmement \"m\u00e9thodique\" et \"coordonn\u00e9\".<\/p>\n<p>Depuis, les Tigr\u00e9ens ont annonc\u00e9 avoir\u00a0retir\u00e9 65 % de leurs combattants\u00a0des lignes de front. Les autorit\u00e9s ont annonc\u00e9 avoir\u00a0reconnect\u00e9 la capitale\u00a0de la r\u00e9gion, Mekele, au r\u00e9seau \u00e9lectrique apr\u00e8s plus d'un an de coupure caus\u00e9e par la guerre. Si le bilan exact de cette guerre qui s'est largement\u00a0d\u00e9roul\u00e9e \u00e0 huis clos est inconnu, l'ONU estime qu\u2019elle pourrait avoir co\u00fbt\u00e9 la vie \u00e0 un demi-million de personnes et fait plus de deux millions de d\u00e9plac\u00e9s.<\/p>\n<ul>\n<li>\n<h2><span style=\"color: #ff0000;\"><strong>La COP27 en \u00c9gypte<\/strong><\/span><\/h2>\n<\/li>\n<\/ul>\n<div class=\"m-em-image\">\n<figure class=\"m-figure m-figure--original \"><picture><source srcset=\"https:\/\/s.france24.com\/media\/display\/7e19ea0e-815e-11ed-9b1c-005056a90284\/000_32MZ9C7.webp\" type=\"image\/webp\" sizes=\"\" \/><img class=\"m-figure__img lazy loaded\" src=\"data:image\/gif;base64,R0lGODlhAQABAIAAAAAAAP\/\/\/yH5BAEAAAAALAAAAAABAAEAAAIBRAA7\" sizes=\"\" srcset=\"https:\/\/s.france24.com\/media\/display\/7e19ea0e-815e-11ed-9b1c-005056a90284\/000_32MZ9C7.jpg\" alt=\"Le pr\u00e9sident \u00e9gyptien Abdel Fattah al-Sissi lors de la conf\u00e9rence sur le climat COP27, le 7 novembre 2022, au Centre international de conventions de Charm el-Cheikh, en \u00c9gypte.\" data-ll-status=\"loaded\" \/><\/picture><\/figure>\n<\/div>\n<p>L\u2019\u00c9gypte a accueilli du 6 au 20 novembre la 27<sup>e<\/sup>\u00a0Conf\u00e9rence des Nations unies sur le climat (COP27). C\u2019est la premi\u00e8re fois que cet \u00e9v\u00e9nement international d\u00e9di\u00e9 \u00e0 la lutte contre le r\u00e9chauffement climatique est organis\u00e9 sur le continent, pourtant d\u00e9j\u00e0 lourdement affect\u00e9 par les cons\u00e9quences de la hausse des temp\u00e9ratures.<\/p>\n<p>En 2022,\u00a0des inondations particuli\u00e8rement d\u00e9vastatrices ont caus\u00e9 la mort de plusieurs centaines de personnes au Nigeria\u00a0mais \u00e9galement au Tchad, au Niger ainsi qu\u2019en Afrique du Sud. Apr\u00e8s plusieurs ann\u00e9es de discussions difficiles, un\u00a0accord a finalement \u00e9t\u00e9 conclu\u00a0\u00e0 la COP27 pour d\u00e9dommager les pays les plus vuln\u00e9rables face aux d\u00e9g\u00e2ts qu\u2019ils subissent. La mise en place de ce m\u00e9canisme devrait intervenir lors de la COP28, qui aura lieu \u00e0 Duba\u00ef en novembre 2023. Qualifi\u00e9 d'historique, l'accord n'affiche cependant aucune nouvelle ambition concernant les gaz \u00e0 effet de serre, emp\u00eachant ainsi d'agir sur les causes du changement climatique.<\/p>\n<ul>\n<li>\n<h2><span style=\"color: #ff0000;\"><strong>Retour de Charles Bl\u00e9 Goud\u00e9 en C\u00f4te d\u2019Ivoire<\/strong><\/span><\/h2>\n<\/li>\n<\/ul>\n<div class=\"m-em-image\">\n<figure class=\"m-figure m-figure--original \"><picture><source srcset=\"https:\/\/s.france24.com\/media\/display\/59d17198-815f-11ed-9181-005056bf30b7\/000_32UN32W.webp\" type=\"image\/webp\" sizes=\"\" \/><img class=\"m-figure__img lazy loaded\" src=\"data:image\/gif;base64,R0lGODlhAQABAIAAAAAAAP\/\/\/yH5BAEAAAAALAAAAAABAAEAAAIBRAA7\" sizes=\"\" srcset=\"https:\/\/s.france24.com\/media\/display\/59d17198-815f-11ed-9181-005056bf30b7\/000_32UN32W.jpg\" alt=\"L'homme politique ivoirien Charles Bl\u00e9 Goud\u00e9 c\u00e9l\u00e8bre son retour \u00e0 Yopougon, dans la banlieue d'Abidjan, le 26 novembre 2022.\" data-ll-status=\"loaded\" \/><\/picture><\/figure>\n<\/div>\n<p>Apr\u00e8s onze ann\u00e9es d\u2019exil, Charles Bl\u00e9 Goud\u00e9\u00a0est rentr\u00e9\u00a0le 26 novembre\u00a0en C\u00f4te d\u2019ivoire,\u00a0acclam\u00e9 par des milliers de sympathisants. L\u2019ancien ministre de la Jeunesse de Laurent Gbagbo, consid\u00e9r\u00e9 \u00e0 l\u2019\u00e9poque comme un pilier du r\u00e9gime, avait \u00e9t\u00e9 jug\u00e9, aux c\u00f4t\u00e9s de son ancien mentor, pour les violences post-\u00e9lectorales de 2010-2011, qui avaient fait quelque 3\u00a0000\u00a0morts dans le pays. Au terme de six ans de proc\u00e8s devant la Cour p\u00e9nale internationale, tous deux ont \u00e9t\u00e9 acquitt\u00e9s puis autoris\u00e9s par le pr\u00e9sident Ouattara \u00e0 revenir dans leur pays pour participer au processus de r\u00e9conciliation nationale.<\/p>\n<p>Charles Bl\u00e9 Goud\u00e9 a annonc\u00e9 qu\u2019il\u00a0ambitionne de se pr\u00e9senter comme candidat\u00a0lors de la prochaine \u00e9lection pr\u00e9sidentielle de 2025. De son c\u00f4t\u00e9, quelques mois apr\u00e8s son retour en juin 2021, Laurent Gbagbo avait lanc\u00e9 un nouveau mouvement,\u00a0le\u00a0Parti\u00a0des peuples africains \u2013 C\u00f4te d'Ivoire, concr\u00e9tisant aussi son retour sur la sc\u00e8ne politique.<\/p>\n<ul>\n<li>\n<h2><span style=\"color: #ff0000;\"><strong>Massacres du M23 dans l\u2019est de la R\u00e9publique d\u00e9mocratique du\u00a0Congo<\/strong><\/span><\/h2>\n<\/li>\n<\/ul>\n<div class=\"m-em-image\">\n<figure class=\"m-figure m-figure--original \"><picture><source srcset=\"https:\/\/s.france24.com\/media\/display\/8f60ae3c-6b61-11ed-ada8-005056a90284\/AP22319671080104.webp\" type=\"image\/webp\" sizes=\"\" \/><img class=\"m-figure__img lazy loaded\" src=\"data:image\/gif;base64,R0lGODlhAQABAIAAAAAAAP\/\/\/yH5BAEAAAAALAAAAAABAAEAAAIBRAA7\" sizes=\"\" srcset=\"https:\/\/s.france24.com\/media\/display\/8f60ae3c-6b61-11ed-ada8-005056a90284\/AP22319671080104.jpg\" alt=\"Des personnes fuyant les combats entre les forces gouvernementales et les rebelles du M23 se dirigent vers Goma, en R\u00e9publique d\u00e9mocratique du Congo, le 15 novembre 2022.\" data-ll-status=\"loaded\" \/><\/picture><\/figure>\n<\/div>\n<p>La crise s\u00e9curitaire s\u2019aggrave dans l\u2019est de la R\u00e9publique d\u00e9mocratique du Congo. Apr\u00e8s plus de dix ans d\u2019exil, des rebelles se r\u00e9clamant du M23, groupe arm\u00e9 majoritairement tutsi, ont relanc\u00e9 en 2021 leur offensive dans l\u2019est du pays. Celle-ci s\u2019est acc\u00e9l\u00e9r\u00e9e depuis octobre, les combattants s'emparant de larges pans d'un territoire au nord de Goma, chef-lieu du Nord-Kivu. Les 29 et 30 novembre, les villages de Kishishe et de Bambo ont \u00e9t\u00e9 le th\u00e9\u00e2tre d\u2019un massacre.\u00a0Au moins 131 civils\u00a0y ont \u00e9t\u00e9 tu\u00e9s lors d\u2019actions de repr\u00e9sailles, selon une enqu\u00eate pr\u00e9liminaire de l'ONU\u00a0pointant du doigt la responsabilit\u00e9 des rebelles.<\/p>\n<p>Sous la pression internationale, les rebelles ont pris part le 23 d\u00e9cembre\u00a0\u00e0 une c\u00e9r\u00e9monie en vue de remettre la ville de Kibumba \u00e0 une force militaire r\u00e9gionale de la Communaut\u00e9 d'Afrique de l'Est (EAC).\u00a0Ce que les rebelles ont affirm\u00e9 accepter \u00e0 l'issue de la r\u00e9union. Mais\u00a0L'arm\u00e9e de la RD Congo a qualifi\u00e9 de \"leurre\" le\u00a0retrait du M23 de cette\u00a0ville strat\u00e9gique situ\u00e9e pr\u00e8s de Goma (est).<\/p>\n<p>Dans cette crise, les autorit\u00e9s congolaises d\u00e9noncent le r\u00f4le du Rwanda, qu\u2019elles\u00a0accusent de soutenir le M23. Une position partag\u00e9e par des experts de l\u2019ONU, les \u00c9tats-Unis et\u00a0d\u00e9sormais la France, mais rejet\u00e9e par Kigali.<\/p>\n<ul>\n<li>\n<h2><span style=\"color: #ff0000;\"><strong>Le pr\u00e9sident sud-africain Cyril Ramaphosa \u00e9chappe \u00e0 la destitution<\/strong><\/span><\/h2>\n<\/li>\n<\/ul>\n<div class=\"m-em-image\">\n<figure class=\"m-figure m-figure--original \"><picture><source srcset=\"https:\/\/s.france24.com\/media\/display\/642ffd42-7f8b-11ed-a7cc-005056a97e36\/000_334U6MK.webp\" type=\"image\/webp\" sizes=\"\" \/><img class=\"m-figure__img lazy loaded\" src=\"data:image\/gif;base64,R0lGODlhAQABAIAAAAAAAP\/\/\/yH5BAEAAAAALAAAAAABAAEAAAIBRAA7\" sizes=\"\" srcset=\"https:\/\/s.france24.com\/media\/display\/642ffd42-7f8b-11ed-a7cc-005056a97e36\/000_334U6MK.jpg\" alt=\"Cyril Ramaphosa (au centre) a \u00e9t\u00e9 reconduit \u00e0 la t\u00eate de l'ANC, \u00e0 Johannesbourg, le 19 d\u00e9cembre 2022.\" data-ll-status=\"loaded\" \/><\/picture><figcaption class=\"m-figure__caption\"><\/figcaption><\/figure>\n<\/div>\n<p>Le 13 d\u00e9cembre, le pr\u00e9sident sud-africain\u00a0Cyril Ramaphosa a \u00e9chapp\u00e9 \u00e0 l'ouverture d'une proc\u00e9dure de destitution\u00a0gr\u00e2ce au soutien d\u2019une large majorit\u00e9 du Parlement.\u00a0Embourb\u00e9 dans un scandale depuis des mois, il est accus\u00e9 d'avoir tent\u00e9 de dissimuler \u00e0 la police et au fisc le vol en 2020 d'importantes sommes en liquide cach\u00e9es dans l'une de ses propri\u00e9t\u00e9s.<\/p>\n<p>L\u2019ancien homme d'affaires, qui a fait de la lutte anticorruption son cheval de bataille, a \u00e9t\u00e9\u00a0reconduit, fin d\u00e9cembre, \u00e0 la t\u00eate de son parti, le Congr\u00e8s national africain (ANC), lui ouvrant\u00a0la voie pour\u00a0un second mandat de chef de l'\u00c9tat\u00a0lors des \u00e9lections de 2024. L'enqu\u00eate de police\u00a0visant \u00e0 identifier l\u2019origine de l\u2019argent d\u00e9rob\u00e9 \u00e0 son domicile\u00a0se poursuit.<\/p>\n<ul>\n<li>\n<h2><span style=\"color: #ff0000;\"><strong>Crise politique en Tunisie<\/strong><\/span><\/h2>\n<\/li>\n<\/ul>\n<div class=\"m-em-image\">\n<figure class=\"m-figure m-figure--original \"><picture><source srcset=\"https:\/\/s.france24.com\/media\/display\/8b92828e-8160-11ed-8abb-005056a90284\/000_332M78Q.webp\" type=\"image\/webp\" sizes=\"\" \/><img class=\"m-figure__img lazy loaded\" src=\"data:image\/gif;base64,R0lGODlhAQABAIAAAAAAAP\/\/\/yH5BAEAAAAALAAAAAABAAEAAAIBRAA7\" sizes=\"\" srcset=\"https:\/\/s.france24.com\/media\/display\/8b92828e-8160-11ed-8abb-005056a90284\/000_332M78Q.jpg\" alt=\"Des manifestants tunisiens participent \u00e0 un rassemblement contre le pr\u00e9sident Ka\u00efs Sa\u00efed, \u00e0 l'appel de la coalition d'opposition Front du salut national, dans la capitale, Tunis, le 10 d\u00e9cembre 2022.\" data-ll-status=\"loaded\" \/><\/picture><\/figure>\n<\/div>\n<p>Pr\u00e8s d\u2019un an et demi apr\u00e8s le\u00a0coup de force du pr\u00e9sident Ka\u00efs Sa\u00efed\u00a0contre les institutions, les Tunisiens \u00e9taient appel\u00e9s aux urnes, le 17 d\u00e9cembre, pour \u00e9lire leurs d\u00e9put\u00e9s. Le premier tour de ce\u00a0scrutin anticip\u00e9, cens\u00e9 conforter l'hyperpr\u00e9sidence du chef de l\u2019\u00c9tat, qui a dissous le Parlement et fait adopter une nouvelle Constitution diminuant les pr\u00e9rogatives des d\u00e9put\u00e9s, a \u00e9t\u00e9 marqu\u00e9 par une participation historiquement basse de 11,22\u00a0%, selon l'autorit\u00e9 \u00e9lectorale.<\/p>\n<p>Un\u00a0camouflet pour Ka\u00efs Sa\u00efed, qui intervient alors m\u00eame\u00a0qu'il\u00a0tente de n\u00e9gocier un pr\u00eat crucial avec le FMI, pour sortir son pays d\u2019une profonde crise \u00e9conomique. De leur c\u00f4t\u00e9, plusieurs partis d\u2019opposition\u00a0qui ont boycott\u00e9 les \u00e9lections\u00a0appellent au d\u00e9part imm\u00e9diat du pr\u00e9sident, estimant qu\u2019il a perdu toute cr\u00e9dibilit\u00e9.<\/p>\n<ul>\n<li>\n<h2><span style=\"color: #ff0000;\">Le Maroc d\u00e9croche la quatri\u00e8me\u00a0place du Mondial-2022<\/span><\/h2>\n<\/li>\n<\/ul>\n<div class=\"m-em-image\">\n<figure class=\"m-figure m-figure--original \"><picture><source srcset=\"https:\/\/s.france24.com\/media\/display\/f6cdb53e-7fc4-11ed-924d-005056bf30b7\/000_332T9CV.webp\" type=\"image\/webp\" sizes=\"\" \/><img class=\"m-figure__img lazy loaded\" src=\"data:image\/gif;base64,R0lGODlhAQABAIAAAAAAAP\/\/\/yH5BAEAAAAALAAAAAABAAEAAAIBRAA7\" sizes=\"\" srcset=\"https:\/\/s.france24.com\/media\/display\/f6cdb53e-7fc4-11ed-924d-005056bf30b7\/000_332T9CV.jpg\" alt=\"Les joueurs marocains c\u00e9l\u00e8brent leur victoire face au Portugal (1-0) en quarts de finale du Mondial au stade Al-Thumama de Doha, le 10 d\u00e9cembre 2022.\" data-ll-status=\"loaded\" \/><\/picture><\/figure>\n<\/div>\n<p>C\u2019est un exploit sans pr\u00e9c\u00e9dent pour une \u00e9quipe africaine ou arabe. Les Lions de l'Atlas ont marqu\u00e9 l\u2019histoire du Mondial de football en acc\u00e9dant \u00e0 la demi-finale du prestigieux tournoi au Qatar. Victorieuse\u00a0en quarts contre le Portugal (1-0) puis \u00e9limin\u00e9e par la France (0-2), l\u2019\u00e9quipe du Maroc s\u2019est offert la quatri\u00e8me place. Une performance historique qui a valu aux joueurs un\u00a0accueil triomphal lors de leur\u00a0retour \u00e0 Rabat, ovationn\u00e9s par des dizaines de milliers de supporters.<\/p>\n<\/div>\n<div class='share-to-whatsapp-wrapper'><div class='share-on-whsp'>PARTAGER SUR : <\/div><a data-text='RETRO 2022 - Afrique : retour sur les \u00e9v\u00e9nements marquants de l'ann\u00e9e en Afrique' data-link='https:\/\/www.nettali.com\/2022\/12\/26\/retro-2022-afrique-retour-sur-les-evenements-marquants-de-lannee-en-afrique\/' class='whatsapp-button whatsapp-share'>WhatsApp<\/a><div class='clear '><\/div><\/div>","protected":false},"excerpt":{"rendered":"<p>NETTALI.COM - De la Coupe d\u2019Afrique des nations au Cameroun \u00e0 la COP27 en \u00c9gypte, en passant par les coups d\u2019\u00c9tat au Burkina Faso, France 24 revient sur les temps forts qui ont marqu\u00e9, cette ann\u00e9e, l\u2019actualit\u00e9 du continent. Coupe d'Afrique des nations au Cameroun L\u2019ann\u00e9e 2022 a d\u00e9but\u00e9 en fanfare sur le continent avec [&hellip;]<\/p>\n","protected":false},"author":4,"featured_media":100458,"comment_status":"open","ping_status":"open","sticky":false,"template":"","format":"standard","meta":{"_et_pb_use_builder":"","_et_pb_old_content":""},"categories":[34946,3],"tags":[],"yoast_head":"<!-- This site is optimized with the Yoast SEO Premium plugin v17.8 (Yoast SEO v17.8) - https:\/\/yoast.com\/wordpress\/plugins\/seo\/ -->\n<title>RETRO 2022 - Afrique : retour sur les \u00e9v\u00e9nements marquants de l&#039;ann\u00e9e en Afrique | Nettali.com<\/title>\n<meta name=\"robots\" content=\"index, follow, max-snippet:-1, max-image-preview:large, max-video-preview:-1\" \/>\n<link rel=\"canonical\" href=\"https:\/\/www.nettali.com\/2022\/12\/26\/retro-2022-afrique-retour-sur-les-evenements-marquants-de-lannee-en-afrique\/\" \/>\n<meta property=\"og:locale\" content=\"fr_FR\" \/>\n<meta property=\"og:type\" content=\"article\" \/>\n<meta property=\"og:title\" content=\"RETRO 2022 - Afrique : retour sur les \u00e9v\u00e9nements marquants de l&#039;ann\u00e9e en Afrique\" \/>\n<meta property=\"og:description\" content=\"NETTALI.COM - De la Coupe d\u2019Afrique des nations au Cameroun \u00e0 la COP27 en \u00c9gypte, en passant par les coups d\u2019\u00c9tat au Burkina Faso, France 24 revient sur les temps forts qui ont marqu\u00e9, cette ann\u00e9e, l\u2019actualit\u00e9 du continent. Coupe d&#039;Afrique des nations au Cameroun L\u2019ann\u00e9e 2022 a d\u00e9but\u00e9 en fanfare sur le continent avec [&hellip;]\" \/>\n<meta property=\"og:url\" content=\"https:\/\/www.nettali.com\/2022\/12\/26\/retro-2022-afrique-retour-sur-les-evenements-marquants-de-lannee-en-afrique\/\" \/>\n<meta property=\"og:site_name\" content=\"Nettali.com\" \/>\n<meta property=\"article:publisher\" content=\"https:\/\/www.facebook.com\/nettalicom\" \/>\n<meta property=\"article:published_time\" content=\"2022-12-26T15:20:03+00:00\" \/>\n<meta property=\"article:modified_time\" content=\"2022-12-28T08:55:49+00:00\" \/>\n<meta property=\"og:image\" content=\"https:\/\/www.nettali.com\/wp-content\/uploads\/2022\/12\/Capture-de\u0301cran-2022-12-26-a\u0300-15.12.29.png\" \/>\n\t<meta property=\"og:image:width\" content=\"974\" \/>\n\t<meta property=\"og:image:height\" content=\"540\" \/>\n<meta name=\"twitter:card\" content=\"summary_large_image\" \/>\n<meta name=\"twitter:label1\" content=\"\u00c9crit par\" \/>\n\t<meta name=\"twitter:data1\" content=\"Daouda\" \/>\n\t<meta name=\"twitter:label2\" content=\"Dur\u00e9e de lecture estim\u00e9e\" \/>\n\t<meta name=\"twitter:data2\" content=\"13 minutes\" \/>\n<script type=\"application\/ld+json\" class=\"yoast-schema-graph\">{\"@context\":\"https:\/\/schema.org\",\"@graph\":[{\"@type\":\"WebSite\",\"@id\":\"https:\/\/www.nettali.com\/#website\",\"url\":\"https:\/\/www.nettali.com\/\",\"name\":\"Nettali.com\",\"description\":\"Le rendez-vous critique du Net\",\"potentialAction\":[{\"@type\":\"SearchAction\",\"target\":{\"@type\":\"EntryPoint\",\"urlTemplate\":\"https:\/\/www.nettali.com\/?s={search_term_string}\"},\"query-input\":\"required name=search_term_string\"}],\"inLanguage\":\"fr-FR\"},{\"@type\":\"ImageObject\",\"@id\":\"https:\/\/www.nettali.com\/2022\/12\/26\/retro-2022-afrique-retour-sur-les-evenements-marquants-de-lannee-en-afrique\/#primaryimage\",\"inLanguage\":\"fr-FR\",\"url\":\"https:\/\/www.nettali.com\/wp-content\/uploads\/2022\/12\/Capture-de\\u0301cran-2022-12-26-a\\u0300-15.12.29.png\",\"contentUrl\":\"https:\/\/www.nettali.com\/wp-content\/uploads\/2022\/12\/Capture-de\\u0301cran-2022-12-26-a\\u0300-15.12.29.png\",\"width\":974,\"height\":540},{\"@type\":\"WebPage\",\"@id\":\"https:\/\/www.nettali.com\/2022\/12\/26\/retro-2022-afrique-retour-sur-les-evenements-marquants-de-lannee-en-afrique\/#webpage\",\"url\":\"https:\/\/www.nettali.com\/2022\/12\/26\/retro-2022-afrique-retour-sur-les-evenements-marquants-de-lannee-en-afrique\/\",\"name\":\"RETRO 2022 - Afrique : retour sur les \\u00e9v\\u00e9nements marquants de l'ann\\u00e9e en Afrique | Nettali.com\",\"isPartOf\":{\"@id\":\"https:\/\/www.nettali.com\/#website\"},\"primaryImageOfPage\":{\"@id\":\"https:\/\/www.nettali.com\/2022\/12\/26\/retro-2022-afrique-retour-sur-les-evenements-marquants-de-lannee-en-afrique\/#primaryimage\"},\"datePublished\":\"2022-12-26T15:20:03+00:00\",\"dateModified\":\"2022-12-28T08:55:49+00:00\",\"author\":{\"@id\":\"https:\/\/www.nettali.com\/#\/schema\/person\/3317e0bb3aa1da309fbf7b2780901bf4\"},\"breadcrumb\":{\"@id\":\"https:\/\/www.nettali.com\/2022\/12\/26\/retro-2022-afrique-retour-sur-les-evenements-marquants-de-lannee-en-afrique\/#breadcrumb\"},\"inLanguage\":\"fr-FR\",\"potentialAction\":[{\"@type\":\"ReadAction\",\"target\":[\"https:\/\/www.nettali.com\/2022\/12\/26\/retro-2022-afrique-retour-sur-les-evenements-marquants-de-lannee-en-afrique\/\"]}]},{\"@type\":\"BreadcrumbList\",\"@id\":\"https:\/\/www.nettali.com\/2022\/12\/26\/retro-2022-afrique-retour-sur-les-evenements-marquants-de-lannee-en-afrique\/#breadcrumb\",\"itemListElement\":[{\"@type\":\"ListItem\",\"position\":1,\"name\":\"Accueil\",\"item\":\"https:\/\/www.nettali.com\/\"},{\"@type\":\"ListItem\",\"position\":2,\"name\":\"RETRO 2022 - Afrique : retour sur les \\u00e9v\\u00e9nements marquants de l'ann\\u00e9e en Afrique\"}]},{\"@type\":\"Person\",\"@id\":\"https:\/\/www.nettali.com\/#\/schema\/person\/3317e0bb3aa1da309fbf7b2780901bf4\",\"name\":\"Daouda\",\"image\":{\"@type\":\"ImageObject\",\"@id\":\"https:\/\/www.nettali.com\/#personlogo\",\"inLanguage\":\"fr-FR\",\"url\":\"https:\/\/secure.gravatar.com\/avatar\/8d143b5a49345098ddcfee1c49c2f47c?s=96&d=mm&r=g\",\"contentUrl\":\"https:\/\/secure.gravatar.com\/avatar\/8d143b5a49345098ddcfee1c49c2f47c?s=96&d=mm&r=g\",\"caption\":\"Daouda\"},\"sameAs\":[\"https:\/\/www.nettali.com\"]}]}<\/script>\n<!-- \/ Yoast SEO Premium plugin. -->","yoast_head_json":{"title":"RETRO 2022 - Afrique : retour sur les \u00e9v\u00e9nements marquants de l'ann\u00e9e en Afrique | Nettali.com","robots":{"index":"index","follow":"follow","max-snippet":"max-snippet:-1","max-image-preview":"max-image-preview:large","max-video-preview":"max-video-preview:-1"},"canonical":"https:\/\/www.nettali.com\/2022\/12\/26\/retro-2022-afrique-retour-sur-les-evenements-marquants-de-lannee-en-afrique\/","og_locale":"fr_FR","og_type":"article","og_title":"RETRO 2022 - Afrique : retour sur les \u00e9v\u00e9nements marquants de l'ann\u00e9e en Afrique","og_description":"NETTALI.COM - De la Coupe d\u2019Afrique des nations au Cameroun \u00e0 la COP27 en \u00c9gypte, en passant par les coups d\u2019\u00c9tat au Burkina Faso, France 24 revient sur les temps forts qui ont marqu\u00e9, cette ann\u00e9e, l\u2019actualit\u00e9 du continent. Coupe d'Afrique des nations au Cameroun L\u2019ann\u00e9e 2022 a d\u00e9but\u00e9 en fanfare sur le continent avec [&hellip;]","og_url":"https:\/\/www.nettali.com\/2022\/12\/26\/retro-2022-afrique-retour-sur-les-evenements-marquants-de-lannee-en-afrique\/","og_site_name":"Nettali.com","article_publisher":"https:\/\/www.facebook.com\/nettalicom","article_published_time":"2022-12-26T15:20:03+00:00","article_modified_time":"2022-12-28T08:55:49+00:00","og_image":[{"width":974,"height":540,"url":"https:\/\/www.nettali.com\/wp-content\/uploads\/2022\/12\/Capture-de\u0301cran-2022-12-26-a\u0300-15.12.29.png","type":"image\/png"}],"twitter_card":"summary_large_image","twitter_misc":{"\u00c9crit par":"Daouda","Dur\u00e9e de lecture estim\u00e9e":"13 minutes"},"schema":{"@context":"https:\/\/schema.org","@graph":[{"@type":"WebSite","@id":"https:\/\/www.nettali.com\/#website","url":"https:\/\/www.nettali.com\/","name":"Nettali.com","description":"Le rendez-vous critique du Net","potentialAction":[{"@type":"SearchAction","target":{"@type":"EntryPoint","urlTemplate":"https:\/\/www.nettali.com\/?s={search_term_string}"},"query-input":"required name=search_term_string"}],"inLanguage":"fr-FR"},{"@type":"ImageObject","@id":"https:\/\/www.nettali.com\/2022\/12\/26\/retro-2022-afrique-retour-sur-les-evenements-marquants-de-lannee-en-afrique\/#primaryimage","inLanguage":"fr-FR","url":"https:\/\/www.nettali.com\/wp-content\/uploads\/2022\/12\/Capture-de\u0301cran-2022-12-26-a\u0300-15.12.29.png","contentUrl":"https:\/\/www.nettali.com\/wp-content\/uploads\/2022\/12\/Capture-de\u0301cran-2022-12-26-a\u0300-15.12.29.png","width":974,"height":540},{"@type":"WebPage","@id":"https:\/\/www.nettali.com\/2022\/12\/26\/retro-2022-afrique-retour-sur-les-evenements-marquants-de-lannee-en-afrique\/#webpage","url":"https:\/\/www.nettali.com\/2022\/12\/26\/retro-2022-afrique-retour-sur-les-evenements-marquants-de-lannee-en-afrique\/","name":"RETRO 2022 - Afrique : retour sur les \u00e9v\u00e9nements marquants de l'ann\u00e9e en Afrique | Nettali.com","isPartOf":{"@id":"https:\/\/www.nettali.com\/#website"},"primaryImageOfPage":{"@id":"https:\/\/www.nettali.com\/2022\/12\/26\/retro-2022-afrique-retour-sur-les-evenements-marquants-de-lannee-en-afrique\/#primaryimage"},"datePublished":"2022-12-26T15:20:03+00:00","dateModified":"2022-12-28T08:55:49+00:00","author":{"@id":"https:\/\/www.nettali.com\/#\/schema\/person\/3317e0bb3aa1da309fbf7b2780901bf4"},"breadcrumb":{"@id":"https:\/\/www.nettali.com\/2022\/12\/26\/retro-2022-afrique-retour-sur-les-evenements-marquants-de-lannee-en-afrique\/#breadcrumb"},"inLanguage":"fr-FR","potentialAction":[{"@type":"ReadAction","target":["https:\/\/www.nettali.com\/2022\/12\/26\/retro-2022-afrique-retour-sur-les-evenements-marquants-de-lannee-en-afrique\/"]}]},{"@type":"BreadcrumbList","@id":"https:\/\/www.nettali.com\/2022\/12\/26\/retro-2022-afrique-retour-sur-les-evenements-marquants-de-lannee-en-afrique\/#breadcrumb","itemListElement":[{"@type":"ListItem","position":1,"name":"Accueil","item":"https:\/\/www.nettali.com\/"},{"@type":"ListItem","position":2,"name":"RETRO 2022 - Afrique : retour sur les \u00e9v\u00e9nements marquants de l'ann\u00e9e en Afrique"}]},{"@type":"Person","@id":"https:\/\/www.nettali.com\/#\/schema\/person\/3317e0bb3aa1da309fbf7b2780901bf4","name":"Daouda","image":{"@type":"ImageObject","@id":"https:\/\/www.nettali.com\/#personlogo","inLanguage":"fr-FR","url":"https:\/\/secure.gravatar.com\/avatar\/8d143b5a49345098ddcfee1c49c2f47c?s=96&d=mm&r=g","contentUrl":"https:\/\/secure.gravatar.com\/avatar\/8d143b5a49345098ddcfee1c49c2f47c?s=96&d=mm&r=g","caption":"Daouda"},"sameAs":["https:\/\/www.nettali.com"]}]}},"_links":{"self":[{"href":"https:\/\/www.nettali.com\/rest\/wp\/v2\/posts\/100457"}],"collection":[{"href":"https:\/\/www.nettali.com\/rest\/wp\/v2\/posts"}],"about":[{"href":"https:\/\/www.nettali.com\/rest\/wp\/v2\/types\/post"}],"author":[{"embeddable":true,"href":"https:\/\/www.nettali.com\/rest\/wp\/v2\/users\/4"}],"replies":[{"embeddable":true,"href":"https:\/\/www.nettali.com\/rest\/wp\/v2\/comments?post=100457"}],"version-history":[{"count":1,"href":"https:\/\/www.nettali.com\/rest\/wp\/v2\/posts\/100457\/revisions"}],"predecessor-version":[{"id":100459,"href":"https:\/\/www.nettali.com\/rest\/wp\/v2\/posts\/100457\/revisions\/100459"}],"wp:featuredmedia":[{"embeddable":true,"href":"https:\/\/www.nettali.com\/rest\/wp\/v2\/media\/100458"}],"wp:attachment":[{"href":"https:\/\/www.nettali.com\/rest\/wp\/v2\/media?parent=100457"}],"wp:term":[{"taxonomy":"category","embeddable":true,"href":"https:\/\/www.nettali.com\/rest\/wp\/v2\/categories?post=100457"},{"taxonomy":"post_tag","embeddable":true,"href":"https:\/\/www.nettali.com\/rest\/wp\/v2\/tags?post=100457"}],"curies":[{"name":"wp","href":"https:\/\/api.w.org\/{rel}","templated":true}]}}